{"id":2314,"date":"2023-07-26T12:52:06","date_gmt":"2023-07-26T12:52:06","guid":{"rendered":"https:\/\/cacaunews.com\/?p=2314"},"modified":"2023-07-26T13:00:56","modified_gmt":"2023-07-26T13:00:56","slug":"apresentadora-itabunense-da-tv-da-bahia-recebe-premio-pela-luta-contra-o-racismo","status":"publish","type":"post","link":"https:\/\/cacaunews.com\/?p=2314","title":{"rendered":"Apresentadora Itabunense da TV Bahia recebe pr\u00eamio pela luta contra o racismo."},"content":{"rendered":"\n<p>A apresentadora itabunense da TV Bahia, Camila Oliveira, recebeu nesta ter\u00e7a-feira (25) o pr\u00eamio Maria Felipa, uma honraria concedida a mulheres negras que se destacam na luta por direitos e contra o racismo no estado. O evento aconteceu no Museu da Cultura Afro-Brasileira (Muncab), no Centro Hist\u00f3rico de Salvador.<br \/><\/p>\n\n\n\n<p>Camila come\u00e7ou a carreira de jornalista aos 17 anos. Natural de Itabuna, no sul da Bahia, ela j\u00e1 trabalhou em r\u00e1dios e emissora de televis\u00e3o na sua cidade natal e em Teixeira de Freitas e Eun\u00e1polis, no extremo sul do estado.<\/p>\n\n\n\n<p>H\u00e1 15 anos, a jornalista faz parte da equipe da Rede Bahia de televis\u00e3o. Atualmente, ela apresenta o Jornal da Manh\u00e3 ao lado de Ricardo Ishmael.<\/p>\n\n\n\n<p>Nesta ter\u00e7a, outras pessoas foram homenageadas com o pr\u00eamio, como a cozinha e m\u00e3e do cantor Carlinhos Brown, Madalena Brown, a cantora Nara Costa e a influenciadora digital e empres\u00e1ria, Juliana Persan.<\/p>\n\n\n\n<p>Fonte: G1<\/p>\n","protected":false},"excerpt":{"rendered":"<p>A apresentadora itabunense da TV Bahia, Camila Oliveira, recebeu nesta ter\u00e7a-feira (25) o pr\u00eamio Maria&#8230;<\/p>\n","protected":false},"author":1,"featured_media":2313,"comment_status":"open","ping_status":"open","sticky":false,"template":"","format":"standard","meta":{"footnotes":""},"categories":[18,4,11],"tags":[927,929,27,928],"yoast_head":"<!-- This site is optimized with the Yoast SEO plugin v21.7 - https:\/\/yoast.com\/wordpress\/plugins\/seo\/ -->\n<title>Apresentadora Itabunense da TV Bahia recebe pr\u00eamio pela luta contra o racismo. - Cacau News<\/title>\n<meta name=\"robots\" content=\"index, follow, max-snippet:-1, max-image-preview:large, max-video-preview:-1\" \/>\n<link rel=\"canonical\" href=\"https:\/\/cacaunews.com\/?p=2314\" \/>\n<meta property=\"og:locale\" content=\"pt_BR\" \/>\n<meta property=\"og:type\" content=\"article\" \/>\n<meta property=\"og:title\" content=\"Apresentadora Itabunense da TV Bahia recebe pr\u00eamio pela luta contra o racismo. - Cacau News\" \/>\n<meta property=\"og:description\" content=\"A apresentadora itabunense da TV Bahia, Camila Oliveira, recebeu nesta ter\u00e7a-feira (25) o pr\u00eamio Maria...\" \/>\n<meta property=\"og:url\" content=\"https:\/\/cacaunews.com\/?p=2314\" \/>\n<meta property=\"og:site_name\" content=\"Cacau News\" \/>\n<meta property=\"article:published_time\" content=\"2023-07-26T12:52:06+00:00\" \/>\n<meta property=\"article:modified_time\" content=\"2023-07-26T13:00:56+00:00\" \/>\n<meta property=\"og:image\" content=\"https:\/\/cacaunews.com\/wp-content\/uploads\/2023\/07\/IMG_20230726_094843.jpg\" \/>\n\t<meta property=\"og:image:width\" content=\"939\" \/>\n\t<meta property=\"og:image:height\" content=\"827\" \/>\n\t<meta property=\"og:image:type\" content=\"image\/jpeg\" \/>\n<meta name=\"author\" content=\"Reda\u00e7\u00e3o Cacau News\" \/>\n<meta name=\"twitter:card\" content=\"summary_large_image\" \/>\n<meta name=\"twitter:label1\" content=\"Escrito por\" \/>\n\t<meta name=\"twitter:data1\" content=\"Reda\u00e7\u00e3o Cacau News\" \/>\n\t<meta name=\"twitter:label2\" content=\"Est. tempo de leitura\" \/>\n\t<meta name=\"twitter:data2\" content=\"1 minuto\" \/>\n<script type=\"application\/ld+json\" class=\"yoast-schema-graph\">{\"@context\":\"https:\/\/schema.org\",\"@graph\":[{\"@type\":\"Article\",\"@id\":\"https:\/\/cacaunews.com\/?p=2314#article\",\"isPartOf\":{\"@id\":\"https:\/\/cacaunews.com\/?p=2314\"},\"author\":{\"name\":\"Reda\u00e7\u00e3o Cacau News\",\"@id\":\"https:\/\/cacaunews.com\/#\/schema\/person\/ea69703103e606ad347ccd64bd72ef79\"},\"headline\":\"Apresentadora Itabunense da TV Bahia recebe pr\u00eamio pela luta contra o racismo.\",\"datePublished\":\"2023-07-26T12:52:06+00:00\",\"dateModified\":\"2023-07-26T13:00:56+00:00\",\"mainEntityOfPage\":{\"@id\":\"https:\/\/cacaunews.com\/?p=2314\"},\"wordCount\":172,\"commentCount\":0,\"publisher\":{\"@id\":\"https:\/\/cacaunews.com\/#organization\"},\"keywords\":[\"Camila Oliveira\",\"destaque\",\"itabuna\",\"pr\u00eamio\"],\"articleSection\":[\"cidades\",\"Internet\",\"Jornalismo\"],\"inLanguage\":\"pt-BR\",\"potentialAction\":[{\"@type\":\"CommentAction\",\"name\":\"Comment\",\"target\":[\"https:\/\/cacaunews.com\/?p=2314#respond\"]}]},{\"@type\":\"WebPage\",\"@id\":\"https:\/\/cacaunews.com\/?p=2314\",\"url\":\"https:\/\/cacaunews.com\/?p=2314\",\"name\":\"Apresentadora Itabunense da TV Bahia recebe pr\u00eamio pela luta contra o racismo. - Cacau News\",\"isPartOf\":{\"@id\":\"https:\/\/cacaunews.com\/#website\"},\"datePublished\":\"2023-07-26T12:52:06+00:00\",\"dateModified\":\"2023-07-26T13:00:56+00:00\",\"breadcrumb\":{\"@id\":\"https:\/\/cacaunews.com\/?p=2314#breadcrumb\"},\"inLanguage\":\"pt-BR\",\"potentialAction\":[{\"@type\":\"ReadAction\",\"target\":[\"https:\/\/cacaunews.com\/?p=2314\"]}]},{\"@type\":\"BreadcrumbList\",\"@id\":\"https:\/\/cacaunews.com\/?p=2314#breadcrumb\",\"itemListElement\":[{\"@type\":\"ListItem\",\"position\":1,\"name\":\"In\u00edcio\",\"item\":\"https:\/\/cacaunews.com\/\"},{\"@type\":\"ListItem\",\"position\":2,\"name\":\"Apresentadora Itabunense da TV Bahia recebe pr\u00eamio pela luta contra o racismo.\"}]},{\"@type\":\"WebSite\",\"@id\":\"https:\/\/cacaunews.com\/#website\",\"url\":\"https:\/\/cacaunews.com\/\",\"name\":\"Cacau News\",\"description\":\"A Informa\u00e7\u00e3o que voc\u00ea precisa!\",\"publisher\":{\"@id\":\"https:\/\/cacaunews.com\/#organization\"},\"potentialAction\":[{\"@type\":\"SearchAction\",\"target\":{\"@type\":\"EntryPoint\",\"urlTemplate\":\"https:\/\/cacaunews.com\/?s={search_term_string}\"},\"query-input\":\"required name=search_term_string\"}],\"inLanguage\":\"pt-BR\"},{\"@type\":\"Organization\",\"@id\":\"https:\/\/cacaunews.com\/#organization\",\"name\":\"Cacau News\",\"url\":\"https:\/\/cacaunews.com\/\",\"logo\":{\"@type\":\"ImageObject\",\"inLanguage\":\"pt-BR\",\"@id\":\"https:\/\/cacaunews.com\/#\/schema\/logo\/image\/\",\"url\":\"https:\/\/cacaunews.com\/wp-content\/uploads\/2025\/01\/cropped-LOGO-NOVA.png\",\"contentUrl\":\"https:\/\/cacaunews.com\/wp-content\/uploads\/2025\/01\/cropped-LOGO-NOVA.png\",\"width\":813,\"height\":813,\"caption\":\"Cacau News\"},\"image\":{\"@id\":\"https:\/\/cacaunews.com\/#\/schema\/logo\/image\/\"},\"sameAs\":[\"https:\/\/www.instagram.com\/cacaunews.online\/\",\"https:\/\/youtube.com\/@cacaunews?si=0VXLnjl08SrWbVG9\"]},{\"@type\":\"Person\",\"@id\":\"https:\/\/cacaunews.com\/#\/schema\/person\/ea69703103e606ad347ccd64bd72ef79\",\"name\":\"Reda\u00e7\u00e3o Cacau News\",\"image\":{\"@type\":\"ImageObject\",\"inLanguage\":\"pt-BR\",\"@id\":\"https:\/\/cacaunews.com\/#\/schema\/person\/image\/\",\"url\":\"https:\/\/secure.gravatar.com\/avatar\/d79227a2a7b6cc42e8d7a8f7c284cd3a?s=96&d=mm&r=g\",\"contentUrl\":\"https:\/\/secure.gravatar.com\/avatar\/d79227a2a7b6cc42e8d7a8f7c284cd3a?s=96&d=mm&r=g\",\"caption\":\"Reda\u00e7\u00e3o Cacau News\"},\"sameAs\":[\"https:\/\/cacaunews.com\"],\"url\":\"https:\/\/cacaunews.com\/?author=1\"}]}<\/script>\n<!-- \/ Yoast SEO plugin. -->","yoast_head_json":{"title":"Apresentadora Itabunense da TV Bahia recebe pr\u00eamio pela luta contra o racismo. - Cacau News","robots":{"index":"index","follow":"follow","max-snippet":"max-snippet:-1","max-image-preview":"max-image-preview:large","max-video-preview":"max-video-preview:-1"},"canonical":"https:\/\/cacaunews.com\/?p=2314","og_locale":"pt_BR","og_type":"article","og_title":"Apresentadora Itabunense da TV Bahia recebe pr\u00eamio pela luta contra o racismo. - Cacau News","og_description":"A apresentadora itabunense da TV Bahia, Camila Oliveira, recebeu nesta ter\u00e7a-feira (25) o pr\u00eamio Maria...","og_url":"https:\/\/cacaunews.com\/?p=2314","og_site_name":"Cacau News","article_published_time":"2023-07-26T12:52:06+00:00","article_modified_time":"2023-07-26T13:00:56+00:00","og_image":[{"width":939,"height":827,"url":"https:\/\/cacaunews.com\/wp-content\/uploads\/2023\/07\/IMG_20230726_094843.jpg","type":"image\/jpeg"}],"author":"Reda\u00e7\u00e3o Cacau News","twitter_card":"summary_large_image","twitter_misc":{"Escrito por":"Reda\u00e7\u00e3o Cacau News","Est. tempo de leitura":"1 minuto"},"schema":{"@context":"https:\/\/schema.org","@graph":[{"@type":"Article","@id":"https:\/\/cacaunews.com\/?p=2314#article","isPartOf":{"@id":"https:\/\/cacaunews.com\/?p=2314"},"author":{"name":"Reda\u00e7\u00e3o Cacau News","@id":"https:\/\/cacaunews.com\/#\/schema\/person\/ea69703103e606ad347ccd64bd72ef79"},"headline":"Apresentadora Itabunense da TV Bahia recebe pr\u00eamio pela luta contra o racismo.","datePublished":"2023-07-26T12:52:06+00:00","dateModified":"2023-07-26T13:00:56+00:00","mainEntityOfPage":{"@id":"https:\/\/cacaunews.com\/?p=2314"},"wordCount":172,"commentCount":0,"publisher":{"@id":"https:\/\/cacaunews.com\/#organization"},"keywords":["Camila Oliveira","destaque","itabuna","pr\u00eamio"],"articleSection":["cidades","Internet","Jornalismo"],"inLanguage":"pt-BR","potentialAction":[{"@type":"CommentAction","name":"Comment","target":["https:\/\/cacaunews.com\/?p=2314#respond"]}]},{"@type":"WebPage","@id":"https:\/\/cacaunews.com\/?p=2314","url":"https:\/\/cacaunews.com\/?p=2314","name":"Apresentadora Itabunense da TV Bahia recebe pr\u00eamio pela luta contra o racismo. - Cacau News","isPartOf":{"@id":"https:\/\/cacaunews.com\/#website"},"datePublished":"2023-07-26T12:52:06+00:00","dateModified":"2023-07-26T13:00:56+00:00","breadcrumb":{"@id":"https:\/\/cacaunews.com\/?p=2314#breadcrumb"},"inLanguage":"pt-BR","potentialAction":[{"@type":"ReadAction","target":["https:\/\/cacaunews.com\/?p=2314"]}]},{"@type":"BreadcrumbList","@id":"https:\/\/cacaunews.com\/?p=2314#breadcrumb","itemListElement":[{"@type":"ListItem","position":1,"name":"In\u00edcio","item":"https:\/\/cacaunews.com\/"},{"@type":"ListItem","position":2,"name":"Apresentadora Itabunense da TV Bahia recebe pr\u00eamio pela luta contra o racismo."}]},{"@type":"WebSite","@id":"https:\/\/cacaunews.com\/#website","url":"https:\/\/cacaunews.com\/","name":"Cacau News","description":"A Informa\u00e7\u00e3o que voc\u00ea precisa!","publisher":{"@id":"https:\/\/cacaunews.com\/#organization"},"potentialAction":[{"@type":"SearchAction","target":{"@type":"EntryPoint","urlTemplate":"https:\/\/cacaunews.com\/?s={search_term_string}"},"query-input":"required name=search_term_string"}],"inLanguage":"pt-BR"},{"@type":"Organization","@id":"https:\/\/cacaunews.com\/#organization","name":"Cacau News","url":"https:\/\/cacaunews.com\/","logo":{"@type":"ImageObject","inLanguage":"pt-BR","@id":"https:\/\/cacaunews.com\/#\/schema\/logo\/image\/","url":"https:\/\/cacaunews.com\/wp-content\/uploads\/2025\/01\/cropped-LOGO-NOVA.png","contentUrl":"https:\/\/cacaunews.com\/wp-content\/uploads\/2025\/01\/cropped-LOGO-NOVA.png","width":813,"height":813,"caption":"Cacau News"},"image":{"@id":"https:\/\/cacaunews.com\/#\/schema\/logo\/image\/"},"sameAs":["https:\/\/www.instagram.com\/cacaunews.online\/","https:\/\/youtube.com\/@cacaunews?si=0VXLnjl08SrWbVG9"]},{"@type":"Person","@id":"https:\/\/cacaunews.com\/#\/schema\/person\/ea69703103e606ad347ccd64bd72ef79","name":"Reda\u00e7\u00e3o Cacau News","image":{"@type":"ImageObject","inLanguage":"pt-BR","@id":"https:\/\/cacaunews.com\/#\/schema\/person\/image\/","url":"https:\/\/secure.gravatar.com\/avatar\/d79227a2a7b6cc42e8d7a8f7c284cd3a?s=96&d=mm&r=g","contentUrl":"https:\/\/secure.gravatar.com\/avatar\/d79227a2a7b6cc42e8d7a8f7c284cd3a?s=96&d=mm&r=g","caption":"Reda\u00e7\u00e3o Cacau News"},"sameAs":["https:\/\/cacaunews.com"],"url":"https:\/\/cacaunews.com\/?author=1"}]}},"jetpack_sharing_enabled":true,"jetpack_featured_media_url":"https:\/\/cacaunews.com\/wp-content\/uploads\/2023\/07\/IMG_20230726_094843.jpg","_links":{"self":[{"href":"https:\/\/cacaunews.com\/index.php?rest_route=\/wp\/v2\/posts\/2314"}],"collection":[{"href":"https:\/\/cacaunews.com\/index.php?rest_route=\/wp\/v2\/posts"}],"about":[{"href":"https:\/\/cacaunews.com\/index.php?rest_route=\/wp\/v2\/types\/post"}],"author":[{"embeddable":true,"href":"https:\/\/cacaunews.com\/index.php?rest_route=\/wp\/v2\/users\/1"}],"replies":[{"embeddable":true,"href":"https:\/\/cacaunews.com\/index.php?rest_route=%2Fwp%2Fv2%2Fcomments&post=2314"}],"version-history":[{"count":2,"href":"https:\/\/cacaunews.com\/index.php?rest_route=\/wp\/v2\/posts\/2314\/revisions"}],"predecessor-version":[{"id":2316,"href":"https:\/\/cacaunews.com\/index.php?rest_route=\/wp\/v2\/posts\/2314\/revisions\/2316"}],"wp:featuredmedia":[{"embeddable":true,"href":"https:\/\/cacaunews.com\/index.php?rest_route=\/wp\/v2\/media\/2313"}],"wp:attachment":[{"href":"https:\/\/cacaunews.com\/index.php?rest_route=%2Fwp%2Fv2%2Fmedia&parent=2314"}],"wp:term":[{"taxonomy":"category","embeddable":true,"href":"https:\/\/cacaunews.com\/index.php?rest_route=%2Fwp%2Fv2%2Fcategories&post=2314"},{"taxonomy":"post_tag","embeddable":true,"href":"https:\/\/cacaunews.com\/index.php?rest_route=%2Fwp%2Fv2%2Ftags&post=2314"}],"curies":[{"name":"wp","href":"https:\/\/api.w.org\/{rel}","templated":true}]}}