{"id":2323,"date":"2023-07-27T17:24:48","date_gmt":"2023-07-27T17:24:48","guid":{"rendered":"https:\/\/cacaunews.com\/?p=2323"},"modified":"2023-07-27T17:23:53","modified_gmt":"2023-07-27T17:23:53","slug":"ilheus-prefeito-lamenta-morte-de-antonio-olimpio-e-decreta-luto-oficial-de-tres-dias","status":"publish","type":"post","link":"https:\/\/cacaunews.com\/?p=2323","title":{"rendered":"Ilh\u00e9us: Prefeito lamenta morte de Antonio Ol\u00edmpio e decreta luto oficial de tr\u00eas dias."},"content":{"rendered":"\n<p>O prefeito M\u00e1rio Alexandre e o vice-prefeito Bebeto Galv\u00e3o lamentam profundamente a morte do senhor Antonio Ol\u00edmpio Rhem da Silva, ex-prefeito de Ilh\u00e9us, aos 91 anos. AO, como era carinhosamente conhecido, faleceu na madrugada desta quinta-feira (27), no Hospital S\u00e3o Jos\u00e9. Ele era pai do advogado e presidente da Comiss\u00e3o de Direito do Trabalho da Subse\u00e7\u00e3o de lh\u00e9us, Marcos Fl\u00e1vio Rhem.<br><br>\u201cUma pessoa de reputa\u00e7\u00e3o ilibada, pol\u00edtico honrado e um grande l\u00edder que transformou a hist\u00f3ria de Ilh\u00e9us e auxiliou de forma majestosa para o desenvolvimento da nossa regi\u00e3o. O nosso querido AO deixou um legado imensur\u00e1vel. Que Deus conforte a sua esposa, a senhora Maria Am\u00e9lia, os seus filhos, Marcos Fl\u00e1vio e Luciano, todos os seus familiares, admiradores e amigos neste momento dif\u00edcil\u201d, lamentou M\u00e1rio Alexandre.<br><br>O vel\u00f3rio acontece na Loja Ma\u00e7\u00f4nica Vig e Resist\u00eancia, localizada na Avenida Itabuna. O sepultamento ocorrer\u00e1 nesta quinta-feira (27), \u00e0s 15h30, no cemit\u00e9rio Nossa Senhora da Vit\u00f3ria, no Alto Teres\u00f3polis.<br><br>Advogado e professor, Antonio Ol\u00edmpio foi eleito prefeito de Ilh\u00e9us por duas oportunidades: 1977 e 1993. Entre 1983 e 1987 ocupou uma cadeira na Assembleia Legislativa da Bahia (ALBA), onde presidiu a Comiss\u00e3o de Agricultura e Pol\u00edtica Rural.<br><br>\u201cSuas gest\u00f5es foram marcadas por amor \u00e0 nossa cidade, importantes interven\u00e7\u00f5es urbanas, constru\u00e7\u00e3o da Central de Abastecimento, entre outras a\u00e7\u00f5es. De fino trato pessoal, com postura respeitosa e \u00e9tica na rela\u00e7\u00e3o pol\u00edtica, foi defensor da cidade em todos os espa\u00e7os em que atuou. O sujeito que com ele sentasse ouvia sempre bom \u2018causo\u2019, uma boa piada\u201d, lembrou Bebeto Galv\u00e3o.<br><br>A Prefeitura de Ilh\u00e9us vai decretar luto oficial de tr\u00eas dias pelo falecimento de Antonio Ol\u00edmpio Rhem da Silva.<\/p>\n","protected":false},"excerpt":{"rendered":"<p>O prefeito M\u00e1rio Alexandre e o vice-prefeito Bebeto Galv\u00e3o lamentam profundamente a morte do senhor&#8230;<\/p>\n","protected":false},"author":1,"featured_media":2322,"comment_status":"open","ping_status":"open","sticky":false,"template":"","format":"standard","meta":{"footnotes":""},"categories":[18,11],"tags":[932,37,158,124],"yoast_head":"<!-- This site is optimized with the Yoast SEO plugin v21.7 - https:\/\/yoast.com\/wordpress\/plugins\/seo\/ -->\n<title>Ilh\u00e9us: Prefeito lamenta morte de Antonio Ol\u00edmpio e decreta luto oficial de tr\u00eas dias. - Cacau News<\/title>\n<meta name=\"robots\" content=\"index, follow, max-snippet:-1, max-image-preview:large, max-video-preview:-1\" \/>\n<link rel=\"canonical\" href=\"https:\/\/cacaunews.com\/?p=2323\" \/>\n<meta property=\"og:locale\" content=\"pt_BR\" \/>\n<meta property=\"og:type\" content=\"article\" \/>\n<meta property=\"og:title\" content=\"Ilh\u00e9us: Prefeito lamenta morte de Antonio Ol\u00edmpio e decreta luto oficial de tr\u00eas dias. - Cacau News\" \/>\n<meta property=\"og:description\" content=\"O prefeito M\u00e1rio Alexandre e o vice-prefeito Bebeto Galv\u00e3o lamentam profundamente a morte do senhor...\" \/>\n<meta property=\"og:url\" content=\"https:\/\/cacaunews.com\/?p=2323\" \/>\n<meta property=\"og:site_name\" content=\"Cacau News\" \/>\n<meta property=\"article:published_time\" content=\"2023-07-27T17:24:48+00:00\" \/>\n<meta property=\"article:modified_time\" content=\"2023-07-27T17:23:53+00:00\" \/>\n<meta property=\"og:image\" content=\"https:\/\/cacaunews.com\/wp-content\/uploads\/2023\/07\/CDBD4CE1-5D1C-EB2C-606E-D25BABE1EB22_650X450.jpeg\" \/>\n\t<meta property=\"og:image:width\" content=\"650\" \/>\n\t<meta property=\"og:image:height\" content=\"450\" \/>\n\t<meta property=\"og:image:type\" content=\"image\/jpeg\" \/>\n<meta name=\"author\" content=\"Reda\u00e7\u00e3o Cacau News\" \/>\n<meta name=\"twitter:card\" content=\"summary_large_image\" \/>\n<meta name=\"twitter:label1\" content=\"Escrito por\" \/>\n\t<meta name=\"twitter:data1\" content=\"Reda\u00e7\u00e3o Cacau News\" \/>\n\t<meta name=\"twitter:label2\" content=\"Est. tempo de leitura\" \/>\n\t<meta name=\"twitter:data2\" content=\"2 minutos\" \/>\n<script type=\"application\/ld+json\" class=\"yoast-schema-graph\">{\"@context\":\"https:\/\/schema.org\",\"@graph\":[{\"@type\":\"Article\",\"@id\":\"https:\/\/cacaunews.com\/?p=2323#article\",\"isPartOf\":{\"@id\":\"https:\/\/cacaunews.com\/?p=2323\"},\"author\":{\"name\":\"Reda\u00e7\u00e3o Cacau News\",\"@id\":\"https:\/\/cacaunews.com\/#\/schema\/person\/ea69703103e606ad347ccd64bd72ef79\"},\"headline\":\"Ilh\u00e9us: Prefeito lamenta morte de Antonio Ol\u00edmpio e decreta luto oficial de tr\u00eas dias.\",\"datePublished\":\"2023-07-27T17:24:48+00:00\",\"dateModified\":\"2023-07-27T17:23:53+00:00\",\"mainEntityOfPage\":{\"@id\":\"https:\/\/cacaunews.com\/?p=2323\"},\"wordCount\":323,\"commentCount\":0,\"publisher\":{\"@id\":\"https:\/\/cacaunews.com\/#organization\"},\"keywords\":[\"Ant\u00f4nio Ol\u00edmpio\",\"ilheus\",\"luto\",\"morre\"],\"articleSection\":[\"cidades\",\"Jornalismo\"],\"inLanguage\":\"pt-BR\",\"potentialAction\":[{\"@type\":\"CommentAction\",\"name\":\"Comment\",\"target\":[\"https:\/\/cacaunews.com\/?p=2323#respond\"]}]},{\"@type\":\"WebPage\",\"@id\":\"https:\/\/cacaunews.com\/?p=2323\",\"url\":\"https:\/\/cacaunews.com\/?p=2323\",\"name\":\"Ilh\u00e9us: Prefeito lamenta morte de Antonio Ol\u00edmpio e decreta luto oficial de tr\u00eas dias. - Cacau News\",\"isPartOf\":{\"@id\":\"https:\/\/cacaunews.com\/#website\"},\"datePublished\":\"2023-07-27T17:24:48+00:00\",\"dateModified\":\"2023-07-27T17:23:53+00:00\",\"breadcrumb\":{\"@id\":\"https:\/\/cacaunews.com\/?p=2323#breadcrumb\"},\"inLanguage\":\"pt-BR\",\"potentialAction\":[{\"@type\":\"ReadAction\",\"target\":[\"https:\/\/cacaunews.com\/?p=2323\"]}]},{\"@type\":\"BreadcrumbList\",\"@id\":\"https:\/\/cacaunews.com\/?p=2323#breadcrumb\",\"itemListElement\":[{\"@type\":\"ListItem\",\"position\":1,\"name\":\"In\u00edcio\",\"item\":\"https:\/\/cacaunews.com\/\"},{\"@type\":\"ListItem\",\"position\":2,\"name\":\"Ilh\u00e9us: Prefeito lamenta morte de Antonio Ol\u00edmpio e decreta luto oficial de tr\u00eas dias.\"}]},{\"@type\":\"WebSite\",\"@id\":\"https:\/\/cacaunews.com\/#website\",\"url\":\"https:\/\/cacaunews.com\/\",\"name\":\"Cacau News\",\"description\":\"A Informa\u00e7\u00e3o que voc\u00ea precisa!\",\"publisher\":{\"@id\":\"https:\/\/cacaunews.com\/#organization\"},\"potentialAction\":[{\"@type\":\"SearchAction\",\"target\":{\"@type\":\"EntryPoint\",\"urlTemplate\":\"https:\/\/cacaunews.com\/?s={search_term_string}\"},\"query-input\":\"required name=search_term_string\"}],\"inLanguage\":\"pt-BR\"},{\"@type\":\"Organization\",\"@id\":\"https:\/\/cacaunews.com\/#organization\",\"name\":\"Cacau News\",\"url\":\"https:\/\/cacaunews.com\/\",\"logo\":{\"@type\":\"ImageObject\",\"inLanguage\":\"pt-BR\",\"@id\":\"https:\/\/cacaunews.com\/#\/schema\/logo\/image\/\",\"url\":\"https:\/\/cacaunews.com\/wp-content\/uploads\/2025\/01\/cropped-LOGO-NOVA.png\",\"contentUrl\":\"https:\/\/cacaunews.com\/wp-content\/uploads\/2025\/01\/cropped-LOGO-NOVA.png\",\"width\":813,\"height\":813,\"caption\":\"Cacau News\"},\"image\":{\"@id\":\"https:\/\/cacaunews.com\/#\/schema\/logo\/image\/\"},\"sameAs\":[\"https:\/\/www.instagram.com\/cacaunews.online\/\",\"https:\/\/youtube.com\/@cacaunews?si=0VXLnjl08SrWbVG9\"]},{\"@type\":\"Person\",\"@id\":\"https:\/\/cacaunews.com\/#\/schema\/person\/ea69703103e606ad347ccd64bd72ef79\",\"name\":\"Reda\u00e7\u00e3o Cacau News\",\"image\":{\"@type\":\"ImageObject\",\"inLanguage\":\"pt-BR\",\"@id\":\"https:\/\/cacaunews.com\/#\/schema\/person\/image\/\",\"url\":\"https:\/\/secure.gravatar.com\/avatar\/d79227a2a7b6cc42e8d7a8f7c284cd3a?s=96&d=mm&r=g\",\"contentUrl\":\"https:\/\/secure.gravatar.com\/avatar\/d79227a2a7b6cc42e8d7a8f7c284cd3a?s=96&d=mm&r=g\",\"caption\":\"Reda\u00e7\u00e3o Cacau News\"},\"sameAs\":[\"https:\/\/cacaunews.com\"],\"url\":\"https:\/\/cacaunews.com\/?author=1\"}]}<\/script>\n<!-- \/ Yoast SEO plugin. -->","yoast_head_json":{"title":"Ilh\u00e9us: Prefeito lamenta morte de Antonio Ol\u00edmpio e decreta luto oficial de tr\u00eas dias. - Cacau News","robots":{"index":"index","follow":"follow","max-snippet":"max-snippet:-1","max-image-preview":"max-image-preview:large","max-video-preview":"max-video-preview:-1"},"canonical":"https:\/\/cacaunews.com\/?p=2323","og_locale":"pt_BR","og_type":"article","og_title":"Ilh\u00e9us: Prefeito lamenta morte de Antonio Ol\u00edmpio e decreta luto oficial de tr\u00eas dias. - Cacau News","og_description":"O prefeito M\u00e1rio Alexandre e o vice-prefeito Bebeto Galv\u00e3o lamentam profundamente a morte do senhor...","og_url":"https:\/\/cacaunews.com\/?p=2323","og_site_name":"Cacau News","article_published_time":"2023-07-27T17:24:48+00:00","article_modified_time":"2023-07-27T17:23:53+00:00","og_image":[{"width":650,"height":450,"url":"https:\/\/cacaunews.com\/wp-content\/uploads\/2023\/07\/CDBD4CE1-5D1C-EB2C-606E-D25BABE1EB22_650X450.jpeg","type":"image\/jpeg"}],"author":"Reda\u00e7\u00e3o Cacau News","twitter_card":"summary_large_image","twitter_misc":{"Escrito por":"Reda\u00e7\u00e3o Cacau News","Est. tempo de leitura":"2 minutos"},"schema":{"@context":"https:\/\/schema.org","@graph":[{"@type":"Article","@id":"https:\/\/cacaunews.com\/?p=2323#article","isPartOf":{"@id":"https:\/\/cacaunews.com\/?p=2323"},"author":{"name":"Reda\u00e7\u00e3o Cacau News","@id":"https:\/\/cacaunews.com\/#\/schema\/person\/ea69703103e606ad347ccd64bd72ef79"},"headline":"Ilh\u00e9us: Prefeito lamenta morte de Antonio Ol\u00edmpio e decreta luto oficial de tr\u00eas dias.","datePublished":"2023-07-27T17:24:48+00:00","dateModified":"2023-07-27T17:23:53+00:00","mainEntityOfPage":{"@id":"https:\/\/cacaunews.com\/?p=2323"},"wordCount":323,"commentCount":0,"publisher":{"@id":"https:\/\/cacaunews.com\/#organization"},"keywords":["Ant\u00f4nio Ol\u00edmpio","ilheus","luto","morre"],"articleSection":["cidades","Jornalismo"],"inLanguage":"pt-BR","potentialAction":[{"@type":"CommentAction","name":"Comment","target":["https:\/\/cacaunews.com\/?p=2323#respond"]}]},{"@type":"WebPage","@id":"https:\/\/cacaunews.com\/?p=2323","url":"https:\/\/cacaunews.com\/?p=2323","name":"Ilh\u00e9us: Prefeito lamenta morte de Antonio Ol\u00edmpio e decreta luto oficial de tr\u00eas dias. - Cacau News","isPartOf":{"@id":"https:\/\/cacaunews.com\/#website"},"datePublished":"2023-07-27T17:24:48+00:00","dateModified":"2023-07-27T17:23:53+00:00","breadcrumb":{"@id":"https:\/\/cacaunews.com\/?p=2323#breadcrumb"},"inLanguage":"pt-BR","potentialAction":[{"@type":"ReadAction","target":["https:\/\/cacaunews.com\/?p=2323"]}]},{"@type":"BreadcrumbList","@id":"https:\/\/cacaunews.com\/?p=2323#breadcrumb","itemListElement":[{"@type":"ListItem","position":1,"name":"In\u00edcio","item":"https:\/\/cacaunews.com\/"},{"@type":"ListItem","position":2,"name":"Ilh\u00e9us: Prefeito lamenta morte de Antonio Ol\u00edmpio e decreta luto oficial de tr\u00eas dias."}]},{"@type":"WebSite","@id":"https:\/\/cacaunews.com\/#website","url":"https:\/\/cacaunews.com\/","name":"Cacau News","description":"A Informa\u00e7\u00e3o que voc\u00ea precisa!","publisher":{"@id":"https:\/\/cacaunews.com\/#organization"},"potentialAction":[{"@type":"SearchAction","target":{"@type":"EntryPoint","urlTemplate":"https:\/\/cacaunews.com\/?s={search_term_string}"},"query-input":"required name=search_term_string"}],"inLanguage":"pt-BR"},{"@type":"Organization","@id":"https:\/\/cacaunews.com\/#organization","name":"Cacau News","url":"https:\/\/cacaunews.com\/","logo":{"@type":"ImageObject","inLanguage":"pt-BR","@id":"https:\/\/cacaunews.com\/#\/schema\/logo\/image\/","url":"https:\/\/cacaunews.com\/wp-content\/uploads\/2025\/01\/cropped-LOGO-NOVA.png","contentUrl":"https:\/\/cacaunews.com\/wp-content\/uploads\/2025\/01\/cropped-LOGO-NOVA.png","width":813,"height":813,"caption":"Cacau News"},"image":{"@id":"https:\/\/cacaunews.com\/#\/schema\/logo\/image\/"},"sameAs":["https:\/\/www.instagram.com\/cacaunews.online\/","https:\/\/youtube.com\/@cacaunews?si=0VXLnjl08SrWbVG9"]},{"@type":"Person","@id":"https:\/\/cacaunews.com\/#\/schema\/person\/ea69703103e606ad347ccd64bd72ef79","name":"Reda\u00e7\u00e3o Cacau News","image":{"@type":"ImageObject","inLanguage":"pt-BR","@id":"https:\/\/cacaunews.com\/#\/schema\/person\/image\/","url":"https:\/\/secure.gravatar.com\/avatar\/d79227a2a7b6cc42e8d7a8f7c284cd3a?s=96&d=mm&r=g","contentUrl":"https:\/\/secure.gravatar.com\/avatar\/d79227a2a7b6cc42e8d7a8f7c284cd3a?s=96&d=mm&r=g","caption":"Reda\u00e7\u00e3o Cacau News"},"sameAs":["https:\/\/cacaunews.com"],"url":"https:\/\/cacaunews.com\/?author=1"}]}},"jetpack_sharing_enabled":true,"jetpack_featured_media_url":"https:\/\/cacaunews.com\/wp-content\/uploads\/2023\/07\/CDBD4CE1-5D1C-EB2C-606E-D25BABE1EB22_650X450.jpeg","_links":{"self":[{"href":"https:\/\/cacaunews.com\/index.php?rest_route=\/wp\/v2\/posts\/2323"}],"collection":[{"href":"https:\/\/cacaunews.com\/index.php?rest_route=\/wp\/v2\/posts"}],"about":[{"href":"https:\/\/cacaunews.com\/index.php?rest_route=\/wp\/v2\/types\/post"}],"author":[{"embeddable":true,"href":"https:\/\/cacaunews.com\/index.php?rest_route=\/wp\/v2\/users\/1"}],"replies":[{"embeddable":true,"href":"https:\/\/cacaunews.com\/index.php?rest_route=%2Fwp%2Fv2%2Fcomments&post=2323"}],"version-history":[{"count":1,"href":"https:\/\/cacaunews.com\/index.php?rest_route=\/wp\/v2\/posts\/2323\/revisions"}],"predecessor-version":[{"id":2324,"href":"https:\/\/cacaunews.com\/index.php?rest_route=\/wp\/v2\/posts\/2323\/revisions\/2324"}],"wp:featuredmedia":[{"embeddable":true,"href":"https:\/\/cacaunews.com\/index.php?rest_route=\/wp\/v2\/media\/2322"}],"wp:attachment":[{"href":"https:\/\/cacaunews.com\/index.php?rest_route=%2Fwp%2Fv2%2Fmedia&parent=2323"}],"wp:term":[{"taxonomy":"category","embeddable":true,"href":"https:\/\/cacaunews.com\/index.php?rest_route=%2Fwp%2Fv2%2Fcategories&post=2323"},{"taxonomy":"post_tag","embeddable":true,"href":"https:\/\/cacaunews.com\/index.php?rest_route=%2Fwp%2Fv2%2Ftags&post=2323"}],"curies":[{"name":"wp","href":"https:\/\/api.w.org\/{rel}","templated":true}]}}