{"id":2342,"date":"2023-08-01T14:18:36","date_gmt":"2023-08-01T14:18:36","guid":{"rendered":"https:\/\/cacaunews.com\/?p=2342"},"modified":"2023-08-01T14:17:38","modified_gmt":"2023-08-01T14:17:38","slug":"ilheus-empresario-acusado-de-atear-fogo-em-homem-em-situacao-de-rua-deixa-prisao-domiciliar-e-e-transferido-para-presidio","status":"publish","type":"post","link":"https:\/\/cacaunews.com\/?p=2342","title":{"rendered":"Ilh\u00e9us: Empres\u00e1rio acusado de atear fogo em homem em situa\u00e7\u00e3o de rua deixa pris\u00e3o domiciliar e \u00e9 transferido para pres\u00eddio."},"content":{"rendered":"\n<p>O empres\u00e1rio acusado de atear fogo e matar um homem em situa\u00e7\u00e3o de rua foi encaminhado para o Pres\u00eddio de Ilh\u00e9us nesta segunda-feira (31). O Minist\u00e9rio P\u00fablico Estadual havia recorrido da decis\u00e3o que tinha convertido a Pris\u00e3o Preventiva em Pris\u00e3o Domiciliar.<br>O juiz de Direito da Vara do J\u00fari da Comarca de Ilh\u00e9us, Gustavo Henrique Almeida Lyra, acatou pedido do MP e decretou novamente a Pris\u00e3o Preventiva do acusado, determinando que o mandado fosse cumprido hoje.<br><br><strong>O crime<\/strong><br>O crime aconteceu no dia 25 de janeiro desse ano, por volta das 06h40min. Segundo as investiga\u00e7\u00f5es, o empres\u00e1rio estacionou o ve\u00edculo, uma caminhonete, e entrou em um galp\u00e3o com um gal\u00e3o de gasolina nas m\u00e3os. Em seguida, a v\u00edtima, identificada como Rodrigo Souza Santana, apareceu com o corpo em chamas. C\u00e2meras de seguran\u00e7a da rua flagraram parte do crime.<br>Rodrigo chegou a ser socorrido com vida para o Hospital Regional Costa do Cacau. Foi transferido para o Hospital Geral do Estado, em Salvador, mas no dia 2 de fevereiro, ele veio a \u00f3bito ap\u00f3s n\u00e3o resistir aos ferimentos.<\/p>\n","protected":false},"excerpt":{"rendered":"<p>O empres\u00e1rio acusado de atear fogo e matar um homem em situa\u00e7\u00e3o de rua foi&#8230;<\/p>\n","protected":false},"author":1,"featured_media":2341,"comment_status":"open","ping_status":"open","sticky":false,"template":"","format":"standard","meta":{"footnotes":""},"categories":[18,11],"tags":[891,936,937,37],"yoast_head":"<!-- This site is optimized with the Yoast SEO plugin v21.7 - https:\/\/yoast.com\/wordpress\/plugins\/seo\/ -->\n<title>Ilh\u00e9us: Empres\u00e1rio acusado de atear fogo em homem em situa\u00e7\u00e3o de rua deixa pris\u00e3o domiciliar e \u00e9 transferido para pres\u00eddio. - Cacau News<\/title>\n<meta name=\"robots\" content=\"index, follow, max-snippet:-1, max-image-preview:large, max-video-preview:-1\" \/>\n<link rel=\"canonical\" href=\"https:\/\/cacaunews.com\/?p=2342\" \/>\n<meta property=\"og:locale\" content=\"pt_BR\" \/>\n<meta property=\"og:type\" content=\"article\" \/>\n<meta property=\"og:title\" content=\"Ilh\u00e9us: Empres\u00e1rio acusado de atear fogo em homem em situa\u00e7\u00e3o de rua deixa pris\u00e3o domiciliar e \u00e9 transferido para pres\u00eddio. - Cacau News\" \/>\n<meta property=\"og:description\" content=\"O empres\u00e1rio acusado de atear fogo e matar um homem em situa\u00e7\u00e3o de rua foi...\" \/>\n<meta property=\"og:url\" content=\"https:\/\/cacaunews.com\/?p=2342\" \/>\n<meta property=\"og:site_name\" content=\"Cacau News\" \/>\n<meta property=\"article:published_time\" content=\"2023-08-01T14:18:36+00:00\" \/>\n<meta property=\"article:modified_time\" content=\"2023-08-01T14:17:38+00:00\" \/>\n<meta property=\"og:image\" content=\"https:\/\/cacaunews.com\/wp-content\/uploads\/2023\/08\/new-project.jpeg\" \/>\n\t<meta property=\"og:image:width\" content=\"600\" \/>\n\t<meta property=\"og:image:height\" content=\"419\" \/>\n\t<meta property=\"og:image:type\" content=\"image\/jpeg\" \/>\n<meta name=\"author\" content=\"Reda\u00e7\u00e3o Cacau News\" \/>\n<meta name=\"twitter:card\" content=\"summary_large_image\" \/>\n<meta name=\"twitter:label1\" content=\"Escrito por\" \/>\n\t<meta name=\"twitter:data1\" content=\"Reda\u00e7\u00e3o Cacau News\" \/>\n\t<meta name=\"twitter:label2\" content=\"Est. tempo de leitura\" \/>\n\t<meta name=\"twitter:data2\" content=\"1 minuto\" \/>\n<script type=\"application\/ld+json\" class=\"yoast-schema-graph\">{\"@context\":\"https:\/\/schema.org\",\"@graph\":[{\"@type\":\"Article\",\"@id\":\"https:\/\/cacaunews.com\/?p=2342#article\",\"isPartOf\":{\"@id\":\"https:\/\/cacaunews.com\/?p=2342\"},\"author\":{\"name\":\"Reda\u00e7\u00e3o Cacau News\",\"@id\":\"https:\/\/cacaunews.com\/#\/schema\/person\/ea69703103e606ad347ccd64bd72ef79\"},\"headline\":\"Ilh\u00e9us: Empres\u00e1rio acusado de atear fogo em homem em situa\u00e7\u00e3o de rua deixa pris\u00e3o domiciliar e \u00e9 transferido para pres\u00eddio.\",\"datePublished\":\"2023-08-01T14:18:36+00:00\",\"dateModified\":\"2023-08-01T14:17:38+00:00\",\"mainEntityOfPage\":{\"@id\":\"https:\/\/cacaunews.com\/?p=2342\"},\"wordCount\":222,\"commentCount\":0,\"publisher\":{\"@id\":\"https:\/\/cacaunews.com\/#organization\"},\"keywords\":[\"crime\",\"empres\u00e1rio\",\"fogo\",\"ilheus\"],\"articleSection\":[\"cidades\",\"Jornalismo\"],\"inLanguage\":\"pt-BR\",\"potentialAction\":[{\"@type\":\"CommentAction\",\"name\":\"Comment\",\"target\":[\"https:\/\/cacaunews.com\/?p=2342#respond\"]}]},{\"@type\":\"WebPage\",\"@id\":\"https:\/\/cacaunews.com\/?p=2342\",\"url\":\"https:\/\/cacaunews.com\/?p=2342\",\"name\":\"Ilh\u00e9us: Empres\u00e1rio acusado de atear fogo em homem em situa\u00e7\u00e3o de rua deixa pris\u00e3o domiciliar e \u00e9 transferido para pres\u00eddio. - Cacau News\",\"isPartOf\":{\"@id\":\"https:\/\/cacaunews.com\/#website\"},\"datePublished\":\"2023-08-01T14:18:36+00:00\",\"dateModified\":\"2023-08-01T14:17:38+00:00\",\"breadcrumb\":{\"@id\":\"https:\/\/cacaunews.com\/?p=2342#breadcrumb\"},\"inLanguage\":\"pt-BR\",\"potentialAction\":[{\"@type\":\"ReadAction\",\"target\":[\"https:\/\/cacaunews.com\/?p=2342\"]}]},{\"@type\":\"BreadcrumbList\",\"@id\":\"https:\/\/cacaunews.com\/?p=2342#breadcrumb\",\"itemListElement\":[{\"@type\":\"ListItem\",\"position\":1,\"name\":\"In\u00edcio\",\"item\":\"https:\/\/cacaunews.com\/\"},{\"@type\":\"ListItem\",\"position\":2,\"name\":\"Ilh\u00e9us: Empres\u00e1rio acusado de atear fogo em homem em situa\u00e7\u00e3o de rua deixa pris\u00e3o domiciliar e \u00e9 transferido para pres\u00eddio.\"}]},{\"@type\":\"WebSite\",\"@id\":\"https:\/\/cacaunews.com\/#website\",\"url\":\"https:\/\/cacaunews.com\/\",\"name\":\"Cacau News\",\"description\":\"A Informa\u00e7\u00e3o que voc\u00ea precisa!\",\"publisher\":{\"@id\":\"https:\/\/cacaunews.com\/#organization\"},\"potentialAction\":[{\"@type\":\"SearchAction\",\"target\":{\"@type\":\"EntryPoint\",\"urlTemplate\":\"https:\/\/cacaunews.com\/?s={search_term_string}\"},\"query-input\":\"required name=search_term_string\"}],\"inLanguage\":\"pt-BR\"},{\"@type\":\"Organization\",\"@id\":\"https:\/\/cacaunews.com\/#organization\",\"name\":\"Cacau News\",\"url\":\"https:\/\/cacaunews.com\/\",\"logo\":{\"@type\":\"ImageObject\",\"inLanguage\":\"pt-BR\",\"@id\":\"https:\/\/cacaunews.com\/#\/schema\/logo\/image\/\",\"url\":\"https:\/\/cacaunews.com\/wp-content\/uploads\/2025\/01\/cropped-LOGO-NOVA.png\",\"contentUrl\":\"https:\/\/cacaunews.com\/wp-content\/uploads\/2025\/01\/cropped-LOGO-NOVA.png\",\"width\":813,\"height\":813,\"caption\":\"Cacau News\"},\"image\":{\"@id\":\"https:\/\/cacaunews.com\/#\/schema\/logo\/image\/\"},\"sameAs\":[\"https:\/\/www.instagram.com\/cacaunews.online\/\",\"https:\/\/youtube.com\/@cacaunews?si=0VXLnjl08SrWbVG9\"]},{\"@type\":\"Person\",\"@id\":\"https:\/\/cacaunews.com\/#\/schema\/person\/ea69703103e606ad347ccd64bd72ef79\",\"name\":\"Reda\u00e7\u00e3o Cacau News\",\"image\":{\"@type\":\"ImageObject\",\"inLanguage\":\"pt-BR\",\"@id\":\"https:\/\/cacaunews.com\/#\/schema\/person\/image\/\",\"url\":\"https:\/\/secure.gravatar.com\/avatar\/d79227a2a7b6cc42e8d7a8f7c284cd3a?s=96&d=mm&r=g\",\"contentUrl\":\"https:\/\/secure.gravatar.com\/avatar\/d79227a2a7b6cc42e8d7a8f7c284cd3a?s=96&d=mm&r=g\",\"caption\":\"Reda\u00e7\u00e3o Cacau News\"},\"sameAs\":[\"https:\/\/cacaunews.com\"],\"url\":\"https:\/\/cacaunews.com\/?author=1\"}]}<\/script>\n<!-- \/ Yoast SEO plugin. -->","yoast_head_json":{"title":"Ilh\u00e9us: Empres\u00e1rio acusado de atear fogo em homem em situa\u00e7\u00e3o de rua deixa pris\u00e3o domiciliar e \u00e9 transferido para pres\u00eddio. - Cacau News","robots":{"index":"index","follow":"follow","max-snippet":"max-snippet:-1","max-image-preview":"max-image-preview:large","max-video-preview":"max-video-preview:-1"},"canonical":"https:\/\/cacaunews.com\/?p=2342","og_locale":"pt_BR","og_type":"article","og_title":"Ilh\u00e9us: Empres\u00e1rio acusado de atear fogo em homem em situa\u00e7\u00e3o de rua deixa pris\u00e3o domiciliar e \u00e9 transferido para pres\u00eddio. - Cacau News","og_description":"O empres\u00e1rio acusado de atear fogo e matar um homem em situa\u00e7\u00e3o de rua foi...","og_url":"https:\/\/cacaunews.com\/?p=2342","og_site_name":"Cacau News","article_published_time":"2023-08-01T14:18:36+00:00","article_modified_time":"2023-08-01T14:17:38+00:00","og_image":[{"width":600,"height":419,"url":"https:\/\/cacaunews.com\/wp-content\/uploads\/2023\/08\/new-project.jpeg","type":"image\/jpeg"}],"author":"Reda\u00e7\u00e3o Cacau News","twitter_card":"summary_large_image","twitter_misc":{"Escrito por":"Reda\u00e7\u00e3o Cacau News","Est. tempo de leitura":"1 minuto"},"schema":{"@context":"https:\/\/schema.org","@graph":[{"@type":"Article","@id":"https:\/\/cacaunews.com\/?p=2342#article","isPartOf":{"@id":"https:\/\/cacaunews.com\/?p=2342"},"author":{"name":"Reda\u00e7\u00e3o Cacau News","@id":"https:\/\/cacaunews.com\/#\/schema\/person\/ea69703103e606ad347ccd64bd72ef79"},"headline":"Ilh\u00e9us: Empres\u00e1rio acusado de atear fogo em homem em situa\u00e7\u00e3o de rua deixa pris\u00e3o domiciliar e \u00e9 transferido para pres\u00eddio.","datePublished":"2023-08-01T14:18:36+00:00","dateModified":"2023-08-01T14:17:38+00:00","mainEntityOfPage":{"@id":"https:\/\/cacaunews.com\/?p=2342"},"wordCount":222,"commentCount":0,"publisher":{"@id":"https:\/\/cacaunews.com\/#organization"},"keywords":["crime","empres\u00e1rio","fogo","ilheus"],"articleSection":["cidades","Jornalismo"],"inLanguage":"pt-BR","potentialAction":[{"@type":"CommentAction","name":"Comment","target":["https:\/\/cacaunews.com\/?p=2342#respond"]}]},{"@type":"WebPage","@id":"https:\/\/cacaunews.com\/?p=2342","url":"https:\/\/cacaunews.com\/?p=2342","name":"Ilh\u00e9us: Empres\u00e1rio acusado de atear fogo em homem em situa\u00e7\u00e3o de rua deixa pris\u00e3o domiciliar e \u00e9 transferido para pres\u00eddio. - Cacau News","isPartOf":{"@id":"https:\/\/cacaunews.com\/#website"},"datePublished":"2023-08-01T14:18:36+00:00","dateModified":"2023-08-01T14:17:38+00:00","breadcrumb":{"@id":"https:\/\/cacaunews.com\/?p=2342#breadcrumb"},"inLanguage":"pt-BR","potentialAction":[{"@type":"ReadAction","target":["https:\/\/cacaunews.com\/?p=2342"]}]},{"@type":"BreadcrumbList","@id":"https:\/\/cacaunews.com\/?p=2342#breadcrumb","itemListElement":[{"@type":"ListItem","position":1,"name":"In\u00edcio","item":"https:\/\/cacaunews.com\/"},{"@type":"ListItem","position":2,"name":"Ilh\u00e9us: Empres\u00e1rio acusado de atear fogo em homem em situa\u00e7\u00e3o de rua deixa pris\u00e3o domiciliar e \u00e9 transferido para pres\u00eddio."}]},{"@type":"WebSite","@id":"https:\/\/cacaunews.com\/#website","url":"https:\/\/cacaunews.com\/","name":"Cacau News","description":"A Informa\u00e7\u00e3o que voc\u00ea precisa!","publisher":{"@id":"https:\/\/cacaunews.com\/#organization"},"potentialAction":[{"@type":"SearchAction","target":{"@type":"EntryPoint","urlTemplate":"https:\/\/cacaunews.com\/?s={search_term_string}"},"query-input":"required name=search_term_string"}],"inLanguage":"pt-BR"},{"@type":"Organization","@id":"https:\/\/cacaunews.com\/#organization","name":"Cacau News","url":"https:\/\/cacaunews.com\/","logo":{"@type":"ImageObject","inLanguage":"pt-BR","@id":"https:\/\/cacaunews.com\/#\/schema\/logo\/image\/","url":"https:\/\/cacaunews.com\/wp-content\/uploads\/2025\/01\/cropped-LOGO-NOVA.png","contentUrl":"https:\/\/cacaunews.com\/wp-content\/uploads\/2025\/01\/cropped-LOGO-NOVA.png","width":813,"height":813,"caption":"Cacau News"},"image":{"@id":"https:\/\/cacaunews.com\/#\/schema\/logo\/image\/"},"sameAs":["https:\/\/www.instagram.com\/cacaunews.online\/","https:\/\/youtube.com\/@cacaunews?si=0VXLnjl08SrWbVG9"]},{"@type":"Person","@id":"https:\/\/cacaunews.com\/#\/schema\/person\/ea69703103e606ad347ccd64bd72ef79","name":"Reda\u00e7\u00e3o Cacau News","image":{"@type":"ImageObject","inLanguage":"pt-BR","@id":"https:\/\/cacaunews.com\/#\/schema\/person\/image\/","url":"https:\/\/secure.gravatar.com\/avatar\/d79227a2a7b6cc42e8d7a8f7c284cd3a?s=96&d=mm&r=g","contentUrl":"https:\/\/secure.gravatar.com\/avatar\/d79227a2a7b6cc42e8d7a8f7c284cd3a?s=96&d=mm&r=g","caption":"Reda\u00e7\u00e3o Cacau News"},"sameAs":["https:\/\/cacaunews.com"],"url":"https:\/\/cacaunews.com\/?author=1"}]}},"jetpack_sharing_enabled":true,"jetpack_featured_media_url":"https:\/\/cacaunews.com\/wp-content\/uploads\/2023\/08\/new-project.jpeg","_links":{"self":[{"href":"https:\/\/cacaunews.com\/index.php?rest_route=\/wp\/v2\/posts\/2342"}],"collection":[{"href":"https:\/\/cacaunews.com\/index.php?rest_route=\/wp\/v2\/posts"}],"about":[{"href":"https:\/\/cacaunews.com\/index.php?rest_route=\/wp\/v2\/types\/post"}],"author":[{"embeddable":true,"href":"https:\/\/cacaunews.com\/index.php?rest_route=\/wp\/v2\/users\/1"}],"replies":[{"embeddable":true,"href":"https:\/\/cacaunews.com\/index.php?rest_route=%2Fwp%2Fv2%2Fcomments&post=2342"}],"version-history":[{"count":1,"href":"https:\/\/cacaunews.com\/index.php?rest_route=\/wp\/v2\/posts\/2342\/revisions"}],"predecessor-version":[{"id":2343,"href":"https:\/\/cacaunews.com\/index.php?rest_route=\/wp\/v2\/posts\/2342\/revisions\/2343"}],"wp:featuredmedia":[{"embeddable":true,"href":"https:\/\/cacaunews.com\/index.php?rest_route=\/wp\/v2\/media\/2341"}],"wp:attachment":[{"href":"https:\/\/cacaunews.com\/index.php?rest_route=%2Fwp%2Fv2%2Fmedia&parent=2342"}],"wp:term":[{"taxonomy":"category","embeddable":true,"href":"https:\/\/cacaunews.com\/index.php?rest_route=%2Fwp%2Fv2%2Fcategories&post=2342"},{"taxonomy":"post_tag","embeddable":true,"href":"https:\/\/cacaunews.com\/index.php?rest_route=%2Fwp%2Fv2%2Ftags&post=2342"}],"curies":[{"name":"wp","href":"https:\/\/api.w.org\/{rel}","templated":true}]}}