{"id":2359,"date":"2023-08-03T12:12:45","date_gmt":"2023-08-03T12:12:45","guid":{"rendered":"https:\/\/cacaunews.com\/?p=2359"},"modified":"2023-08-03T12:11:46","modified_gmt":"2023-08-03T12:11:46","slug":"ilheus-jorge-amado-111-anos-programacao-especial-marca-abertura-do-mes-dedicado-ao-escritor","status":"publish","type":"post","link":"https:\/\/cacaunews.com\/?p=2359","title":{"rendered":"Ilh\u00e9us: Jorge Amado, 111 anos; programa\u00e7\u00e3o especial marca abertura do m\u00eas dedicado ao escritor."},"content":{"rendered":"\n<p>Na \u00faltima ter\u00e7a-feira (1\u00ba), a Prefeitura de Ilh\u00e9us, por meio das secretarias de Cultura e Educa\u00e7\u00e3o, deu in\u00edcio \u00e0s a\u00e7\u00f5es que fazem parte do projeto \u201cA gosto de Jorge\u201d, em homenagem a Jorge Amado, escritor que escolheu a cidade como sua terra e inspira\u00e7\u00e3o. A abertura ficou sob o comando de Gabriela Maja e Franklin Costa, que apresentaram ao p\u00fablico o melhor da MPB e m\u00fasicas relacionadas \u00e0 obra de Jorge Amado.<br \/><br \/>A solenidade contou ainda com diversas interven\u00e7\u00f5es art\u00edsticas no palco do Teatro Municipal de Ilh\u00e9us. A mesa foi composta pelos secret\u00e1rios Geraldo Magela (Cultura), Eliane Oliveira (Educa\u00e7\u00e3o) e Mozart Arag\u00e3o (Casa Civil), que na ocasi\u00e3o representou o prefeito M\u00e1rio Alexandre, e pelo presidente do Conselho Municipal de Cultura, Marco Lessa. Em suas falas, todos evidenciaram a import\u00e2ncia da programa\u00e7\u00e3o alusiva ao escritor, figura que \u201cinternacionalizou Ilh\u00e9us\u201d.<\/p>\n\n\n\n<figure class=\"wp-block-image size-large\"><img fetchpriority=\"high\" decoding=\"async\" width=\"650\" height=\"450\" src=\"https:\/\/cacaunews.com\/wp-content\/uploads\/2023\/08\/DEEC4BC4-A5A2-7EEC-CADC-3AAD1BA8B4CE_650X450.jpg\" alt=\"\" class=\"wp-image-2357\" srcset=\"https:\/\/cacaunews.com\/wp-content\/uploads\/2023\/08\/DEEC4BC4-A5A2-7EEC-CADC-3AAD1BA8B4CE_650X450.jpg 650w, https:\/\/cacaunews.com\/wp-content\/uploads\/2023\/08\/DEEC4BC4-A5A2-7EEC-CADC-3AAD1BA8B4CE_650X450-300x208.jpg 300w\" sizes=\"(max-width: 650px) 100vw, 650px\" \/><\/figure>\n\n\n\n<p>Magela apresentou a programa\u00e7\u00e3o, destacando a grandiosidade das atividades. \u201cN\u00f3s teremos um leque de eventos, desde exposi\u00e7\u00f5es de arte, das crian\u00e7as [alunos da rede municipal], como de artistas pl\u00e1sticos renomados de Ilh\u00e9us, teremos teatro, dan\u00e7a, m\u00fasica, capoeira, o Cabar\u00e9 de Jorge e uma infinidade de atra\u00e7\u00f5es. Tudo para saudarmos e homenagearmos Jorge Amado\u201d, explicou o secret\u00e1rio.<br \/><br \/>J\u00e1 Eliane exaltou a parceria entra as secretarias envolvidas. \u201cHoje, quem abre o \u2018A gosto de Jorge\u2019 n\u00e3o \u00e9 apenas a Cultura. \u00c9 a Cultura junto da Educa\u00e7\u00e3o, quem abre o m\u00eas de homenagens para Jorge Amado \u00e9 o Governo de Ilh\u00e9us\u201d, diz e completa, \u201cessa uni\u00e3o de esfor\u00e7os era um sonho do prefeito M\u00e1rio Alexandre, que estamos implementando neste evento\u201d.<\/p>\n\n\n\n<p>Ela tamb\u00e9m falou sobre import\u00e2ncia de Jorge Amado e como os alunos est\u00e3o trabalhando a sua obra. \u201cRedescobrir Jorge \u00e9 redescobrir o amor pela literatura e \u00e9 o que estamos fazendo, a gente j\u00e1 trabalha com a obra de Jorge h\u00e1 algum tempo, em nossa rede municipal, atrav\u00e9s do PCR [Planejamento Coletivo em Rede]. Para isso, treinamos nossos professores dos anos iniciais e finais e aproveitamos o planejamento para falar da hist\u00f3ria de Jorge, falar da cultura e das obras de Jorge Amado atrav\u00e9s da vis\u00e3o dos alunos\u201d.<\/p>\n\n\n\n<figure class=\"wp-block-image size-large\"><img decoding=\"async\" width=\"650\" height=\"450\" src=\"https:\/\/cacaunews.com\/wp-content\/uploads\/2023\/08\/AC4CEEB4-DA1C-6E1A-58DB-A4CEAD33DECB_650X450.jpg\" alt=\"\" class=\"wp-image-2356\" srcset=\"https:\/\/cacaunews.com\/wp-content\/uploads\/2023\/08\/AC4CEEB4-DA1C-6E1A-58DB-A4CEAD33DECB_650X450.jpg 650w, https:\/\/cacaunews.com\/wp-content\/uploads\/2023\/08\/AC4CEEB4-DA1C-6E1A-58DB-A4CEAD33DECB_650X450-300x208.jpg 300w\" sizes=\"(max-width: 650px) 100vw, 650px\" \/><\/figure>\n\n\n\n<p>por Pedro Cotrim, Sucom.<\/p>\n","protected":false},"excerpt":{"rendered":"<p>Na \u00faltima ter\u00e7a-feira (1\u00ba), a Prefeitura de Ilh\u00e9us, por meio das secretarias de Cultura e&#8230;<\/p>\n","protected":false},"author":1,"featured_media":2358,"comment_status":"open","ping_status":"open","sticky":false,"template":"","format":"standard","meta":{"footnotes":""},"categories":[18,31,11],"tags":[424,34,37,914,38],"yoast_head":"<!-- This site is optimized with the Yoast SEO plugin v21.7 - https:\/\/yoast.com\/wordpress\/plugins\/seo\/ -->\n<title>Ilh\u00e9us: Jorge Amado, 111 anos; programa\u00e7\u00e3o especial marca abertura do m\u00eas dedicado ao escritor. - Cacau News<\/title>\n<meta name=\"robots\" content=\"index, follow, max-snippet:-1, max-image-preview:large, max-video-preview:-1\" \/>\n<link rel=\"canonical\" href=\"https:\/\/cacaunews.com\/?p=2359\" \/>\n<meta property=\"og:locale\" content=\"pt_BR\" \/>\n<meta property=\"og:type\" content=\"article\" \/>\n<meta property=\"og:title\" content=\"Ilh\u00e9us: Jorge Amado, 111 anos; programa\u00e7\u00e3o especial marca abertura do m\u00eas dedicado ao escritor. - Cacau News\" \/>\n<meta property=\"og:description\" content=\"Na \u00faltima ter\u00e7a-feira (1\u00ba), a Prefeitura de Ilh\u00e9us, por meio das secretarias de Cultura e...\" \/>\n<meta property=\"og:url\" content=\"https:\/\/cacaunews.com\/?p=2359\" \/>\n<meta property=\"og:site_name\" content=\"Cacau News\" \/>\n<meta property=\"article:published_time\" content=\"2023-08-03T12:12:45+00:00\" \/>\n<meta property=\"article:modified_time\" content=\"2023-08-03T12:11:46+00:00\" \/>\n<meta property=\"og:image\" content=\"https:\/\/cacaunews.com\/wp-content\/uploads\/2023\/08\/35D2BB2A-3CA4-DC0B-8D6E-73BAA3CCBCBC_650X450.jpg\" \/>\n\t<meta property=\"og:image:width\" content=\"650\" \/>\n\t<meta property=\"og:image:height\" content=\"450\" \/>\n\t<meta property=\"og:image:type\" content=\"image\/jpeg\" \/>\n<meta name=\"author\" content=\"Reda\u00e7\u00e3o Cacau News\" \/>\n<meta name=\"twitter:card\" content=\"summary_large_image\" \/>\n<meta name=\"twitter:label1\" content=\"Escrito por\" \/>\n\t<meta name=\"twitter:data1\" content=\"Reda\u00e7\u00e3o Cacau News\" \/>\n\t<meta name=\"twitter:label2\" content=\"Est. tempo de leitura\" \/>\n\t<meta name=\"twitter:data2\" content=\"2 minutos\" \/>\n<script type=\"application\/ld+json\" class=\"yoast-schema-graph\">{\"@context\":\"https:\/\/schema.org\",\"@graph\":[{\"@type\":\"Article\",\"@id\":\"https:\/\/cacaunews.com\/?p=2359#article\",\"isPartOf\":{\"@id\":\"https:\/\/cacaunews.com\/?p=2359\"},\"author\":{\"name\":\"Reda\u00e7\u00e3o Cacau News\",\"@id\":\"https:\/\/cacaunews.com\/#\/schema\/person\/ea69703103e606ad347ccd64bd72ef79\"},\"headline\":\"Ilh\u00e9us: Jorge Amado, 111 anos; programa\u00e7\u00e3o especial marca abertura do m\u00eas dedicado ao escritor.\",\"datePublished\":\"2023-08-03T12:12:45+00:00\",\"dateModified\":\"2023-08-03T12:11:46+00:00\",\"mainEntityOfPage\":{\"@id\":\"https:\/\/cacaunews.com\/?p=2359\"},\"wordCount\":399,\"commentCount\":0,\"publisher\":{\"@id\":\"https:\/\/cacaunews.com\/#organization\"},\"keywords\":[\"comemorac\u00e3o\",\"cultura\",\"ilheus\",\"Jorge Amado\",\"teatro\"],\"articleSection\":[\"cidades\",\"Cultura\",\"Jornalismo\"],\"inLanguage\":\"pt-BR\",\"potentialAction\":[{\"@type\":\"CommentAction\",\"name\":\"Comment\",\"target\":[\"https:\/\/cacaunews.com\/?p=2359#respond\"]}]},{\"@type\":\"WebPage\",\"@id\":\"https:\/\/cacaunews.com\/?p=2359\",\"url\":\"https:\/\/cacaunews.com\/?p=2359\",\"name\":\"Ilh\u00e9us: Jorge Amado, 111 anos; programa\u00e7\u00e3o especial marca abertura do m\u00eas dedicado ao escritor. - Cacau News\",\"isPartOf\":{\"@id\":\"https:\/\/cacaunews.com\/#website\"},\"datePublished\":\"2023-08-03T12:12:45+00:00\",\"dateModified\":\"2023-08-03T12:11:46+00:00\",\"breadcrumb\":{\"@id\":\"https:\/\/cacaunews.com\/?p=2359#breadcrumb\"},\"inLanguage\":\"pt-BR\",\"potentialAction\":[{\"@type\":\"ReadAction\",\"target\":[\"https:\/\/cacaunews.com\/?p=2359\"]}]},{\"@type\":\"BreadcrumbList\",\"@id\":\"https:\/\/cacaunews.com\/?p=2359#breadcrumb\",\"itemListElement\":[{\"@type\":\"ListItem\",\"position\":1,\"name\":\"In\u00edcio\",\"item\":\"https:\/\/cacaunews.com\/\"},{\"@type\":\"ListItem\",\"position\":2,\"name\":\"Ilh\u00e9us: Jorge Amado, 111 anos; programa\u00e7\u00e3o especial marca abertura do m\u00eas dedicado ao escritor.\"}]},{\"@type\":\"WebSite\",\"@id\":\"https:\/\/cacaunews.com\/#website\",\"url\":\"https:\/\/cacaunews.com\/\",\"name\":\"Cacau News\",\"description\":\"A Informa\u00e7\u00e3o que voc\u00ea precisa!\",\"publisher\":{\"@id\":\"https:\/\/cacaunews.com\/#organization\"},\"potentialAction\":[{\"@type\":\"SearchAction\",\"target\":{\"@type\":\"EntryPoint\",\"urlTemplate\":\"https:\/\/cacaunews.com\/?s={search_term_string}\"},\"query-input\":\"required name=search_term_string\"}],\"inLanguage\":\"pt-BR\"},{\"@type\":\"Organization\",\"@id\":\"https:\/\/cacaunews.com\/#organization\",\"name\":\"Cacau News\",\"url\":\"https:\/\/cacaunews.com\/\",\"logo\":{\"@type\":\"ImageObject\",\"inLanguage\":\"pt-BR\",\"@id\":\"https:\/\/cacaunews.com\/#\/schema\/logo\/image\/\",\"url\":\"https:\/\/cacaunews.com\/wp-content\/uploads\/2025\/01\/cropped-LOGO-NOVA.png\",\"contentUrl\":\"https:\/\/cacaunews.com\/wp-content\/uploads\/2025\/01\/cropped-LOGO-NOVA.png\",\"width\":813,\"height\":813,\"caption\":\"Cacau News\"},\"image\":{\"@id\":\"https:\/\/cacaunews.com\/#\/schema\/logo\/image\/\"},\"sameAs\":[\"https:\/\/www.instagram.com\/cacaunews.online\/\",\"https:\/\/youtube.com\/@cacaunews?si=0VXLnjl08SrWbVG9\"]},{\"@type\":\"Person\",\"@id\":\"https:\/\/cacaunews.com\/#\/schema\/person\/ea69703103e606ad347ccd64bd72ef79\",\"name\":\"Reda\u00e7\u00e3o Cacau News\",\"image\":{\"@type\":\"ImageObject\",\"inLanguage\":\"pt-BR\",\"@id\":\"https:\/\/cacaunews.com\/#\/schema\/person\/image\/\",\"url\":\"https:\/\/secure.gravatar.com\/avatar\/d79227a2a7b6cc42e8d7a8f7c284cd3a?s=96&d=mm&r=g\",\"contentUrl\":\"https:\/\/secure.gravatar.com\/avatar\/d79227a2a7b6cc42e8d7a8f7c284cd3a?s=96&d=mm&r=g\",\"caption\":\"Reda\u00e7\u00e3o Cacau News\"},\"sameAs\":[\"https:\/\/cacaunews.com\"],\"url\":\"https:\/\/cacaunews.com\/?author=1\"}]}<\/script>\n<!-- \/ Yoast SEO plugin. -->","yoast_head_json":{"title":"Ilh\u00e9us: Jorge Amado, 111 anos; programa\u00e7\u00e3o especial marca abertura do m\u00eas dedicado ao escritor. - Cacau News","robots":{"index":"index","follow":"follow","max-snippet":"max-snippet:-1","max-image-preview":"max-image-preview:large","max-video-preview":"max-video-preview:-1"},"canonical":"https:\/\/cacaunews.com\/?p=2359","og_locale":"pt_BR","og_type":"article","og_title":"Ilh\u00e9us: Jorge Amado, 111 anos; programa\u00e7\u00e3o especial marca abertura do m\u00eas dedicado ao escritor. - Cacau News","og_description":"Na \u00faltima ter\u00e7a-feira (1\u00ba), a Prefeitura de Ilh\u00e9us, por meio das secretarias de Cultura e...","og_url":"https:\/\/cacaunews.com\/?p=2359","og_site_name":"Cacau News","article_published_time":"2023-08-03T12:12:45+00:00","article_modified_time":"2023-08-03T12:11:46+00:00","og_image":[{"width":650,"height":450,"url":"https:\/\/cacaunews.com\/wp-content\/uploads\/2023\/08\/35D2BB2A-3CA4-DC0B-8D6E-73BAA3CCBCBC_650X450.jpg","type":"image\/jpeg"}],"author":"Reda\u00e7\u00e3o Cacau News","twitter_card":"summary_large_image","twitter_misc":{"Escrito por":"Reda\u00e7\u00e3o Cacau News","Est. tempo de leitura":"2 minutos"},"schema":{"@context":"https:\/\/schema.org","@graph":[{"@type":"Article","@id":"https:\/\/cacaunews.com\/?p=2359#article","isPartOf":{"@id":"https:\/\/cacaunews.com\/?p=2359"},"author":{"name":"Reda\u00e7\u00e3o Cacau News","@id":"https:\/\/cacaunews.com\/#\/schema\/person\/ea69703103e606ad347ccd64bd72ef79"},"headline":"Ilh\u00e9us: Jorge Amado, 111 anos; programa\u00e7\u00e3o especial marca abertura do m\u00eas dedicado ao escritor.","datePublished":"2023-08-03T12:12:45+00:00","dateModified":"2023-08-03T12:11:46+00:00","mainEntityOfPage":{"@id":"https:\/\/cacaunews.com\/?p=2359"},"wordCount":399,"commentCount":0,"publisher":{"@id":"https:\/\/cacaunews.com\/#organization"},"keywords":["comemorac\u00e3o","cultura","ilheus","Jorge Amado","teatro"],"articleSection":["cidades","Cultura","Jornalismo"],"inLanguage":"pt-BR","potentialAction":[{"@type":"CommentAction","name":"Comment","target":["https:\/\/cacaunews.com\/?p=2359#respond"]}]},{"@type":"WebPage","@id":"https:\/\/cacaunews.com\/?p=2359","url":"https:\/\/cacaunews.com\/?p=2359","name":"Ilh\u00e9us: Jorge Amado, 111 anos; programa\u00e7\u00e3o especial marca abertura do m\u00eas dedicado ao escritor. - Cacau News","isPartOf":{"@id":"https:\/\/cacaunews.com\/#website"},"datePublished":"2023-08-03T12:12:45+00:00","dateModified":"2023-08-03T12:11:46+00:00","breadcrumb":{"@id":"https:\/\/cacaunews.com\/?p=2359#breadcrumb"},"inLanguage":"pt-BR","potentialAction":[{"@type":"ReadAction","target":["https:\/\/cacaunews.com\/?p=2359"]}]},{"@type":"BreadcrumbList","@id":"https:\/\/cacaunews.com\/?p=2359#breadcrumb","itemListElement":[{"@type":"ListItem","position":1,"name":"In\u00edcio","item":"https:\/\/cacaunews.com\/"},{"@type":"ListItem","position":2,"name":"Ilh\u00e9us: Jorge Amado, 111 anos; programa\u00e7\u00e3o especial marca abertura do m\u00eas dedicado ao escritor."}]},{"@type":"WebSite","@id":"https:\/\/cacaunews.com\/#website","url":"https:\/\/cacaunews.com\/","name":"Cacau News","description":"A Informa\u00e7\u00e3o que voc\u00ea precisa!","publisher":{"@id":"https:\/\/cacaunews.com\/#organization"},"potentialAction":[{"@type":"SearchAction","target":{"@type":"EntryPoint","urlTemplate":"https:\/\/cacaunews.com\/?s={search_term_string}"},"query-input":"required name=search_term_string"}],"inLanguage":"pt-BR"},{"@type":"Organization","@id":"https:\/\/cacaunews.com\/#organization","name":"Cacau News","url":"https:\/\/cacaunews.com\/","logo":{"@type":"ImageObject","inLanguage":"pt-BR","@id":"https:\/\/cacaunews.com\/#\/schema\/logo\/image\/","url":"https:\/\/cacaunews.com\/wp-content\/uploads\/2025\/01\/cropped-LOGO-NOVA.png","contentUrl":"https:\/\/cacaunews.com\/wp-content\/uploads\/2025\/01\/cropped-LOGO-NOVA.png","width":813,"height":813,"caption":"Cacau News"},"image":{"@id":"https:\/\/cacaunews.com\/#\/schema\/logo\/image\/"},"sameAs":["https:\/\/www.instagram.com\/cacaunews.online\/","https:\/\/youtube.com\/@cacaunews?si=0VXLnjl08SrWbVG9"]},{"@type":"Person","@id":"https:\/\/cacaunews.com\/#\/schema\/person\/ea69703103e606ad347ccd64bd72ef79","name":"Reda\u00e7\u00e3o Cacau News","image":{"@type":"ImageObject","inLanguage":"pt-BR","@id":"https:\/\/cacaunews.com\/#\/schema\/person\/image\/","url":"https:\/\/secure.gravatar.com\/avatar\/d79227a2a7b6cc42e8d7a8f7c284cd3a?s=96&d=mm&r=g","contentUrl":"https:\/\/secure.gravatar.com\/avatar\/d79227a2a7b6cc42e8d7a8f7c284cd3a?s=96&d=mm&r=g","caption":"Reda\u00e7\u00e3o Cacau News"},"sameAs":["https:\/\/cacaunews.com"],"url":"https:\/\/cacaunews.com\/?author=1"}]}},"jetpack_sharing_enabled":true,"jetpack_featured_media_url":"https:\/\/cacaunews.com\/wp-content\/uploads\/2023\/08\/35D2BB2A-3CA4-DC0B-8D6E-73BAA3CCBCBC_650X450.jpg","_links":{"self":[{"href":"https:\/\/cacaunews.com\/index.php?rest_route=\/wp\/v2\/posts\/2359"}],"collection":[{"href":"https:\/\/cacaunews.com\/index.php?rest_route=\/wp\/v2\/posts"}],"about":[{"href":"https:\/\/cacaunews.com\/index.php?rest_route=\/wp\/v2\/types\/post"}],"author":[{"embeddable":true,"href":"https:\/\/cacaunews.com\/index.php?rest_route=\/wp\/v2\/users\/1"}],"replies":[{"embeddable":true,"href":"https:\/\/cacaunews.com\/index.php?rest_route=%2Fwp%2Fv2%2Fcomments&post=2359"}],"version-history":[{"count":2,"href":"https:\/\/cacaunews.com\/index.php?rest_route=\/wp\/v2\/posts\/2359\/revisions"}],"predecessor-version":[{"id":2365,"href":"https:\/\/cacaunews.com\/index.php?rest_route=\/wp\/v2\/posts\/2359\/revisions\/2365"}],"wp:featuredmedia":[{"embeddable":true,"href":"https:\/\/cacaunews.com\/index.php?rest_route=\/wp\/v2\/media\/2358"}],"wp:attachment":[{"href":"https:\/\/cacaunews.com\/index.php?rest_route=%2Fwp%2Fv2%2Fmedia&parent=2359"}],"wp:term":[{"taxonomy":"category","embeddable":true,"href":"https:\/\/cacaunews.com\/index.php?rest_route=%2Fwp%2Fv2%2Fcategories&post=2359"},{"taxonomy":"post_tag","embeddable":true,"href":"https:\/\/cacaunews.com\/index.php?rest_route=%2Fwp%2Fv2%2Ftags&post=2359"}],"curies":[{"name":"wp","href":"https:\/\/api.w.org\/{rel}","templated":true}]}}