{"id":2446,"date":"2023-08-11T16:01:20","date_gmt":"2023-08-11T16:01:20","guid":{"rendered":"https:\/\/cacaunews.com\/?p=2446"},"modified":"2023-08-11T16:01:20","modified_gmt":"2023-08-11T16:01:20","slug":"cyro-de-mattos-recebe-a-comenda-2-de-julho","status":"publish","type":"post","link":"https:\/\/cacaunews.com\/?p=2446","title":{"rendered":"Cyro de Mattos recebe a Comenda 2 de Julho."},"content":{"rendered":"<p>Dos mais lidos e premiados escritores nascidos que brotaram do ch\u00e3o grapi\u00fana, o itabunense Cyro de Mattos recebeu a Comenda 2 de Julho na tarde desta quinta-feira (10), na Assembleia Legislativa da Bahia (Alba). A honraria foi proposta pelo deputado Marcelinho Veiga (UB), que tem liga\u00e7\u00f5es com Itabuna, terra natal de Cyro de Mattos.<\/p>\n<p>Marcelinho foi apresentado ao escritor itabunense pelo amigo em comum Joaci G\u00f3es, tamb\u00e9m membro da Academia de Letras da Bahia (ALB). Cyro tem 65 livros publicados no Brasil e 16 no exterior. \u201cDesde antes de ser deputado, frequentava a Assembleia e ficava imaginando, se deputado, a quem poderia prestigiar com a honraria\u201d, considerando que tinha que ser a melhor escolha.<\/p>\n<p>Ainda ao discursar, Marcelinho lembrou da rela\u00e7\u00e3o da ALB com um de seus av\u00f4s, Cl\u00e1udio Veiga, presidente da Academia por 26 anos. Cl\u00e1udio, Joaci e Cyro, al\u00e9m de dividirem o gosto pelas letras, t\u00eam em comum o fato de terem sido contempor\u00e2neos e amigos nos tempos de Col\u00e9gio da Bahia, atual Col\u00e9gio Central.<\/p>\n<p>Os trabalhos foram marcados por duas quebras de protocolo antes da medalha e do diploma serem entregues. Josefina, filha de Cyro, e Joaci tiveram a oportunidade de falar sobre o homenageado. \u201cEu honro e celebro sua caminhada, sua vida, seu exemplo\u201d, disse a filha, que contou sua experi\u00eancia de ter uma inf\u00e2ncia em meio a uma vasta biblioteca e v\u00e1rias m\u00e1quinas de escrever e seus ru\u00eddos caracter\u00edsticos. Ela disse que o pai sempre teve como caracter\u00edstica \u201cnunca desistir de nossos sonhos, nunca deixar de lutar, nunca recuar\u201d. Aos 84 anos, Cyro est\u00e1 trabalhando em um romance.<\/p>\n<p>Com Informa\u00e7\u00f5es Pimenta.<\/p>\n","protected":false},"excerpt":{"rendered":"<p>Dos mais lidos e premiados escritores nascidos que brotaram do ch\u00e3o grapi\u00fana, o itabunense Cyro&#8230;<\/p>\n","protected":false},"author":1,"featured_media":2447,"comment_status":"open","ping_status":"open","sticky":false,"template":"","format":"standard","meta":{"footnotes":""},"categories":[18,31,11],"tags":[54,968,966,551,967,969],"yoast_head":"<!-- This site is optimized with the Yoast SEO plugin v21.7 - https:\/\/yoast.com\/wordpress\/plugins\/seo\/ -->\n<title>Cyro de Mattos recebe a Comenda 2 de Julho. - Cacau News<\/title>\n<meta name=\"robots\" content=\"index, follow, max-snippet:-1, max-image-preview:large, max-video-preview:-1\" \/>\n<link rel=\"canonical\" href=\"https:\/\/cacaunews.com\/?p=2446\" \/>\n<meta property=\"og:locale\" content=\"pt_BR\" \/>\n<meta property=\"og:type\" content=\"article\" \/>\n<meta property=\"og:title\" content=\"Cyro de Mattos recebe a Comenda 2 de Julho. - Cacau News\" \/>\n<meta property=\"og:description\" content=\"Dos mais lidos e premiados escritores nascidos que brotaram do ch\u00e3o grapi\u00fana, o itabunense Cyro...\" \/>\n<meta property=\"og:url\" content=\"https:\/\/cacaunews.com\/?p=2446\" \/>\n<meta property=\"og:site_name\" content=\"Cacau News\" \/>\n<meta property=\"article:published_time\" content=\"2023-08-11T16:01:20+00:00\" \/>\n<meta property=\"og:image\" content=\"https:\/\/cacaunews.com\/wp-content\/uploads\/2023\/08\/Cyro-de-Matos-2-de-Julho.jpg\" \/>\n\t<meta property=\"og:image:width\" content=\"799\" \/>\n\t<meta property=\"og:image:height\" content=\"449\" \/>\n\t<meta property=\"og:image:type\" content=\"image\/jpeg\" \/>\n<meta name=\"author\" content=\"Reda\u00e7\u00e3o Cacau News\" \/>\n<meta name=\"twitter:card\" content=\"summary_large_image\" \/>\n<meta name=\"twitter:label1\" content=\"Escrito por\" \/>\n\t<meta name=\"twitter:data1\" content=\"Reda\u00e7\u00e3o Cacau News\" \/>\n\t<meta name=\"twitter:label2\" content=\"Est. tempo de leitura\" \/>\n\t<meta name=\"twitter:data2\" content=\"1 minuto\" \/>\n<script type=\"application\/ld+json\" class=\"yoast-schema-graph\">{\"@context\":\"https:\/\/schema.org\",\"@graph\":[{\"@type\":\"Article\",\"@id\":\"https:\/\/cacaunews.com\/?p=2446#article\",\"isPartOf\":{\"@id\":\"https:\/\/cacaunews.com\/?p=2446\"},\"author\":{\"name\":\"Reda\u00e7\u00e3o Cacau News\",\"@id\":\"https:\/\/cacaunews.com\/#\/schema\/person\/ea69703103e606ad347ccd64bd72ef79\"},\"headline\":\"Cyro de Mattos recebe a Comenda 2 de Julho.\",\"datePublished\":\"2023-08-11T16:01:20+00:00\",\"dateModified\":\"2023-08-11T16:01:20+00:00\",\"mainEntityOfPage\":{\"@id\":\"https:\/\/cacaunews.com\/?p=2446\"},\"wordCount\":290,\"commentCount\":0,\"publisher\":{\"@id\":\"https:\/\/cacaunews.com\/#organization\"},\"keywords\":[\"ALBA\",\"comenda 2 de Julho\",\"cyro de mattos\",\"homenagem\",\"itabunense\",\"Marcelinho Veiga\"],\"articleSection\":[\"cidades\",\"Cultura\",\"Jornalismo\"],\"inLanguage\":\"pt-BR\",\"potentialAction\":[{\"@type\":\"CommentAction\",\"name\":\"Comment\",\"target\":[\"https:\/\/cacaunews.com\/?p=2446#respond\"]}]},{\"@type\":\"WebPage\",\"@id\":\"https:\/\/cacaunews.com\/?p=2446\",\"url\":\"https:\/\/cacaunews.com\/?p=2446\",\"name\":\"Cyro de Mattos recebe a Comenda 2 de Julho. - Cacau News\",\"isPartOf\":{\"@id\":\"https:\/\/cacaunews.com\/#website\"},\"datePublished\":\"2023-08-11T16:01:20+00:00\",\"dateModified\":\"2023-08-11T16:01:20+00:00\",\"breadcrumb\":{\"@id\":\"https:\/\/cacaunews.com\/?p=2446#breadcrumb\"},\"inLanguage\":\"pt-BR\",\"potentialAction\":[{\"@type\":\"ReadAction\",\"target\":[\"https:\/\/cacaunews.com\/?p=2446\"]}]},{\"@type\":\"BreadcrumbList\",\"@id\":\"https:\/\/cacaunews.com\/?p=2446#breadcrumb\",\"itemListElement\":[{\"@type\":\"ListItem\",\"position\":1,\"name\":\"In\u00edcio\",\"item\":\"https:\/\/cacaunews.com\/\"},{\"@type\":\"ListItem\",\"position\":2,\"name\":\"Cyro de Mattos recebe a Comenda 2 de Julho.\"}]},{\"@type\":\"WebSite\",\"@id\":\"https:\/\/cacaunews.com\/#website\",\"url\":\"https:\/\/cacaunews.com\/\",\"name\":\"Cacau News\",\"description\":\"A Informa\u00e7\u00e3o que voc\u00ea precisa!\",\"publisher\":{\"@id\":\"https:\/\/cacaunews.com\/#organization\"},\"potentialAction\":[{\"@type\":\"SearchAction\",\"target\":{\"@type\":\"EntryPoint\",\"urlTemplate\":\"https:\/\/cacaunews.com\/?s={search_term_string}\"},\"query-input\":\"required name=search_term_string\"}],\"inLanguage\":\"pt-BR\"},{\"@type\":\"Organization\",\"@id\":\"https:\/\/cacaunews.com\/#organization\",\"name\":\"Cacau News\",\"url\":\"https:\/\/cacaunews.com\/\",\"logo\":{\"@type\":\"ImageObject\",\"inLanguage\":\"pt-BR\",\"@id\":\"https:\/\/cacaunews.com\/#\/schema\/logo\/image\/\",\"url\":\"https:\/\/cacaunews.com\/wp-content\/uploads\/2025\/01\/cropped-LOGO-NOVA.png\",\"contentUrl\":\"https:\/\/cacaunews.com\/wp-content\/uploads\/2025\/01\/cropped-LOGO-NOVA.png\",\"width\":813,\"height\":813,\"caption\":\"Cacau News\"},\"image\":{\"@id\":\"https:\/\/cacaunews.com\/#\/schema\/logo\/image\/\"},\"sameAs\":[\"https:\/\/www.instagram.com\/cacaunews.online\/\",\"https:\/\/youtube.com\/@cacaunews?si=0VXLnjl08SrWbVG9\"]},{\"@type\":\"Person\",\"@id\":\"https:\/\/cacaunews.com\/#\/schema\/person\/ea69703103e606ad347ccd64bd72ef79\",\"name\":\"Reda\u00e7\u00e3o Cacau News\",\"image\":{\"@type\":\"ImageObject\",\"inLanguage\":\"pt-BR\",\"@id\":\"https:\/\/cacaunews.com\/#\/schema\/person\/image\/\",\"url\":\"https:\/\/secure.gravatar.com\/avatar\/d79227a2a7b6cc42e8d7a8f7c284cd3a?s=96&d=mm&r=g\",\"contentUrl\":\"https:\/\/secure.gravatar.com\/avatar\/d79227a2a7b6cc42e8d7a8f7c284cd3a?s=96&d=mm&r=g\",\"caption\":\"Reda\u00e7\u00e3o Cacau News\"},\"sameAs\":[\"https:\/\/cacaunews.com\"],\"url\":\"https:\/\/cacaunews.com\/?author=1\"}]}<\/script>\n<!-- \/ Yoast SEO plugin. -->","yoast_head_json":{"title":"Cyro de Mattos recebe a Comenda 2 de Julho. - Cacau News","robots":{"index":"index","follow":"follow","max-snippet":"max-snippet:-1","max-image-preview":"max-image-preview:large","max-video-preview":"max-video-preview:-1"},"canonical":"https:\/\/cacaunews.com\/?p=2446","og_locale":"pt_BR","og_type":"article","og_title":"Cyro de Mattos recebe a Comenda 2 de Julho. - Cacau News","og_description":"Dos mais lidos e premiados escritores nascidos que brotaram do ch\u00e3o grapi\u00fana, o itabunense Cyro...","og_url":"https:\/\/cacaunews.com\/?p=2446","og_site_name":"Cacau News","article_published_time":"2023-08-11T16:01:20+00:00","og_image":[{"width":799,"height":449,"url":"https:\/\/cacaunews.com\/wp-content\/uploads\/2023\/08\/Cyro-de-Matos-2-de-Julho.jpg","type":"image\/jpeg"}],"author":"Reda\u00e7\u00e3o Cacau News","twitter_card":"summary_large_image","twitter_misc":{"Escrito por":"Reda\u00e7\u00e3o Cacau News","Est. tempo de leitura":"1 minuto"},"schema":{"@context":"https:\/\/schema.org","@graph":[{"@type":"Article","@id":"https:\/\/cacaunews.com\/?p=2446#article","isPartOf":{"@id":"https:\/\/cacaunews.com\/?p=2446"},"author":{"name":"Reda\u00e7\u00e3o Cacau News","@id":"https:\/\/cacaunews.com\/#\/schema\/person\/ea69703103e606ad347ccd64bd72ef79"},"headline":"Cyro de Mattos recebe a Comenda 2 de Julho.","datePublished":"2023-08-11T16:01:20+00:00","dateModified":"2023-08-11T16:01:20+00:00","mainEntityOfPage":{"@id":"https:\/\/cacaunews.com\/?p=2446"},"wordCount":290,"commentCount":0,"publisher":{"@id":"https:\/\/cacaunews.com\/#organization"},"keywords":["ALBA","comenda 2 de Julho","cyro de mattos","homenagem","itabunense","Marcelinho Veiga"],"articleSection":["cidades","Cultura","Jornalismo"],"inLanguage":"pt-BR","potentialAction":[{"@type":"CommentAction","name":"Comment","target":["https:\/\/cacaunews.com\/?p=2446#respond"]}]},{"@type":"WebPage","@id":"https:\/\/cacaunews.com\/?p=2446","url":"https:\/\/cacaunews.com\/?p=2446","name":"Cyro de Mattos recebe a Comenda 2 de Julho. - Cacau News","isPartOf":{"@id":"https:\/\/cacaunews.com\/#website"},"datePublished":"2023-08-11T16:01:20+00:00","dateModified":"2023-08-11T16:01:20+00:00","breadcrumb":{"@id":"https:\/\/cacaunews.com\/?p=2446#breadcrumb"},"inLanguage":"pt-BR","potentialAction":[{"@type":"ReadAction","target":["https:\/\/cacaunews.com\/?p=2446"]}]},{"@type":"BreadcrumbList","@id":"https:\/\/cacaunews.com\/?p=2446#breadcrumb","itemListElement":[{"@type":"ListItem","position":1,"name":"In\u00edcio","item":"https:\/\/cacaunews.com\/"},{"@type":"ListItem","position":2,"name":"Cyro de Mattos recebe a Comenda 2 de Julho."}]},{"@type":"WebSite","@id":"https:\/\/cacaunews.com\/#website","url":"https:\/\/cacaunews.com\/","name":"Cacau News","description":"A Informa\u00e7\u00e3o que voc\u00ea precisa!","publisher":{"@id":"https:\/\/cacaunews.com\/#organization"},"potentialAction":[{"@type":"SearchAction","target":{"@type":"EntryPoint","urlTemplate":"https:\/\/cacaunews.com\/?s={search_term_string}"},"query-input":"required name=search_term_string"}],"inLanguage":"pt-BR"},{"@type":"Organization","@id":"https:\/\/cacaunews.com\/#organization","name":"Cacau News","url":"https:\/\/cacaunews.com\/","logo":{"@type":"ImageObject","inLanguage":"pt-BR","@id":"https:\/\/cacaunews.com\/#\/schema\/logo\/image\/","url":"https:\/\/cacaunews.com\/wp-content\/uploads\/2025\/01\/cropped-LOGO-NOVA.png","contentUrl":"https:\/\/cacaunews.com\/wp-content\/uploads\/2025\/01\/cropped-LOGO-NOVA.png","width":813,"height":813,"caption":"Cacau News"},"image":{"@id":"https:\/\/cacaunews.com\/#\/schema\/logo\/image\/"},"sameAs":["https:\/\/www.instagram.com\/cacaunews.online\/","https:\/\/youtube.com\/@cacaunews?si=0VXLnjl08SrWbVG9"]},{"@type":"Person","@id":"https:\/\/cacaunews.com\/#\/schema\/person\/ea69703103e606ad347ccd64bd72ef79","name":"Reda\u00e7\u00e3o Cacau News","image":{"@type":"ImageObject","inLanguage":"pt-BR","@id":"https:\/\/cacaunews.com\/#\/schema\/person\/image\/","url":"https:\/\/secure.gravatar.com\/avatar\/d79227a2a7b6cc42e8d7a8f7c284cd3a?s=96&d=mm&r=g","contentUrl":"https:\/\/secure.gravatar.com\/avatar\/d79227a2a7b6cc42e8d7a8f7c284cd3a?s=96&d=mm&r=g","caption":"Reda\u00e7\u00e3o Cacau News"},"sameAs":["https:\/\/cacaunews.com"],"url":"https:\/\/cacaunews.com\/?author=1"}]}},"jetpack_sharing_enabled":true,"jetpack_featured_media_url":"https:\/\/cacaunews.com\/wp-content\/uploads\/2023\/08\/Cyro-de-Matos-2-de-Julho.jpg","_links":{"self":[{"href":"https:\/\/cacaunews.com\/index.php?rest_route=\/wp\/v2\/posts\/2446"}],"collection":[{"href":"https:\/\/cacaunews.com\/index.php?rest_route=\/wp\/v2\/posts"}],"about":[{"href":"https:\/\/cacaunews.com\/index.php?rest_route=\/wp\/v2\/types\/post"}],"author":[{"embeddable":true,"href":"https:\/\/cacaunews.com\/index.php?rest_route=\/wp\/v2\/users\/1"}],"replies":[{"embeddable":true,"href":"https:\/\/cacaunews.com\/index.php?rest_route=%2Fwp%2Fv2%2Fcomments&post=2446"}],"version-history":[{"count":1,"href":"https:\/\/cacaunews.com\/index.php?rest_route=\/wp\/v2\/posts\/2446\/revisions"}],"predecessor-version":[{"id":2448,"href":"https:\/\/cacaunews.com\/index.php?rest_route=\/wp\/v2\/posts\/2446\/revisions\/2448"}],"wp:featuredmedia":[{"embeddable":true,"href":"https:\/\/cacaunews.com\/index.php?rest_route=\/wp\/v2\/media\/2447"}],"wp:attachment":[{"href":"https:\/\/cacaunews.com\/index.php?rest_route=%2Fwp%2Fv2%2Fmedia&parent=2446"}],"wp:term":[{"taxonomy":"category","embeddable":true,"href":"https:\/\/cacaunews.com\/index.php?rest_route=%2Fwp%2Fv2%2Fcategories&post=2446"},{"taxonomy":"post_tag","embeddable":true,"href":"https:\/\/cacaunews.com\/index.php?rest_route=%2Fwp%2Fv2%2Ftags&post=2446"}],"curies":[{"name":"wp","href":"https:\/\/api.w.org\/{rel}","templated":true}]}}