{"id":2473,"date":"2023-08-16T15:37:02","date_gmt":"2023-08-16T15:37:02","guid":{"rendered":"https:\/\/cacaunews.com\/?p=2473"},"modified":"2023-08-16T15:36:03","modified_gmt":"2023-08-16T15:36:03","slug":"uesc-promove-concurso-escolar-de-fotografias-do-dia-da-arvore","status":"publish","type":"post","link":"https:\/\/cacaunews.com\/?p=2473","title":{"rendered":"Uesc promove Concurso Escolar de Fotografias do Dia da \u00c1rvore."},"content":{"rendered":"\n<p> <br><br>O projeto Horto Florestal, da Universidade Estadual de Santa Cruz (Uesc), promove o II Concurso Escolar de Fotografias do Dia da \u00c1rvore, Categoria Imagem Digital Amadora, com o tema \u201cA minha \u00e1rvore preferida\u201d. O objetivo da competi\u00e7\u00e3o, aberta pelo Edital Uesc n\u00ba 124\/2023, \u00e9 despertar a aten\u00e7\u00e3o dos jovens para a import\u00e2ncia das \u00e1rvores nas nossas vidas e estimular a curiosidade acerca da biodiversidade vegetal.<br><br> <br><br>O concurso, realizado sob a coordena\u00e7\u00e3o dos professores Delmira da Costa Silva, Jos\u00e9 Walter Gaspar, Larissa Corr\u00eaa do Bomfim Costa, Luiz Alberto Mattos Silva e Marcial Cotes, com o apoio de discentes do curso de Ci\u00eancias Biol\u00f3gicas, \u00e9 aberto a institui\u00e7\u00f5es p\u00fablicas de ensino da Educa\u00e7\u00e3o B\u00e1sica, do Ensino Fundamental, Ensino M\u00e9dio e Educa\u00e7\u00e3o de Jovens e Adultos (EJA) de Ilh\u00e9us e cidades circunvizinhas. As inscri\u00e7\u00f5es s\u00e3o gratuitas e devem ser realizadas por um professor respons\u00e1vel at\u00e9 o dia 20 de agosto de 2023. Cada estudante poder\u00e1 concorrer com uma \u00fanica fotografia original de sua pr\u00f3pria autoria. Cada escola pode concorrer com quantos discentes tiverem interesse em participar.<br><br> <br><br>As dez melhores fotografias selecionadas pelo j\u00fari ser\u00e3o publicadas no Instagram @hortoflorestaluesc. A fotografia que for eleita como vencedora dar\u00e1 direito ao estudante autor, seu professor e a sua turma (n\u00famero m\u00e1ximo de 40 pessoas) a realizar uma visita \u00e0 Uesc, no Dia da \u00c1rvore, para percorrer a trilha interpretativa conduzida no Horto Florestal e fazer o plantio de uma esp\u00e9cie arb\u00f3rea nativa da Mata Atl\u00e2ntica no mesmo local. O transporte ser\u00e1 patrocinado pela Uesc\/Proex\/Projeto de Extens\u00e3o Trilha Interpretativa da Matinha da Uesc, respons\u00e1vel pela a\u00e7\u00e3o.<br><br> <br><br>A coordenadora Larissa Corr\u00eaa destaca a necessidade de incentivo a campanhas de plantio associadas \u00e0 educa\u00e7\u00e3o ambiental: \u201co dia em que uma crian\u00e7a aprende a plantar uma \u00e1rvore ficar\u00e1 registrado eternamente na sua mem\u00f3ria. A cria\u00e7\u00e3o deste v\u00ednculo afetivo formar\u00e1 indiv\u00edduos mais conscientes, respons\u00e1veis e comprometidos com as quest\u00f5es ambientais. Ensinar crian\u00e7as a plantar \u00e1rvores pode ajudar a mudar o mundo\u201d.<br><br> <br><br><strong>Dia da \u00c1rvore<\/strong><br><br>Comemorada no dia 21 de setembro, a data antecede o in\u00edcio da primavera no Hemisf\u00e9rio Sul. No Brasil, cada regi\u00e3o escolheu uma \u00e1rvore t\u00edpica como s\u00edmbolo: a regi\u00e3o Norte, a castanheira; a regi\u00e3o Nordeste, a carna\u00faba; a Centro-oeste, o ip\u00ea-amarelo, a Sudeste, o pau-brasil e a regi\u00e3o Sul, o pinheiro-do-paran\u00e1, e o pr\u00f3prio nome do pa\u00eds foi originado de uma \u00e1rvore.<br><br> <br><br>Plantar, cuidar, proteger e defender as \u00e1rvores significa valorizar todo o verde que ainda existe no planeta. Al\u00e9m da sua beleza, as \u00e1rvores t\u00eam fun\u00e7\u00f5es importantes para o meio ambiente. Elas ajudam a diminuir a temperatura, fornecem sombra, melhoram a umidade do ar, evitam eros\u00f5es, formam barreiras contra o vento, al\u00e9m de servir de moradia e alimento para v\u00e1rias esp\u00e9cies de animais. Economicamente, as \u00e1rvores tamb\u00e9m possuem import\u00e2ncia na produ\u00e7\u00e3o de madeira, frutos, flores e mat\u00e9rias-primas para a fabrica\u00e7\u00e3o de papel, rem\u00e9dios e uma infinidade de outros produtos.<br><br> <br><br>Mais informa\u00e7\u00f5es sobre a a\u00e7\u00e3o e a premia\u00e7\u00e3o podem ser obtidas no edital.<\/p>\n\n\n\n<p>Ascom\/UESC.<\/p>\n","protected":false},"excerpt":{"rendered":"<p>O projeto Horto Florestal, da Universidade Estadual de Santa Cruz (Uesc), promove o II Concurso&#8230;<\/p>\n","protected":false},"author":1,"featured_media":2472,"comment_status":"open","ping_status":"open","sticky":false,"template":"","format":"standard","meta":{"footnotes":""},"categories":[18,11],"tags":[976,177,975,352],"yoast_head":"<!-- This site is optimized with the Yoast SEO plugin v21.7 - https:\/\/yoast.com\/wordpress\/plugins\/seo\/ -->\n<title>Uesc promove Concurso Escolar de Fotografias do Dia da \u00c1rvore. - Cacau News<\/title>\n<meta name=\"robots\" content=\"index, follow, max-snippet:-1, max-image-preview:large, max-video-preview:-1\" \/>\n<link rel=\"canonical\" href=\"https:\/\/cacaunews.com\/?p=2473\" \/>\n<meta property=\"og:locale\" content=\"pt_BR\" \/>\n<meta property=\"og:type\" content=\"article\" \/>\n<meta property=\"og:title\" content=\"Uesc promove Concurso Escolar de Fotografias do Dia da \u00c1rvore. - Cacau News\" \/>\n<meta property=\"og:description\" content=\"O projeto Horto Florestal, da Universidade Estadual de Santa Cruz (Uesc), promove o II Concurso...\" \/>\n<meta property=\"og:url\" content=\"https:\/\/cacaunews.com\/?p=2473\" \/>\n<meta property=\"og:site_name\" content=\"Cacau News\" \/>\n<meta property=\"article:published_time\" content=\"2023-08-16T15:37:02+00:00\" \/>\n<meta property=\"article:modified_time\" content=\"2023-08-16T15:36:03+00:00\" \/>\n<meta property=\"og:image\" content=\"https:\/\/cacaunews.com\/wp-content\/uploads\/2023\/08\/Sensorial.png\" \/>\n\t<meta property=\"og:image:width\" content=\"870\" \/>\n\t<meta property=\"og:image:height\" content=\"435\" \/>\n\t<meta property=\"og:image:type\" content=\"image\/png\" \/>\n<meta name=\"author\" content=\"Reda\u00e7\u00e3o Cacau News\" \/>\n<meta name=\"twitter:card\" content=\"summary_large_image\" \/>\n<meta name=\"twitter:label1\" content=\"Escrito por\" \/>\n\t<meta name=\"twitter:data1\" content=\"Reda\u00e7\u00e3o Cacau News\" \/>\n\t<meta name=\"twitter:label2\" content=\"Est. tempo de leitura\" \/>\n\t<meta name=\"twitter:data2\" content=\"3 minutos\" \/>\n<script type=\"application\/ld+json\" class=\"yoast-schema-graph\">{\"@context\":\"https:\/\/schema.org\",\"@graph\":[{\"@type\":\"Article\",\"@id\":\"https:\/\/cacaunews.com\/?p=2473#article\",\"isPartOf\":{\"@id\":\"https:\/\/cacaunews.com\/?p=2473\"},\"author\":{\"name\":\"Reda\u00e7\u00e3o Cacau News\",\"@id\":\"https:\/\/cacaunews.com\/#\/schema\/person\/ea69703103e606ad347ccd64bd72ef79\"},\"headline\":\"Uesc promove Concurso Escolar de Fotografias do Dia da \u00c1rvore.\",\"datePublished\":\"2023-08-16T15:37:02+00:00\",\"dateModified\":\"2023-08-16T15:36:03+00:00\",\"mainEntityOfPage\":{\"@id\":\"https:\/\/cacaunews.com\/?p=2473\"},\"wordCount\":556,\"commentCount\":0,\"publisher\":{\"@id\":\"https:\/\/cacaunews.com\/#organization\"},\"keywords\":[\"amadora\",\"concurso\",\"fotografia\",\"UESC\"],\"articleSection\":[\"cidades\",\"Jornalismo\"],\"inLanguage\":\"pt-BR\",\"potentialAction\":[{\"@type\":\"CommentAction\",\"name\":\"Comment\",\"target\":[\"https:\/\/cacaunews.com\/?p=2473#respond\"]}]},{\"@type\":\"WebPage\",\"@id\":\"https:\/\/cacaunews.com\/?p=2473\",\"url\":\"https:\/\/cacaunews.com\/?p=2473\",\"name\":\"Uesc promove Concurso Escolar de Fotografias do Dia da \u00c1rvore. - Cacau News\",\"isPartOf\":{\"@id\":\"https:\/\/cacaunews.com\/#website\"},\"datePublished\":\"2023-08-16T15:37:02+00:00\",\"dateModified\":\"2023-08-16T15:36:03+00:00\",\"breadcrumb\":{\"@id\":\"https:\/\/cacaunews.com\/?p=2473#breadcrumb\"},\"inLanguage\":\"pt-BR\",\"potentialAction\":[{\"@type\":\"ReadAction\",\"target\":[\"https:\/\/cacaunews.com\/?p=2473\"]}]},{\"@type\":\"BreadcrumbList\",\"@id\":\"https:\/\/cacaunews.com\/?p=2473#breadcrumb\",\"itemListElement\":[{\"@type\":\"ListItem\",\"position\":1,\"name\":\"In\u00edcio\",\"item\":\"https:\/\/cacaunews.com\/\"},{\"@type\":\"ListItem\",\"position\":2,\"name\":\"Uesc promove Concurso Escolar de Fotografias do Dia da \u00c1rvore.\"}]},{\"@type\":\"WebSite\",\"@id\":\"https:\/\/cacaunews.com\/#website\",\"url\":\"https:\/\/cacaunews.com\/\",\"name\":\"Cacau News\",\"description\":\"A Informa\u00e7\u00e3o que voc\u00ea precisa!\",\"publisher\":{\"@id\":\"https:\/\/cacaunews.com\/#organization\"},\"potentialAction\":[{\"@type\":\"SearchAction\",\"target\":{\"@type\":\"EntryPoint\",\"urlTemplate\":\"https:\/\/cacaunews.com\/?s={search_term_string}\"},\"query-input\":\"required name=search_term_string\"}],\"inLanguage\":\"pt-BR\"},{\"@type\":\"Organization\",\"@id\":\"https:\/\/cacaunews.com\/#organization\",\"name\":\"Cacau News\",\"url\":\"https:\/\/cacaunews.com\/\",\"logo\":{\"@type\":\"ImageObject\",\"inLanguage\":\"pt-BR\",\"@id\":\"https:\/\/cacaunews.com\/#\/schema\/logo\/image\/\",\"url\":\"https:\/\/cacaunews.com\/wp-content\/uploads\/2025\/01\/cropped-LOGO-NOVA.png\",\"contentUrl\":\"https:\/\/cacaunews.com\/wp-content\/uploads\/2025\/01\/cropped-LOGO-NOVA.png\",\"width\":813,\"height\":813,\"caption\":\"Cacau News\"},\"image\":{\"@id\":\"https:\/\/cacaunews.com\/#\/schema\/logo\/image\/\"},\"sameAs\":[\"https:\/\/www.instagram.com\/cacaunews.online\/\",\"https:\/\/youtube.com\/@cacaunews?si=0VXLnjl08SrWbVG9\"]},{\"@type\":\"Person\",\"@id\":\"https:\/\/cacaunews.com\/#\/schema\/person\/ea69703103e606ad347ccd64bd72ef79\",\"name\":\"Reda\u00e7\u00e3o Cacau News\",\"image\":{\"@type\":\"ImageObject\",\"inLanguage\":\"pt-BR\",\"@id\":\"https:\/\/cacaunews.com\/#\/schema\/person\/image\/\",\"url\":\"https:\/\/secure.gravatar.com\/avatar\/d79227a2a7b6cc42e8d7a8f7c284cd3a?s=96&d=mm&r=g\",\"contentUrl\":\"https:\/\/secure.gravatar.com\/avatar\/d79227a2a7b6cc42e8d7a8f7c284cd3a?s=96&d=mm&r=g\",\"caption\":\"Reda\u00e7\u00e3o Cacau News\"},\"sameAs\":[\"https:\/\/cacaunews.com\"],\"url\":\"https:\/\/cacaunews.com\/?author=1\"}]}<\/script>\n<!-- \/ Yoast SEO plugin. -->","yoast_head_json":{"title":"Uesc promove Concurso Escolar de Fotografias do Dia da \u00c1rvore. - Cacau News","robots":{"index":"index","follow":"follow","max-snippet":"max-snippet:-1","max-image-preview":"max-image-preview:large","max-video-preview":"max-video-preview:-1"},"canonical":"https:\/\/cacaunews.com\/?p=2473","og_locale":"pt_BR","og_type":"article","og_title":"Uesc promove Concurso Escolar de Fotografias do Dia da \u00c1rvore. - Cacau News","og_description":"O projeto Horto Florestal, da Universidade Estadual de Santa Cruz (Uesc), promove o II Concurso...","og_url":"https:\/\/cacaunews.com\/?p=2473","og_site_name":"Cacau News","article_published_time":"2023-08-16T15:37:02+00:00","article_modified_time":"2023-08-16T15:36:03+00:00","og_image":[{"width":870,"height":435,"url":"https:\/\/cacaunews.com\/wp-content\/uploads\/2023\/08\/Sensorial.png","type":"image\/png"}],"author":"Reda\u00e7\u00e3o Cacau News","twitter_card":"summary_large_image","twitter_misc":{"Escrito por":"Reda\u00e7\u00e3o Cacau News","Est. tempo de leitura":"3 minutos"},"schema":{"@context":"https:\/\/schema.org","@graph":[{"@type":"Article","@id":"https:\/\/cacaunews.com\/?p=2473#article","isPartOf":{"@id":"https:\/\/cacaunews.com\/?p=2473"},"author":{"name":"Reda\u00e7\u00e3o Cacau News","@id":"https:\/\/cacaunews.com\/#\/schema\/person\/ea69703103e606ad347ccd64bd72ef79"},"headline":"Uesc promove Concurso Escolar de Fotografias do Dia da \u00c1rvore.","datePublished":"2023-08-16T15:37:02+00:00","dateModified":"2023-08-16T15:36:03+00:00","mainEntityOfPage":{"@id":"https:\/\/cacaunews.com\/?p=2473"},"wordCount":556,"commentCount":0,"publisher":{"@id":"https:\/\/cacaunews.com\/#organization"},"keywords":["amadora","concurso","fotografia","UESC"],"articleSection":["cidades","Jornalismo"],"inLanguage":"pt-BR","potentialAction":[{"@type":"CommentAction","name":"Comment","target":["https:\/\/cacaunews.com\/?p=2473#respond"]}]},{"@type":"WebPage","@id":"https:\/\/cacaunews.com\/?p=2473","url":"https:\/\/cacaunews.com\/?p=2473","name":"Uesc promove Concurso Escolar de Fotografias do Dia da \u00c1rvore. - Cacau News","isPartOf":{"@id":"https:\/\/cacaunews.com\/#website"},"datePublished":"2023-08-16T15:37:02+00:00","dateModified":"2023-08-16T15:36:03+00:00","breadcrumb":{"@id":"https:\/\/cacaunews.com\/?p=2473#breadcrumb"},"inLanguage":"pt-BR","potentialAction":[{"@type":"ReadAction","target":["https:\/\/cacaunews.com\/?p=2473"]}]},{"@type":"BreadcrumbList","@id":"https:\/\/cacaunews.com\/?p=2473#breadcrumb","itemListElement":[{"@type":"ListItem","position":1,"name":"In\u00edcio","item":"https:\/\/cacaunews.com\/"},{"@type":"ListItem","position":2,"name":"Uesc promove Concurso Escolar de Fotografias do Dia da \u00c1rvore."}]},{"@type":"WebSite","@id":"https:\/\/cacaunews.com\/#website","url":"https:\/\/cacaunews.com\/","name":"Cacau News","description":"A Informa\u00e7\u00e3o que voc\u00ea precisa!","publisher":{"@id":"https:\/\/cacaunews.com\/#organization"},"potentialAction":[{"@type":"SearchAction","target":{"@type":"EntryPoint","urlTemplate":"https:\/\/cacaunews.com\/?s={search_term_string}"},"query-input":"required name=search_term_string"}],"inLanguage":"pt-BR"},{"@type":"Organization","@id":"https:\/\/cacaunews.com\/#organization","name":"Cacau News","url":"https:\/\/cacaunews.com\/","logo":{"@type":"ImageObject","inLanguage":"pt-BR","@id":"https:\/\/cacaunews.com\/#\/schema\/logo\/image\/","url":"https:\/\/cacaunews.com\/wp-content\/uploads\/2025\/01\/cropped-LOGO-NOVA.png","contentUrl":"https:\/\/cacaunews.com\/wp-content\/uploads\/2025\/01\/cropped-LOGO-NOVA.png","width":813,"height":813,"caption":"Cacau News"},"image":{"@id":"https:\/\/cacaunews.com\/#\/schema\/logo\/image\/"},"sameAs":["https:\/\/www.instagram.com\/cacaunews.online\/","https:\/\/youtube.com\/@cacaunews?si=0VXLnjl08SrWbVG9"]},{"@type":"Person","@id":"https:\/\/cacaunews.com\/#\/schema\/person\/ea69703103e606ad347ccd64bd72ef79","name":"Reda\u00e7\u00e3o Cacau News","image":{"@type":"ImageObject","inLanguage":"pt-BR","@id":"https:\/\/cacaunews.com\/#\/schema\/person\/image\/","url":"https:\/\/secure.gravatar.com\/avatar\/d79227a2a7b6cc42e8d7a8f7c284cd3a?s=96&d=mm&r=g","contentUrl":"https:\/\/secure.gravatar.com\/avatar\/d79227a2a7b6cc42e8d7a8f7c284cd3a?s=96&d=mm&r=g","caption":"Reda\u00e7\u00e3o Cacau News"},"sameAs":["https:\/\/cacaunews.com"],"url":"https:\/\/cacaunews.com\/?author=1"}]}},"jetpack_sharing_enabled":true,"jetpack_featured_media_url":"https:\/\/cacaunews.com\/wp-content\/uploads\/2023\/08\/Sensorial.png","_links":{"self":[{"href":"https:\/\/cacaunews.com\/index.php?rest_route=\/wp\/v2\/posts\/2473"}],"collection":[{"href":"https:\/\/cacaunews.com\/index.php?rest_route=\/wp\/v2\/posts"}],"about":[{"href":"https:\/\/cacaunews.com\/index.php?rest_route=\/wp\/v2\/types\/post"}],"author":[{"embeddable":true,"href":"https:\/\/cacaunews.com\/index.php?rest_route=\/wp\/v2\/users\/1"}],"replies":[{"embeddable":true,"href":"https:\/\/cacaunews.com\/index.php?rest_route=%2Fwp%2Fv2%2Fcomments&post=2473"}],"version-history":[{"count":1,"href":"https:\/\/cacaunews.com\/index.php?rest_route=\/wp\/v2\/posts\/2473\/revisions"}],"predecessor-version":[{"id":2474,"href":"https:\/\/cacaunews.com\/index.php?rest_route=\/wp\/v2\/posts\/2473\/revisions\/2474"}],"wp:featuredmedia":[{"embeddable":true,"href":"https:\/\/cacaunews.com\/index.php?rest_route=\/wp\/v2\/media\/2472"}],"wp:attachment":[{"href":"https:\/\/cacaunews.com\/index.php?rest_route=%2Fwp%2Fv2%2Fmedia&parent=2473"}],"wp:term":[{"taxonomy":"category","embeddable":true,"href":"https:\/\/cacaunews.com\/index.php?rest_route=%2Fwp%2Fv2%2Fcategories&post=2473"},{"taxonomy":"post_tag","embeddable":true,"href":"https:\/\/cacaunews.com\/index.php?rest_route=%2Fwp%2Fv2%2Ftags&post=2473"}],"curies":[{"name":"wp","href":"https:\/\/api.w.org\/{rel}","templated":true}]}}