{"id":2486,"date":"2023-08-17T14:18:58","date_gmt":"2023-08-17T14:18:58","guid":{"rendered":"https:\/\/cacaunews.com\/?p=2486"},"modified":"2023-08-17T14:17:59","modified_gmt":"2023-08-17T14:17:59","slug":"projeto-arte-danca-de-ilheus-e-premiado-no-5o-festival-danca-costa-do-cacau","status":"publish","type":"post","link":"https:\/\/cacaunews.com\/?p=2486","title":{"rendered":"Projeto Arte-Dan\u00e7a de Ilh\u00e9us \u00e9 premiado no 5\u00ba Festival Dan\u00e7a Costa do Cacau."},"content":{"rendered":"<div class=\"row\">\n<div class=\"col-md-12\">\n<div id=\"textos\" class=\"texto clearfix\">\n<p>O Projeto Sociocultural Arte-Dan\u00e7a marcou presen\u00e7a na 5\u00aa edi\u00e7\u00e3o do Festival Dan\u00e7a Costa do Cacau (DCC), no Teatro Municipal Candinha D\u00f3ria, em Itabuna, nos dias 10, 11 e 12 de agosto. No primeiro dia de evento foram duas conquistas. A coreografia \u201cEngenho da Capitania\u201d, de S\u00f4anne Marry, em parceria com Ellen Almeida, do N\u00facleo de Dan\u00e7a, conquistou o segundo lugar na categoria coreografia em grupo.<\/p>\n<p>J\u00e1 a coreografia \u201cS\u00e3o Jorge dos Ilh\u00e9us\u201d, assinada por S\u00f4anne Marry, ficou em terceiro lugar. No segundo dia, o Arte-Dan\u00e7a sagrou-se campe\u00e3o na categoria conjunto, com a coreografia \u201cCapit\u00e3es Amado Jorge\u201d, tamb\u00e9m de autoria de S\u00f4anne.<\/p>\n<p>O Festival Dan\u00e7a Costa do Cacau j\u00e1 \u00e9 um dos mais importantes eventos de dan\u00e7a do estado, atraindo academias, escolas e grupos de diversas regi\u00f5es do pa\u00eds. Segundo a organiza\u00e7\u00e3o, a iniciativa visa popularizar a dan\u00e7a na regi\u00e3o e fazer do sul da Bahia refer\u00eancia na modalidade.<\/p>\n<p>O Projeto Arte-Dan\u00e7a \u00e9 uma iniciativa sociocultural, desenvolvida pela Prefeitura de Ilh\u00e9us, por meio da Secretaria de Educa\u00e7\u00e3o (Seduc). O projeto \u00e9 coordenado pela professora S\u00f4anne Marry, que ensina a modalidade para cerca de 480 estudantes matriculados na rede municipal de ensino. Os egressos da rede fazem parte do corpo de ballet, auxiliando as a\u00e7\u00f5es do projeto.<\/p>\n<p>&nbsp;<\/p>\n<p class=\"autor\">por Sucom<\/p>\n<\/div>\n<\/div>\n<\/div>\n<div class=\"row\">\n<div id=\"mat_relacionadas\" class=\"div-ultimas-materias col-md-12 col-md-12\">\n<h3><\/h3>\n<\/div>\n<\/div>\n","protected":false},"excerpt":{"rendered":"<p>O Projeto Sociocultural Arte-Dan\u00e7a marcou presen\u00e7a na 5\u00aa edi\u00e7\u00e3o do Festival Dan\u00e7a Costa do Cacau&#8230;<\/p>\n","protected":false},"author":1,"featured_media":2487,"comment_status":"open","ping_status":"open","sticky":false,"template":"","format":"standard","meta":{"footnotes":""},"categories":[18,31,11],"tags":[981,982,37,518],"yoast_head":"<!-- This site is optimized with the Yoast SEO plugin v21.7 - https:\/\/yoast.com\/wordpress\/plugins\/seo\/ -->\n<title>Projeto Arte-Dan\u00e7a de Ilh\u00e9us \u00e9 premiado no 5\u00ba Festival Dan\u00e7a Costa do Cacau. - Cacau News<\/title>\n<meta name=\"robots\" content=\"index, follow, max-snippet:-1, max-image-preview:large, max-video-preview:-1\" \/>\n<link rel=\"canonical\" href=\"https:\/\/cacaunews.com\/?p=2486\" \/>\n<meta property=\"og:locale\" content=\"pt_BR\" \/>\n<meta property=\"og:type\" content=\"article\" \/>\n<meta property=\"og:title\" content=\"Projeto Arte-Dan\u00e7a de Ilh\u00e9us \u00e9 premiado no 5\u00ba Festival Dan\u00e7a Costa do Cacau. - Cacau News\" \/>\n<meta property=\"og:description\" content=\"O Projeto Sociocultural Arte-Dan\u00e7a marcou presen\u00e7a na 5\u00aa edi\u00e7\u00e3o do Festival Dan\u00e7a Costa do Cacau...\" \/>\n<meta property=\"og:url\" content=\"https:\/\/cacaunews.com\/?p=2486\" \/>\n<meta property=\"og:site_name\" content=\"Cacau News\" \/>\n<meta property=\"article:published_time\" content=\"2023-08-17T14:18:58+00:00\" \/>\n<meta property=\"article:modified_time\" content=\"2023-08-17T14:17:59+00:00\" \/>\n<meta property=\"og:image\" content=\"https:\/\/cacaunews.com\/wp-content\/uploads\/2023\/08\/2CDC8E6E-EBC6-7DBC-BA45-06CC16A3DBDD_650X450.jpg\" \/>\n\t<meta property=\"og:image:width\" content=\"650\" \/>\n\t<meta property=\"og:image:height\" content=\"450\" \/>\n\t<meta property=\"og:image:type\" content=\"image\/jpeg\" \/>\n<meta name=\"author\" content=\"Reda\u00e7\u00e3o Cacau News\" \/>\n<meta name=\"twitter:card\" content=\"summary_large_image\" \/>\n<meta name=\"twitter:label1\" content=\"Escrito por\" \/>\n\t<meta name=\"twitter:data1\" content=\"Reda\u00e7\u00e3o Cacau News\" \/>\n\t<meta name=\"twitter:label2\" content=\"Est. tempo de leitura\" \/>\n\t<meta name=\"twitter:data2\" content=\"1 minuto\" \/>\n<script type=\"application\/ld+json\" class=\"yoast-schema-graph\">{\"@context\":\"https:\/\/schema.org\",\"@graph\":[{\"@type\":\"Article\",\"@id\":\"https:\/\/cacaunews.com\/?p=2486#article\",\"isPartOf\":{\"@id\":\"https:\/\/cacaunews.com\/?p=2486\"},\"author\":{\"name\":\"Reda\u00e7\u00e3o Cacau News\",\"@id\":\"https:\/\/cacaunews.com\/#\/schema\/person\/ea69703103e606ad347ccd64bd72ef79\"},\"headline\":\"Projeto Arte-Dan\u00e7a de Ilh\u00e9us \u00e9 premiado no 5\u00ba Festival Dan\u00e7a Costa do Cacau.\",\"datePublished\":\"2023-08-17T14:18:58+00:00\",\"dateModified\":\"2023-08-17T14:17:59+00:00\",\"mainEntityOfPage\":{\"@id\":\"https:\/\/cacaunews.com\/?p=2486\"},\"wordCount\":243,\"commentCount\":0,\"publisher\":{\"@id\":\"https:\/\/cacaunews.com\/#organization\"},\"keywords\":[\"arte\",\"dan\u00e7a\",\"ilheus\",\"premia\u00e7\u00e3o\"],\"articleSection\":[\"cidades\",\"Cultura\",\"Jornalismo\"],\"inLanguage\":\"pt-BR\",\"potentialAction\":[{\"@type\":\"CommentAction\",\"name\":\"Comment\",\"target\":[\"https:\/\/cacaunews.com\/?p=2486#respond\"]}]},{\"@type\":\"WebPage\",\"@id\":\"https:\/\/cacaunews.com\/?p=2486\",\"url\":\"https:\/\/cacaunews.com\/?p=2486\",\"name\":\"Projeto Arte-Dan\u00e7a de Ilh\u00e9us \u00e9 premiado no 5\u00ba Festival Dan\u00e7a Costa do Cacau. - Cacau News\",\"isPartOf\":{\"@id\":\"https:\/\/cacaunews.com\/#website\"},\"datePublished\":\"2023-08-17T14:18:58+00:00\",\"dateModified\":\"2023-08-17T14:17:59+00:00\",\"breadcrumb\":{\"@id\":\"https:\/\/cacaunews.com\/?p=2486#breadcrumb\"},\"inLanguage\":\"pt-BR\",\"potentialAction\":[{\"@type\":\"ReadAction\",\"target\":[\"https:\/\/cacaunews.com\/?p=2486\"]}]},{\"@type\":\"BreadcrumbList\",\"@id\":\"https:\/\/cacaunews.com\/?p=2486#breadcrumb\",\"itemListElement\":[{\"@type\":\"ListItem\",\"position\":1,\"name\":\"In\u00edcio\",\"item\":\"https:\/\/cacaunews.com\/\"},{\"@type\":\"ListItem\",\"position\":2,\"name\":\"Projeto Arte-Dan\u00e7a de Ilh\u00e9us \u00e9 premiado no 5\u00ba Festival Dan\u00e7a Costa do Cacau.\"}]},{\"@type\":\"WebSite\",\"@id\":\"https:\/\/cacaunews.com\/#website\",\"url\":\"https:\/\/cacaunews.com\/\",\"name\":\"Cacau News\",\"description\":\"A Informa\u00e7\u00e3o que voc\u00ea precisa!\",\"publisher\":{\"@id\":\"https:\/\/cacaunews.com\/#organization\"},\"potentialAction\":[{\"@type\":\"SearchAction\",\"target\":{\"@type\":\"EntryPoint\",\"urlTemplate\":\"https:\/\/cacaunews.com\/?s={search_term_string}\"},\"query-input\":\"required name=search_term_string\"}],\"inLanguage\":\"pt-BR\"},{\"@type\":\"Organization\",\"@id\":\"https:\/\/cacaunews.com\/#organization\",\"name\":\"Cacau News\",\"url\":\"https:\/\/cacaunews.com\/\",\"logo\":{\"@type\":\"ImageObject\",\"inLanguage\":\"pt-BR\",\"@id\":\"https:\/\/cacaunews.com\/#\/schema\/logo\/image\/\",\"url\":\"https:\/\/cacaunews.com\/wp-content\/uploads\/2025\/01\/cropped-LOGO-NOVA.png\",\"contentUrl\":\"https:\/\/cacaunews.com\/wp-content\/uploads\/2025\/01\/cropped-LOGO-NOVA.png\",\"width\":813,\"height\":813,\"caption\":\"Cacau News\"},\"image\":{\"@id\":\"https:\/\/cacaunews.com\/#\/schema\/logo\/image\/\"},\"sameAs\":[\"https:\/\/www.instagram.com\/cacaunews.online\/\",\"https:\/\/youtube.com\/@cacaunews?si=0VXLnjl08SrWbVG9\"]},{\"@type\":\"Person\",\"@id\":\"https:\/\/cacaunews.com\/#\/schema\/person\/ea69703103e606ad347ccd64bd72ef79\",\"name\":\"Reda\u00e7\u00e3o Cacau News\",\"image\":{\"@type\":\"ImageObject\",\"inLanguage\":\"pt-BR\",\"@id\":\"https:\/\/cacaunews.com\/#\/schema\/person\/image\/\",\"url\":\"https:\/\/secure.gravatar.com\/avatar\/d79227a2a7b6cc42e8d7a8f7c284cd3a?s=96&d=mm&r=g\",\"contentUrl\":\"https:\/\/secure.gravatar.com\/avatar\/d79227a2a7b6cc42e8d7a8f7c284cd3a?s=96&d=mm&r=g\",\"caption\":\"Reda\u00e7\u00e3o Cacau News\"},\"sameAs\":[\"https:\/\/cacaunews.com\"],\"url\":\"https:\/\/cacaunews.com\/?author=1\"}]}<\/script>\n<!-- \/ Yoast SEO plugin. -->","yoast_head_json":{"title":"Projeto Arte-Dan\u00e7a de Ilh\u00e9us \u00e9 premiado no 5\u00ba Festival Dan\u00e7a Costa do Cacau. - Cacau News","robots":{"index":"index","follow":"follow","max-snippet":"max-snippet:-1","max-image-preview":"max-image-preview:large","max-video-preview":"max-video-preview:-1"},"canonical":"https:\/\/cacaunews.com\/?p=2486","og_locale":"pt_BR","og_type":"article","og_title":"Projeto Arte-Dan\u00e7a de Ilh\u00e9us \u00e9 premiado no 5\u00ba Festival Dan\u00e7a Costa do Cacau. - Cacau News","og_description":"O Projeto Sociocultural Arte-Dan\u00e7a marcou presen\u00e7a na 5\u00aa edi\u00e7\u00e3o do Festival Dan\u00e7a Costa do Cacau...","og_url":"https:\/\/cacaunews.com\/?p=2486","og_site_name":"Cacau News","article_published_time":"2023-08-17T14:18:58+00:00","article_modified_time":"2023-08-17T14:17:59+00:00","og_image":[{"width":650,"height":450,"url":"https:\/\/cacaunews.com\/wp-content\/uploads\/2023\/08\/2CDC8E6E-EBC6-7DBC-BA45-06CC16A3DBDD_650X450.jpg","type":"image\/jpeg"}],"author":"Reda\u00e7\u00e3o Cacau News","twitter_card":"summary_large_image","twitter_misc":{"Escrito por":"Reda\u00e7\u00e3o Cacau News","Est. tempo de leitura":"1 minuto"},"schema":{"@context":"https:\/\/schema.org","@graph":[{"@type":"Article","@id":"https:\/\/cacaunews.com\/?p=2486#article","isPartOf":{"@id":"https:\/\/cacaunews.com\/?p=2486"},"author":{"name":"Reda\u00e7\u00e3o Cacau News","@id":"https:\/\/cacaunews.com\/#\/schema\/person\/ea69703103e606ad347ccd64bd72ef79"},"headline":"Projeto Arte-Dan\u00e7a de Ilh\u00e9us \u00e9 premiado no 5\u00ba Festival Dan\u00e7a Costa do Cacau.","datePublished":"2023-08-17T14:18:58+00:00","dateModified":"2023-08-17T14:17:59+00:00","mainEntityOfPage":{"@id":"https:\/\/cacaunews.com\/?p=2486"},"wordCount":243,"commentCount":0,"publisher":{"@id":"https:\/\/cacaunews.com\/#organization"},"keywords":["arte","dan\u00e7a","ilheus","premia\u00e7\u00e3o"],"articleSection":["cidades","Cultura","Jornalismo"],"inLanguage":"pt-BR","potentialAction":[{"@type":"CommentAction","name":"Comment","target":["https:\/\/cacaunews.com\/?p=2486#respond"]}]},{"@type":"WebPage","@id":"https:\/\/cacaunews.com\/?p=2486","url":"https:\/\/cacaunews.com\/?p=2486","name":"Projeto Arte-Dan\u00e7a de Ilh\u00e9us \u00e9 premiado no 5\u00ba Festival Dan\u00e7a Costa do Cacau. - Cacau News","isPartOf":{"@id":"https:\/\/cacaunews.com\/#website"},"datePublished":"2023-08-17T14:18:58+00:00","dateModified":"2023-08-17T14:17:59+00:00","breadcrumb":{"@id":"https:\/\/cacaunews.com\/?p=2486#breadcrumb"},"inLanguage":"pt-BR","potentialAction":[{"@type":"ReadAction","target":["https:\/\/cacaunews.com\/?p=2486"]}]},{"@type":"BreadcrumbList","@id":"https:\/\/cacaunews.com\/?p=2486#breadcrumb","itemListElement":[{"@type":"ListItem","position":1,"name":"In\u00edcio","item":"https:\/\/cacaunews.com\/"},{"@type":"ListItem","position":2,"name":"Projeto Arte-Dan\u00e7a de Ilh\u00e9us \u00e9 premiado no 5\u00ba Festival Dan\u00e7a Costa do Cacau."}]},{"@type":"WebSite","@id":"https:\/\/cacaunews.com\/#website","url":"https:\/\/cacaunews.com\/","name":"Cacau News","description":"A Informa\u00e7\u00e3o que voc\u00ea precisa!","publisher":{"@id":"https:\/\/cacaunews.com\/#organization"},"potentialAction":[{"@type":"SearchAction","target":{"@type":"EntryPoint","urlTemplate":"https:\/\/cacaunews.com\/?s={search_term_string}"},"query-input":"required name=search_term_string"}],"inLanguage":"pt-BR"},{"@type":"Organization","@id":"https:\/\/cacaunews.com\/#organization","name":"Cacau News","url":"https:\/\/cacaunews.com\/","logo":{"@type":"ImageObject","inLanguage":"pt-BR","@id":"https:\/\/cacaunews.com\/#\/schema\/logo\/image\/","url":"https:\/\/cacaunews.com\/wp-content\/uploads\/2025\/01\/cropped-LOGO-NOVA.png","contentUrl":"https:\/\/cacaunews.com\/wp-content\/uploads\/2025\/01\/cropped-LOGO-NOVA.png","width":813,"height":813,"caption":"Cacau News"},"image":{"@id":"https:\/\/cacaunews.com\/#\/schema\/logo\/image\/"},"sameAs":["https:\/\/www.instagram.com\/cacaunews.online\/","https:\/\/youtube.com\/@cacaunews?si=0VXLnjl08SrWbVG9"]},{"@type":"Person","@id":"https:\/\/cacaunews.com\/#\/schema\/person\/ea69703103e606ad347ccd64bd72ef79","name":"Reda\u00e7\u00e3o Cacau News","image":{"@type":"ImageObject","inLanguage":"pt-BR","@id":"https:\/\/cacaunews.com\/#\/schema\/person\/image\/","url":"https:\/\/secure.gravatar.com\/avatar\/d79227a2a7b6cc42e8d7a8f7c284cd3a?s=96&d=mm&r=g","contentUrl":"https:\/\/secure.gravatar.com\/avatar\/d79227a2a7b6cc42e8d7a8f7c284cd3a?s=96&d=mm&r=g","caption":"Reda\u00e7\u00e3o Cacau News"},"sameAs":["https:\/\/cacaunews.com"],"url":"https:\/\/cacaunews.com\/?author=1"}]}},"jetpack_sharing_enabled":true,"jetpack_featured_media_url":"https:\/\/cacaunews.com\/wp-content\/uploads\/2023\/08\/2CDC8E6E-EBC6-7DBC-BA45-06CC16A3DBDD_650X450.jpg","_links":{"self":[{"href":"https:\/\/cacaunews.com\/index.php?rest_route=\/wp\/v2\/posts\/2486"}],"collection":[{"href":"https:\/\/cacaunews.com\/index.php?rest_route=\/wp\/v2\/posts"}],"about":[{"href":"https:\/\/cacaunews.com\/index.php?rest_route=\/wp\/v2\/types\/post"}],"author":[{"embeddable":true,"href":"https:\/\/cacaunews.com\/index.php?rest_route=\/wp\/v2\/users\/1"}],"replies":[{"embeddable":true,"href":"https:\/\/cacaunews.com\/index.php?rest_route=%2Fwp%2Fv2%2Fcomments&post=2486"}],"version-history":[{"count":1,"href":"https:\/\/cacaunews.com\/index.php?rest_route=\/wp\/v2\/posts\/2486\/revisions"}],"predecessor-version":[{"id":2488,"href":"https:\/\/cacaunews.com\/index.php?rest_route=\/wp\/v2\/posts\/2486\/revisions\/2488"}],"wp:featuredmedia":[{"embeddable":true,"href":"https:\/\/cacaunews.com\/index.php?rest_route=\/wp\/v2\/media\/2487"}],"wp:attachment":[{"href":"https:\/\/cacaunews.com\/index.php?rest_route=%2Fwp%2Fv2%2Fmedia&parent=2486"}],"wp:term":[{"taxonomy":"category","embeddable":true,"href":"https:\/\/cacaunews.com\/index.php?rest_route=%2Fwp%2Fv2%2Fcategories&post=2486"},{"taxonomy":"post_tag","embeddable":true,"href":"https:\/\/cacaunews.com\/index.php?rest_route=%2Fwp%2Fv2%2Ftags&post=2486"}],"curies":[{"name":"wp","href":"https:\/\/api.w.org\/{rel}","templated":true}]}}