{"id":2495,"date":"2023-08-18T01:20:09","date_gmt":"2023-08-18T01:20:09","guid":{"rendered":"https:\/\/cacaunews.com\/?p=2495"},"modified":"2023-08-18T01:19:10","modified_gmt":"2023-08-18T01:19:10","slug":"ilheus-apos-difamacao-em-via-publica-vereador-baiano-do-amendoim-registra-boletim-de-ocorrencia","status":"publish","type":"post","link":"https:\/\/cacaunews.com\/?p=2495","title":{"rendered":"Ilh\u00e9us: Ap\u00f3s difama\u00e7\u00e3o em via p\u00fablica vereador Baiano do Amendoim registra Boletim de Ocorr\u00eancia."},"content":{"rendered":"\n<p>Na manh\u00e3 desta quinta (17) o vereador Marisvaldo de Souza, popularmente conhecido como Baiano do Amendoim  esteve na Delegacia de Pol\u00edcia Civil e registrou Boletim de Ocorr\u00eancia contra um assessor de um dos seus colegas na C\u00e2mara, identificado como Murilo Mathias Santos.<\/p>\n\n\n\n<p>Segundo informa\u00e7\u00f5es o edil transitava em um ve\u00edculo em companhia de seu assessor, na Avenida L\u00f3tus, bairro Nelson Costa quando em determinado trecho se deparou com um trator que impedia a passagem do carro, em tempo quando foi feito o desvio passava o assessor de seu colega na C\u00e2mara, Murilo Santos que, segundo consta no boletim proferiu alguns xingamentos contra o vereador e seu assessor.<\/p>\n\n\n\n<p>Como n\u00e3o houve um entendimento no momento do acontecimento Baiano resolveu ir at\u00e9 a delegacia e registrou B.O. por difama\u00e7\u00e3o.<\/p>\n\n\n\n<p>O Cacau deseja que haja em breve um entendimento entre as partes e, em tempo, se coloca a disposi\u00e7\u00e3o para ouvir e publicizar o contradit\u00f3rio ao narrado.<\/p>\n\n\n\n<figure class=\"wp-block-image size-large\"><img fetchpriority=\"high\" decoding=\"async\" width=\"682\" height=\"1024\" src=\"https:\/\/cacaunews.com\/wp-content\/uploads\/2023\/08\/IMG-20230817-WA0313-682x1024.jpg\" alt=\"\" class=\"wp-image-2493\" srcset=\"https:\/\/cacaunews.com\/wp-content\/uploads\/2023\/08\/IMG-20230817-WA0313-682x1024.jpg 682w, https:\/\/cacaunews.com\/wp-content\/uploads\/2023\/08\/IMG-20230817-WA0313-200x300.jpg 200w, https:\/\/cacaunews.com\/wp-content\/uploads\/2023\/08\/IMG-20230817-WA0313-768x1152.jpg 768w, https:\/\/cacaunews.com\/wp-content\/uploads\/2023\/08\/IMG-20230817-WA0313.jpg 853w\" sizes=\"(max-width: 682px) 100vw, 682px\" \/><\/figure>\n","protected":false},"excerpt":{"rendered":"<p>Na manh\u00e3 desta quinta (17) o vereador Marisvaldo de Souza, popularmente conhecido como Baiano do&#8230;<\/p>\n","protected":false},"author":1,"featured_media":2494,"comment_status":"open","ping_status":"open","sticky":false,"template":"","format":"standard","meta":{"footnotes":""},"categories":[18],"tags":[986,985,987,37],"yoast_head":"<!-- This site is optimized with the Yoast SEO plugin v21.7 - https:\/\/yoast.com\/wordpress\/plugins\/seo\/ -->\n<title>Ilh\u00e9us: Ap\u00f3s difama\u00e7\u00e3o em via p\u00fablica vereador Baiano do Amendoim registra Boletim de Ocorr\u00eancia. - Cacau News<\/title>\n<meta name=\"robots\" content=\"index, follow, max-snippet:-1, max-image-preview:large, max-video-preview:-1\" \/>\n<link rel=\"canonical\" href=\"https:\/\/cacaunews.com\/?p=2495\" \/>\n<meta property=\"og:locale\" content=\"pt_BR\" \/>\n<meta property=\"og:type\" content=\"article\" \/>\n<meta property=\"og:title\" content=\"Ilh\u00e9us: Ap\u00f3s difama\u00e7\u00e3o em via p\u00fablica vereador Baiano do Amendoim registra Boletim de Ocorr\u00eancia. - Cacau News\" \/>\n<meta property=\"og:description\" content=\"Na manh\u00e3 desta quinta (17) o vereador Marisvaldo de Souza, popularmente conhecido como Baiano do...\" \/>\n<meta property=\"og:url\" content=\"https:\/\/cacaunews.com\/?p=2495\" \/>\n<meta property=\"og:site_name\" content=\"Cacau News\" \/>\n<meta property=\"article:published_time\" content=\"2023-08-18T01:20:09+00:00\" \/>\n<meta property=\"article:modified_time\" content=\"2023-08-18T01:19:10+00:00\" \/>\n<meta property=\"og:image\" content=\"https:\/\/cacaunews.com\/wp-content\/uploads\/2023\/08\/images-80.jpeg\" \/>\n\t<meta property=\"og:image:width\" content=\"640\" \/>\n\t<meta property=\"og:image:height\" content=\"480\" \/>\n\t<meta property=\"og:image:type\" content=\"image\/jpeg\" \/>\n<meta name=\"author\" content=\"Reda\u00e7\u00e3o Cacau News\" \/>\n<meta name=\"twitter:card\" content=\"summary_large_image\" \/>\n<meta name=\"twitter:label1\" content=\"Escrito por\" \/>\n\t<meta name=\"twitter:data1\" content=\"Reda\u00e7\u00e3o Cacau News\" \/>\n\t<meta name=\"twitter:label2\" content=\"Est. tempo de leitura\" \/>\n\t<meta name=\"twitter:data2\" content=\"1 minuto\" \/>\n<script type=\"application\/ld+json\" class=\"yoast-schema-graph\">{\"@context\":\"https:\/\/schema.org\",\"@graph\":[{\"@type\":\"Article\",\"@id\":\"https:\/\/cacaunews.com\/?p=2495#article\",\"isPartOf\":{\"@id\":\"https:\/\/cacaunews.com\/?p=2495\"},\"author\":{\"name\":\"Reda\u00e7\u00e3o Cacau News\",\"@id\":\"https:\/\/cacaunews.com\/#\/schema\/person\/ea69703103e606ad347ccd64bd72ef79\"},\"headline\":\"Ilh\u00e9us: Ap\u00f3s difama\u00e7\u00e3o em via p\u00fablica vereador Baiano do Amendoim registra Boletim de Ocorr\u00eancia.\",\"datePublished\":\"2023-08-18T01:20:09+00:00\",\"dateModified\":\"2023-08-18T01:19:10+00:00\",\"mainEntityOfPage\":{\"@id\":\"https:\/\/cacaunews.com\/?p=2495\"},\"wordCount\":184,\"commentCount\":0,\"publisher\":{\"@id\":\"https:\/\/cacaunews.com\/#organization\"},\"keywords\":[\"b.o.\",\"baiano do amendoim\",\"delegacia\",\"ilheus\"],\"articleSection\":[\"cidades\"],\"inLanguage\":\"pt-BR\",\"potentialAction\":[{\"@type\":\"CommentAction\",\"name\":\"Comment\",\"target\":[\"https:\/\/cacaunews.com\/?p=2495#respond\"]}]},{\"@type\":\"WebPage\",\"@id\":\"https:\/\/cacaunews.com\/?p=2495\",\"url\":\"https:\/\/cacaunews.com\/?p=2495\",\"name\":\"Ilh\u00e9us: Ap\u00f3s difama\u00e7\u00e3o em via p\u00fablica vereador Baiano do Amendoim registra Boletim de Ocorr\u00eancia. - Cacau News\",\"isPartOf\":{\"@id\":\"https:\/\/cacaunews.com\/#website\"},\"datePublished\":\"2023-08-18T01:20:09+00:00\",\"dateModified\":\"2023-08-18T01:19:10+00:00\",\"breadcrumb\":{\"@id\":\"https:\/\/cacaunews.com\/?p=2495#breadcrumb\"},\"inLanguage\":\"pt-BR\",\"potentialAction\":[{\"@type\":\"ReadAction\",\"target\":[\"https:\/\/cacaunews.com\/?p=2495\"]}]},{\"@type\":\"BreadcrumbList\",\"@id\":\"https:\/\/cacaunews.com\/?p=2495#breadcrumb\",\"itemListElement\":[{\"@type\":\"ListItem\",\"position\":1,\"name\":\"In\u00edcio\",\"item\":\"https:\/\/cacaunews.com\/\"},{\"@type\":\"ListItem\",\"position\":2,\"name\":\"Ilh\u00e9us: Ap\u00f3s difama\u00e7\u00e3o em via p\u00fablica vereador Baiano do Amendoim registra Boletim de Ocorr\u00eancia.\"}]},{\"@type\":\"WebSite\",\"@id\":\"https:\/\/cacaunews.com\/#website\",\"url\":\"https:\/\/cacaunews.com\/\",\"name\":\"Cacau News\",\"description\":\"A Informa\u00e7\u00e3o que voc\u00ea precisa!\",\"publisher\":{\"@id\":\"https:\/\/cacaunews.com\/#organization\"},\"potentialAction\":[{\"@type\":\"SearchAction\",\"target\":{\"@type\":\"EntryPoint\",\"urlTemplate\":\"https:\/\/cacaunews.com\/?s={search_term_string}\"},\"query-input\":\"required name=search_term_string\"}],\"inLanguage\":\"pt-BR\"},{\"@type\":\"Organization\",\"@id\":\"https:\/\/cacaunews.com\/#organization\",\"name\":\"Cacau News\",\"url\":\"https:\/\/cacaunews.com\/\",\"logo\":{\"@type\":\"ImageObject\",\"inLanguage\":\"pt-BR\",\"@id\":\"https:\/\/cacaunews.com\/#\/schema\/logo\/image\/\",\"url\":\"https:\/\/cacaunews.com\/wp-content\/uploads\/2025\/01\/cropped-LOGO-NOVA.png\",\"contentUrl\":\"https:\/\/cacaunews.com\/wp-content\/uploads\/2025\/01\/cropped-LOGO-NOVA.png\",\"width\":813,\"height\":813,\"caption\":\"Cacau News\"},\"image\":{\"@id\":\"https:\/\/cacaunews.com\/#\/schema\/logo\/image\/\"},\"sameAs\":[\"https:\/\/www.instagram.com\/cacaunews.online\/\",\"https:\/\/youtube.com\/@cacaunews?si=0VXLnjl08SrWbVG9\"]},{\"@type\":\"Person\",\"@id\":\"https:\/\/cacaunews.com\/#\/schema\/person\/ea69703103e606ad347ccd64bd72ef79\",\"name\":\"Reda\u00e7\u00e3o Cacau News\",\"image\":{\"@type\":\"ImageObject\",\"inLanguage\":\"pt-BR\",\"@id\":\"https:\/\/cacaunews.com\/#\/schema\/person\/image\/\",\"url\":\"https:\/\/secure.gravatar.com\/avatar\/d79227a2a7b6cc42e8d7a8f7c284cd3a?s=96&d=mm&r=g\",\"contentUrl\":\"https:\/\/secure.gravatar.com\/avatar\/d79227a2a7b6cc42e8d7a8f7c284cd3a?s=96&d=mm&r=g\",\"caption\":\"Reda\u00e7\u00e3o Cacau News\"},\"sameAs\":[\"https:\/\/cacaunews.com\"],\"url\":\"https:\/\/cacaunews.com\/?author=1\"}]}<\/script>\n<!-- \/ Yoast SEO plugin. -->","yoast_head_json":{"title":"Ilh\u00e9us: Ap\u00f3s difama\u00e7\u00e3o em via p\u00fablica vereador Baiano do Amendoim registra Boletim de Ocorr\u00eancia. - Cacau News","robots":{"index":"index","follow":"follow","max-snippet":"max-snippet:-1","max-image-preview":"max-image-preview:large","max-video-preview":"max-video-preview:-1"},"canonical":"https:\/\/cacaunews.com\/?p=2495","og_locale":"pt_BR","og_type":"article","og_title":"Ilh\u00e9us: Ap\u00f3s difama\u00e7\u00e3o em via p\u00fablica vereador Baiano do Amendoim registra Boletim de Ocorr\u00eancia. - Cacau News","og_description":"Na manh\u00e3 desta quinta (17) o vereador Marisvaldo de Souza, popularmente conhecido como Baiano do...","og_url":"https:\/\/cacaunews.com\/?p=2495","og_site_name":"Cacau News","article_published_time":"2023-08-18T01:20:09+00:00","article_modified_time":"2023-08-18T01:19:10+00:00","og_image":[{"width":640,"height":480,"url":"https:\/\/cacaunews.com\/wp-content\/uploads\/2023\/08\/images-80.jpeg","type":"image\/jpeg"}],"author":"Reda\u00e7\u00e3o Cacau News","twitter_card":"summary_large_image","twitter_misc":{"Escrito por":"Reda\u00e7\u00e3o Cacau News","Est. tempo de leitura":"1 minuto"},"schema":{"@context":"https:\/\/schema.org","@graph":[{"@type":"Article","@id":"https:\/\/cacaunews.com\/?p=2495#article","isPartOf":{"@id":"https:\/\/cacaunews.com\/?p=2495"},"author":{"name":"Reda\u00e7\u00e3o Cacau News","@id":"https:\/\/cacaunews.com\/#\/schema\/person\/ea69703103e606ad347ccd64bd72ef79"},"headline":"Ilh\u00e9us: Ap\u00f3s difama\u00e7\u00e3o em via p\u00fablica vereador Baiano do Amendoim registra Boletim de Ocorr\u00eancia.","datePublished":"2023-08-18T01:20:09+00:00","dateModified":"2023-08-18T01:19:10+00:00","mainEntityOfPage":{"@id":"https:\/\/cacaunews.com\/?p=2495"},"wordCount":184,"commentCount":0,"publisher":{"@id":"https:\/\/cacaunews.com\/#organization"},"keywords":["b.o.","baiano do amendoim","delegacia","ilheus"],"articleSection":["cidades"],"inLanguage":"pt-BR","potentialAction":[{"@type":"CommentAction","name":"Comment","target":["https:\/\/cacaunews.com\/?p=2495#respond"]}]},{"@type":"WebPage","@id":"https:\/\/cacaunews.com\/?p=2495","url":"https:\/\/cacaunews.com\/?p=2495","name":"Ilh\u00e9us: Ap\u00f3s difama\u00e7\u00e3o em via p\u00fablica vereador Baiano do Amendoim registra Boletim de Ocorr\u00eancia. - Cacau News","isPartOf":{"@id":"https:\/\/cacaunews.com\/#website"},"datePublished":"2023-08-18T01:20:09+00:00","dateModified":"2023-08-18T01:19:10+00:00","breadcrumb":{"@id":"https:\/\/cacaunews.com\/?p=2495#breadcrumb"},"inLanguage":"pt-BR","potentialAction":[{"@type":"ReadAction","target":["https:\/\/cacaunews.com\/?p=2495"]}]},{"@type":"BreadcrumbList","@id":"https:\/\/cacaunews.com\/?p=2495#breadcrumb","itemListElement":[{"@type":"ListItem","position":1,"name":"In\u00edcio","item":"https:\/\/cacaunews.com\/"},{"@type":"ListItem","position":2,"name":"Ilh\u00e9us: Ap\u00f3s difama\u00e7\u00e3o em via p\u00fablica vereador Baiano do Amendoim registra Boletim de Ocorr\u00eancia."}]},{"@type":"WebSite","@id":"https:\/\/cacaunews.com\/#website","url":"https:\/\/cacaunews.com\/","name":"Cacau News","description":"A Informa\u00e7\u00e3o que voc\u00ea precisa!","publisher":{"@id":"https:\/\/cacaunews.com\/#organization"},"potentialAction":[{"@type":"SearchAction","target":{"@type":"EntryPoint","urlTemplate":"https:\/\/cacaunews.com\/?s={search_term_string}"},"query-input":"required name=search_term_string"}],"inLanguage":"pt-BR"},{"@type":"Organization","@id":"https:\/\/cacaunews.com\/#organization","name":"Cacau News","url":"https:\/\/cacaunews.com\/","logo":{"@type":"ImageObject","inLanguage":"pt-BR","@id":"https:\/\/cacaunews.com\/#\/schema\/logo\/image\/","url":"https:\/\/cacaunews.com\/wp-content\/uploads\/2025\/01\/cropped-LOGO-NOVA.png","contentUrl":"https:\/\/cacaunews.com\/wp-content\/uploads\/2025\/01\/cropped-LOGO-NOVA.png","width":813,"height":813,"caption":"Cacau News"},"image":{"@id":"https:\/\/cacaunews.com\/#\/schema\/logo\/image\/"},"sameAs":["https:\/\/www.instagram.com\/cacaunews.online\/","https:\/\/youtube.com\/@cacaunews?si=0VXLnjl08SrWbVG9"]},{"@type":"Person","@id":"https:\/\/cacaunews.com\/#\/schema\/person\/ea69703103e606ad347ccd64bd72ef79","name":"Reda\u00e7\u00e3o Cacau News","image":{"@type":"ImageObject","inLanguage":"pt-BR","@id":"https:\/\/cacaunews.com\/#\/schema\/person\/image\/","url":"https:\/\/secure.gravatar.com\/avatar\/d79227a2a7b6cc42e8d7a8f7c284cd3a?s=96&d=mm&r=g","contentUrl":"https:\/\/secure.gravatar.com\/avatar\/d79227a2a7b6cc42e8d7a8f7c284cd3a?s=96&d=mm&r=g","caption":"Reda\u00e7\u00e3o Cacau News"},"sameAs":["https:\/\/cacaunews.com"],"url":"https:\/\/cacaunews.com\/?author=1"}]}},"jetpack_sharing_enabled":true,"jetpack_featured_media_url":"https:\/\/cacaunews.com\/wp-content\/uploads\/2023\/08\/images-80.jpeg","_links":{"self":[{"href":"https:\/\/cacaunews.com\/index.php?rest_route=\/wp\/v2\/posts\/2495"}],"collection":[{"href":"https:\/\/cacaunews.com\/index.php?rest_route=\/wp\/v2\/posts"}],"about":[{"href":"https:\/\/cacaunews.com\/index.php?rest_route=\/wp\/v2\/types\/post"}],"author":[{"embeddable":true,"href":"https:\/\/cacaunews.com\/index.php?rest_route=\/wp\/v2\/users\/1"}],"replies":[{"embeddable":true,"href":"https:\/\/cacaunews.com\/index.php?rest_route=%2Fwp%2Fv2%2Fcomments&post=2495"}],"version-history":[{"count":1,"href":"https:\/\/cacaunews.com\/index.php?rest_route=\/wp\/v2\/posts\/2495\/revisions"}],"predecessor-version":[{"id":2496,"href":"https:\/\/cacaunews.com\/index.php?rest_route=\/wp\/v2\/posts\/2495\/revisions\/2496"}],"wp:featuredmedia":[{"embeddable":true,"href":"https:\/\/cacaunews.com\/index.php?rest_route=\/wp\/v2\/media\/2494"}],"wp:attachment":[{"href":"https:\/\/cacaunews.com\/index.php?rest_route=%2Fwp%2Fv2%2Fmedia&parent=2495"}],"wp:term":[{"taxonomy":"category","embeddable":true,"href":"https:\/\/cacaunews.com\/index.php?rest_route=%2Fwp%2Fv2%2Fcategories&post=2495"},{"taxonomy":"post_tag","embeddable":true,"href":"https:\/\/cacaunews.com\/index.php?rest_route=%2Fwp%2Fv2%2Ftags&post=2495"}],"curies":[{"name":"wp","href":"https:\/\/api.w.org\/{rel}","templated":true}]}}