{"id":2499,"date":"2023-08-18T16:00:20","date_gmt":"2023-08-18T16:00:20","guid":{"rendered":"https:\/\/cacaunews.com\/?p=2499"},"modified":"2023-08-18T15:59:21","modified_gmt":"2023-08-18T15:59:21","slug":"ilheus-gestores-e-tecnicos-da-secretaria-de-promocao-social-recebem-capacitacao-sobre-cadunico","status":"publish","type":"post","link":"https:\/\/cacaunews.com\/?p=2499","title":{"rendered":"Ilh\u00e9us: Gestores e t\u00e9cnicos da Secretaria de Promo\u00e7\u00e3o Social recebem capacita\u00e7\u00e3o sobre Cad\u00danico."},"content":{"rendered":"\n<p>Gestores e t\u00e9cnicos respons\u00e1veis pelo atendimento do Cadastro \u00danico (Cad\u00danico) de Ilh\u00e9us est\u00e3o participando de um ciclo de capacita\u00e7\u00e3o sobre Preenchimento de Formul\u00e1rios do Cadastro \u00danico de Programas Sociais. Os servidores est\u00e3o lotados na Secretaria de Promo\u00e7\u00e3o Social e Combate \u00e0 Pobreza (SPS).<\/p>\n\n\n\n<p>O encontro \u00e9 promovido pela Secretaria de Assist\u00eancia e Desenvolvimento Social da Bahia (Seades) e re\u00fane trabalhadores do Sistema \u00danico de Assist\u00eancia Social (SUAS) e coordenadores locais do Cad\u00danico\/Bolsa Fam\u00edlia de munic\u00edpios do Territ\u00f3rio de Identidade- Litoral Sul.<\/p>\n\n\n\n<p>A atividade acontece no Premier Business Center e objetiva orientar o correto e completo preenchimento dos dados nos formul\u00e1rios, a fim de refletir fielmente a realidade das fam\u00edlias cadastradas, incluindo oficina de busca ativa.<\/p>\n\n\n\n<figure class=\"wp-block-image size-large\"><img fetchpriority=\"high\" decoding=\"async\" width=\"650\" height=\"450\" src=\"https:\/\/cacaunews.com\/wp-content\/uploads\/2023\/08\/56D14ED5-53EA-DEA4-DEDD-26DD2CEED7A6_650X450.jpg\" alt=\"\" class=\"wp-image-2497\" srcset=\"https:\/\/cacaunews.com\/wp-content\/uploads\/2023\/08\/56D14ED5-53EA-DEA4-DEDD-26DD2CEED7A6_650X450.jpg 650w, https:\/\/cacaunews.com\/wp-content\/uploads\/2023\/08\/56D14ED5-53EA-DEA4-DEDD-26DD2CEED7A6_650X450-300x208.jpg 300w\" sizes=\"(max-width: 650px) 100vw, 650px\" \/><\/figure>\n\n\n\n<p><a class=\"fresco\" href=\"https:\/\/portalfacilarquivos.blob.core.windows.net\/uploads\/ILHEUS\/imgOrig\/%7B56D14ED5-53EA-DEA4-DEDD-26DD2CEED7A6%7D.jpg\"><\/a><\/p>\n\n\n\n<p>\u201cA ideia \u00e9 qualificar, humanizar o atendimento e as visitas domiciliares dos formul\u00e1rios do Cad\u00danico, principalmente em mutir\u00f5es sociais e locais de dif\u00edcil acesso, como distritos\u201d, ressaltou a gestora do Bolsa Fam\u00edlia, G\u00e9ssica Miranda.<br><br>O espa\u00e7o \u00e9 fundamental para atualizar informa\u00e7\u00f5es a respeito dos programas sociais e contribuir com a efetividade de projetos, servi\u00e7os e benef\u00edcios socioassistenciais executados nas cidades que integram o territ\u00f3rio.<br><br><br><br>por Meire Borges, SPS<\/p>\n","protected":false},"excerpt":{"rendered":"<p>Gestores e t\u00e9cnicos respons\u00e1veis pelo atendimento do Cadastro \u00danico (Cad\u00danico) de Ilh\u00e9us est\u00e3o participando de&#8230;<\/p>\n","protected":false},"author":1,"featured_media":2498,"comment_status":"open","ping_status":"open","sticky":false,"template":"","format":"standard","meta":{"footnotes":""},"categories":[18,11,19],"tags":[22,37,20,980],"yoast_head":"<!-- This site is optimized with the Yoast SEO plugin v21.7 - https:\/\/yoast.com\/wordpress\/plugins\/seo\/ -->\n<title>Ilh\u00e9us: Gestores e t\u00e9cnicos da Secretaria de Promo\u00e7\u00e3o Social recebem capacita\u00e7\u00e3o sobre Cad\u00danico. - Cacau News<\/title>\n<meta name=\"robots\" content=\"index, follow, max-snippet:-1, max-image-preview:large, max-video-preview:-1\" \/>\n<link rel=\"canonical\" href=\"https:\/\/cacaunews.com\/?p=2499\" \/>\n<meta property=\"og:locale\" content=\"pt_BR\" \/>\n<meta property=\"og:type\" content=\"article\" \/>\n<meta property=\"og:title\" content=\"Ilh\u00e9us: Gestores e t\u00e9cnicos da Secretaria de Promo\u00e7\u00e3o Social recebem capacita\u00e7\u00e3o sobre Cad\u00danico. - Cacau News\" \/>\n<meta property=\"og:description\" content=\"Gestores e t\u00e9cnicos respons\u00e1veis pelo atendimento do Cadastro \u00danico (Cad\u00danico) de Ilh\u00e9us est\u00e3o participando de...\" \/>\n<meta property=\"og:url\" content=\"https:\/\/cacaunews.com\/?p=2499\" \/>\n<meta property=\"og:site_name\" content=\"Cacau News\" \/>\n<meta property=\"article:published_time\" content=\"2023-08-18T16:00:20+00:00\" \/>\n<meta property=\"article:modified_time\" content=\"2023-08-18T15:59:21+00:00\" \/>\n<meta property=\"og:image\" content=\"https:\/\/cacaunews.com\/wp-content\/uploads\/2023\/08\/276EA7D4-0CE3-A2BA-DDDA-8EDCEEEEBCAA_650X450.jpg\" \/>\n\t<meta property=\"og:image:width\" content=\"650\" \/>\n\t<meta property=\"og:image:height\" content=\"450\" \/>\n\t<meta property=\"og:image:type\" content=\"image\/jpeg\" \/>\n<meta name=\"author\" content=\"Reda\u00e7\u00e3o Cacau News\" \/>\n<meta name=\"twitter:card\" content=\"summary_large_image\" \/>\n<meta name=\"twitter:label1\" content=\"Escrito por\" \/>\n\t<meta name=\"twitter:data1\" content=\"Reda\u00e7\u00e3o Cacau News\" \/>\n\t<meta name=\"twitter:label2\" content=\"Est. tempo de leitura\" \/>\n\t<meta name=\"twitter:data2\" content=\"1 minuto\" \/>\n<script type=\"application\/ld+json\" class=\"yoast-schema-graph\">{\"@context\":\"https:\/\/schema.org\",\"@graph\":[{\"@type\":\"Article\",\"@id\":\"https:\/\/cacaunews.com\/?p=2499#article\",\"isPartOf\":{\"@id\":\"https:\/\/cacaunews.com\/?p=2499\"},\"author\":{\"name\":\"Reda\u00e7\u00e3o Cacau News\",\"@id\":\"https:\/\/cacaunews.com\/#\/schema\/person\/ea69703103e606ad347ccd64bd72ef79\"},\"headline\":\"Ilh\u00e9us: Gestores e t\u00e9cnicos da Secretaria de Promo\u00e7\u00e3o Social recebem capacita\u00e7\u00e3o sobre Cad\u00danico.\",\"datePublished\":\"2023-08-18T16:00:20+00:00\",\"dateModified\":\"2023-08-18T15:59:21+00:00\",\"mainEntityOfPage\":{\"@id\":\"https:\/\/cacaunews.com\/?p=2499\"},\"wordCount\":227,\"commentCount\":0,\"publisher\":{\"@id\":\"https:\/\/cacaunews.com\/#organization\"},\"keywords\":[\"capacita\u00e7\u00e3o\",\"ilheus\",\"social\",\"sps\"],\"articleSection\":[\"cidades\",\"Jornalismo\",\"Social\"],\"inLanguage\":\"pt-BR\",\"potentialAction\":[{\"@type\":\"CommentAction\",\"name\":\"Comment\",\"target\":[\"https:\/\/cacaunews.com\/?p=2499#respond\"]}]},{\"@type\":\"WebPage\",\"@id\":\"https:\/\/cacaunews.com\/?p=2499\",\"url\":\"https:\/\/cacaunews.com\/?p=2499\",\"name\":\"Ilh\u00e9us: Gestores e t\u00e9cnicos da Secretaria de Promo\u00e7\u00e3o Social recebem capacita\u00e7\u00e3o sobre Cad\u00danico. - Cacau News\",\"isPartOf\":{\"@id\":\"https:\/\/cacaunews.com\/#website\"},\"datePublished\":\"2023-08-18T16:00:20+00:00\",\"dateModified\":\"2023-08-18T15:59:21+00:00\",\"breadcrumb\":{\"@id\":\"https:\/\/cacaunews.com\/?p=2499#breadcrumb\"},\"inLanguage\":\"pt-BR\",\"potentialAction\":[{\"@type\":\"ReadAction\",\"target\":[\"https:\/\/cacaunews.com\/?p=2499\"]}]},{\"@type\":\"BreadcrumbList\",\"@id\":\"https:\/\/cacaunews.com\/?p=2499#breadcrumb\",\"itemListElement\":[{\"@type\":\"ListItem\",\"position\":1,\"name\":\"In\u00edcio\",\"item\":\"https:\/\/cacaunews.com\/\"},{\"@type\":\"ListItem\",\"position\":2,\"name\":\"Ilh\u00e9us: Gestores e t\u00e9cnicos da Secretaria de Promo\u00e7\u00e3o Social recebem capacita\u00e7\u00e3o sobre Cad\u00danico.\"}]},{\"@type\":\"WebSite\",\"@id\":\"https:\/\/cacaunews.com\/#website\",\"url\":\"https:\/\/cacaunews.com\/\",\"name\":\"Cacau News\",\"description\":\"A Informa\u00e7\u00e3o que voc\u00ea precisa!\",\"publisher\":{\"@id\":\"https:\/\/cacaunews.com\/#organization\"},\"potentialAction\":[{\"@type\":\"SearchAction\",\"target\":{\"@type\":\"EntryPoint\",\"urlTemplate\":\"https:\/\/cacaunews.com\/?s={search_term_string}\"},\"query-input\":\"required name=search_term_string\"}],\"inLanguage\":\"pt-BR\"},{\"@type\":\"Organization\",\"@id\":\"https:\/\/cacaunews.com\/#organization\",\"name\":\"Cacau News\",\"url\":\"https:\/\/cacaunews.com\/\",\"logo\":{\"@type\":\"ImageObject\",\"inLanguage\":\"pt-BR\",\"@id\":\"https:\/\/cacaunews.com\/#\/schema\/logo\/image\/\",\"url\":\"https:\/\/cacaunews.com\/wp-content\/uploads\/2025\/01\/cropped-LOGO-NOVA.png\",\"contentUrl\":\"https:\/\/cacaunews.com\/wp-content\/uploads\/2025\/01\/cropped-LOGO-NOVA.png\",\"width\":813,\"height\":813,\"caption\":\"Cacau News\"},\"image\":{\"@id\":\"https:\/\/cacaunews.com\/#\/schema\/logo\/image\/\"},\"sameAs\":[\"https:\/\/www.instagram.com\/cacaunews.online\/\",\"https:\/\/youtube.com\/@cacaunews?si=0VXLnjl08SrWbVG9\"]},{\"@type\":\"Person\",\"@id\":\"https:\/\/cacaunews.com\/#\/schema\/person\/ea69703103e606ad347ccd64bd72ef79\",\"name\":\"Reda\u00e7\u00e3o Cacau News\",\"image\":{\"@type\":\"ImageObject\",\"inLanguage\":\"pt-BR\",\"@id\":\"https:\/\/cacaunews.com\/#\/schema\/person\/image\/\",\"url\":\"https:\/\/secure.gravatar.com\/avatar\/d79227a2a7b6cc42e8d7a8f7c284cd3a?s=96&d=mm&r=g\",\"contentUrl\":\"https:\/\/secure.gravatar.com\/avatar\/d79227a2a7b6cc42e8d7a8f7c284cd3a?s=96&d=mm&r=g\",\"caption\":\"Reda\u00e7\u00e3o Cacau News\"},\"sameAs\":[\"https:\/\/cacaunews.com\"],\"url\":\"https:\/\/cacaunews.com\/?author=1\"}]}<\/script>\n<!-- \/ Yoast SEO plugin. -->","yoast_head_json":{"title":"Ilh\u00e9us: Gestores e t\u00e9cnicos da Secretaria de Promo\u00e7\u00e3o Social recebem capacita\u00e7\u00e3o sobre Cad\u00danico. - Cacau News","robots":{"index":"index","follow":"follow","max-snippet":"max-snippet:-1","max-image-preview":"max-image-preview:large","max-video-preview":"max-video-preview:-1"},"canonical":"https:\/\/cacaunews.com\/?p=2499","og_locale":"pt_BR","og_type":"article","og_title":"Ilh\u00e9us: Gestores e t\u00e9cnicos da Secretaria de Promo\u00e7\u00e3o Social recebem capacita\u00e7\u00e3o sobre Cad\u00danico. - Cacau News","og_description":"Gestores e t\u00e9cnicos respons\u00e1veis pelo atendimento do Cadastro \u00danico (Cad\u00danico) de Ilh\u00e9us est\u00e3o participando de...","og_url":"https:\/\/cacaunews.com\/?p=2499","og_site_name":"Cacau News","article_published_time":"2023-08-18T16:00:20+00:00","article_modified_time":"2023-08-18T15:59:21+00:00","og_image":[{"width":650,"height":450,"url":"https:\/\/cacaunews.com\/wp-content\/uploads\/2023\/08\/276EA7D4-0CE3-A2BA-DDDA-8EDCEEEEBCAA_650X450.jpg","type":"image\/jpeg"}],"author":"Reda\u00e7\u00e3o Cacau News","twitter_card":"summary_large_image","twitter_misc":{"Escrito por":"Reda\u00e7\u00e3o Cacau News","Est. tempo de leitura":"1 minuto"},"schema":{"@context":"https:\/\/schema.org","@graph":[{"@type":"Article","@id":"https:\/\/cacaunews.com\/?p=2499#article","isPartOf":{"@id":"https:\/\/cacaunews.com\/?p=2499"},"author":{"name":"Reda\u00e7\u00e3o Cacau News","@id":"https:\/\/cacaunews.com\/#\/schema\/person\/ea69703103e606ad347ccd64bd72ef79"},"headline":"Ilh\u00e9us: Gestores e t\u00e9cnicos da Secretaria de Promo\u00e7\u00e3o Social recebem capacita\u00e7\u00e3o sobre Cad\u00danico.","datePublished":"2023-08-18T16:00:20+00:00","dateModified":"2023-08-18T15:59:21+00:00","mainEntityOfPage":{"@id":"https:\/\/cacaunews.com\/?p=2499"},"wordCount":227,"commentCount":0,"publisher":{"@id":"https:\/\/cacaunews.com\/#organization"},"keywords":["capacita\u00e7\u00e3o","ilheus","social","sps"],"articleSection":["cidades","Jornalismo","Social"],"inLanguage":"pt-BR","potentialAction":[{"@type":"CommentAction","name":"Comment","target":["https:\/\/cacaunews.com\/?p=2499#respond"]}]},{"@type":"WebPage","@id":"https:\/\/cacaunews.com\/?p=2499","url":"https:\/\/cacaunews.com\/?p=2499","name":"Ilh\u00e9us: Gestores e t\u00e9cnicos da Secretaria de Promo\u00e7\u00e3o Social recebem capacita\u00e7\u00e3o sobre Cad\u00danico. - Cacau News","isPartOf":{"@id":"https:\/\/cacaunews.com\/#website"},"datePublished":"2023-08-18T16:00:20+00:00","dateModified":"2023-08-18T15:59:21+00:00","breadcrumb":{"@id":"https:\/\/cacaunews.com\/?p=2499#breadcrumb"},"inLanguage":"pt-BR","potentialAction":[{"@type":"ReadAction","target":["https:\/\/cacaunews.com\/?p=2499"]}]},{"@type":"BreadcrumbList","@id":"https:\/\/cacaunews.com\/?p=2499#breadcrumb","itemListElement":[{"@type":"ListItem","position":1,"name":"In\u00edcio","item":"https:\/\/cacaunews.com\/"},{"@type":"ListItem","position":2,"name":"Ilh\u00e9us: Gestores e t\u00e9cnicos da Secretaria de Promo\u00e7\u00e3o Social recebem capacita\u00e7\u00e3o sobre Cad\u00danico."}]},{"@type":"WebSite","@id":"https:\/\/cacaunews.com\/#website","url":"https:\/\/cacaunews.com\/","name":"Cacau News","description":"A Informa\u00e7\u00e3o que voc\u00ea precisa!","publisher":{"@id":"https:\/\/cacaunews.com\/#organization"},"potentialAction":[{"@type":"SearchAction","target":{"@type":"EntryPoint","urlTemplate":"https:\/\/cacaunews.com\/?s={search_term_string}"},"query-input":"required name=search_term_string"}],"inLanguage":"pt-BR"},{"@type":"Organization","@id":"https:\/\/cacaunews.com\/#organization","name":"Cacau News","url":"https:\/\/cacaunews.com\/","logo":{"@type":"ImageObject","inLanguage":"pt-BR","@id":"https:\/\/cacaunews.com\/#\/schema\/logo\/image\/","url":"https:\/\/cacaunews.com\/wp-content\/uploads\/2025\/01\/cropped-LOGO-NOVA.png","contentUrl":"https:\/\/cacaunews.com\/wp-content\/uploads\/2025\/01\/cropped-LOGO-NOVA.png","width":813,"height":813,"caption":"Cacau News"},"image":{"@id":"https:\/\/cacaunews.com\/#\/schema\/logo\/image\/"},"sameAs":["https:\/\/www.instagram.com\/cacaunews.online\/","https:\/\/youtube.com\/@cacaunews?si=0VXLnjl08SrWbVG9"]},{"@type":"Person","@id":"https:\/\/cacaunews.com\/#\/schema\/person\/ea69703103e606ad347ccd64bd72ef79","name":"Reda\u00e7\u00e3o Cacau News","image":{"@type":"ImageObject","inLanguage":"pt-BR","@id":"https:\/\/cacaunews.com\/#\/schema\/person\/image\/","url":"https:\/\/secure.gravatar.com\/avatar\/d79227a2a7b6cc42e8d7a8f7c284cd3a?s=96&d=mm&r=g","contentUrl":"https:\/\/secure.gravatar.com\/avatar\/d79227a2a7b6cc42e8d7a8f7c284cd3a?s=96&d=mm&r=g","caption":"Reda\u00e7\u00e3o Cacau News"},"sameAs":["https:\/\/cacaunews.com"],"url":"https:\/\/cacaunews.com\/?author=1"}]}},"jetpack_sharing_enabled":true,"jetpack_featured_media_url":"https:\/\/cacaunews.com\/wp-content\/uploads\/2023\/08\/276EA7D4-0CE3-A2BA-DDDA-8EDCEEEEBCAA_650X450.jpg","_links":{"self":[{"href":"https:\/\/cacaunews.com\/index.php?rest_route=\/wp\/v2\/posts\/2499"}],"collection":[{"href":"https:\/\/cacaunews.com\/index.php?rest_route=\/wp\/v2\/posts"}],"about":[{"href":"https:\/\/cacaunews.com\/index.php?rest_route=\/wp\/v2\/types\/post"}],"author":[{"embeddable":true,"href":"https:\/\/cacaunews.com\/index.php?rest_route=\/wp\/v2\/users\/1"}],"replies":[{"embeddable":true,"href":"https:\/\/cacaunews.com\/index.php?rest_route=%2Fwp%2Fv2%2Fcomments&post=2499"}],"version-history":[{"count":1,"href":"https:\/\/cacaunews.com\/index.php?rest_route=\/wp\/v2\/posts\/2499\/revisions"}],"predecessor-version":[{"id":2500,"href":"https:\/\/cacaunews.com\/index.php?rest_route=\/wp\/v2\/posts\/2499\/revisions\/2500"}],"wp:featuredmedia":[{"embeddable":true,"href":"https:\/\/cacaunews.com\/index.php?rest_route=\/wp\/v2\/media\/2498"}],"wp:attachment":[{"href":"https:\/\/cacaunews.com\/index.php?rest_route=%2Fwp%2Fv2%2Fmedia&parent=2499"}],"wp:term":[{"taxonomy":"category","embeddable":true,"href":"https:\/\/cacaunews.com\/index.php?rest_route=%2Fwp%2Fv2%2Fcategories&post=2499"},{"taxonomy":"post_tag","embeddable":true,"href":"https:\/\/cacaunews.com\/index.php?rest_route=%2Fwp%2Fv2%2Ftags&post=2499"}],"curies":[{"name":"wp","href":"https:\/\/api.w.org\/{rel}","templated":true}]}}