{"id":2585,"date":"2023-08-26T16:17:37","date_gmt":"2023-08-26T16:17:37","guid":{"rendered":"https:\/\/cacaunews.com\/?p=2585"},"modified":"2023-08-26T16:16:43","modified_gmt":"2023-08-26T16:16:43","slug":"morre-dom-geraldo-majella-arcebispo-emerito-de-salvador-aos-89-anos","status":"publish","type":"post","link":"https:\/\/cacaunews.com\/?p=2585","title":{"rendered":"Morre Dom Geraldo Majella, arcebispo em\u00e9rito de Salvador, aos 89 anos."},"content":{"rendered":"\n<p>O arcebispo em\u00e9rito de Salvador, cardeal Dom Geraldo Majella Agnelo, morreu na manh\u00e3 deste s\u00e1bado (26), em Londrina (Paran\u00e1), cidade onde morava. A not\u00edcia foi confirmada pela Arquidiocese de Salvador, que disse ter recebido a informa\u00e7\u00e3o com pesar. <br><br>Dom Geraldo Majella foi arcebispo de Salvador e primaz do Brasil entre 1999 e 2011. Ele nasceu em 19 de outubro de 1933, em Juiz de Fora (MG) e foi ordenado sacerdote em 29 de junho de 1957, na Catedral de S\u00e3o Paulo, pelo arcebispo auxiliar de S\u00e3o Paulo, Dom Ant\u00f4nio Maria Alves de Siqueira.<br><br>Ao longo da vida como sacerdote, desempenhou atividades como diretor espiritual e professor em diferentes semin\u00e1rios. Na d\u00e9cada de 1960, atuou como professor na Faculdade de Filosofia da Pontif\u00edcia Universidade Cat\u00f3lica de S\u00e3o Paulo. Anos depois, foi diretor e professor da Faculdade de Ci\u00eancias Humanas Arnaldo Busato de Toledo.<\/p>\n\n\n\n<p>Em 1982, foi nomeado arcebispo de Londrina. Em 13 de janeiro de 1999, recebeu a nomea\u00e7\u00e3o para ser o Arcebispo Metropolitano de&nbsp;Salvador, pelo papa Jo\u00e3o Paulo II. Enquanto esteve \u00e0 frente do cargo, foi eleito presidente da Confer\u00eancia Nacional dos Bispos do Brasil (CNBB), em 2003.<\/p>\n\n\n\n<p>Dom Geraldo ficou em Salvador at\u00e9 2011, quando teve o pedido de ren\u00fancia aceito pelo Papa Bento XVI. Passou a ser, portanto, arcebispo em\u00e9rito de Salvador. Desde 2014, ele morava em Londrina por desejo pr\u00f3prio.<\/p>\n\n\n\n<p>A CNBB emitiu uma nota de pesar pelo falecimento do cardeal. A entidade ressaltou que a vida de Dom Geraldo foi marcada pelo amor \u00e0 Igreja, pelo servi\u00e7o da f\u00e9 e pelo testemunho da vida crist\u00e3. \u201cDom Geraldo foi destacado, nos lugares onde serviu como padre e bispo, por sua afabilidade e pela virtude de criar la\u00e7os de amizade e comunh\u00e3o entre as pessoas\u201d, diz o comunicado, enviado ao cardeal Dom Sergio da Rocha, atual arcebispo de Salvador.<\/p>\n\n\n\n<p>Com informa\u00e7\u00f5es Correio.<\/p>\n","protected":false},"excerpt":{"rendered":"<p>O arcebispo em\u00e9rito de Salvador, cardeal Dom Geraldo Majella Agnelo, morreu na manh\u00e3 deste s\u00e1bado&#8230;<\/p>\n","protected":false},"author":1,"featured_media":2584,"comment_status":"open","ping_status":"open","sticky":false,"template":"","format":"standard","meta":{"footnotes":""},"categories":[4,11],"tags":[1022,1023,1021,67],"yoast_head":"<!-- This site is optimized with the Yoast SEO plugin v21.7 - https:\/\/yoast.com\/wordpress\/plugins\/seo\/ -->\n<title>Morre Dom Geraldo Majella, arcebispo em\u00e9rito de Salvador, aos 89 anos. - Cacau News<\/title>\n<meta name=\"robots\" content=\"index, follow, max-snippet:-1, max-image-preview:large, max-video-preview:-1\" \/>\n<link rel=\"canonical\" href=\"https:\/\/cacaunews.com\/?p=2585\" \/>\n<meta property=\"og:locale\" content=\"pt_BR\" \/>\n<meta property=\"og:type\" content=\"article\" \/>\n<meta property=\"og:title\" content=\"Morre Dom Geraldo Majella, arcebispo em\u00e9rito de Salvador, aos 89 anos. - Cacau News\" \/>\n<meta property=\"og:description\" content=\"O arcebispo em\u00e9rito de Salvador, cardeal Dom Geraldo Majella Agnelo, morreu na manh\u00e3 deste s\u00e1bado...\" \/>\n<meta property=\"og:url\" content=\"https:\/\/cacaunews.com\/?p=2585\" \/>\n<meta property=\"og:site_name\" content=\"Cacau News\" \/>\n<meta property=\"article:published_time\" content=\"2023-08-26T16:17:37+00:00\" \/>\n<meta property=\"article:modified_time\" content=\"2023-08-26T16:16:43+00:00\" \/>\n<meta property=\"og:image\" content=\"https:\/\/cacaunews.com\/wp-content\/uploads\/2023\/08\/images-82.jpeg\" \/>\n\t<meta property=\"og:image:width\" content=\"608\" \/>\n\t<meta property=\"og:image:height\" content=\"505\" \/>\n\t<meta property=\"og:image:type\" content=\"image\/jpeg\" \/>\n<meta name=\"author\" content=\"Reda\u00e7\u00e3o Cacau News\" \/>\n<meta name=\"twitter:card\" content=\"summary_large_image\" \/>\n<meta name=\"twitter:label1\" content=\"Escrito por\" \/>\n\t<meta name=\"twitter:data1\" content=\"Reda\u00e7\u00e3o Cacau News\" \/>\n\t<meta name=\"twitter:label2\" content=\"Est. tempo de leitura\" \/>\n\t<meta name=\"twitter:data2\" content=\"2 minutos\" \/>\n<script type=\"application\/ld+json\" class=\"yoast-schema-graph\">{\"@context\":\"https:\/\/schema.org\",\"@graph\":[{\"@type\":\"Article\",\"@id\":\"https:\/\/cacaunews.com\/?p=2585#article\",\"isPartOf\":{\"@id\":\"https:\/\/cacaunews.com\/?p=2585\"},\"author\":{\"name\":\"Reda\u00e7\u00e3o Cacau News\",\"@id\":\"https:\/\/cacaunews.com\/#\/schema\/person\/ea69703103e606ad347ccd64bd72ef79\"},\"headline\":\"Morre Dom Geraldo Majella, arcebispo em\u00e9rito de Salvador, aos 89 anos.\",\"datePublished\":\"2023-08-26T16:17:37+00:00\",\"dateModified\":\"2023-08-26T16:16:43+00:00\",\"mainEntityOfPage\":{\"@id\":\"https:\/\/cacaunews.com\/?p=2585\"},\"wordCount\":324,\"commentCount\":0,\"publisher\":{\"@id\":\"https:\/\/cacaunews.com\/#organization\"},\"keywords\":[\"arcebispo\",\"cat\u00f3lico\",\"dom Geraldo Magela\",\"morte\"],\"articleSection\":[\"Internet\",\"Jornalismo\"],\"inLanguage\":\"pt-BR\",\"potentialAction\":[{\"@type\":\"CommentAction\",\"name\":\"Comment\",\"target\":[\"https:\/\/cacaunews.com\/?p=2585#respond\"]}]},{\"@type\":\"WebPage\",\"@id\":\"https:\/\/cacaunews.com\/?p=2585\",\"url\":\"https:\/\/cacaunews.com\/?p=2585\",\"name\":\"Morre Dom Geraldo Majella, arcebispo em\u00e9rito de Salvador, aos 89 anos. - Cacau News\",\"isPartOf\":{\"@id\":\"https:\/\/cacaunews.com\/#website\"},\"datePublished\":\"2023-08-26T16:17:37+00:00\",\"dateModified\":\"2023-08-26T16:16:43+00:00\",\"breadcrumb\":{\"@id\":\"https:\/\/cacaunews.com\/?p=2585#breadcrumb\"},\"inLanguage\":\"pt-BR\",\"potentialAction\":[{\"@type\":\"ReadAction\",\"target\":[\"https:\/\/cacaunews.com\/?p=2585\"]}]},{\"@type\":\"BreadcrumbList\",\"@id\":\"https:\/\/cacaunews.com\/?p=2585#breadcrumb\",\"itemListElement\":[{\"@type\":\"ListItem\",\"position\":1,\"name\":\"In\u00edcio\",\"item\":\"https:\/\/cacaunews.com\/\"},{\"@type\":\"ListItem\",\"position\":2,\"name\":\"Morre Dom Geraldo Majella, arcebispo em\u00e9rito de Salvador, aos 89 anos.\"}]},{\"@type\":\"WebSite\",\"@id\":\"https:\/\/cacaunews.com\/#website\",\"url\":\"https:\/\/cacaunews.com\/\",\"name\":\"Cacau News\",\"description\":\"A Informa\u00e7\u00e3o que voc\u00ea precisa!\",\"publisher\":{\"@id\":\"https:\/\/cacaunews.com\/#organization\"},\"potentialAction\":[{\"@type\":\"SearchAction\",\"target\":{\"@type\":\"EntryPoint\",\"urlTemplate\":\"https:\/\/cacaunews.com\/?s={search_term_string}\"},\"query-input\":\"required name=search_term_string\"}],\"inLanguage\":\"pt-BR\"},{\"@type\":\"Organization\",\"@id\":\"https:\/\/cacaunews.com\/#organization\",\"name\":\"Cacau News\",\"url\":\"https:\/\/cacaunews.com\/\",\"logo\":{\"@type\":\"ImageObject\",\"inLanguage\":\"pt-BR\",\"@id\":\"https:\/\/cacaunews.com\/#\/schema\/logo\/image\/\",\"url\":\"https:\/\/cacaunews.com\/wp-content\/uploads\/2025\/01\/cropped-LOGO-NOVA.png\",\"contentUrl\":\"https:\/\/cacaunews.com\/wp-content\/uploads\/2025\/01\/cropped-LOGO-NOVA.png\",\"width\":813,\"height\":813,\"caption\":\"Cacau News\"},\"image\":{\"@id\":\"https:\/\/cacaunews.com\/#\/schema\/logo\/image\/\"},\"sameAs\":[\"https:\/\/www.instagram.com\/cacaunews.online\/\",\"https:\/\/youtube.com\/@cacaunews?si=0VXLnjl08SrWbVG9\"]},{\"@type\":\"Person\",\"@id\":\"https:\/\/cacaunews.com\/#\/schema\/person\/ea69703103e606ad347ccd64bd72ef79\",\"name\":\"Reda\u00e7\u00e3o Cacau News\",\"image\":{\"@type\":\"ImageObject\",\"inLanguage\":\"pt-BR\",\"@id\":\"https:\/\/cacaunews.com\/#\/schema\/person\/image\/\",\"url\":\"https:\/\/secure.gravatar.com\/avatar\/d79227a2a7b6cc42e8d7a8f7c284cd3a?s=96&d=mm&r=g\",\"contentUrl\":\"https:\/\/secure.gravatar.com\/avatar\/d79227a2a7b6cc42e8d7a8f7c284cd3a?s=96&d=mm&r=g\",\"caption\":\"Reda\u00e7\u00e3o Cacau News\"},\"sameAs\":[\"https:\/\/cacaunews.com\"],\"url\":\"https:\/\/cacaunews.com\/?author=1\"}]}<\/script>\n<!-- \/ Yoast SEO plugin. -->","yoast_head_json":{"title":"Morre Dom Geraldo Majella, arcebispo em\u00e9rito de Salvador, aos 89 anos. - Cacau News","robots":{"index":"index","follow":"follow","max-snippet":"max-snippet:-1","max-image-preview":"max-image-preview:large","max-video-preview":"max-video-preview:-1"},"canonical":"https:\/\/cacaunews.com\/?p=2585","og_locale":"pt_BR","og_type":"article","og_title":"Morre Dom Geraldo Majella, arcebispo em\u00e9rito de Salvador, aos 89 anos. - Cacau News","og_description":"O arcebispo em\u00e9rito de Salvador, cardeal Dom Geraldo Majella Agnelo, morreu na manh\u00e3 deste s\u00e1bado...","og_url":"https:\/\/cacaunews.com\/?p=2585","og_site_name":"Cacau News","article_published_time":"2023-08-26T16:17:37+00:00","article_modified_time":"2023-08-26T16:16:43+00:00","og_image":[{"width":608,"height":505,"url":"https:\/\/cacaunews.com\/wp-content\/uploads\/2023\/08\/images-82.jpeg","type":"image\/jpeg"}],"author":"Reda\u00e7\u00e3o Cacau News","twitter_card":"summary_large_image","twitter_misc":{"Escrito por":"Reda\u00e7\u00e3o Cacau News","Est. tempo de leitura":"2 minutos"},"schema":{"@context":"https:\/\/schema.org","@graph":[{"@type":"Article","@id":"https:\/\/cacaunews.com\/?p=2585#article","isPartOf":{"@id":"https:\/\/cacaunews.com\/?p=2585"},"author":{"name":"Reda\u00e7\u00e3o Cacau News","@id":"https:\/\/cacaunews.com\/#\/schema\/person\/ea69703103e606ad347ccd64bd72ef79"},"headline":"Morre Dom Geraldo Majella, arcebispo em\u00e9rito de Salvador, aos 89 anos.","datePublished":"2023-08-26T16:17:37+00:00","dateModified":"2023-08-26T16:16:43+00:00","mainEntityOfPage":{"@id":"https:\/\/cacaunews.com\/?p=2585"},"wordCount":324,"commentCount":0,"publisher":{"@id":"https:\/\/cacaunews.com\/#organization"},"keywords":["arcebispo","cat\u00f3lico","dom Geraldo Magela","morte"],"articleSection":["Internet","Jornalismo"],"inLanguage":"pt-BR","potentialAction":[{"@type":"CommentAction","name":"Comment","target":["https:\/\/cacaunews.com\/?p=2585#respond"]}]},{"@type":"WebPage","@id":"https:\/\/cacaunews.com\/?p=2585","url":"https:\/\/cacaunews.com\/?p=2585","name":"Morre Dom Geraldo Majella, arcebispo em\u00e9rito de Salvador, aos 89 anos. - Cacau News","isPartOf":{"@id":"https:\/\/cacaunews.com\/#website"},"datePublished":"2023-08-26T16:17:37+00:00","dateModified":"2023-08-26T16:16:43+00:00","breadcrumb":{"@id":"https:\/\/cacaunews.com\/?p=2585#breadcrumb"},"inLanguage":"pt-BR","potentialAction":[{"@type":"ReadAction","target":["https:\/\/cacaunews.com\/?p=2585"]}]},{"@type":"BreadcrumbList","@id":"https:\/\/cacaunews.com\/?p=2585#breadcrumb","itemListElement":[{"@type":"ListItem","position":1,"name":"In\u00edcio","item":"https:\/\/cacaunews.com\/"},{"@type":"ListItem","position":2,"name":"Morre Dom Geraldo Majella, arcebispo em\u00e9rito de Salvador, aos 89 anos."}]},{"@type":"WebSite","@id":"https:\/\/cacaunews.com\/#website","url":"https:\/\/cacaunews.com\/","name":"Cacau News","description":"A Informa\u00e7\u00e3o que voc\u00ea precisa!","publisher":{"@id":"https:\/\/cacaunews.com\/#organization"},"potentialAction":[{"@type":"SearchAction","target":{"@type":"EntryPoint","urlTemplate":"https:\/\/cacaunews.com\/?s={search_term_string}"},"query-input":"required name=search_term_string"}],"inLanguage":"pt-BR"},{"@type":"Organization","@id":"https:\/\/cacaunews.com\/#organization","name":"Cacau News","url":"https:\/\/cacaunews.com\/","logo":{"@type":"ImageObject","inLanguage":"pt-BR","@id":"https:\/\/cacaunews.com\/#\/schema\/logo\/image\/","url":"https:\/\/cacaunews.com\/wp-content\/uploads\/2025\/01\/cropped-LOGO-NOVA.png","contentUrl":"https:\/\/cacaunews.com\/wp-content\/uploads\/2025\/01\/cropped-LOGO-NOVA.png","width":813,"height":813,"caption":"Cacau News"},"image":{"@id":"https:\/\/cacaunews.com\/#\/schema\/logo\/image\/"},"sameAs":["https:\/\/www.instagram.com\/cacaunews.online\/","https:\/\/youtube.com\/@cacaunews?si=0VXLnjl08SrWbVG9"]},{"@type":"Person","@id":"https:\/\/cacaunews.com\/#\/schema\/person\/ea69703103e606ad347ccd64bd72ef79","name":"Reda\u00e7\u00e3o Cacau News","image":{"@type":"ImageObject","inLanguage":"pt-BR","@id":"https:\/\/cacaunews.com\/#\/schema\/person\/image\/","url":"https:\/\/secure.gravatar.com\/avatar\/d79227a2a7b6cc42e8d7a8f7c284cd3a?s=96&d=mm&r=g","contentUrl":"https:\/\/secure.gravatar.com\/avatar\/d79227a2a7b6cc42e8d7a8f7c284cd3a?s=96&d=mm&r=g","caption":"Reda\u00e7\u00e3o Cacau News"},"sameAs":["https:\/\/cacaunews.com"],"url":"https:\/\/cacaunews.com\/?author=1"}]}},"jetpack_sharing_enabled":true,"jetpack_featured_media_url":"https:\/\/cacaunews.com\/wp-content\/uploads\/2023\/08\/images-82.jpeg","_links":{"self":[{"href":"https:\/\/cacaunews.com\/index.php?rest_route=\/wp\/v2\/posts\/2585"}],"collection":[{"href":"https:\/\/cacaunews.com\/index.php?rest_route=\/wp\/v2\/posts"}],"about":[{"href":"https:\/\/cacaunews.com\/index.php?rest_route=\/wp\/v2\/types\/post"}],"author":[{"embeddable":true,"href":"https:\/\/cacaunews.com\/index.php?rest_route=\/wp\/v2\/users\/1"}],"replies":[{"embeddable":true,"href":"https:\/\/cacaunews.com\/index.php?rest_route=%2Fwp%2Fv2%2Fcomments&post=2585"}],"version-history":[{"count":1,"href":"https:\/\/cacaunews.com\/index.php?rest_route=\/wp\/v2\/posts\/2585\/revisions"}],"predecessor-version":[{"id":2586,"href":"https:\/\/cacaunews.com\/index.php?rest_route=\/wp\/v2\/posts\/2585\/revisions\/2586"}],"wp:featuredmedia":[{"embeddable":true,"href":"https:\/\/cacaunews.com\/index.php?rest_route=\/wp\/v2\/media\/2584"}],"wp:attachment":[{"href":"https:\/\/cacaunews.com\/index.php?rest_route=%2Fwp%2Fv2%2Fmedia&parent=2585"}],"wp:term":[{"taxonomy":"category","embeddable":true,"href":"https:\/\/cacaunews.com\/index.php?rest_route=%2Fwp%2Fv2%2Fcategories&post=2585"},{"taxonomy":"post_tag","embeddable":true,"href":"https:\/\/cacaunews.com\/index.php?rest_route=%2Fwp%2Fv2%2Ftags&post=2585"}],"curies":[{"name":"wp","href":"https:\/\/api.w.org\/{rel}","templated":true}]}}