{"id":2602,"date":"2023-08-28T15:12:44","date_gmt":"2023-08-28T15:12:44","guid":{"rendered":"https:\/\/cacaunews.com\/?p=2602"},"modified":"2023-08-28T15:14:14","modified_gmt":"2023-08-28T15:14:14","slug":"itacare-comemora-um-ano-do-fechamento-do-lixao","status":"publish","type":"post","link":"https:\/\/cacaunews.com\/?p=2602","title":{"rendered":"Itacar\u00e9 comemora um ano do fechamento do lix\u00e3o."},"content":{"rendered":"\n<p><br \/>Um grande dia para o munic\u00edpio de Itacar\u00e9. Na manh\u00e3 desta sexta-feira (25), a cidade comemorou o anivers\u00e1rio de um ano do fechamento do lix\u00e3o municipal, e da inaugura\u00e7\u00e3o da Esta\u00e7\u00e3o de Transbordo e do Centro de Triagem e Econeg\u00f3cios.<br \/><br \/>A solenidade come\u00e7ou \u00e0s 8h, com um culto de agradecimento a Deus, no CTE. Ap\u00f3s o culto evang\u00e9lico houve a entrega de brindes aos agentes ambientais da Cooperativa Vit\u00f3ria e outras personalidades importantes nesse processo do Programa Lix\u00e3o Nunca Mais, al\u00e9m da exibi\u00e7\u00e3o de document\u00e1rios sobre o lix\u00e3o.<br \/><br \/>O evento contou com a presen\u00e7a de diversas autoridades, dentre elas, o prefeito Ant\u00f4nio de An\u00edzio, vereadores, secret\u00e1rios municipais, lideran\u00e7as religiosas, os agentes ambientais (antigo catadores), al\u00e9m da sociedade civil.<br \/><br \/><strong>A Esta\u00e7\u00e3o de Transbordo e o Centro de Triagem e Econeg\u00f3cios.<\/strong><br \/><br \/>A implanta\u00e7\u00e3o da Esta\u00e7\u00e3o de Transbordo e do Centro de Triagem e Econeg\u00f3cios faz parte do Projeto Lix\u00e3o Nunca Mais. Um projeto inovador que, al\u00e9m de estar cumprindo a lei do Novo Marco Legal do Saneamento, que obriga a desativa\u00e7\u00e3o de lix\u00f5es, impulsiona o desenvolvimento sustent\u00e1vel e a preserva\u00e7\u00e3o do meio ambiente, atrav\u00e9s de pol\u00edticas p\u00fablicas eficazes para a transforma\u00e7\u00e3o da vida dos afetados diariamente pelo lix\u00e3o do munic\u00edpio.<br \/><br \/>O projeto que foi uma iniciativa da Prefeitura de Itacar\u00e9, contou com a parceria do Minist\u00e9rio de Desenvolvimento Regional (MDR), da ag\u00eancia alem\u00e3 de coopera\u00e7\u00e3o t\u00e9cnica GIZ (Deutsche Gesellschaft f\u00fcr Internationale Zusammenarbeit GmbH), do Sebrae, CVR Costa do Cacau, empresariado local e muitos outros parceiros importantes. Durante esse um ano foram realizadas uma s\u00e9rie de a\u00e7\u00f5es coordenadas pelo Projeto ProteGEEr, contando com a participa\u00e7\u00e3o ativa da Associa\u00e7\u00e3o de Catadores Vit\u00f3ria, que teve como objetivo encerrar definitivamente as atividades no lix\u00e3o, a implanta\u00e7\u00e3o do Programa de Coleta Seletiva, o funcionamento da Esta\u00e7\u00e3o de Transbordo e do Centro de Triagem e Econeg\u00f3cios, a recupera\u00e7\u00e3o da \u00e1rea degradada, a implementa\u00e7\u00e3o da Educa\u00e7\u00e3o Ambiental nas escolas e v\u00e1rias outras a\u00e7\u00f5es que t\u00eam transformado Itacar\u00e9 numa refer\u00eancia regional e nacional nas quest\u00f5es socioambientais e econ\u00f4micas.<\/p>\n\n\n\n<figure class=\"wp-block-image size-large\"><img fetchpriority=\"high\" decoding=\"async\" width=\"1024\" height=\"768\" src=\"https:\/\/cacaunews.com\/wp-content\/uploads\/2023\/08\/IMG-20230828-WA0235-1024x768.jpg\" alt=\"\" class=\"wp-image-2605\" srcset=\"https:\/\/cacaunews.com\/wp-content\/uploads\/2023\/08\/IMG-20230828-WA0235-1024x768.jpg 1024w, https:\/\/cacaunews.com\/wp-content\/uploads\/2023\/08\/IMG-20230828-WA0235-300x225.jpg 300w, https:\/\/cacaunews.com\/wp-content\/uploads\/2023\/08\/IMG-20230828-WA0235-768x576.jpg 768w, https:\/\/cacaunews.com\/wp-content\/uploads\/2023\/08\/IMG-20230828-WA0235-1536x1152.jpg 1536w, https:\/\/cacaunews.com\/wp-content\/uploads\/2023\/08\/IMG-20230828-WA0235.jpg 1600w\" sizes=\"(max-width: 1024px) 100vw, 1024px\" \/><\/figure>\n\n\n\n<figure class=\"wp-block-image\"><img decoding=\"async\" width=\"300\" height=\"225\" src=\"https:\/\/cacaunews.com\/wp-content\/uploads\/2023\/08\/IMG-20230828-WA0236-300x225.jpg\" alt=\"\" class=\"wp-image-2604\" srcset=\"https:\/\/cacaunews.com\/wp-content\/uploads\/2023\/08\/IMG-20230828-WA0236-300x225.jpg 300w, https:\/\/cacaunews.com\/wp-content\/uploads\/2023\/08\/IMG-20230828-WA0236-768x576.jpg 768w, https:\/\/cacaunews.com\/wp-content\/uploads\/2023\/08\/IMG-20230828-WA0236.jpg 1024w\" sizes=\"(max-width: 300px) 100vw, 300px\" \/><\/figure>\n","protected":false},"excerpt":{"rendered":"<p>Um grande dia para o munic\u00edpio de Itacar\u00e9. Na manh\u00e3 desta sexta-feira (25), a cidade&#8230;<\/p>\n","protected":false},"author":1,"featured_media":2601,"comment_status":"open","ping_status":"open","sticky":false,"template":"","format":"standard","meta":{"footnotes":""},"categories":[18,11],"tags":[1035,1004,1034,99,1033],"yoast_head":"<!-- This site is optimized with the Yoast SEO plugin v21.7 - https:\/\/yoast.com\/wordpress\/plugins\/seo\/ -->\n<title>Itacar\u00e9 comemora um ano do fechamento do lix\u00e3o. - Cacau News<\/title>\n<meta name=\"robots\" content=\"index, follow, max-snippet:-1, max-image-preview:large, max-video-preview:-1\" \/>\n<link rel=\"canonical\" href=\"https:\/\/cacaunews.com\/?p=2602\" \/>\n<meta property=\"og:locale\" content=\"pt_BR\" \/>\n<meta property=\"og:type\" content=\"article\" \/>\n<meta property=\"og:title\" content=\"Itacar\u00e9 comemora um ano do fechamento do lix\u00e3o. - Cacau News\" \/>\n<meta property=\"og:description\" content=\"Um grande dia para o munic\u00edpio de Itacar\u00e9. Na manh\u00e3 desta sexta-feira (25), a cidade...\" \/>\n<meta property=\"og:url\" content=\"https:\/\/cacaunews.com\/?p=2602\" \/>\n<meta property=\"og:site_name\" content=\"Cacau News\" \/>\n<meta property=\"article:published_time\" content=\"2023-08-28T15:12:44+00:00\" \/>\n<meta property=\"article:modified_time\" content=\"2023-08-28T15:14:14+00:00\" \/>\n<meta property=\"og:image\" content=\"https:\/\/cacaunews.com\/wp-content\/uploads\/2023\/08\/IMG-20230828-WA0234.jpg\" \/>\n\t<meta property=\"og:image:width\" content=\"1588\" \/>\n\t<meta property=\"og:image:height\" content=\"869\" \/>\n\t<meta property=\"og:image:type\" content=\"image\/jpeg\" \/>\n<meta name=\"author\" content=\"Reda\u00e7\u00e3o Cacau News\" \/>\n<meta name=\"twitter:card\" content=\"summary_large_image\" \/>\n<meta name=\"twitter:label1\" content=\"Escrito por\" \/>\n\t<meta name=\"twitter:data1\" content=\"Reda\u00e7\u00e3o Cacau News\" \/>\n\t<meta name=\"twitter:label2\" content=\"Est. tempo de leitura\" \/>\n\t<meta name=\"twitter:data2\" content=\"2 minutos\" \/>\n<script type=\"application\/ld+json\" class=\"yoast-schema-graph\">{\"@context\":\"https:\/\/schema.org\",\"@graph\":[{\"@type\":\"Article\",\"@id\":\"https:\/\/cacaunews.com\/?p=2602#article\",\"isPartOf\":{\"@id\":\"https:\/\/cacaunews.com\/?p=2602\"},\"author\":{\"name\":\"Reda\u00e7\u00e3o Cacau News\",\"@id\":\"https:\/\/cacaunews.com\/#\/schema\/person\/ea69703103e606ad347ccd64bd72ef79\"},\"headline\":\"Itacar\u00e9 comemora um ano do fechamento do lix\u00e3o.\",\"datePublished\":\"2023-08-28T15:12:44+00:00\",\"dateModified\":\"2023-08-28T15:14:14+00:00\",\"mainEntityOfPage\":{\"@id\":\"https:\/\/cacaunews.com\/?p=2602\"},\"wordCount\":397,\"commentCount\":0,\"publisher\":{\"@id\":\"https:\/\/cacaunews.com\/#organization\"},\"keywords\":[\"cidade verde\",\"coleta seletiva\",\"fechamento\",\"itacar\u00e9\",\"lix\u00e3o\"],\"articleSection\":[\"cidades\",\"Jornalismo\"],\"inLanguage\":\"pt-BR\",\"potentialAction\":[{\"@type\":\"CommentAction\",\"name\":\"Comment\",\"target\":[\"https:\/\/cacaunews.com\/?p=2602#respond\"]}]},{\"@type\":\"WebPage\",\"@id\":\"https:\/\/cacaunews.com\/?p=2602\",\"url\":\"https:\/\/cacaunews.com\/?p=2602\",\"name\":\"Itacar\u00e9 comemora um ano do fechamento do lix\u00e3o. - Cacau News\",\"isPartOf\":{\"@id\":\"https:\/\/cacaunews.com\/#website\"},\"datePublished\":\"2023-08-28T15:12:44+00:00\",\"dateModified\":\"2023-08-28T15:14:14+00:00\",\"breadcrumb\":{\"@id\":\"https:\/\/cacaunews.com\/?p=2602#breadcrumb\"},\"inLanguage\":\"pt-BR\",\"potentialAction\":[{\"@type\":\"ReadAction\",\"target\":[\"https:\/\/cacaunews.com\/?p=2602\"]}]},{\"@type\":\"BreadcrumbList\",\"@id\":\"https:\/\/cacaunews.com\/?p=2602#breadcrumb\",\"itemListElement\":[{\"@type\":\"ListItem\",\"position\":1,\"name\":\"In\u00edcio\",\"item\":\"https:\/\/cacaunews.com\/\"},{\"@type\":\"ListItem\",\"position\":2,\"name\":\"Itacar\u00e9 comemora um ano do fechamento do lix\u00e3o.\"}]},{\"@type\":\"WebSite\",\"@id\":\"https:\/\/cacaunews.com\/#website\",\"url\":\"https:\/\/cacaunews.com\/\",\"name\":\"Cacau News\",\"description\":\"A Informa\u00e7\u00e3o que voc\u00ea precisa!\",\"publisher\":{\"@id\":\"https:\/\/cacaunews.com\/#organization\"},\"potentialAction\":[{\"@type\":\"SearchAction\",\"target\":{\"@type\":\"EntryPoint\",\"urlTemplate\":\"https:\/\/cacaunews.com\/?s={search_term_string}\"},\"query-input\":\"required name=search_term_string\"}],\"inLanguage\":\"pt-BR\"},{\"@type\":\"Organization\",\"@id\":\"https:\/\/cacaunews.com\/#organization\",\"name\":\"Cacau News\",\"url\":\"https:\/\/cacaunews.com\/\",\"logo\":{\"@type\":\"ImageObject\",\"inLanguage\":\"pt-BR\",\"@id\":\"https:\/\/cacaunews.com\/#\/schema\/logo\/image\/\",\"url\":\"https:\/\/cacaunews.com\/wp-content\/uploads\/2025\/01\/cropped-LOGO-NOVA.png\",\"contentUrl\":\"https:\/\/cacaunews.com\/wp-content\/uploads\/2025\/01\/cropped-LOGO-NOVA.png\",\"width\":813,\"height\":813,\"caption\":\"Cacau News\"},\"image\":{\"@id\":\"https:\/\/cacaunews.com\/#\/schema\/logo\/image\/\"},\"sameAs\":[\"https:\/\/www.instagram.com\/cacaunews.online\/\",\"https:\/\/youtube.com\/@cacaunews?si=0VXLnjl08SrWbVG9\"]},{\"@type\":\"Person\",\"@id\":\"https:\/\/cacaunews.com\/#\/schema\/person\/ea69703103e606ad347ccd64bd72ef79\",\"name\":\"Reda\u00e7\u00e3o Cacau News\",\"image\":{\"@type\":\"ImageObject\",\"inLanguage\":\"pt-BR\",\"@id\":\"https:\/\/cacaunews.com\/#\/schema\/person\/image\/\",\"url\":\"https:\/\/secure.gravatar.com\/avatar\/d79227a2a7b6cc42e8d7a8f7c284cd3a?s=96&d=mm&r=g\",\"contentUrl\":\"https:\/\/secure.gravatar.com\/avatar\/d79227a2a7b6cc42e8d7a8f7c284cd3a?s=96&d=mm&r=g\",\"caption\":\"Reda\u00e7\u00e3o Cacau News\"},\"sameAs\":[\"https:\/\/cacaunews.com\"],\"url\":\"https:\/\/cacaunews.com\/?author=1\"}]}<\/script>\n<!-- \/ Yoast SEO plugin. -->","yoast_head_json":{"title":"Itacar\u00e9 comemora um ano do fechamento do lix\u00e3o. - Cacau News","robots":{"index":"index","follow":"follow","max-snippet":"max-snippet:-1","max-image-preview":"max-image-preview:large","max-video-preview":"max-video-preview:-1"},"canonical":"https:\/\/cacaunews.com\/?p=2602","og_locale":"pt_BR","og_type":"article","og_title":"Itacar\u00e9 comemora um ano do fechamento do lix\u00e3o. - Cacau News","og_description":"Um grande dia para o munic\u00edpio de Itacar\u00e9. Na manh\u00e3 desta sexta-feira (25), a cidade...","og_url":"https:\/\/cacaunews.com\/?p=2602","og_site_name":"Cacau News","article_published_time":"2023-08-28T15:12:44+00:00","article_modified_time":"2023-08-28T15:14:14+00:00","og_image":[{"width":1588,"height":869,"url":"https:\/\/cacaunews.com\/wp-content\/uploads\/2023\/08\/IMG-20230828-WA0234.jpg","type":"image\/jpeg"}],"author":"Reda\u00e7\u00e3o Cacau News","twitter_card":"summary_large_image","twitter_misc":{"Escrito por":"Reda\u00e7\u00e3o Cacau News","Est. tempo de leitura":"2 minutos"},"schema":{"@context":"https:\/\/schema.org","@graph":[{"@type":"Article","@id":"https:\/\/cacaunews.com\/?p=2602#article","isPartOf":{"@id":"https:\/\/cacaunews.com\/?p=2602"},"author":{"name":"Reda\u00e7\u00e3o Cacau News","@id":"https:\/\/cacaunews.com\/#\/schema\/person\/ea69703103e606ad347ccd64bd72ef79"},"headline":"Itacar\u00e9 comemora um ano do fechamento do lix\u00e3o.","datePublished":"2023-08-28T15:12:44+00:00","dateModified":"2023-08-28T15:14:14+00:00","mainEntityOfPage":{"@id":"https:\/\/cacaunews.com\/?p=2602"},"wordCount":397,"commentCount":0,"publisher":{"@id":"https:\/\/cacaunews.com\/#organization"},"keywords":["cidade verde","coleta seletiva","fechamento","itacar\u00e9","lix\u00e3o"],"articleSection":["cidades","Jornalismo"],"inLanguage":"pt-BR","potentialAction":[{"@type":"CommentAction","name":"Comment","target":["https:\/\/cacaunews.com\/?p=2602#respond"]}]},{"@type":"WebPage","@id":"https:\/\/cacaunews.com\/?p=2602","url":"https:\/\/cacaunews.com\/?p=2602","name":"Itacar\u00e9 comemora um ano do fechamento do lix\u00e3o. - Cacau News","isPartOf":{"@id":"https:\/\/cacaunews.com\/#website"},"datePublished":"2023-08-28T15:12:44+00:00","dateModified":"2023-08-28T15:14:14+00:00","breadcrumb":{"@id":"https:\/\/cacaunews.com\/?p=2602#breadcrumb"},"inLanguage":"pt-BR","potentialAction":[{"@type":"ReadAction","target":["https:\/\/cacaunews.com\/?p=2602"]}]},{"@type":"BreadcrumbList","@id":"https:\/\/cacaunews.com\/?p=2602#breadcrumb","itemListElement":[{"@type":"ListItem","position":1,"name":"In\u00edcio","item":"https:\/\/cacaunews.com\/"},{"@type":"ListItem","position":2,"name":"Itacar\u00e9 comemora um ano do fechamento do lix\u00e3o."}]},{"@type":"WebSite","@id":"https:\/\/cacaunews.com\/#website","url":"https:\/\/cacaunews.com\/","name":"Cacau News","description":"A Informa\u00e7\u00e3o que voc\u00ea precisa!","publisher":{"@id":"https:\/\/cacaunews.com\/#organization"},"potentialAction":[{"@type":"SearchAction","target":{"@type":"EntryPoint","urlTemplate":"https:\/\/cacaunews.com\/?s={search_term_string}"},"query-input":"required name=search_term_string"}],"inLanguage":"pt-BR"},{"@type":"Organization","@id":"https:\/\/cacaunews.com\/#organization","name":"Cacau News","url":"https:\/\/cacaunews.com\/","logo":{"@type":"ImageObject","inLanguage":"pt-BR","@id":"https:\/\/cacaunews.com\/#\/schema\/logo\/image\/","url":"https:\/\/cacaunews.com\/wp-content\/uploads\/2025\/01\/cropped-LOGO-NOVA.png","contentUrl":"https:\/\/cacaunews.com\/wp-content\/uploads\/2025\/01\/cropped-LOGO-NOVA.png","width":813,"height":813,"caption":"Cacau News"},"image":{"@id":"https:\/\/cacaunews.com\/#\/schema\/logo\/image\/"},"sameAs":["https:\/\/www.instagram.com\/cacaunews.online\/","https:\/\/youtube.com\/@cacaunews?si=0VXLnjl08SrWbVG9"]},{"@type":"Person","@id":"https:\/\/cacaunews.com\/#\/schema\/person\/ea69703103e606ad347ccd64bd72ef79","name":"Reda\u00e7\u00e3o Cacau News","image":{"@type":"ImageObject","inLanguage":"pt-BR","@id":"https:\/\/cacaunews.com\/#\/schema\/person\/image\/","url":"https:\/\/secure.gravatar.com\/avatar\/d79227a2a7b6cc42e8d7a8f7c284cd3a?s=96&d=mm&r=g","contentUrl":"https:\/\/secure.gravatar.com\/avatar\/d79227a2a7b6cc42e8d7a8f7c284cd3a?s=96&d=mm&r=g","caption":"Reda\u00e7\u00e3o Cacau News"},"sameAs":["https:\/\/cacaunews.com"],"url":"https:\/\/cacaunews.com\/?author=1"}]}},"jetpack_sharing_enabled":true,"jetpack_featured_media_url":"https:\/\/cacaunews.com\/wp-content\/uploads\/2023\/08\/IMG-20230828-WA0234.jpg","_links":{"self":[{"href":"https:\/\/cacaunews.com\/index.php?rest_route=\/wp\/v2\/posts\/2602"}],"collection":[{"href":"https:\/\/cacaunews.com\/index.php?rest_route=\/wp\/v2\/posts"}],"about":[{"href":"https:\/\/cacaunews.com\/index.php?rest_route=\/wp\/v2\/types\/post"}],"author":[{"embeddable":true,"href":"https:\/\/cacaunews.com\/index.php?rest_route=\/wp\/v2\/users\/1"}],"replies":[{"embeddable":true,"href":"https:\/\/cacaunews.com\/index.php?rest_route=%2Fwp%2Fv2%2Fcomments&post=2602"}],"version-history":[{"count":2,"href":"https:\/\/cacaunews.com\/index.php?rest_route=\/wp\/v2\/posts\/2602\/revisions"}],"predecessor-version":[{"id":2606,"href":"https:\/\/cacaunews.com\/index.php?rest_route=\/wp\/v2\/posts\/2602\/revisions\/2606"}],"wp:featuredmedia":[{"embeddable":true,"href":"https:\/\/cacaunews.com\/index.php?rest_route=\/wp\/v2\/media\/2601"}],"wp:attachment":[{"href":"https:\/\/cacaunews.com\/index.php?rest_route=%2Fwp%2Fv2%2Fmedia&parent=2602"}],"wp:term":[{"taxonomy":"category","embeddable":true,"href":"https:\/\/cacaunews.com\/index.php?rest_route=%2Fwp%2Fv2%2Fcategories&post=2602"},{"taxonomy":"post_tag","embeddable":true,"href":"https:\/\/cacaunews.com\/index.php?rest_route=%2Fwp%2Fv2%2Ftags&post=2602"}],"curies":[{"name":"wp","href":"https:\/\/api.w.org\/{rel}","templated":true}]}}