{"id":2630,"date":"2023-08-30T18:48:06","date_gmt":"2023-08-30T18:48:06","guid":{"rendered":"https:\/\/cacaunews.com\/?p=2630"},"modified":"2023-08-30T18:48:24","modified_gmt":"2023-08-30T18:48:24","slug":"forum-brasileiro-dos-direitos-da-natureza-sera-na-uesc","status":"publish","type":"post","link":"https:\/\/cacaunews.com\/?p=2630","title":{"rendered":"F\u00f3rum Brasileiro dos Direitos da Natureza ser\u00e1 na Uesc."},"content":{"rendered":"\n<p>O 2\u00ba F\u00f3rum Brasileiro dos Direitos da Natureza ser\u00e1 realizado na Universidade Estadual de Santa Cruz (Uesc) e na Aldeia  ind\u00edgena Tupinamb\u00e1, Tukum, em Oliven\u00e7a, na cidade de Ilh\u00e9us, nos dias 6 e 7 de outubro. As inscri\u00e7\u00f5es podem ser feitas &#8211; atrav\u00e9s do link &#8211; at\u00e9 o dia 15 de setembro. S\u00e3o gratuitas, mas o custo com transporte, alojamento e alimenta\u00e7\u00e3o, ser\u00e3o arcados por cada participante que ter\u00e1 direito ao certificado digital.<br><br> <br><br>O evento \u00e9 promovido pela Articula\u00e7\u00e3o Nacional pelos Direitos da Natureza, a M\u00e3e Terra \u2013 composta por entidades da sociedade civil, povos ind\u00edgenas e comunidades tradicionais criada atrav\u00e9s de um di\u00e1logo realizado no Semin\u00e1rio Nacional do F\u00f3rum Mudan\u00e7as Clim\u00e1ticas e Justi\u00e7a Socioambiental a partir de uma das conclus\u00f5es do S\u00ednodo da Amaz\u00f4nia, realizado em outubro de 2019, indicando ser necess\u00e1rio defender os direitos das pessoas e da natureza.<br><br> <br><br>Al\u00e9m da Uesc, o evento conta com o apoio da Universidade Federal Sul da Bahia, Caritas Brasileira, Mapas e o Observat\u00f3rio de Justi\u00e7a Socioambiental Luciano Mendes de Almeida (Olma), reafirma a\u00e7\u00f5es coletivas e conscientes do envolvimento da sociedade e das pessoas a respeito da import\u00e2ncia do resgate dos modos de vida em harmonia com os demais seres da Natureza.<br><br> <br><br>O F\u00f3rum \u00e9 reconhecido pela Organiza\u00e7\u00e3o das Na\u00e7\u00f5es Unidas (ONU) por meio da sua iniciativa Harmony with Nature, o evento tem por objetivo o compartilhamento de saberes e a escuta das comunidades ind\u00edgenas, tradicionais, acad\u00eamicas e da sociedade civil para promover incid\u00eancias locais e nacionais e para iniciar a constru\u00e7\u00e3o da Assembleia da Terra da ONU, que ser\u00e1 implantada em abril de 2024, contribuindo com a defini\u00e7\u00e3o sobre os direitos universais da M\u00e3e Terra, que dever\u00e3o ser debatidos globalmente e internalizados na Declara\u00e7\u00e3o Universal dos Direitos da M\u00e3e Terra.<br><br> <br><br>No dia 6 de outubro, a programa\u00e7\u00e3o ser\u00e1 na  Aldeia Tukum, preparada pela pr\u00f3pria comunidade ind\u00edgena, envolvendo anci\u00e3os e a juventude, a pr\u00e1tica de seus rituais e a apresenta\u00e7\u00e3o de sua bioculturalidade.<br><br> <br><br>No dia 7, na Universidade Estadual de Santa Cruz, o encontro com diversas atividades, tem por finalidade a consolida\u00e7\u00e3o e encaminhamento de demandas das comunidades tradicionais presentes no encontro, para que o poder p\u00fablico e a academia contribuam na luta pela resolu\u00e7\u00e3o e encaminhamento de demandas pendentes das comunidades, al\u00e9m de embasamento para cria\u00e7\u00e3o de projetos que tragam visibilidade, uni\u00e3o e troca de saberes.<\/p>\n\n\n\n<figure class=\"wp-block-image size-large\"><img fetchpriority=\"high\" decoding=\"async\" width=\"1024\" height=\"681\" src=\"https:\/\/cacaunews.com\/wp-content\/uploads\/2023\/08\/forum-1024x681.jpg\" alt=\"\" class=\"wp-image-2632\" srcset=\"https:\/\/cacaunews.com\/wp-content\/uploads\/2023\/08\/forum-1024x681.jpg 1024w, https:\/\/cacaunews.com\/wp-content\/uploads\/2023\/08\/forum-300x199.jpg 300w, https:\/\/cacaunews.com\/wp-content\/uploads\/2023\/08\/forum-768x511.jpg 768w, https:\/\/cacaunews.com\/wp-content\/uploads\/2023\/08\/forum-1536x1021.jpg 1536w, https:\/\/cacaunews.com\/wp-content\/uploads\/2023\/08\/forum-2048x1362.jpg 2048w\" sizes=\"(max-width: 1024px) 100vw, 1024px\" \/><\/figure>\n","protected":false},"excerpt":{"rendered":"<p>O 2\u00ba F\u00f3rum Brasileiro dos Direitos da Natureza ser\u00e1 realizado na Universidade Estadual de Santa&#8230;<\/p>\n","protected":false},"author":1,"featured_media":2629,"comment_status":"open","ping_status":"open","sticky":false,"template":"","format":"standard","meta":{"footnotes":""},"categories":[4,11],"tags":[1048,153,1049,352],"yoast_head":"<!-- This site is optimized with the Yoast SEO plugin v21.7 - https:\/\/yoast.com\/wordpress\/plugins\/seo\/ -->\n<title>F\u00f3rum Brasileiro dos Direitos da Natureza ser\u00e1 na Uesc. - Cacau News<\/title>\n<meta name=\"robots\" content=\"index, follow, max-snippet:-1, max-image-preview:large, max-video-preview:-1\" \/>\n<link rel=\"canonical\" href=\"https:\/\/cacaunews.com\/?p=2630\" \/>\n<meta property=\"og:locale\" content=\"pt_BR\" \/>\n<meta property=\"og:type\" content=\"article\" \/>\n<meta property=\"og:title\" content=\"F\u00f3rum Brasileiro dos Direitos da Natureza ser\u00e1 na Uesc. - Cacau News\" \/>\n<meta property=\"og:description\" content=\"O 2\u00ba F\u00f3rum Brasileiro dos Direitos da Natureza ser\u00e1 realizado na Universidade Estadual de Santa...\" \/>\n<meta property=\"og:url\" content=\"https:\/\/cacaunews.com\/?p=2630\" \/>\n<meta property=\"og:site_name\" content=\"Cacau News\" \/>\n<meta property=\"article:published_time\" content=\"2023-08-30T18:48:06+00:00\" \/>\n<meta property=\"article:modified_time\" content=\"2023-08-30T18:48:24+00:00\" \/>\n<meta property=\"og:image\" content=\"https:\/\/cacaunews.com\/wp-content\/uploads\/2023\/08\/forum-1.png\" \/>\n\t<meta property=\"og:image:width\" content=\"870\" \/>\n\t<meta property=\"og:image:height\" content=\"435\" \/>\n\t<meta property=\"og:image:type\" content=\"image\/png\" \/>\n<meta name=\"author\" content=\"Reda\u00e7\u00e3o Cacau News\" \/>\n<meta name=\"twitter:card\" content=\"summary_large_image\" \/>\n<meta name=\"twitter:label1\" content=\"Escrito por\" \/>\n\t<meta name=\"twitter:data1\" content=\"Reda\u00e7\u00e3o Cacau News\" \/>\n\t<meta name=\"twitter:label2\" content=\"Est. tempo de leitura\" \/>\n\t<meta name=\"twitter:data2\" content=\"2 minutos\" \/>\n<script type=\"application\/ld+json\" class=\"yoast-schema-graph\">{\"@context\":\"https:\/\/schema.org\",\"@graph\":[{\"@type\":\"Article\",\"@id\":\"https:\/\/cacaunews.com\/?p=2630#article\",\"isPartOf\":{\"@id\":\"https:\/\/cacaunews.com\/?p=2630\"},\"author\":{\"name\":\"Reda\u00e7\u00e3o Cacau News\",\"@id\":\"https:\/\/cacaunews.com\/#\/schema\/person\/ea69703103e606ad347ccd64bd72ef79\"},\"headline\":\"F\u00f3rum Brasileiro dos Direitos da Natureza ser\u00e1 na Uesc.\",\"datePublished\":\"2023-08-30T18:48:06+00:00\",\"dateModified\":\"2023-08-30T18:48:24+00:00\",\"mainEntityOfPage\":{\"@id\":\"https:\/\/cacaunews.com\/?p=2630\"},\"wordCount\":436,\"commentCount\":0,\"publisher\":{\"@id\":\"https:\/\/cacaunews.com\/#organization\"},\"keywords\":[\"f\u00f3rum brasileiro\",\"informa\u00e7\u00f5es\",\"natureza\",\"UESC\"],\"articleSection\":[\"Internet\",\"Jornalismo\"],\"inLanguage\":\"pt-BR\",\"potentialAction\":[{\"@type\":\"CommentAction\",\"name\":\"Comment\",\"target\":[\"https:\/\/cacaunews.com\/?p=2630#respond\"]}]},{\"@type\":\"WebPage\",\"@id\":\"https:\/\/cacaunews.com\/?p=2630\",\"url\":\"https:\/\/cacaunews.com\/?p=2630\",\"name\":\"F\u00f3rum Brasileiro dos Direitos da Natureza ser\u00e1 na Uesc. - Cacau News\",\"isPartOf\":{\"@id\":\"https:\/\/cacaunews.com\/#website\"},\"datePublished\":\"2023-08-30T18:48:06+00:00\",\"dateModified\":\"2023-08-30T18:48:24+00:00\",\"breadcrumb\":{\"@id\":\"https:\/\/cacaunews.com\/?p=2630#breadcrumb\"},\"inLanguage\":\"pt-BR\",\"potentialAction\":[{\"@type\":\"ReadAction\",\"target\":[\"https:\/\/cacaunews.com\/?p=2630\"]}]},{\"@type\":\"BreadcrumbList\",\"@id\":\"https:\/\/cacaunews.com\/?p=2630#breadcrumb\",\"itemListElement\":[{\"@type\":\"ListItem\",\"position\":1,\"name\":\"In\u00edcio\",\"item\":\"https:\/\/cacaunews.com\/\"},{\"@type\":\"ListItem\",\"position\":2,\"name\":\"F\u00f3rum Brasileiro dos Direitos da Natureza ser\u00e1 na Uesc.\"}]},{\"@type\":\"WebSite\",\"@id\":\"https:\/\/cacaunews.com\/#website\",\"url\":\"https:\/\/cacaunews.com\/\",\"name\":\"Cacau News\",\"description\":\"A Informa\u00e7\u00e3o que voc\u00ea precisa!\",\"publisher\":{\"@id\":\"https:\/\/cacaunews.com\/#organization\"},\"potentialAction\":[{\"@type\":\"SearchAction\",\"target\":{\"@type\":\"EntryPoint\",\"urlTemplate\":\"https:\/\/cacaunews.com\/?s={search_term_string}\"},\"query-input\":\"required name=search_term_string\"}],\"inLanguage\":\"pt-BR\"},{\"@type\":\"Organization\",\"@id\":\"https:\/\/cacaunews.com\/#organization\",\"name\":\"Cacau News\",\"url\":\"https:\/\/cacaunews.com\/\",\"logo\":{\"@type\":\"ImageObject\",\"inLanguage\":\"pt-BR\",\"@id\":\"https:\/\/cacaunews.com\/#\/schema\/logo\/image\/\",\"url\":\"https:\/\/cacaunews.com\/wp-content\/uploads\/2025\/01\/cropped-LOGO-NOVA.png\",\"contentUrl\":\"https:\/\/cacaunews.com\/wp-content\/uploads\/2025\/01\/cropped-LOGO-NOVA.png\",\"width\":813,\"height\":813,\"caption\":\"Cacau News\"},\"image\":{\"@id\":\"https:\/\/cacaunews.com\/#\/schema\/logo\/image\/\"},\"sameAs\":[\"https:\/\/www.instagram.com\/cacaunews.online\/\",\"https:\/\/youtube.com\/@cacaunews?si=0VXLnjl08SrWbVG9\"]},{\"@type\":\"Person\",\"@id\":\"https:\/\/cacaunews.com\/#\/schema\/person\/ea69703103e606ad347ccd64bd72ef79\",\"name\":\"Reda\u00e7\u00e3o Cacau News\",\"image\":{\"@type\":\"ImageObject\",\"inLanguage\":\"pt-BR\",\"@id\":\"https:\/\/cacaunews.com\/#\/schema\/person\/image\/\",\"url\":\"https:\/\/secure.gravatar.com\/avatar\/d79227a2a7b6cc42e8d7a8f7c284cd3a?s=96&d=mm&r=g\",\"contentUrl\":\"https:\/\/secure.gravatar.com\/avatar\/d79227a2a7b6cc42e8d7a8f7c284cd3a?s=96&d=mm&r=g\",\"caption\":\"Reda\u00e7\u00e3o Cacau News\"},\"sameAs\":[\"https:\/\/cacaunews.com\"],\"url\":\"https:\/\/cacaunews.com\/?author=1\"}]}<\/script>\n<!-- \/ Yoast SEO plugin. -->","yoast_head_json":{"title":"F\u00f3rum Brasileiro dos Direitos da Natureza ser\u00e1 na Uesc. - Cacau News","robots":{"index":"index","follow":"follow","max-snippet":"max-snippet:-1","max-image-preview":"max-image-preview:large","max-video-preview":"max-video-preview:-1"},"canonical":"https:\/\/cacaunews.com\/?p=2630","og_locale":"pt_BR","og_type":"article","og_title":"F\u00f3rum Brasileiro dos Direitos da Natureza ser\u00e1 na Uesc. - Cacau News","og_description":"O 2\u00ba F\u00f3rum Brasileiro dos Direitos da Natureza ser\u00e1 realizado na Universidade Estadual de Santa...","og_url":"https:\/\/cacaunews.com\/?p=2630","og_site_name":"Cacau News","article_published_time":"2023-08-30T18:48:06+00:00","article_modified_time":"2023-08-30T18:48:24+00:00","og_image":[{"width":870,"height":435,"url":"https:\/\/cacaunews.com\/wp-content\/uploads\/2023\/08\/forum-1.png","type":"image\/png"}],"author":"Reda\u00e7\u00e3o Cacau News","twitter_card":"summary_large_image","twitter_misc":{"Escrito por":"Reda\u00e7\u00e3o Cacau News","Est. tempo de leitura":"2 minutos"},"schema":{"@context":"https:\/\/schema.org","@graph":[{"@type":"Article","@id":"https:\/\/cacaunews.com\/?p=2630#article","isPartOf":{"@id":"https:\/\/cacaunews.com\/?p=2630"},"author":{"name":"Reda\u00e7\u00e3o Cacau News","@id":"https:\/\/cacaunews.com\/#\/schema\/person\/ea69703103e606ad347ccd64bd72ef79"},"headline":"F\u00f3rum Brasileiro dos Direitos da Natureza ser\u00e1 na Uesc.","datePublished":"2023-08-30T18:48:06+00:00","dateModified":"2023-08-30T18:48:24+00:00","mainEntityOfPage":{"@id":"https:\/\/cacaunews.com\/?p=2630"},"wordCount":436,"commentCount":0,"publisher":{"@id":"https:\/\/cacaunews.com\/#organization"},"keywords":["f\u00f3rum brasileiro","informa\u00e7\u00f5es","natureza","UESC"],"articleSection":["Internet","Jornalismo"],"inLanguage":"pt-BR","potentialAction":[{"@type":"CommentAction","name":"Comment","target":["https:\/\/cacaunews.com\/?p=2630#respond"]}]},{"@type":"WebPage","@id":"https:\/\/cacaunews.com\/?p=2630","url":"https:\/\/cacaunews.com\/?p=2630","name":"F\u00f3rum Brasileiro dos Direitos da Natureza ser\u00e1 na Uesc. - Cacau News","isPartOf":{"@id":"https:\/\/cacaunews.com\/#website"},"datePublished":"2023-08-30T18:48:06+00:00","dateModified":"2023-08-30T18:48:24+00:00","breadcrumb":{"@id":"https:\/\/cacaunews.com\/?p=2630#breadcrumb"},"inLanguage":"pt-BR","potentialAction":[{"@type":"ReadAction","target":["https:\/\/cacaunews.com\/?p=2630"]}]},{"@type":"BreadcrumbList","@id":"https:\/\/cacaunews.com\/?p=2630#breadcrumb","itemListElement":[{"@type":"ListItem","position":1,"name":"In\u00edcio","item":"https:\/\/cacaunews.com\/"},{"@type":"ListItem","position":2,"name":"F\u00f3rum Brasileiro dos Direitos da Natureza ser\u00e1 na Uesc."}]},{"@type":"WebSite","@id":"https:\/\/cacaunews.com\/#website","url":"https:\/\/cacaunews.com\/","name":"Cacau News","description":"A Informa\u00e7\u00e3o que voc\u00ea precisa!","publisher":{"@id":"https:\/\/cacaunews.com\/#organization"},"potentialAction":[{"@type":"SearchAction","target":{"@type":"EntryPoint","urlTemplate":"https:\/\/cacaunews.com\/?s={search_term_string}"},"query-input":"required name=search_term_string"}],"inLanguage":"pt-BR"},{"@type":"Organization","@id":"https:\/\/cacaunews.com\/#organization","name":"Cacau News","url":"https:\/\/cacaunews.com\/","logo":{"@type":"ImageObject","inLanguage":"pt-BR","@id":"https:\/\/cacaunews.com\/#\/schema\/logo\/image\/","url":"https:\/\/cacaunews.com\/wp-content\/uploads\/2025\/01\/cropped-LOGO-NOVA.png","contentUrl":"https:\/\/cacaunews.com\/wp-content\/uploads\/2025\/01\/cropped-LOGO-NOVA.png","width":813,"height":813,"caption":"Cacau News"},"image":{"@id":"https:\/\/cacaunews.com\/#\/schema\/logo\/image\/"},"sameAs":["https:\/\/www.instagram.com\/cacaunews.online\/","https:\/\/youtube.com\/@cacaunews?si=0VXLnjl08SrWbVG9"]},{"@type":"Person","@id":"https:\/\/cacaunews.com\/#\/schema\/person\/ea69703103e606ad347ccd64bd72ef79","name":"Reda\u00e7\u00e3o Cacau News","image":{"@type":"ImageObject","inLanguage":"pt-BR","@id":"https:\/\/cacaunews.com\/#\/schema\/person\/image\/","url":"https:\/\/secure.gravatar.com\/avatar\/d79227a2a7b6cc42e8d7a8f7c284cd3a?s=96&d=mm&r=g","contentUrl":"https:\/\/secure.gravatar.com\/avatar\/d79227a2a7b6cc42e8d7a8f7c284cd3a?s=96&d=mm&r=g","caption":"Reda\u00e7\u00e3o Cacau News"},"sameAs":["https:\/\/cacaunews.com"],"url":"https:\/\/cacaunews.com\/?author=1"}]}},"jetpack_sharing_enabled":true,"jetpack_featured_media_url":"https:\/\/cacaunews.com\/wp-content\/uploads\/2023\/08\/forum-1.png","_links":{"self":[{"href":"https:\/\/cacaunews.com\/index.php?rest_route=\/wp\/v2\/posts\/2630"}],"collection":[{"href":"https:\/\/cacaunews.com\/index.php?rest_route=\/wp\/v2\/posts"}],"about":[{"href":"https:\/\/cacaunews.com\/index.php?rest_route=\/wp\/v2\/types\/post"}],"author":[{"embeddable":true,"href":"https:\/\/cacaunews.com\/index.php?rest_route=\/wp\/v2\/users\/1"}],"replies":[{"embeddable":true,"href":"https:\/\/cacaunews.com\/index.php?rest_route=%2Fwp%2Fv2%2Fcomments&post=2630"}],"version-history":[{"count":2,"href":"https:\/\/cacaunews.com\/index.php?rest_route=\/wp\/v2\/posts\/2630\/revisions"}],"predecessor-version":[{"id":2633,"href":"https:\/\/cacaunews.com\/index.php?rest_route=\/wp\/v2\/posts\/2630\/revisions\/2633"}],"wp:featuredmedia":[{"embeddable":true,"href":"https:\/\/cacaunews.com\/index.php?rest_route=\/wp\/v2\/media\/2629"}],"wp:attachment":[{"href":"https:\/\/cacaunews.com\/index.php?rest_route=%2Fwp%2Fv2%2Fmedia&parent=2630"}],"wp:term":[{"taxonomy":"category","embeddable":true,"href":"https:\/\/cacaunews.com\/index.php?rest_route=%2Fwp%2Fv2%2Fcategories&post=2630"},{"taxonomy":"post_tag","embeddable":true,"href":"https:\/\/cacaunews.com\/index.php?rest_route=%2Fwp%2Fv2%2Ftags&post=2630"}],"curies":[{"name":"wp","href":"https:\/\/api.w.org\/{rel}","templated":true}]}}