{"id":2641,"date":"2023-08-31T19:03:58","date_gmt":"2023-08-31T19:03:58","guid":{"rendered":"https:\/\/cacaunews.com\/?p=2641"},"modified":"2023-08-31T23:42:47","modified_gmt":"2023-08-31T23:42:47","slug":"itabuna-premio-consolacao-larissa-moitinho-e-nomeada-na-gestao-municipal","status":"publish","type":"post","link":"https:\/\/cacaunews.com\/?p=2641","title":{"rendered":"Itabuna: Pr\u00eamio consola\u00e7\u00e3o? Larissa Moitinho \u00e9 nomeada na gest\u00e3o municipal."},"content":{"rendered":"<p>Pr\u00eamio consola\u00e7\u00e3o ?<\/p>\n<p>A poetiza Larissa Moitinho, ventilada para ocupar o cargo de coordena\u00e7\u00e3o do Centro de Cultura Adonias Filho \u2013 CCAF em Itabuna, equipamento estadual vinculado \u00e0 Secult-BA, foi nomeada hoje (31), para o cargo de diretora do Departamento Social Especial de M\u00e9dia Complexidade, lotada na Secretaria de Promo\u00e7\u00e3o Social e Combate \u00e0 Pobreza.<\/p>\n<p>O que chama a aten\u00e7\u00e3o \u00e9 que a petista Larissa Moitinho foi para o governo do PSD, indicada pelo presidente estadual do PCdoB Davidson Magalh\u00e3es.<\/p>\n<p>Em contrapartida Ab\u00edlio Ara\u00fajo, filho da ex secret\u00e1ria de governo Maria Alice, foi exonerado do cargo que ocupava para dar lugar a Moitinho e ocupou cargo que pertencia a Cleri Nascimento que \u00e9 um apoiador ferrenho de Augusto Castro. Enfim essa nomea\u00e7\u00e3o mexeu com as cadeiras no Centro Administrativo Firmino Alves.<\/p>\n<p>Aguardemos as cenas do pr\u00f3ximo cap\u00edtulo.<\/p>\n<p>Veja a errata sobre a informa\u00e7\u00e3o <a target=\"_blank\" rel=\"noopener\" href=\"https:\/\/cacaunews.com\/errata-larissa-moitinho-nao-foi-indicada-por-davidson-magalhaes\/\">Leia aqui<\/a><\/p>\n<p><img fetchpriority=\"high\" decoding=\"async\" src=\"https:\/\/cacaunews.com\/wp-content\/uploads\/2023\/08\/IMG_20230831_161001.jpg\" class=\"wp-image-2651 alignnone size-full\" width=\"1022\" height=\"1563\" srcset=\"https:\/\/cacaunews.com\/wp-content\/uploads\/2023\/08\/IMG_20230831_161001.jpg 1022w, https:\/\/cacaunews.com\/wp-content\/uploads\/2023\/08\/IMG_20230831_161001-196x300.jpg 196w, https:\/\/cacaunews.com\/wp-content\/uploads\/2023\/08\/IMG_20230831_161001-670x1024.jpg 670w, https:\/\/cacaunews.com\/wp-content\/uploads\/2023\/08\/IMG_20230831_161001-768x1175.jpg 768w, https:\/\/cacaunews.com\/wp-content\/uploads\/2023\/08\/IMG_20230831_161001-1004x1536.jpg 1004w\" sizes=\"(max-width: 1022px) 100vw, 1022px\" \/><\/p>\n<p><img decoding=\"async\" src=\"https:\/\/cacaunews.com\/wp-content\/uploads\/2023\/08\/IMG_20230831_161107.jpg\" class=\"wp-image-2652 alignnone size-full\" width=\"1012\" height=\"1432\" srcset=\"https:\/\/cacaunews.com\/wp-content\/uploads\/2023\/08\/IMG_20230831_161107.jpg 1012w, https:\/\/cacaunews.com\/wp-content\/uploads\/2023\/08\/IMG_20230831_161107-212x300.jpg 212w, https:\/\/cacaunews.com\/wp-content\/uploads\/2023\/08\/IMG_20230831_161107-724x1024.jpg 724w, https:\/\/cacaunews.com\/wp-content\/uploads\/2023\/08\/IMG_20230831_161107-768x1087.jpg 768w\" sizes=\"(max-width: 1012px) 100vw, 1012px\" \/><\/p>\n<p><img decoding=\"async\" src=\"https:\/\/cacaunews.com\/wp-content\/uploads\/2023\/08\/IMG_20230831_161153.jpg\" class=\"wp-image-2650 alignnone size-full\" width=\"1006\" height=\"1427\" srcset=\"https:\/\/cacaunews.com\/wp-content\/uploads\/2023\/08\/IMG_20230831_161153.jpg 1006w, https:\/\/cacaunews.com\/wp-content\/uploads\/2023\/08\/IMG_20230831_161153-211x300.jpg 211w, https:\/\/cacaunews.com\/wp-content\/uploads\/2023\/08\/IMG_20230831_161153-722x1024.jpg 722w, https:\/\/cacaunews.com\/wp-content\/uploads\/2023\/08\/IMG_20230831_161153-768x1089.jpg 768w\" sizes=\"(max-width: 1006px) 100vw, 1006px\" \/><\/p>\n","protected":false},"excerpt":{"rendered":"<p>Pr\u00eamio consola\u00e7\u00e3o ? A poetiza Larissa Moitinho, ventilada para ocupar o cargo de coordena\u00e7\u00e3o do&#8230;<\/p>\n","protected":false},"author":1,"featured_media":2640,"comment_status":"open","ping_status":"open","sticky":false,"template":"","format":"standard","meta":{"footnotes":""},"categories":[18,5],"tags":[374,27,1054,1055],"yoast_head":"<!-- This site is optimized with the Yoast SEO plugin v21.7 - https:\/\/yoast.com\/wordpress\/plugins\/seo\/ -->\n<title>Itabuna: Pr\u00eamio consola\u00e7\u00e3o? Larissa Moitinho \u00e9 nomeada na gest\u00e3o municipal. - Cacau News<\/title>\n<meta name=\"robots\" content=\"index, follow, max-snippet:-1, max-image-preview:large, max-video-preview:-1\" \/>\n<link rel=\"canonical\" href=\"https:\/\/cacaunews.com\/?p=2641\" \/>\n<meta property=\"og:locale\" content=\"pt_BR\" \/>\n<meta property=\"og:type\" content=\"article\" \/>\n<meta property=\"og:title\" content=\"Itabuna: Pr\u00eamio consola\u00e7\u00e3o? Larissa Moitinho \u00e9 nomeada na gest\u00e3o municipal. - Cacau News\" \/>\n<meta property=\"og:description\" content=\"Pr\u00eamio consola\u00e7\u00e3o ? A poetiza Larissa Moitinho, ventilada para ocupar o cargo de coordena\u00e7\u00e3o do...\" \/>\n<meta property=\"og:url\" content=\"https:\/\/cacaunews.com\/?p=2641\" \/>\n<meta property=\"og:site_name\" content=\"Cacau News\" \/>\n<meta property=\"article:published_time\" content=\"2023-08-31T19:03:58+00:00\" \/>\n<meta property=\"article:modified_time\" content=\"2023-08-31T23:42:47+00:00\" \/>\n<meta property=\"og:image\" content=\"https:\/\/cacaunews.com\/wp-content\/uploads\/2023\/08\/WhatsApp-Image-2023-08-31-at-15.41.32.jpeg\" \/>\n\t<meta property=\"og:image:width\" content=\"1170\" \/>\n\t<meta property=\"og:image:height\" content=\"1121\" \/>\n\t<meta property=\"og:image:type\" content=\"image\/jpeg\" \/>\n<meta name=\"author\" content=\"Reda\u00e7\u00e3o Cacau News\" \/>\n<meta name=\"twitter:card\" content=\"summary_large_image\" \/>\n<meta name=\"twitter:label1\" content=\"Escrito por\" \/>\n\t<meta name=\"twitter:data1\" content=\"Reda\u00e7\u00e3o Cacau News\" \/>\n\t<meta name=\"twitter:label2\" content=\"Est. tempo de leitura\" \/>\n\t<meta name=\"twitter:data2\" content=\"1 minuto\" \/>\n<script type=\"application\/ld+json\" class=\"yoast-schema-graph\">{\"@context\":\"https:\/\/schema.org\",\"@graph\":[{\"@type\":\"Article\",\"@id\":\"https:\/\/cacaunews.com\/?p=2641#article\",\"isPartOf\":{\"@id\":\"https:\/\/cacaunews.com\/?p=2641\"},\"author\":{\"name\":\"Reda\u00e7\u00e3o Cacau News\",\"@id\":\"https:\/\/cacaunews.com\/#\/schema\/person\/ea69703103e606ad347ccd64bd72ef79\"},\"headline\":\"Itabuna: Pr\u00eamio consola\u00e7\u00e3o? Larissa Moitinho \u00e9 nomeada na gest\u00e3o municipal.\",\"datePublished\":\"2023-08-31T19:03:58+00:00\",\"dateModified\":\"2023-08-31T23:42:47+00:00\",\"mainEntityOfPage\":{\"@id\":\"https:\/\/cacaunews.com\/?p=2641\"},\"wordCount\":164,\"commentCount\":0,\"publisher\":{\"@id\":\"https:\/\/cacaunews.com\/#organization\"},\"keywords\":[\"augusto castro\",\"itabuna\",\"larissa moitinho\",\"nomea\u00e7\u00e3o\"],\"articleSection\":[\"cidades\",\"Politica\"],\"inLanguage\":\"pt-BR\",\"potentialAction\":[{\"@type\":\"CommentAction\",\"name\":\"Comment\",\"target\":[\"https:\/\/cacaunews.com\/?p=2641#respond\"]}]},{\"@type\":\"WebPage\",\"@id\":\"https:\/\/cacaunews.com\/?p=2641\",\"url\":\"https:\/\/cacaunews.com\/?p=2641\",\"name\":\"Itabuna: Pr\u00eamio consola\u00e7\u00e3o? Larissa Moitinho \u00e9 nomeada na gest\u00e3o municipal. - Cacau News\",\"isPartOf\":{\"@id\":\"https:\/\/cacaunews.com\/#website\"},\"datePublished\":\"2023-08-31T19:03:58+00:00\",\"dateModified\":\"2023-08-31T23:42:47+00:00\",\"breadcrumb\":{\"@id\":\"https:\/\/cacaunews.com\/?p=2641#breadcrumb\"},\"inLanguage\":\"pt-BR\",\"potentialAction\":[{\"@type\":\"ReadAction\",\"target\":[\"https:\/\/cacaunews.com\/?p=2641\"]}]},{\"@type\":\"BreadcrumbList\",\"@id\":\"https:\/\/cacaunews.com\/?p=2641#breadcrumb\",\"itemListElement\":[{\"@type\":\"ListItem\",\"position\":1,\"name\":\"In\u00edcio\",\"item\":\"https:\/\/cacaunews.com\/\"},{\"@type\":\"ListItem\",\"position\":2,\"name\":\"Itabuna: Pr\u00eamio consola\u00e7\u00e3o? Larissa Moitinho \u00e9 nomeada na gest\u00e3o municipal.\"}]},{\"@type\":\"WebSite\",\"@id\":\"https:\/\/cacaunews.com\/#website\",\"url\":\"https:\/\/cacaunews.com\/\",\"name\":\"Cacau News\",\"description\":\"A Informa\u00e7\u00e3o que voc\u00ea precisa!\",\"publisher\":{\"@id\":\"https:\/\/cacaunews.com\/#organization\"},\"potentialAction\":[{\"@type\":\"SearchAction\",\"target\":{\"@type\":\"EntryPoint\",\"urlTemplate\":\"https:\/\/cacaunews.com\/?s={search_term_string}\"},\"query-input\":\"required name=search_term_string\"}],\"inLanguage\":\"pt-BR\"},{\"@type\":\"Organization\",\"@id\":\"https:\/\/cacaunews.com\/#organization\",\"name\":\"Cacau News\",\"url\":\"https:\/\/cacaunews.com\/\",\"logo\":{\"@type\":\"ImageObject\",\"inLanguage\":\"pt-BR\",\"@id\":\"https:\/\/cacaunews.com\/#\/schema\/logo\/image\/\",\"url\":\"https:\/\/cacaunews.com\/wp-content\/uploads\/2025\/01\/cropped-LOGO-NOVA.png\",\"contentUrl\":\"https:\/\/cacaunews.com\/wp-content\/uploads\/2025\/01\/cropped-LOGO-NOVA.png\",\"width\":813,\"height\":813,\"caption\":\"Cacau News\"},\"image\":{\"@id\":\"https:\/\/cacaunews.com\/#\/schema\/logo\/image\/\"},\"sameAs\":[\"https:\/\/www.instagram.com\/cacaunews.online\/\",\"https:\/\/youtube.com\/@cacaunews?si=0VXLnjl08SrWbVG9\"]},{\"@type\":\"Person\",\"@id\":\"https:\/\/cacaunews.com\/#\/schema\/person\/ea69703103e606ad347ccd64bd72ef79\",\"name\":\"Reda\u00e7\u00e3o Cacau News\",\"image\":{\"@type\":\"ImageObject\",\"inLanguage\":\"pt-BR\",\"@id\":\"https:\/\/cacaunews.com\/#\/schema\/person\/image\/\",\"url\":\"https:\/\/secure.gravatar.com\/avatar\/d79227a2a7b6cc42e8d7a8f7c284cd3a?s=96&d=mm&r=g\",\"contentUrl\":\"https:\/\/secure.gravatar.com\/avatar\/d79227a2a7b6cc42e8d7a8f7c284cd3a?s=96&d=mm&r=g\",\"caption\":\"Reda\u00e7\u00e3o Cacau News\"},\"sameAs\":[\"https:\/\/cacaunews.com\"],\"url\":\"https:\/\/cacaunews.com\/?author=1\"}]}<\/script>\n<!-- \/ Yoast SEO plugin. -->","yoast_head_json":{"title":"Itabuna: Pr\u00eamio consola\u00e7\u00e3o? Larissa Moitinho \u00e9 nomeada na gest\u00e3o municipal. - Cacau News","robots":{"index":"index","follow":"follow","max-snippet":"max-snippet:-1","max-image-preview":"max-image-preview:large","max-video-preview":"max-video-preview:-1"},"canonical":"https:\/\/cacaunews.com\/?p=2641","og_locale":"pt_BR","og_type":"article","og_title":"Itabuna: Pr\u00eamio consola\u00e7\u00e3o? Larissa Moitinho \u00e9 nomeada na gest\u00e3o municipal. - Cacau News","og_description":"Pr\u00eamio consola\u00e7\u00e3o ? A poetiza Larissa Moitinho, ventilada para ocupar o cargo de coordena\u00e7\u00e3o do...","og_url":"https:\/\/cacaunews.com\/?p=2641","og_site_name":"Cacau News","article_published_time":"2023-08-31T19:03:58+00:00","article_modified_time":"2023-08-31T23:42:47+00:00","og_image":[{"width":1170,"height":1121,"url":"https:\/\/cacaunews.com\/wp-content\/uploads\/2023\/08\/WhatsApp-Image-2023-08-31-at-15.41.32.jpeg","type":"image\/jpeg"}],"author":"Reda\u00e7\u00e3o Cacau News","twitter_card":"summary_large_image","twitter_misc":{"Escrito por":"Reda\u00e7\u00e3o Cacau News","Est. tempo de leitura":"1 minuto"},"schema":{"@context":"https:\/\/schema.org","@graph":[{"@type":"Article","@id":"https:\/\/cacaunews.com\/?p=2641#article","isPartOf":{"@id":"https:\/\/cacaunews.com\/?p=2641"},"author":{"name":"Reda\u00e7\u00e3o Cacau News","@id":"https:\/\/cacaunews.com\/#\/schema\/person\/ea69703103e606ad347ccd64bd72ef79"},"headline":"Itabuna: Pr\u00eamio consola\u00e7\u00e3o? Larissa Moitinho \u00e9 nomeada na gest\u00e3o municipal.","datePublished":"2023-08-31T19:03:58+00:00","dateModified":"2023-08-31T23:42:47+00:00","mainEntityOfPage":{"@id":"https:\/\/cacaunews.com\/?p=2641"},"wordCount":164,"commentCount":0,"publisher":{"@id":"https:\/\/cacaunews.com\/#organization"},"keywords":["augusto castro","itabuna","larissa moitinho","nomea\u00e7\u00e3o"],"articleSection":["cidades","Politica"],"inLanguage":"pt-BR","potentialAction":[{"@type":"CommentAction","name":"Comment","target":["https:\/\/cacaunews.com\/?p=2641#respond"]}]},{"@type":"WebPage","@id":"https:\/\/cacaunews.com\/?p=2641","url":"https:\/\/cacaunews.com\/?p=2641","name":"Itabuna: Pr\u00eamio consola\u00e7\u00e3o? Larissa Moitinho \u00e9 nomeada na gest\u00e3o municipal. - Cacau News","isPartOf":{"@id":"https:\/\/cacaunews.com\/#website"},"datePublished":"2023-08-31T19:03:58+00:00","dateModified":"2023-08-31T23:42:47+00:00","breadcrumb":{"@id":"https:\/\/cacaunews.com\/?p=2641#breadcrumb"},"inLanguage":"pt-BR","potentialAction":[{"@type":"ReadAction","target":["https:\/\/cacaunews.com\/?p=2641"]}]},{"@type":"BreadcrumbList","@id":"https:\/\/cacaunews.com\/?p=2641#breadcrumb","itemListElement":[{"@type":"ListItem","position":1,"name":"In\u00edcio","item":"https:\/\/cacaunews.com\/"},{"@type":"ListItem","position":2,"name":"Itabuna: Pr\u00eamio consola\u00e7\u00e3o? Larissa Moitinho \u00e9 nomeada na gest\u00e3o municipal."}]},{"@type":"WebSite","@id":"https:\/\/cacaunews.com\/#website","url":"https:\/\/cacaunews.com\/","name":"Cacau News","description":"A Informa\u00e7\u00e3o que voc\u00ea precisa!","publisher":{"@id":"https:\/\/cacaunews.com\/#organization"},"potentialAction":[{"@type":"SearchAction","target":{"@type":"EntryPoint","urlTemplate":"https:\/\/cacaunews.com\/?s={search_term_string}"},"query-input":"required name=search_term_string"}],"inLanguage":"pt-BR"},{"@type":"Organization","@id":"https:\/\/cacaunews.com\/#organization","name":"Cacau News","url":"https:\/\/cacaunews.com\/","logo":{"@type":"ImageObject","inLanguage":"pt-BR","@id":"https:\/\/cacaunews.com\/#\/schema\/logo\/image\/","url":"https:\/\/cacaunews.com\/wp-content\/uploads\/2025\/01\/cropped-LOGO-NOVA.png","contentUrl":"https:\/\/cacaunews.com\/wp-content\/uploads\/2025\/01\/cropped-LOGO-NOVA.png","width":813,"height":813,"caption":"Cacau News"},"image":{"@id":"https:\/\/cacaunews.com\/#\/schema\/logo\/image\/"},"sameAs":["https:\/\/www.instagram.com\/cacaunews.online\/","https:\/\/youtube.com\/@cacaunews?si=0VXLnjl08SrWbVG9"]},{"@type":"Person","@id":"https:\/\/cacaunews.com\/#\/schema\/person\/ea69703103e606ad347ccd64bd72ef79","name":"Reda\u00e7\u00e3o Cacau News","image":{"@type":"ImageObject","inLanguage":"pt-BR","@id":"https:\/\/cacaunews.com\/#\/schema\/person\/image\/","url":"https:\/\/secure.gravatar.com\/avatar\/d79227a2a7b6cc42e8d7a8f7c284cd3a?s=96&d=mm&r=g","contentUrl":"https:\/\/secure.gravatar.com\/avatar\/d79227a2a7b6cc42e8d7a8f7c284cd3a?s=96&d=mm&r=g","caption":"Reda\u00e7\u00e3o Cacau News"},"sameAs":["https:\/\/cacaunews.com"],"url":"https:\/\/cacaunews.com\/?author=1"}]}},"jetpack_sharing_enabled":true,"jetpack_featured_media_url":"https:\/\/cacaunews.com\/wp-content\/uploads\/2023\/08\/WhatsApp-Image-2023-08-31-at-15.41.32.jpeg","_links":{"self":[{"href":"https:\/\/cacaunews.com\/index.php?rest_route=\/wp\/v2\/posts\/2641"}],"collection":[{"href":"https:\/\/cacaunews.com\/index.php?rest_route=\/wp\/v2\/posts"}],"about":[{"href":"https:\/\/cacaunews.com\/index.php?rest_route=\/wp\/v2\/types\/post"}],"author":[{"embeddable":true,"href":"https:\/\/cacaunews.com\/index.php?rest_route=\/wp\/v2\/users\/1"}],"replies":[{"embeddable":true,"href":"https:\/\/cacaunews.com\/index.php?rest_route=%2Fwp%2Fv2%2Fcomments&post=2641"}],"version-history":[{"count":4,"href":"https:\/\/cacaunews.com\/index.php?rest_route=\/wp\/v2\/posts\/2641\/revisions"}],"predecessor-version":[{"id":2653,"href":"https:\/\/cacaunews.com\/index.php?rest_route=\/wp\/v2\/posts\/2641\/revisions\/2653"}],"wp:featuredmedia":[{"embeddable":true,"href":"https:\/\/cacaunews.com\/index.php?rest_route=\/wp\/v2\/media\/2640"}],"wp:attachment":[{"href":"https:\/\/cacaunews.com\/index.php?rest_route=%2Fwp%2Fv2%2Fmedia&parent=2641"}],"wp:term":[{"taxonomy":"category","embeddable":true,"href":"https:\/\/cacaunews.com\/index.php?rest_route=%2Fwp%2Fv2%2Fcategories&post=2641"},{"taxonomy":"post_tag","embeddable":true,"href":"https:\/\/cacaunews.com\/index.php?rest_route=%2Fwp%2Fv2%2Ftags&post=2641"}],"curies":[{"name":"wp","href":"https:\/\/api.w.org\/{rel}","templated":true}]}}