{"id":2661,"date":"2023-09-01T12:30:30","date_gmt":"2023-09-01T12:30:30","guid":{"rendered":"https:\/\/cacaunews.com\/?p=2661"},"modified":"2023-09-01T12:30:00","modified_gmt":"2023-09-01T12:30:00","slug":"reitor-da-uesc-conhece-universidade-nelson-mandela","status":"publish","type":"post","link":"https:\/\/cacaunews.com\/?p=2661","title":{"rendered":"Reitor da UESC conhece Universidade Nelson Mandela."},"content":{"rendered":"\n<p>O reitor Alessandro Fernandes, juntamente com a assessora de Rela\u00e7\u00f5es Internacionais da Universidade Estadual de Santa Cruz (Uesc), Ticiana Grecco Zanon Moura, participam da comitiva da Associa\u00e7\u00e3o Brasileira dos Reitores das Universidades Estaduais e Municipais (Abruem) em miss\u00e3o internacional da Associa\u00e7\u00e3o \u00e0 \u00c1frica do Sul. As atividades seguem at\u00e9 o dia 02 de setembro.<br \/><br \/> <br \/><br \/>O grupo, re\u00fane cerca de 50 reitores, vice-reitores e assessores de diversas universidades estaduais brasileiras, visitou a Nelson Mandela University (NMU). Os brasileiros receberam as boas-vindas do vice-reitor adjunto de Aprendizagem e Ensino, Muki Moeng, e da vice-reitora, Sibongile Muthwa. Durante o evento o presidente da Abruem, reitor Odilon M\u00e1ximo, apresentou a Associa\u00e7\u00e3o e suas filiadas, al\u00e9m das potencialidades que o Pa\u00eds e as institui\u00e7\u00f5es estaduais e municipais podem oferecer em parcerias internacionais.<\/p>\n\n\n\n<figure class=\"wp-block-image size-large\"><img fetchpriority=\"high\" decoding=\"async\" width=\"1024\" height=\"1024\" src=\"https:\/\/cacaunews.com\/wp-content\/uploads\/2023\/09\/Port-Elizabeth-South-Africa1-1024x1024.jpg\" alt=\"\" class=\"wp-image-2658\" srcset=\"https:\/\/cacaunews.com\/wp-content\/uploads\/2023\/09\/Port-Elizabeth-South-Africa1-1024x1024.jpg 1024w, https:\/\/cacaunews.com\/wp-content\/uploads\/2023\/09\/Port-Elizabeth-South-Africa1-300x300.jpg 300w, https:\/\/cacaunews.com\/wp-content\/uploads\/2023\/09\/Port-Elizabeth-South-Africa1-150x150.jpg 150w, https:\/\/cacaunews.com\/wp-content\/uploads\/2023\/09\/Port-Elizabeth-South-Africa1-768x768.jpg 768w, https:\/\/cacaunews.com\/wp-content\/uploads\/2023\/09\/Port-Elizabeth-South-Africa1.jpg 1440w\" sizes=\"(max-width: 1024px) 100vw, 1024px\" \/><\/figure>\n\n\n\n<p><br \/><br \/> <br \/><br \/>A Universidade Metropolitana Nelson Mandela  foi inaugurada em 1\u00ba de janeiro de 2005, resultado da fus\u00e3o do PE Technikon the University of Port Elizabeth (UPE) e do Port Elizabeth C\u00e2mpus de Vista University .<br \/><br \/> <br \/><br \/>A uni\u00e3o destas institui\u00e7\u00f5es surgiu como resultado da reestrutura\u00e7\u00e3o governamental do ensino superior a n\u00edvel nacional \u2013 destinada a proporcionar um sistema mais equitativo e eficiente para satisfazer as necessidades da \u00c1frica do Sul, do continente e do mundo no s\u00e9culo XXI.<br \/><br \/> <br \/><br \/>Em 20 de julho de 2017, a Universidade Metropolitana Nelson Mandela foi oficialmente renomeada como Universidade Nelson Mandela: \u00fanica institui\u00e7\u00e3o de ensino superior do mundo a levar o nome de Nelson Rolihlahla Mandela. A mudan\u00e7a de nome proporcionou \u00e0 institui\u00e7\u00e3o uma oportunidade de reformular a sua marca e posicionar-se a n\u00edvel continental e global, ao mesmo tempo que lhe permitiu inaugurar uma nova era de vigor renovado rumo a uma transforma\u00e7\u00e3o significativa.<br \/><br \/> <br \/><br \/> \u201cIdentificamos objetivos em comum que nos permitem avan\u00e7ar nesta parceria atrav\u00e9s de busca de financiamentos em conjunto, co-orienta\u00e7\u00e3o, interc\u00e2mbio de pessoal e alunos, programas de mentoria como: o projeto transversal e interdisciplinar de estudos dos oceanos; o centro de empreendedorismo e inova\u00e7\u00e3o; a incubadora de empresas; o centro de pesquisa tecnol\u00f3gica voltado para comunidades mais carentes. Projeto que possibilitou uma parceria entre com o CepedI\/Uesc,\u201d pontua o reitor Alessandro Fernandes.<br \/><br \/> <br \/><br \/>Para o reitor da Uesc, &#8220;ser\u00e1 uma realiza\u00e7\u00e3o conseguir reunir equipes de ambos pa\u00edses com a finalidade de construirmos aplicativos ou solu\u00e7\u00f5es tecnol\u00f3gicas para as comunidades carentes. Al\u00e9m disso, nos chama a aten\u00e7\u00e3o o centro de rob\u00f3tica do mar, o qual desenvolve equipamentos para pesquisa em \u00e1guas profundas e superficiais. Conversamos sobre a possibilidade de estreitamento de la\u00e7os com o objetivo de trabalhar em conjunto no desenvolvimento de tecnologias, mas tamb\u00e9m que estas possam auxiliar nossos pesquisadores a desenvolverem suas pesquisas no mar\u201d, ponderou.<br \/><br \/> <br \/><br \/>Para a professora Ticiana Grecco Zanon Moura, Assessora da Arint\/Uesc, os membros da delega\u00e7\u00e3o brasileira ficaram impressionados com o que viram em Stellenbosch e na Nelson Mandela University.\u201c Estamos especialmente interessados em unir for\u00e7as com acad\u00eamicos sul-africanos em \u00e1reas como medicina, agricultura, clima e estudos de biodiversidade.&#8221; Ela acrescentou que a visita sublinhou o compromisso de ambas as partes em promover o conhecimento \u00e0 escala global.<br \/><br \/> <br \/><br \/><strong>Abruem<\/strong><br \/><br \/>A Abruem \u00e9 uma organiza\u00e7\u00e3o de destaque no ensino superior brasileiro e latino-americano, serve como um f\u00f3rum para discutir quest\u00f5es-chave relacionadas ao ensino superior, alinhando pedagogia, pesquisa, envolvimento comunit\u00e1rio, inova\u00e7\u00e3o e parcerias globais. Com uma rede que abrange 22 estados brasileiros e 47 universidades parceiras, a ABRUEM desempenha um papel fundamental na defini\u00e7\u00e3o de pol\u00edticas educacionais nacionais e na facilita\u00e7\u00e3o da coopera\u00e7\u00e3o com institui\u00e7\u00f5es federais e o governo.<\/p>\n\n\n\n<p>Acom\/UESC.<\/p>\n\n\n\n<figure class=\"wp-block-image size-large\"><img decoding=\"async\" width=\"1024\" height=\"1024\" src=\"https:\/\/cacaunews.com\/wp-content\/uploads\/2023\/09\/Port-Elizabeth-South-Africa2-1024x1024.jpg\" alt=\"\" class=\"wp-image-2659\" srcset=\"https:\/\/cacaunews.com\/wp-content\/uploads\/2023\/09\/Port-Elizabeth-South-Africa2-1024x1024.jpg 1024w, https:\/\/cacaunews.com\/wp-content\/uploads\/2023\/09\/Port-Elizabeth-South-Africa2-300x300.jpg 300w, https:\/\/cacaunews.com\/wp-content\/uploads\/2023\/09\/Port-Elizabeth-South-Africa2-150x150.jpg 150w, https:\/\/cacaunews.com\/wp-content\/uploads\/2023\/09\/Port-Elizabeth-South-Africa2-768x768.jpg 768w, https:\/\/cacaunews.com\/wp-content\/uploads\/2023\/09\/Port-Elizabeth-South-Africa2.jpg 1170w\" sizes=\"(max-width: 1024px) 100vw, 1024px\" \/><\/figure>\n","protected":false},"excerpt":{"rendered":"<p>O reitor Alessandro Fernandes, juntamente com a assessora de Rela\u00e7\u00f5es Internacionais da Universidade Estadual de&#8230;<\/p>\n","protected":false},"author":1,"featured_media":2660,"comment_status":"open","ping_status":"open","sticky":false,"template":"","format":"standard","meta":{"footnotes":""},"categories":[4,11],"tags":[853,1060,352,1059],"yoast_head":"<!-- This site is optimized with the Yoast SEO plugin v21.7 - https:\/\/yoast.com\/wordpress\/plugins\/seo\/ -->\n<title>Reitor da UESC conhece Universidade Nelson Mandela. - Cacau News<\/title>\n<meta name=\"robots\" content=\"index, follow, max-snippet:-1, max-image-preview:large, max-video-preview:-1\" \/>\n<link rel=\"canonical\" href=\"https:\/\/cacaunews.com\/?p=2661\" \/>\n<meta property=\"og:locale\" content=\"pt_BR\" \/>\n<meta property=\"og:type\" content=\"article\" \/>\n<meta property=\"og:title\" content=\"Reitor da UESC conhece Universidade Nelson Mandela. - Cacau News\" \/>\n<meta property=\"og:description\" content=\"O reitor Alessandro Fernandes, juntamente com a assessora de Rela\u00e7\u00f5es Internacionais da Universidade Estadual de...\" \/>\n<meta property=\"og:url\" content=\"https:\/\/cacaunews.com\/?p=2661\" \/>\n<meta property=\"og:site_name\" content=\"Cacau News\" \/>\n<meta property=\"article:published_time\" content=\"2023-09-01T12:30:30+00:00\" \/>\n<meta property=\"article:modified_time\" content=\"2023-09-01T12:30:00+00:00\" \/>\n<meta property=\"og:image\" content=\"https:\/\/cacaunews.com\/wp-content\/uploads\/2023\/09\/Port-Elizabeth-South-Africa.jpg\" \/>\n\t<meta property=\"og:image:width\" content=\"1170\" \/>\n\t<meta property=\"og:image:height\" content=\"1170\" \/>\n\t<meta property=\"og:image:type\" content=\"image\/jpeg\" \/>\n<meta name=\"author\" content=\"Reda\u00e7\u00e3o Cacau News\" \/>\n<meta name=\"twitter:card\" content=\"summary_large_image\" \/>\n<meta name=\"twitter:label1\" content=\"Escrito por\" \/>\n\t<meta name=\"twitter:data1\" content=\"Reda\u00e7\u00e3o Cacau News\" \/>\n\t<meta name=\"twitter:label2\" content=\"Est. tempo de leitura\" \/>\n\t<meta name=\"twitter:data2\" content=\"3 minutos\" \/>\n<script type=\"application\/ld+json\" class=\"yoast-schema-graph\">{\"@context\":\"https:\/\/schema.org\",\"@graph\":[{\"@type\":\"Article\",\"@id\":\"https:\/\/cacaunews.com\/?p=2661#article\",\"isPartOf\":{\"@id\":\"https:\/\/cacaunews.com\/?p=2661\"},\"author\":{\"name\":\"Reda\u00e7\u00e3o Cacau News\",\"@id\":\"https:\/\/cacaunews.com\/#\/schema\/person\/ea69703103e606ad347ccd64bd72ef79\"},\"headline\":\"Reitor da UESC conhece Universidade Nelson Mandela.\",\"datePublished\":\"2023-09-01T12:30:30+00:00\",\"dateModified\":\"2023-09-01T12:30:00+00:00\",\"mainEntityOfPage\":{\"@id\":\"https:\/\/cacaunews.com\/?p=2661\"},\"wordCount\":611,\"commentCount\":0,\"publisher\":{\"@id\":\"https:\/\/cacaunews.com\/#organization\"},\"keywords\":[\"Alessandro Fernandes\",\"Nelson Mandela\",\"UESC\",\"viagem\"],\"articleSection\":[\"Internet\",\"Jornalismo\"],\"inLanguage\":\"pt-BR\",\"potentialAction\":[{\"@type\":\"CommentAction\",\"name\":\"Comment\",\"target\":[\"https:\/\/cacaunews.com\/?p=2661#respond\"]}]},{\"@type\":\"WebPage\",\"@id\":\"https:\/\/cacaunews.com\/?p=2661\",\"url\":\"https:\/\/cacaunews.com\/?p=2661\",\"name\":\"Reitor da UESC conhece Universidade Nelson Mandela. - Cacau News\",\"isPartOf\":{\"@id\":\"https:\/\/cacaunews.com\/#website\"},\"datePublished\":\"2023-09-01T12:30:30+00:00\",\"dateModified\":\"2023-09-01T12:30:00+00:00\",\"breadcrumb\":{\"@id\":\"https:\/\/cacaunews.com\/?p=2661#breadcrumb\"},\"inLanguage\":\"pt-BR\",\"potentialAction\":[{\"@type\":\"ReadAction\",\"target\":[\"https:\/\/cacaunews.com\/?p=2661\"]}]},{\"@type\":\"BreadcrumbList\",\"@id\":\"https:\/\/cacaunews.com\/?p=2661#breadcrumb\",\"itemListElement\":[{\"@type\":\"ListItem\",\"position\":1,\"name\":\"In\u00edcio\",\"item\":\"https:\/\/cacaunews.com\/\"},{\"@type\":\"ListItem\",\"position\":2,\"name\":\"Reitor da UESC conhece Universidade Nelson Mandela.\"}]},{\"@type\":\"WebSite\",\"@id\":\"https:\/\/cacaunews.com\/#website\",\"url\":\"https:\/\/cacaunews.com\/\",\"name\":\"Cacau News\",\"description\":\"A Informa\u00e7\u00e3o que voc\u00ea precisa!\",\"publisher\":{\"@id\":\"https:\/\/cacaunews.com\/#organization\"},\"potentialAction\":[{\"@type\":\"SearchAction\",\"target\":{\"@type\":\"EntryPoint\",\"urlTemplate\":\"https:\/\/cacaunews.com\/?s={search_term_string}\"},\"query-input\":\"required name=search_term_string\"}],\"inLanguage\":\"pt-BR\"},{\"@type\":\"Organization\",\"@id\":\"https:\/\/cacaunews.com\/#organization\",\"name\":\"Cacau News\",\"url\":\"https:\/\/cacaunews.com\/\",\"logo\":{\"@type\":\"ImageObject\",\"inLanguage\":\"pt-BR\",\"@id\":\"https:\/\/cacaunews.com\/#\/schema\/logo\/image\/\",\"url\":\"https:\/\/cacaunews.com\/wp-content\/uploads\/2025\/01\/cropped-LOGO-NOVA.png\",\"contentUrl\":\"https:\/\/cacaunews.com\/wp-content\/uploads\/2025\/01\/cropped-LOGO-NOVA.png\",\"width\":813,\"height\":813,\"caption\":\"Cacau News\"},\"image\":{\"@id\":\"https:\/\/cacaunews.com\/#\/schema\/logo\/image\/\"},\"sameAs\":[\"https:\/\/www.instagram.com\/cacaunews.online\/\",\"https:\/\/youtube.com\/@cacaunews?si=0VXLnjl08SrWbVG9\"]},{\"@type\":\"Person\",\"@id\":\"https:\/\/cacaunews.com\/#\/schema\/person\/ea69703103e606ad347ccd64bd72ef79\",\"name\":\"Reda\u00e7\u00e3o Cacau News\",\"image\":{\"@type\":\"ImageObject\",\"inLanguage\":\"pt-BR\",\"@id\":\"https:\/\/cacaunews.com\/#\/schema\/person\/image\/\",\"url\":\"https:\/\/secure.gravatar.com\/avatar\/d79227a2a7b6cc42e8d7a8f7c284cd3a?s=96&d=mm&r=g\",\"contentUrl\":\"https:\/\/secure.gravatar.com\/avatar\/d79227a2a7b6cc42e8d7a8f7c284cd3a?s=96&d=mm&r=g\",\"caption\":\"Reda\u00e7\u00e3o Cacau News\"},\"sameAs\":[\"https:\/\/cacaunews.com\"],\"url\":\"https:\/\/cacaunews.com\/?author=1\"}]}<\/script>\n<!-- \/ Yoast SEO plugin. -->","yoast_head_json":{"title":"Reitor da UESC conhece Universidade Nelson Mandela. - Cacau News","robots":{"index":"index","follow":"follow","max-snippet":"max-snippet:-1","max-image-preview":"max-image-preview:large","max-video-preview":"max-video-preview:-1"},"canonical":"https:\/\/cacaunews.com\/?p=2661","og_locale":"pt_BR","og_type":"article","og_title":"Reitor da UESC conhece Universidade Nelson Mandela. - Cacau News","og_description":"O reitor Alessandro Fernandes, juntamente com a assessora de Rela\u00e7\u00f5es Internacionais da Universidade Estadual de...","og_url":"https:\/\/cacaunews.com\/?p=2661","og_site_name":"Cacau News","article_published_time":"2023-09-01T12:30:30+00:00","article_modified_time":"2023-09-01T12:30:00+00:00","og_image":[{"width":1170,"height":1170,"url":"https:\/\/cacaunews.com\/wp-content\/uploads\/2023\/09\/Port-Elizabeth-South-Africa.jpg","type":"image\/jpeg"}],"author":"Reda\u00e7\u00e3o Cacau News","twitter_card":"summary_large_image","twitter_misc":{"Escrito por":"Reda\u00e7\u00e3o Cacau News","Est. tempo de leitura":"3 minutos"},"schema":{"@context":"https:\/\/schema.org","@graph":[{"@type":"Article","@id":"https:\/\/cacaunews.com\/?p=2661#article","isPartOf":{"@id":"https:\/\/cacaunews.com\/?p=2661"},"author":{"name":"Reda\u00e7\u00e3o Cacau News","@id":"https:\/\/cacaunews.com\/#\/schema\/person\/ea69703103e606ad347ccd64bd72ef79"},"headline":"Reitor da UESC conhece Universidade Nelson Mandela.","datePublished":"2023-09-01T12:30:30+00:00","dateModified":"2023-09-01T12:30:00+00:00","mainEntityOfPage":{"@id":"https:\/\/cacaunews.com\/?p=2661"},"wordCount":611,"commentCount":0,"publisher":{"@id":"https:\/\/cacaunews.com\/#organization"},"keywords":["Alessandro Fernandes","Nelson Mandela","UESC","viagem"],"articleSection":["Internet","Jornalismo"],"inLanguage":"pt-BR","potentialAction":[{"@type":"CommentAction","name":"Comment","target":["https:\/\/cacaunews.com\/?p=2661#respond"]}]},{"@type":"WebPage","@id":"https:\/\/cacaunews.com\/?p=2661","url":"https:\/\/cacaunews.com\/?p=2661","name":"Reitor da UESC conhece Universidade Nelson Mandela. - Cacau News","isPartOf":{"@id":"https:\/\/cacaunews.com\/#website"},"datePublished":"2023-09-01T12:30:30+00:00","dateModified":"2023-09-01T12:30:00+00:00","breadcrumb":{"@id":"https:\/\/cacaunews.com\/?p=2661#breadcrumb"},"inLanguage":"pt-BR","potentialAction":[{"@type":"ReadAction","target":["https:\/\/cacaunews.com\/?p=2661"]}]},{"@type":"BreadcrumbList","@id":"https:\/\/cacaunews.com\/?p=2661#breadcrumb","itemListElement":[{"@type":"ListItem","position":1,"name":"In\u00edcio","item":"https:\/\/cacaunews.com\/"},{"@type":"ListItem","position":2,"name":"Reitor da UESC conhece Universidade Nelson Mandela."}]},{"@type":"WebSite","@id":"https:\/\/cacaunews.com\/#website","url":"https:\/\/cacaunews.com\/","name":"Cacau News","description":"A Informa\u00e7\u00e3o que voc\u00ea precisa!","publisher":{"@id":"https:\/\/cacaunews.com\/#organization"},"potentialAction":[{"@type":"SearchAction","target":{"@type":"EntryPoint","urlTemplate":"https:\/\/cacaunews.com\/?s={search_term_string}"},"query-input":"required name=search_term_string"}],"inLanguage":"pt-BR"},{"@type":"Organization","@id":"https:\/\/cacaunews.com\/#organization","name":"Cacau News","url":"https:\/\/cacaunews.com\/","logo":{"@type":"ImageObject","inLanguage":"pt-BR","@id":"https:\/\/cacaunews.com\/#\/schema\/logo\/image\/","url":"https:\/\/cacaunews.com\/wp-content\/uploads\/2025\/01\/cropped-LOGO-NOVA.png","contentUrl":"https:\/\/cacaunews.com\/wp-content\/uploads\/2025\/01\/cropped-LOGO-NOVA.png","width":813,"height":813,"caption":"Cacau News"},"image":{"@id":"https:\/\/cacaunews.com\/#\/schema\/logo\/image\/"},"sameAs":["https:\/\/www.instagram.com\/cacaunews.online\/","https:\/\/youtube.com\/@cacaunews?si=0VXLnjl08SrWbVG9"]},{"@type":"Person","@id":"https:\/\/cacaunews.com\/#\/schema\/person\/ea69703103e606ad347ccd64bd72ef79","name":"Reda\u00e7\u00e3o Cacau News","image":{"@type":"ImageObject","inLanguage":"pt-BR","@id":"https:\/\/cacaunews.com\/#\/schema\/person\/image\/","url":"https:\/\/secure.gravatar.com\/avatar\/d79227a2a7b6cc42e8d7a8f7c284cd3a?s=96&d=mm&r=g","contentUrl":"https:\/\/secure.gravatar.com\/avatar\/d79227a2a7b6cc42e8d7a8f7c284cd3a?s=96&d=mm&r=g","caption":"Reda\u00e7\u00e3o Cacau News"},"sameAs":["https:\/\/cacaunews.com"],"url":"https:\/\/cacaunews.com\/?author=1"}]}},"jetpack_sharing_enabled":true,"jetpack_featured_media_url":"https:\/\/cacaunews.com\/wp-content\/uploads\/2023\/09\/Port-Elizabeth-South-Africa.jpg","_links":{"self":[{"href":"https:\/\/cacaunews.com\/index.php?rest_route=\/wp\/v2\/posts\/2661"}],"collection":[{"href":"https:\/\/cacaunews.com\/index.php?rest_route=\/wp\/v2\/posts"}],"about":[{"href":"https:\/\/cacaunews.com\/index.php?rest_route=\/wp\/v2\/types\/post"}],"author":[{"embeddable":true,"href":"https:\/\/cacaunews.com\/index.php?rest_route=\/wp\/v2\/users\/1"}],"replies":[{"embeddable":true,"href":"https:\/\/cacaunews.com\/index.php?rest_route=%2Fwp%2Fv2%2Fcomments&post=2661"}],"version-history":[{"count":2,"href":"https:\/\/cacaunews.com\/index.php?rest_route=\/wp\/v2\/posts\/2661\/revisions"}],"predecessor-version":[{"id":2663,"href":"https:\/\/cacaunews.com\/index.php?rest_route=\/wp\/v2\/posts\/2661\/revisions\/2663"}],"wp:featuredmedia":[{"embeddable":true,"href":"https:\/\/cacaunews.com\/index.php?rest_route=\/wp\/v2\/media\/2660"}],"wp:attachment":[{"href":"https:\/\/cacaunews.com\/index.php?rest_route=%2Fwp%2Fv2%2Fmedia&parent=2661"}],"wp:term":[{"taxonomy":"category","embeddable":true,"href":"https:\/\/cacaunews.com\/index.php?rest_route=%2Fwp%2Fv2%2Fcategories&post=2661"},{"taxonomy":"post_tag","embeddable":true,"href":"https:\/\/cacaunews.com\/index.php?rest_route=%2Fwp%2Fv2%2Ftags&post=2661"}],"curies":[{"name":"wp","href":"https:\/\/api.w.org\/{rel}","templated":true}]}}