{"id":2677,"date":"2023-09-02T21:03:42","date_gmt":"2023-09-02T21:03:42","guid":{"rendered":"https:\/\/cacaunews.com\/?p=2677"},"modified":"2023-09-02T21:03:42","modified_gmt":"2023-09-02T21:03:42","slug":"ilheus-seduc-realiza-novo-ciclo-de-capacitacao-pratica-dos-agentes-de-alimentacao","status":"publish","type":"post","link":"https:\/\/cacaunews.com\/?p=2677","title":{"rendered":"Ilh\u00e9us: Seduc realiza novo Ciclo de Capacita\u00e7\u00e3o Pr\u00e1tica dos Agentes de Alimenta\u00e7\u00e3o."},"content":{"rendered":"<p>A Secretaria de Educa\u00e7\u00e3o (Seduc) promoveu na \u00faltima quinta-feira (31), um novo Ciclo de Capacita\u00e7\u00e3o Pr\u00e1tica dos Agentes de Alimenta\u00e7\u00e3o. O encontro aconteceu na Faculdade de Ilh\u00e9us, entidade parceira, e teve como objetivo motivar e qualificar os profissionais que atuam na rede municipal de ensino, a fim de garantir cada vez mais qualidade na alimenta\u00e7\u00e3o dos estudantes.<\/p>\n<p>O ciclo tamb\u00e9m busca assegurar conhecimento t\u00e9cnico aos agentes e adequ\u00e1-los \u00e0s novas introdu\u00e7\u00f5es de alimentos e \u00e0s demandas do Programa Nacional de Alimenta\u00e7\u00e3o Escolar (PNAE).\u00a0 O programa garante recursos federais para o atendimento dos estudantes, cobrindo as suas necessidades nutricionais durante o per\u00edodo letivo, conforme disp\u00f5e o art. 208, inciso VII, da Constitui\u00e7\u00e3o Federal.<\/p>\n<p>\u201cMais uma oportunidade para atendermos a todos os manipuladores de alimentos, garantindo que a prepara\u00e7\u00e3o dos alimentos siga um padr\u00e3o de qualidade. Tamb\u00e9m aproveitamos o momento para falarmos sobre a introdu\u00e7\u00e3o de novos itens na alimenta\u00e7\u00e3o dos alunos, como a carne su\u00edna, por exemplo\u201d, explicou Karina Moraes, nutricionista da Seduc.<\/p>\n<p>A agente de nutri\u00e7\u00e3o, Rosilda Batista, disse estar satisfeita com o encontro e destacou a relev\u00e2ncia da iniciativa para aquisi\u00e7\u00e3o de novos conhecimentos. \u201cEu trabalho na zona rural e estes conhecimentos que recebo aqui, se unem aos que j\u00e1 tenho e assim, melhora a qualidade do meu trabalho e a alimenta\u00e7\u00e3o escolar\u201d.<\/p>\n<p>A profissional ressaltou um dos aprendizados, \u201cuma das t\u00e9cnicas que aprendi foi sobre o reaproveitamento de alimentos, permitindo que a gente crie novos pratos com itens que antes, jogar\u00edamos fora\u201d.<\/p>\n<p>\u201cInvestir na qualidade da merenda escolar \u00e9 tamb\u00e9m investir no futuro\u201d, destaca a professora Eliane Oliveira, titular da Seduc. J\u00e1 o prefeito M\u00e1rio Alexandre parabeniza a equipe envolvida e frisa a import\u00e2ncia de garantir uma alimenta\u00e7\u00e3o de qualidade para os alunos da rede p\u00fablica municipal.<\/p>\n<p>\u201cUm momento enriquecedor, uma troca de ensinamentos. Tudo isso \u00e9 fundamental para promover e valorizar o trabalho de qualidade de quem, no dia a dia, \u00e9 parte essencial da forma\u00e7\u00e3o dos alunos\u201d.<\/p>\n<p>Por Sucom\/IOS.<\/p>\n<figure id=\"attachment_2680\" aria-describedby=\"caption-attachment-2680\" style=\"width: 650px\" class=\"wp-caption alignnone\"><img fetchpriority=\"high\" decoding=\"async\" class=\"wp-image-2680 size-full\" src=\"https:\/\/cacaunews.com\/wp-content\/uploads\/2023\/09\/PAD-IOS-1.jpeg\" alt=\"\" width=\"650\" height=\"450\" srcset=\"https:\/\/cacaunews.com\/wp-content\/uploads\/2023\/09\/PAD-IOS-1.jpeg 650w, https:\/\/cacaunews.com\/wp-content\/uploads\/2023\/09\/PAD-IOS-1-300x208.jpeg 300w\" sizes=\"(max-width: 650px) 100vw, 650px\" \/><figcaption id=\"caption-attachment-2680\" class=\"wp-caption-text\">Foto: Sucom\/IOS.<\/figcaption><\/figure>\n<p>&nbsp;<\/p>\n<figure id=\"attachment_2679\" aria-describedby=\"caption-attachment-2679\" style=\"width: 650px\" class=\"wp-caption alignnone\"><img decoding=\"async\" class=\"wp-image-2679 size-full\" src=\"https:\/\/cacaunews.com\/wp-content\/uploads\/2023\/09\/PAD-2.jpeg\" alt=\"Ilh\u00e9us: Seduc realiza novo Ciclo de Capacita\u00e7\u00e3o Pr\u00e1tica dos Agentes de Alimenta\u00e7\u00e3o\" width=\"650\" height=\"450\" srcset=\"https:\/\/cacaunews.com\/wp-content\/uploads\/2023\/09\/PAD-2.jpeg 650w, https:\/\/cacaunews.com\/wp-content\/uploads\/2023\/09\/PAD-2-300x208.jpeg 300w\" sizes=\"(max-width: 650px) 100vw, 650px\" \/><figcaption id=\"caption-attachment-2679\" class=\"wp-caption-text\">Foto: Sucom\/IOS.<\/figcaption><\/figure>\n","protected":false},"excerpt":{"rendered":"<p>A Secretaria de Educa\u00e7\u00e3o (Seduc) promoveu na \u00faltima quinta-feira (31), um novo Ciclo de Capacita\u00e7\u00e3o&#8230;<\/p>\n","protected":false},"author":1,"featured_media":2678,"comment_status":"open","ping_status":"open","sticky":false,"template":"","format":"standard","meta":{"footnotes":""},"categories":[18,11],"tags":[1065,22,33,37,870],"yoast_head":"<!-- This site is optimized with the Yoast SEO plugin v21.7 - https:\/\/yoast.com\/wordpress\/plugins\/seo\/ -->\n<title>Ilh\u00e9us: Seduc realiza novo Ciclo de Capacita\u00e7\u00e3o Pr\u00e1tica dos Agentes de Alimenta\u00e7\u00e3o. - Cacau News<\/title>\n<meta name=\"robots\" content=\"index, follow, max-snippet:-1, max-image-preview:large, max-video-preview:-1\" \/>\n<link rel=\"canonical\" href=\"https:\/\/cacaunews.com\/?p=2677\" \/>\n<meta property=\"og:locale\" content=\"pt_BR\" \/>\n<meta property=\"og:type\" content=\"article\" \/>\n<meta property=\"og:title\" content=\"Ilh\u00e9us: Seduc realiza novo Ciclo de Capacita\u00e7\u00e3o Pr\u00e1tica dos Agentes de Alimenta\u00e7\u00e3o. - Cacau News\" \/>\n<meta property=\"og:description\" content=\"A Secretaria de Educa\u00e7\u00e3o (Seduc) promoveu na \u00faltima quinta-feira (31), um novo Ciclo de Capacita\u00e7\u00e3o...\" \/>\n<meta property=\"og:url\" content=\"https:\/\/cacaunews.com\/?p=2677\" \/>\n<meta property=\"og:site_name\" content=\"Cacau News\" \/>\n<meta property=\"article:published_time\" content=\"2023-09-02T21:03:42+00:00\" \/>\n<meta property=\"og:image\" content=\"https:\/\/cacaunews.com\/wp-content\/uploads\/2023\/09\/PAD-IOS.jpeg\" \/>\n\t<meta property=\"og:image:width\" content=\"650\" \/>\n\t<meta property=\"og:image:height\" content=\"450\" \/>\n\t<meta property=\"og:image:type\" content=\"image\/jpeg\" \/>\n<meta name=\"author\" content=\"Reda\u00e7\u00e3o Cacau News\" \/>\n<meta name=\"twitter:card\" content=\"summary_large_image\" \/>\n<meta name=\"twitter:label1\" content=\"Escrito por\" \/>\n\t<meta name=\"twitter:data1\" content=\"Reda\u00e7\u00e3o Cacau News\" \/>\n\t<meta name=\"twitter:label2\" content=\"Est. tempo de leitura\" \/>\n\t<meta name=\"twitter:data2\" content=\"2 minutos\" \/>\n<script type=\"application\/ld+json\" class=\"yoast-schema-graph\">{\"@context\":\"https:\/\/schema.org\",\"@graph\":[{\"@type\":\"Article\",\"@id\":\"https:\/\/cacaunews.com\/?p=2677#article\",\"isPartOf\":{\"@id\":\"https:\/\/cacaunews.com\/?p=2677\"},\"author\":{\"name\":\"Reda\u00e7\u00e3o Cacau News\",\"@id\":\"https:\/\/cacaunews.com\/#\/schema\/person\/ea69703103e606ad347ccd64bd72ef79\"},\"headline\":\"Ilh\u00e9us: Seduc realiza novo Ciclo de Capacita\u00e7\u00e3o Pr\u00e1tica dos Agentes de Alimenta\u00e7\u00e3o.\",\"datePublished\":\"2023-09-02T21:03:42+00:00\",\"dateModified\":\"2023-09-02T21:03:42+00:00\",\"mainEntityOfPage\":{\"@id\":\"https:\/\/cacaunews.com\/?p=2677\"},\"wordCount\":388,\"commentCount\":0,\"publisher\":{\"@id\":\"https:\/\/cacaunews.com\/#organization\"},\"keywords\":[\"alimenta\u00e7\u00e3o\",\"capacita\u00e7\u00e3o\",\"educa\u00e7\u00e3o\",\"ilheus\",\"panifica\u00e7\u00e3o\"],\"articleSection\":[\"cidades\",\"Jornalismo\"],\"inLanguage\":\"pt-BR\",\"potentialAction\":[{\"@type\":\"CommentAction\",\"name\":\"Comment\",\"target\":[\"https:\/\/cacaunews.com\/?p=2677#respond\"]}]},{\"@type\":\"WebPage\",\"@id\":\"https:\/\/cacaunews.com\/?p=2677\",\"url\":\"https:\/\/cacaunews.com\/?p=2677\",\"name\":\"Ilh\u00e9us: Seduc realiza novo Ciclo de Capacita\u00e7\u00e3o Pr\u00e1tica dos Agentes de Alimenta\u00e7\u00e3o. - Cacau News\",\"isPartOf\":{\"@id\":\"https:\/\/cacaunews.com\/#website\"},\"datePublished\":\"2023-09-02T21:03:42+00:00\",\"dateModified\":\"2023-09-02T21:03:42+00:00\",\"breadcrumb\":{\"@id\":\"https:\/\/cacaunews.com\/?p=2677#breadcrumb\"},\"inLanguage\":\"pt-BR\",\"potentialAction\":[{\"@type\":\"ReadAction\",\"target\":[\"https:\/\/cacaunews.com\/?p=2677\"]}]},{\"@type\":\"BreadcrumbList\",\"@id\":\"https:\/\/cacaunews.com\/?p=2677#breadcrumb\",\"itemListElement\":[{\"@type\":\"ListItem\",\"position\":1,\"name\":\"In\u00edcio\",\"item\":\"https:\/\/cacaunews.com\/\"},{\"@type\":\"ListItem\",\"position\":2,\"name\":\"Ilh\u00e9us: Seduc realiza novo Ciclo de Capacita\u00e7\u00e3o Pr\u00e1tica dos Agentes de Alimenta\u00e7\u00e3o.\"}]},{\"@type\":\"WebSite\",\"@id\":\"https:\/\/cacaunews.com\/#website\",\"url\":\"https:\/\/cacaunews.com\/\",\"name\":\"Cacau News\",\"description\":\"A Informa\u00e7\u00e3o que voc\u00ea precisa!\",\"publisher\":{\"@id\":\"https:\/\/cacaunews.com\/#organization\"},\"potentialAction\":[{\"@type\":\"SearchAction\",\"target\":{\"@type\":\"EntryPoint\",\"urlTemplate\":\"https:\/\/cacaunews.com\/?s={search_term_string}\"},\"query-input\":\"required name=search_term_string\"}],\"inLanguage\":\"pt-BR\"},{\"@type\":\"Organization\",\"@id\":\"https:\/\/cacaunews.com\/#organization\",\"name\":\"Cacau News\",\"url\":\"https:\/\/cacaunews.com\/\",\"logo\":{\"@type\":\"ImageObject\",\"inLanguage\":\"pt-BR\",\"@id\":\"https:\/\/cacaunews.com\/#\/schema\/logo\/image\/\",\"url\":\"https:\/\/cacaunews.com\/wp-content\/uploads\/2025\/01\/cropped-LOGO-NOVA.png\",\"contentUrl\":\"https:\/\/cacaunews.com\/wp-content\/uploads\/2025\/01\/cropped-LOGO-NOVA.png\",\"width\":813,\"height\":813,\"caption\":\"Cacau News\"},\"image\":{\"@id\":\"https:\/\/cacaunews.com\/#\/schema\/logo\/image\/\"},\"sameAs\":[\"https:\/\/www.instagram.com\/cacaunews.online\/\",\"https:\/\/youtube.com\/@cacaunews?si=0VXLnjl08SrWbVG9\"]},{\"@type\":\"Person\",\"@id\":\"https:\/\/cacaunews.com\/#\/schema\/person\/ea69703103e606ad347ccd64bd72ef79\",\"name\":\"Reda\u00e7\u00e3o Cacau News\",\"image\":{\"@type\":\"ImageObject\",\"inLanguage\":\"pt-BR\",\"@id\":\"https:\/\/cacaunews.com\/#\/schema\/person\/image\/\",\"url\":\"https:\/\/secure.gravatar.com\/avatar\/d79227a2a7b6cc42e8d7a8f7c284cd3a?s=96&d=mm&r=g\",\"contentUrl\":\"https:\/\/secure.gravatar.com\/avatar\/d79227a2a7b6cc42e8d7a8f7c284cd3a?s=96&d=mm&r=g\",\"caption\":\"Reda\u00e7\u00e3o Cacau News\"},\"sameAs\":[\"https:\/\/cacaunews.com\"],\"url\":\"https:\/\/cacaunews.com\/?author=1\"}]}<\/script>\n<!-- \/ Yoast SEO plugin. -->","yoast_head_json":{"title":"Ilh\u00e9us: Seduc realiza novo Ciclo de Capacita\u00e7\u00e3o Pr\u00e1tica dos Agentes de Alimenta\u00e7\u00e3o. - Cacau News","robots":{"index":"index","follow":"follow","max-snippet":"max-snippet:-1","max-image-preview":"max-image-preview:large","max-video-preview":"max-video-preview:-1"},"canonical":"https:\/\/cacaunews.com\/?p=2677","og_locale":"pt_BR","og_type":"article","og_title":"Ilh\u00e9us: Seduc realiza novo Ciclo de Capacita\u00e7\u00e3o Pr\u00e1tica dos Agentes de Alimenta\u00e7\u00e3o. - Cacau News","og_description":"A Secretaria de Educa\u00e7\u00e3o (Seduc) promoveu na \u00faltima quinta-feira (31), um novo Ciclo de Capacita\u00e7\u00e3o...","og_url":"https:\/\/cacaunews.com\/?p=2677","og_site_name":"Cacau News","article_published_time":"2023-09-02T21:03:42+00:00","og_image":[{"width":650,"height":450,"url":"https:\/\/cacaunews.com\/wp-content\/uploads\/2023\/09\/PAD-IOS.jpeg","type":"image\/jpeg"}],"author":"Reda\u00e7\u00e3o Cacau News","twitter_card":"summary_large_image","twitter_misc":{"Escrito por":"Reda\u00e7\u00e3o Cacau News","Est. tempo de leitura":"2 minutos"},"schema":{"@context":"https:\/\/schema.org","@graph":[{"@type":"Article","@id":"https:\/\/cacaunews.com\/?p=2677#article","isPartOf":{"@id":"https:\/\/cacaunews.com\/?p=2677"},"author":{"name":"Reda\u00e7\u00e3o Cacau News","@id":"https:\/\/cacaunews.com\/#\/schema\/person\/ea69703103e606ad347ccd64bd72ef79"},"headline":"Ilh\u00e9us: Seduc realiza novo Ciclo de Capacita\u00e7\u00e3o Pr\u00e1tica dos Agentes de Alimenta\u00e7\u00e3o.","datePublished":"2023-09-02T21:03:42+00:00","dateModified":"2023-09-02T21:03:42+00:00","mainEntityOfPage":{"@id":"https:\/\/cacaunews.com\/?p=2677"},"wordCount":388,"commentCount":0,"publisher":{"@id":"https:\/\/cacaunews.com\/#organization"},"keywords":["alimenta\u00e7\u00e3o","capacita\u00e7\u00e3o","educa\u00e7\u00e3o","ilheus","panifica\u00e7\u00e3o"],"articleSection":["cidades","Jornalismo"],"inLanguage":"pt-BR","potentialAction":[{"@type":"CommentAction","name":"Comment","target":["https:\/\/cacaunews.com\/?p=2677#respond"]}]},{"@type":"WebPage","@id":"https:\/\/cacaunews.com\/?p=2677","url":"https:\/\/cacaunews.com\/?p=2677","name":"Ilh\u00e9us: Seduc realiza novo Ciclo de Capacita\u00e7\u00e3o Pr\u00e1tica dos Agentes de Alimenta\u00e7\u00e3o. - Cacau News","isPartOf":{"@id":"https:\/\/cacaunews.com\/#website"},"datePublished":"2023-09-02T21:03:42+00:00","dateModified":"2023-09-02T21:03:42+00:00","breadcrumb":{"@id":"https:\/\/cacaunews.com\/?p=2677#breadcrumb"},"inLanguage":"pt-BR","potentialAction":[{"@type":"ReadAction","target":["https:\/\/cacaunews.com\/?p=2677"]}]},{"@type":"BreadcrumbList","@id":"https:\/\/cacaunews.com\/?p=2677#breadcrumb","itemListElement":[{"@type":"ListItem","position":1,"name":"In\u00edcio","item":"https:\/\/cacaunews.com\/"},{"@type":"ListItem","position":2,"name":"Ilh\u00e9us: Seduc realiza novo Ciclo de Capacita\u00e7\u00e3o Pr\u00e1tica dos Agentes de Alimenta\u00e7\u00e3o."}]},{"@type":"WebSite","@id":"https:\/\/cacaunews.com\/#website","url":"https:\/\/cacaunews.com\/","name":"Cacau News","description":"A Informa\u00e7\u00e3o que voc\u00ea precisa!","publisher":{"@id":"https:\/\/cacaunews.com\/#organization"},"potentialAction":[{"@type":"SearchAction","target":{"@type":"EntryPoint","urlTemplate":"https:\/\/cacaunews.com\/?s={search_term_string}"},"query-input":"required name=search_term_string"}],"inLanguage":"pt-BR"},{"@type":"Organization","@id":"https:\/\/cacaunews.com\/#organization","name":"Cacau News","url":"https:\/\/cacaunews.com\/","logo":{"@type":"ImageObject","inLanguage":"pt-BR","@id":"https:\/\/cacaunews.com\/#\/schema\/logo\/image\/","url":"https:\/\/cacaunews.com\/wp-content\/uploads\/2025\/01\/cropped-LOGO-NOVA.png","contentUrl":"https:\/\/cacaunews.com\/wp-content\/uploads\/2025\/01\/cropped-LOGO-NOVA.png","width":813,"height":813,"caption":"Cacau News"},"image":{"@id":"https:\/\/cacaunews.com\/#\/schema\/logo\/image\/"},"sameAs":["https:\/\/www.instagram.com\/cacaunews.online\/","https:\/\/youtube.com\/@cacaunews?si=0VXLnjl08SrWbVG9"]},{"@type":"Person","@id":"https:\/\/cacaunews.com\/#\/schema\/person\/ea69703103e606ad347ccd64bd72ef79","name":"Reda\u00e7\u00e3o Cacau News","image":{"@type":"ImageObject","inLanguage":"pt-BR","@id":"https:\/\/cacaunews.com\/#\/schema\/person\/image\/","url":"https:\/\/secure.gravatar.com\/avatar\/d79227a2a7b6cc42e8d7a8f7c284cd3a?s=96&d=mm&r=g","contentUrl":"https:\/\/secure.gravatar.com\/avatar\/d79227a2a7b6cc42e8d7a8f7c284cd3a?s=96&d=mm&r=g","caption":"Reda\u00e7\u00e3o Cacau News"},"sameAs":["https:\/\/cacaunews.com"],"url":"https:\/\/cacaunews.com\/?author=1"}]}},"jetpack_sharing_enabled":true,"jetpack_featured_media_url":"https:\/\/cacaunews.com\/wp-content\/uploads\/2023\/09\/PAD-IOS.jpeg","_links":{"self":[{"href":"https:\/\/cacaunews.com\/index.php?rest_route=\/wp\/v2\/posts\/2677"}],"collection":[{"href":"https:\/\/cacaunews.com\/index.php?rest_route=\/wp\/v2\/posts"}],"about":[{"href":"https:\/\/cacaunews.com\/index.php?rest_route=\/wp\/v2\/types\/post"}],"author":[{"embeddable":true,"href":"https:\/\/cacaunews.com\/index.php?rest_route=\/wp\/v2\/users\/1"}],"replies":[{"embeddable":true,"href":"https:\/\/cacaunews.com\/index.php?rest_route=%2Fwp%2Fv2%2Fcomments&post=2677"}],"version-history":[{"count":1,"href":"https:\/\/cacaunews.com\/index.php?rest_route=\/wp\/v2\/posts\/2677\/revisions"}],"predecessor-version":[{"id":2681,"href":"https:\/\/cacaunews.com\/index.php?rest_route=\/wp\/v2\/posts\/2677\/revisions\/2681"}],"wp:featuredmedia":[{"embeddable":true,"href":"https:\/\/cacaunews.com\/index.php?rest_route=\/wp\/v2\/media\/2678"}],"wp:attachment":[{"href":"https:\/\/cacaunews.com\/index.php?rest_route=%2Fwp%2Fv2%2Fmedia&parent=2677"}],"wp:term":[{"taxonomy":"category","embeddable":true,"href":"https:\/\/cacaunews.com\/index.php?rest_route=%2Fwp%2Fv2%2Fcategories&post=2677"},{"taxonomy":"post_tag","embeddable":true,"href":"https:\/\/cacaunews.com\/index.php?rest_route=%2Fwp%2Fv2%2Ftags&post=2677"}],"curies":[{"name":"wp","href":"https:\/\/api.w.org\/{rel}","templated":true}]}}