{"id":2683,"date":"2023-09-03T02:14:26","date_gmt":"2023-09-03T02:14:26","guid":{"rendered":"https:\/\/cacaunews.com\/?p=2683"},"modified":"2023-09-03T02:14:26","modified_gmt":"2023-09-03T02:14:26","slug":"itabuna-centro-de-cultura-adonias-filho-e-reinaugurado-com-programacao-diversificada-investimentos-somam-r-57-milhoes","status":"publish","type":"post","link":"https:\/\/cacaunews.com\/?p=2683","title":{"rendered":"ITABUNA: CENTRO DE CULTURA ADONIAS FILHO \u00c9 REINAUGURADO COM PROGRAMA\u00c7\u00c3O DIVERSIFICADA; INVESTIMENTOS SOMAM R$ 5,7 MILH\u00d5ES"},"content":{"rendered":"<p>O governador Jer\u00f4nimo Rodrigues reinaugurou o Centro de Cultura Adonias Filho, em Itabuna, neste s\u00e1bado (2), ap\u00f3s uma obra de moderniza\u00e7\u00e3o que contou com investimentos de R$ 5,7 milh\u00f5es. O espa\u00e7o cultural, que homenageia o escritor baiano nascido na regi\u00e3o, agora conta com sistemas modernos de el\u00e9trica e climatiza\u00e7\u00e3o, novos telhados e forros, nova pintura, esquadrias e pavimenta\u00e7\u00e3o, al\u00e9m da reforma na estrutura c\u00eanica e t\u00e9cnica. O paisagismo na \u00e1rea externa e a adequa\u00e7\u00e3o do espa\u00e7o \u00e0s normas mais atuais de acessibilidade e de seguran\u00e7a tamb\u00e9m foram realizados.<\/p>\n<p>O Centro de Cultura conta com uma sala de espet\u00e1culos com 297 poltronas e seis lugares para cadeirantes, al\u00e9m de camarins e banheiros; tr\u00eas salas multiuso que comportam ensaios, oficinas, workshops e pequenos eventos para at\u00e9 110 pessoas; um Foyer\/Galeria para exposi\u00e7\u00f5es, audi\u00e7\u00f5es musicais e recep\u00e7\u00f5es; um anfiteatro na \u00e1rea externa que comporta at\u00e9 2 mil pessoas; al\u00e9m de dois anexos e um coreto.<\/p>\n<p>O governador falou sobre a import\u00e2ncia desse investimento para a \u00e1rea da cultura, para propagar as linguagens art\u00edsticas da Bahia. Em julho, o governador reabriu o Centro de Cultura Jo\u00e3o Gilberto, em Juazeiro. \u201cEsse \u00e9 um equipamento que tem que ser utilizado permanentemente, para que a comunidade possa apresentar aquilo que j\u00e1 tem produzido ou produzir algo novo aqui dentro. Tudo o que estamos fazendo tem que estar linkado com o projeto municipal e com o projeto regional. Esse \u00e9 um espa\u00e7o de produ\u00e7\u00e3o, de gera\u00e7\u00e3o e, naturalmente, de aperfei\u00e7oamento de cultura\u201d, afirmou Jer\u00f4nimo Rodrigues.<\/p>\n<p>Tamb\u00e9m presente no evento, secret\u00e1rio de Cultura, Bruno Monteiro, destacou a import\u00e2ncia de ter mais um centro cultural reaberto e a relev\u00e2ncia deste espa\u00e7o no interior. \u201c\u00c9 um espa\u00e7o f\u00edsico muito importante, em um espa\u00e7o estrat\u00e9gico da cidade. Mas, se esse pr\u00e9dio n\u00e3o tiver vida, de nada adianta. Ent\u00e3o, importante tamb\u00e9m \u00e9 a ocupa\u00e7\u00e3o dentro dessa pol\u00edtica de dinamiza\u00e7\u00e3o da cultura que estamos implementando, para que esses espa\u00e7os onde a cultura se encontra se desenvolvam plenamente com todas as suas possibilidades, entendendo sempre a cultura como meio de inclus\u00e3o, de transforma\u00e7\u00e3o de vidas e tamb\u00e9m de gera\u00e7\u00e3o de emprego e renda\u201d.<\/p>\n<p><strong>Centro de Cultura Adonias Filho<\/strong><\/p>\n<p>Foi inaugurado em 1986 e \u00e9 um dos 17 espa\u00e7os culturais administrados pela Secretaria de Cultura do Estado da Bahia (Secult). O espa\u00e7o tem como objetivo promover a cultura regional e nacional, oferecendo ao p\u00fablico uma programa\u00e7\u00e3o diversificada e de qualidade. O governador visitou ainda a exposi\u00e7\u00e3o da vida e obra de Adonias Filho, que preserva o acervo do escritor que d\u00e1 nome ao espa\u00e7o, na Sala Z\u00e9lia Lessa. Adonias Filho foi um dos principais nomes da literatura brasileira do s\u00e9culo XX, autor de obras como \u201cOs Servos da Morte\u201d, \u201cCorpo Vivo\u201d e \u201cMem\u00f3rias de L\u00e1zaro\u201d.<\/p>\n<figure id=\"attachment_2685\" aria-describedby=\"caption-attachment-2685\" style=\"width: 300px\" class=\"wp-caption aligncenter\"><img fetchpriority=\"high\" decoding=\"async\" class=\"wp-image-2685 size-medium\" src=\"https:\/\/cacaunews.com\/wp-content\/uploads\/2023\/09\/Itabuna-centro-cultural-3-Foto-Mateus-PereiraGOVBA-1024x682-1-300x200.jpeg\" alt=\"\" width=\"300\" height=\"200\" srcset=\"https:\/\/cacaunews.com\/wp-content\/uploads\/2023\/09\/Itabuna-centro-cultural-3-Foto-Mateus-PereiraGOVBA-1024x682-1-300x200.jpeg 300w, https:\/\/cacaunews.com\/wp-content\/uploads\/2023\/09\/Itabuna-centro-cultural-3-Foto-Mateus-PereiraGOVBA-1024x682-1-768x512.jpeg 768w, https:\/\/cacaunews.com\/wp-content\/uploads\/2023\/09\/Itabuna-centro-cultural-3-Foto-Mateus-PereiraGOVBA-1024x682-1.jpeg 1024w\" sizes=\"(max-width: 300px) 100vw, 300px\" \/><figcaption id=\"caption-attachment-2685\" class=\"wp-caption-text\">Foto: Mateus Pereira\/ GOV-BA.<\/figcaption><\/figure>\n<p>Ascom\/GOV -BA.<\/p>\n","protected":false},"excerpt":{"rendered":"<p>O governador Jer\u00f4nimo Rodrigues reinaugurou o Centro de Cultura Adonias Filho, em Itabuna, neste s\u00e1bado&#8230;<\/p>\n","protected":false},"author":1,"featured_media":2684,"comment_status":"open","ping_status":"open","sticky":false,"template":"","format":"standard","meta":{"footnotes":""},"categories":[18,31,11],"tags":[1046,34,1066,27,1047],"yoast_head":"<!-- This site is optimized with the Yoast SEO plugin v21.7 - https:\/\/yoast.com\/wordpress\/plugins\/seo\/ -->\n<title>ITABUNA: CENTRO DE CULTURA ADONIAS FILHO \u00c9 REINAUGURADO COM PROGRAMA\u00c7\u00c3O DIVERSIFICADA; INVESTIMENTOS SOMAM R$ 5,7 MILH\u00d5ES - Cacau News<\/title>\n<meta name=\"robots\" content=\"index, follow, max-snippet:-1, max-image-preview:large, max-video-preview:-1\" \/>\n<link rel=\"canonical\" href=\"https:\/\/cacaunews.com\/?p=2683\" \/>\n<meta property=\"og:locale\" content=\"pt_BR\" \/>\n<meta property=\"og:type\" content=\"article\" \/>\n<meta property=\"og:title\" content=\"ITABUNA: CENTRO DE CULTURA ADONIAS FILHO \u00c9 REINAUGURADO COM PROGRAMA\u00c7\u00c3O DIVERSIFICADA; INVESTIMENTOS SOMAM R$ 5,7 MILH\u00d5ES - Cacau News\" \/>\n<meta property=\"og:description\" content=\"O governador Jer\u00f4nimo Rodrigues reinaugurou o Centro de Cultura Adonias Filho, em Itabuna, neste s\u00e1bado...\" \/>\n<meta property=\"og:url\" content=\"https:\/\/cacaunews.com\/?p=2683\" \/>\n<meta property=\"og:site_name\" content=\"Cacau News\" \/>\n<meta property=\"article:published_time\" content=\"2023-09-03T02:14:26+00:00\" \/>\n<meta property=\"og:image\" content=\"https:\/\/cacaunews.com\/wp-content\/uploads\/2023\/09\/CCAF.jpeg\" \/>\n\t<meta property=\"og:image:width\" content=\"696\" \/>\n\t<meta property=\"og:image:height\" content=\"464\" \/>\n\t<meta property=\"og:image:type\" content=\"image\/jpeg\" \/>\n<meta name=\"author\" content=\"Reda\u00e7\u00e3o Cacau News\" \/>\n<meta name=\"twitter:card\" content=\"summary_large_image\" \/>\n<meta name=\"twitter:label1\" content=\"Escrito por\" \/>\n\t<meta name=\"twitter:data1\" content=\"Reda\u00e7\u00e3o Cacau News\" \/>\n\t<meta name=\"twitter:label2\" content=\"Est. tempo de leitura\" \/>\n\t<meta name=\"twitter:data2\" content=\"3 minutos\" \/>\n<script type=\"application\/ld+json\" class=\"yoast-schema-graph\">{\"@context\":\"https:\/\/schema.org\",\"@graph\":[{\"@type\":\"Article\",\"@id\":\"https:\/\/cacaunews.com\/?p=2683#article\",\"isPartOf\":{\"@id\":\"https:\/\/cacaunews.com\/?p=2683\"},\"author\":{\"name\":\"Reda\u00e7\u00e3o Cacau News\",\"@id\":\"https:\/\/cacaunews.com\/#\/schema\/person\/ea69703103e606ad347ccd64bd72ef79\"},\"headline\":\"ITABUNA: CENTRO DE CULTURA ADONIAS FILHO \u00c9 REINAUGURADO COM PROGRAMA\u00c7\u00c3O DIVERSIFICADA; INVESTIMENTOS SOMAM R$ 5,7 MILH\u00d5ES\",\"datePublished\":\"2023-09-03T02:14:26+00:00\",\"dateModified\":\"2023-09-03T02:14:26+00:00\",\"mainEntityOfPage\":{\"@id\":\"https:\/\/cacaunews.com\/?p=2683\"},\"wordCount\":531,\"commentCount\":0,\"publisher\":{\"@id\":\"https:\/\/cacaunews.com\/#organization\"},\"keywords\":[\"CCAF\",\"cultura\",\"governo do estado\",\"itabuna\",\"reinaugura\u00e7\u00e3o\"],\"articleSection\":[\"cidades\",\"Cultura\",\"Jornalismo\"],\"inLanguage\":\"pt-BR\",\"potentialAction\":[{\"@type\":\"CommentAction\",\"name\":\"Comment\",\"target\":[\"https:\/\/cacaunews.com\/?p=2683#respond\"]}]},{\"@type\":\"WebPage\",\"@id\":\"https:\/\/cacaunews.com\/?p=2683\",\"url\":\"https:\/\/cacaunews.com\/?p=2683\",\"name\":\"ITABUNA: CENTRO DE CULTURA ADONIAS FILHO \u00c9 REINAUGURADO COM PROGRAMA\u00c7\u00c3O DIVERSIFICADA; INVESTIMENTOS SOMAM R$ 5,7 MILH\u00d5ES - Cacau News\",\"isPartOf\":{\"@id\":\"https:\/\/cacaunews.com\/#website\"},\"datePublished\":\"2023-09-03T02:14:26+00:00\",\"dateModified\":\"2023-09-03T02:14:26+00:00\",\"breadcrumb\":{\"@id\":\"https:\/\/cacaunews.com\/?p=2683#breadcrumb\"},\"inLanguage\":\"pt-BR\",\"potentialAction\":[{\"@type\":\"ReadAction\",\"target\":[\"https:\/\/cacaunews.com\/?p=2683\"]}]},{\"@type\":\"BreadcrumbList\",\"@id\":\"https:\/\/cacaunews.com\/?p=2683#breadcrumb\",\"itemListElement\":[{\"@type\":\"ListItem\",\"position\":1,\"name\":\"In\u00edcio\",\"item\":\"https:\/\/cacaunews.com\/\"},{\"@type\":\"ListItem\",\"position\":2,\"name\":\"ITABUNA: CENTRO DE CULTURA ADONIAS FILHO \u00c9 REINAUGURADO COM PROGRAMA\u00c7\u00c3O DIVERSIFICADA; INVESTIMENTOS SOMAM R$ 5,7 MILH\u00d5ES\"}]},{\"@type\":\"WebSite\",\"@id\":\"https:\/\/cacaunews.com\/#website\",\"url\":\"https:\/\/cacaunews.com\/\",\"name\":\"Cacau News\",\"description\":\"A Informa\u00e7\u00e3o que voc\u00ea precisa!\",\"publisher\":{\"@id\":\"https:\/\/cacaunews.com\/#organization\"},\"potentialAction\":[{\"@type\":\"SearchAction\",\"target\":{\"@type\":\"EntryPoint\",\"urlTemplate\":\"https:\/\/cacaunews.com\/?s={search_term_string}\"},\"query-input\":\"required name=search_term_string\"}],\"inLanguage\":\"pt-BR\"},{\"@type\":\"Organization\",\"@id\":\"https:\/\/cacaunews.com\/#organization\",\"name\":\"Cacau News\",\"url\":\"https:\/\/cacaunews.com\/\",\"logo\":{\"@type\":\"ImageObject\",\"inLanguage\":\"pt-BR\",\"@id\":\"https:\/\/cacaunews.com\/#\/schema\/logo\/image\/\",\"url\":\"https:\/\/cacaunews.com\/wp-content\/uploads\/2025\/01\/cropped-LOGO-NOVA.png\",\"contentUrl\":\"https:\/\/cacaunews.com\/wp-content\/uploads\/2025\/01\/cropped-LOGO-NOVA.png\",\"width\":813,\"height\":813,\"caption\":\"Cacau News\"},\"image\":{\"@id\":\"https:\/\/cacaunews.com\/#\/schema\/logo\/image\/\"},\"sameAs\":[\"https:\/\/www.instagram.com\/cacaunews.online\/\",\"https:\/\/youtube.com\/@cacaunews?si=0VXLnjl08SrWbVG9\"]},{\"@type\":\"Person\",\"@id\":\"https:\/\/cacaunews.com\/#\/schema\/person\/ea69703103e606ad347ccd64bd72ef79\",\"name\":\"Reda\u00e7\u00e3o Cacau News\",\"image\":{\"@type\":\"ImageObject\",\"inLanguage\":\"pt-BR\",\"@id\":\"https:\/\/cacaunews.com\/#\/schema\/person\/image\/\",\"url\":\"https:\/\/secure.gravatar.com\/avatar\/d79227a2a7b6cc42e8d7a8f7c284cd3a?s=96&d=mm&r=g\",\"contentUrl\":\"https:\/\/secure.gravatar.com\/avatar\/d79227a2a7b6cc42e8d7a8f7c284cd3a?s=96&d=mm&r=g\",\"caption\":\"Reda\u00e7\u00e3o Cacau News\"},\"sameAs\":[\"https:\/\/cacaunews.com\"],\"url\":\"https:\/\/cacaunews.com\/?author=1\"}]}<\/script>\n<!-- \/ Yoast SEO plugin. -->","yoast_head_json":{"title":"ITABUNA: CENTRO DE CULTURA ADONIAS FILHO \u00c9 REINAUGURADO COM PROGRAMA\u00c7\u00c3O DIVERSIFICADA; INVESTIMENTOS SOMAM R$ 5,7 MILH\u00d5ES - Cacau News","robots":{"index":"index","follow":"follow","max-snippet":"max-snippet:-1","max-image-preview":"max-image-preview:large","max-video-preview":"max-video-preview:-1"},"canonical":"https:\/\/cacaunews.com\/?p=2683","og_locale":"pt_BR","og_type":"article","og_title":"ITABUNA: CENTRO DE CULTURA ADONIAS FILHO \u00c9 REINAUGURADO COM PROGRAMA\u00c7\u00c3O DIVERSIFICADA; INVESTIMENTOS SOMAM R$ 5,7 MILH\u00d5ES - Cacau News","og_description":"O governador Jer\u00f4nimo Rodrigues reinaugurou o Centro de Cultura Adonias Filho, em Itabuna, neste s\u00e1bado...","og_url":"https:\/\/cacaunews.com\/?p=2683","og_site_name":"Cacau News","article_published_time":"2023-09-03T02:14:26+00:00","og_image":[{"width":696,"height":464,"url":"https:\/\/cacaunews.com\/wp-content\/uploads\/2023\/09\/CCAF.jpeg","type":"image\/jpeg"}],"author":"Reda\u00e7\u00e3o Cacau News","twitter_card":"summary_large_image","twitter_misc":{"Escrito por":"Reda\u00e7\u00e3o Cacau News","Est. tempo de leitura":"3 minutos"},"schema":{"@context":"https:\/\/schema.org","@graph":[{"@type":"Article","@id":"https:\/\/cacaunews.com\/?p=2683#article","isPartOf":{"@id":"https:\/\/cacaunews.com\/?p=2683"},"author":{"name":"Reda\u00e7\u00e3o Cacau News","@id":"https:\/\/cacaunews.com\/#\/schema\/person\/ea69703103e606ad347ccd64bd72ef79"},"headline":"ITABUNA: CENTRO DE CULTURA ADONIAS FILHO \u00c9 REINAUGURADO COM PROGRAMA\u00c7\u00c3O DIVERSIFICADA; INVESTIMENTOS SOMAM R$ 5,7 MILH\u00d5ES","datePublished":"2023-09-03T02:14:26+00:00","dateModified":"2023-09-03T02:14:26+00:00","mainEntityOfPage":{"@id":"https:\/\/cacaunews.com\/?p=2683"},"wordCount":531,"commentCount":0,"publisher":{"@id":"https:\/\/cacaunews.com\/#organization"},"keywords":["CCAF","cultura","governo do estado","itabuna","reinaugura\u00e7\u00e3o"],"articleSection":["cidades","Cultura","Jornalismo"],"inLanguage":"pt-BR","potentialAction":[{"@type":"CommentAction","name":"Comment","target":["https:\/\/cacaunews.com\/?p=2683#respond"]}]},{"@type":"WebPage","@id":"https:\/\/cacaunews.com\/?p=2683","url":"https:\/\/cacaunews.com\/?p=2683","name":"ITABUNA: CENTRO DE CULTURA ADONIAS FILHO \u00c9 REINAUGURADO COM PROGRAMA\u00c7\u00c3O DIVERSIFICADA; INVESTIMENTOS SOMAM R$ 5,7 MILH\u00d5ES - Cacau News","isPartOf":{"@id":"https:\/\/cacaunews.com\/#website"},"datePublished":"2023-09-03T02:14:26+00:00","dateModified":"2023-09-03T02:14:26+00:00","breadcrumb":{"@id":"https:\/\/cacaunews.com\/?p=2683#breadcrumb"},"inLanguage":"pt-BR","potentialAction":[{"@type":"ReadAction","target":["https:\/\/cacaunews.com\/?p=2683"]}]},{"@type":"BreadcrumbList","@id":"https:\/\/cacaunews.com\/?p=2683#breadcrumb","itemListElement":[{"@type":"ListItem","position":1,"name":"In\u00edcio","item":"https:\/\/cacaunews.com\/"},{"@type":"ListItem","position":2,"name":"ITABUNA: CENTRO DE CULTURA ADONIAS FILHO \u00c9 REINAUGURADO COM PROGRAMA\u00c7\u00c3O DIVERSIFICADA; INVESTIMENTOS SOMAM R$ 5,7 MILH\u00d5ES"}]},{"@type":"WebSite","@id":"https:\/\/cacaunews.com\/#website","url":"https:\/\/cacaunews.com\/","name":"Cacau News","description":"A Informa\u00e7\u00e3o que voc\u00ea precisa!","publisher":{"@id":"https:\/\/cacaunews.com\/#organization"},"potentialAction":[{"@type":"SearchAction","target":{"@type":"EntryPoint","urlTemplate":"https:\/\/cacaunews.com\/?s={search_term_string}"},"query-input":"required name=search_term_string"}],"inLanguage":"pt-BR"},{"@type":"Organization","@id":"https:\/\/cacaunews.com\/#organization","name":"Cacau News","url":"https:\/\/cacaunews.com\/","logo":{"@type":"ImageObject","inLanguage":"pt-BR","@id":"https:\/\/cacaunews.com\/#\/schema\/logo\/image\/","url":"https:\/\/cacaunews.com\/wp-content\/uploads\/2025\/01\/cropped-LOGO-NOVA.png","contentUrl":"https:\/\/cacaunews.com\/wp-content\/uploads\/2025\/01\/cropped-LOGO-NOVA.png","width":813,"height":813,"caption":"Cacau News"},"image":{"@id":"https:\/\/cacaunews.com\/#\/schema\/logo\/image\/"},"sameAs":["https:\/\/www.instagram.com\/cacaunews.online\/","https:\/\/youtube.com\/@cacaunews?si=0VXLnjl08SrWbVG9"]},{"@type":"Person","@id":"https:\/\/cacaunews.com\/#\/schema\/person\/ea69703103e606ad347ccd64bd72ef79","name":"Reda\u00e7\u00e3o Cacau News","image":{"@type":"ImageObject","inLanguage":"pt-BR","@id":"https:\/\/cacaunews.com\/#\/schema\/person\/image\/","url":"https:\/\/secure.gravatar.com\/avatar\/d79227a2a7b6cc42e8d7a8f7c284cd3a?s=96&d=mm&r=g","contentUrl":"https:\/\/secure.gravatar.com\/avatar\/d79227a2a7b6cc42e8d7a8f7c284cd3a?s=96&d=mm&r=g","caption":"Reda\u00e7\u00e3o Cacau News"},"sameAs":["https:\/\/cacaunews.com"],"url":"https:\/\/cacaunews.com\/?author=1"}]}},"jetpack_sharing_enabled":true,"jetpack_featured_media_url":"https:\/\/cacaunews.com\/wp-content\/uploads\/2023\/09\/CCAF.jpeg","_links":{"self":[{"href":"https:\/\/cacaunews.com\/index.php?rest_route=\/wp\/v2\/posts\/2683"}],"collection":[{"href":"https:\/\/cacaunews.com\/index.php?rest_route=\/wp\/v2\/posts"}],"about":[{"href":"https:\/\/cacaunews.com\/index.php?rest_route=\/wp\/v2\/types\/post"}],"author":[{"embeddable":true,"href":"https:\/\/cacaunews.com\/index.php?rest_route=\/wp\/v2\/users\/1"}],"replies":[{"embeddable":true,"href":"https:\/\/cacaunews.com\/index.php?rest_route=%2Fwp%2Fv2%2Fcomments&post=2683"}],"version-history":[{"count":1,"href":"https:\/\/cacaunews.com\/index.php?rest_route=\/wp\/v2\/posts\/2683\/revisions"}],"predecessor-version":[{"id":2686,"href":"https:\/\/cacaunews.com\/index.php?rest_route=\/wp\/v2\/posts\/2683\/revisions\/2686"}],"wp:featuredmedia":[{"embeddable":true,"href":"https:\/\/cacaunews.com\/index.php?rest_route=\/wp\/v2\/media\/2684"}],"wp:attachment":[{"href":"https:\/\/cacaunews.com\/index.php?rest_route=%2Fwp%2Fv2%2Fmedia&parent=2683"}],"wp:term":[{"taxonomy":"category","embeddable":true,"href":"https:\/\/cacaunews.com\/index.php?rest_route=%2Fwp%2Fv2%2Fcategories&post=2683"},{"taxonomy":"post_tag","embeddable":true,"href":"https:\/\/cacaunews.com\/index.php?rest_route=%2Fwp%2Fv2%2Ftags&post=2683"}],"curies":[{"name":"wp","href":"https:\/\/api.w.org\/{rel}","templated":true}]}}