{"id":2699,"date":"2023-09-05T11:00:00","date_gmt":"2023-09-05T11:00:00","guid":{"rendered":"https:\/\/cacaunews.com\/?p=2699"},"modified":"2023-09-05T04:42:07","modified_gmt":"2023-09-05T04:42:07","slug":"estrategia-de-regionalizacao-da-saude-esta-entre-os-temas-apresentados-pela-sesab-durante-congresso-de-secretarias-municipais-de-saude","status":"publish","type":"post","link":"https:\/\/cacaunews.com\/?p=2699","title":{"rendered":"Estrat\u00e9gia de regionaliza\u00e7\u00e3o da sa\u00fade est\u00e1 entre os temas apresentados pela Sesab durante Congresso de Secretarias Municipais de Sa\u00fade."},"content":{"rendered":"\n<p>A 9\u00aa edi\u00e7\u00e3o do Congresso Norte Nordeste de Secretarias Municipais de Sa\u00fade, que teve in\u00edcio nesta segunda-feira (4) e segue at\u00e9 a quarta-feira (6), no Centro de Conven\u00e7\u00f5es de Salvador, deve reunir cerca de quatro mil pessoas e contar\u00e1 com a apresenta\u00e7\u00e3o das estrat\u00e9gias de gest\u00e3o da sa\u00fade do estado Bahia.<\/p>\n\n\n\n<p>Durante o primeiro dia do evento, a\u00e7\u00f5es como o Registro de Pre\u00e7o compartilhado de medicamentos e insumos, o Plano de Aten\u00e7\u00e3o Hospitalar, bem como a A\u00e7\u00e3o em Coopera\u00e7\u00e3o T\u00e9cnica para Auditores do SUS dos Componentes Municipais foram apresentados para mais de dois mil secret\u00e1rios de sa\u00fade e cerca de quatro mil congressistas.<\/p>\n\n\n\n<p>Para a secret\u00e1ria da Sa\u00fade da Bahia, Roberta Santana, o encontro busca difundir conhecimento e divulgar as a\u00e7\u00f5es do Governo da Bahia para ampliar a regionaliza\u00e7\u00e3o da sa\u00fade em todo o estado.<\/p>\n\n\n\n<p>\u201cEstaremos juntos durante os tr\u00eas dias de congresso debatendo a sa\u00fade do nosso estado e apresentando as a\u00e7\u00f5es realizadas na Bahia para qualificar a assist\u00eancia. Amanh\u00e3 abordaremos outra inova\u00e7\u00e3o baiana que s\u00e3o as Policl\u00ednicas Regionais de Sa\u00fade. Atrav\u00e9s dessas estruturas jur\u00eddicas que integram munic\u00edpios e o Estado, trabalhamos para ampliar e regionalizar o acesso a consultas ambulatoriais com m\u00e9dicos especialistas e exames de m\u00e9dia e alta complexidade\u201d, analisou.<\/p>\n\n\n\n<p>A abertura oficial do evento, que acontece a partir das 19h, vai contar com a presen\u00e7a da ministra da Sa\u00fade, N\u00edsia Trindade, e da secret\u00e1ria da Sa\u00fade da Bahia, Roberta Santana.<\/p>\n\n\n\n<p><strong>Programa\u00e7\u00e3o<\/strong><br><br><strong>Ter\u00e7a-feira (5)<\/strong><br><br>9h00 -Pol\u00edtica Estadual de Humaniza\u00e7\u00e3o da Aten\u00e7\u00e3o e da Gest\u00e3o do SUS-Ba (PEH).<br><br>9h50 -Panorama Atual do Programa Mais M\u00e9dicos na Bahia \u2013 Avan\u00e7os e Perspectivas 2023 e Painel de Controle de Dados.<br><br>10h40- Cat\u00e1logo de cursos da Escola de Sa\u00fade P\u00fablica da Bahia.<br><br>11h30 \u2013 Policl\u00ednicas Regionais de Sa\u00fade<br><br>14h \u2013 Momento CES<br><br>14h50 \u2013 HTLV na Bahia: estrat\u00e9gias do Programa Estadual de IST\u2019s.<br><br>15h40 \u2013 Estrat\u00e9gias de elimina\u00e7\u00e3o da transmiss\u00e3o vertical da s\u00edfilis e HIV na Bahia<br><br>16h30 \u2013 Plano Estadual de a\u00e7\u00f5es estrat\u00e9gicas para o enfrentamento e agravos n\u00e3o transmiss\u00edveis \u2013 Plano DANT 2022-2030: elabora\u00e7\u00e3o e perspectiva de implanta\u00e7\u00e3o.<br><br>17h30 \u2013 Roteiro para constru\u00e7\u00e3o de c\u00f3digo de vigil\u00e2ncia a sa\u00fade.<br><br><strong>Quarta-feira (6)<\/strong><br><br>9h00 \u2013 Monitoramento p\u00f3s-comercializa\u00e7\u00e3o: produtos de sa\u00fade e interesse para sa\u00fade \u2013 Eliana Fiais<br>9h50 \u2013 Mudan\u00e7as Clim\u00e1ticas e as a\u00e7\u00f5es de vigil\u00e2ncia em sa\u00fade ambiental \u2013 Orlando Farias de Souza<br>10h40 \u2013 Implanta\u00e7\u00e3o do Kit calamidade para as emerg\u00eancias em sa\u00fade p\u00fablica: pioneirismo do Nordeste.<br><br>11h30 \u2013 Sa\u00fade do Trabalhador na Aten\u00e7\u00e3o B\u00e1sica \u2013 desafios para a constru\u00e7\u00e3o das linhas de cuidado.<br><br>14h \u2013 Atua\u00e7\u00e3o da vigil\u00e2ncia \u00e0 Sa\u00fade do Trabalhador nos ambientes e processos de trabalho no Estado da Bahia.<br><br>14h50 \u2013 Fortalecimento da Renast\/BA.<br><br>15h40 \u2013 Cons\u00f3rcios municipais\/ intermunicipais de vigil\u00e2ncia sanit\u00e1ria \u2013 Raoni Rodrigues; Hugo Roxo<br><br>Fonte: Ascom\/Sesab<\/p>\n","protected":false},"excerpt":{"rendered":"<p>A 9\u00aa edi\u00e7\u00e3o do Congresso Norte Nordeste de Secretarias Municipais de Sa\u00fade, que teve in\u00edcio&#8230;<\/p>\n","protected":false},"author":1,"featured_media":2698,"comment_status":"open","ping_status":"open","sticky":false,"template":"","format":"standard","meta":{"footnotes":""},"categories":[18,11],"tags":[39,1070,13,1071],"yoast_head":"<!-- This site is optimized with the Yoast SEO plugin v21.7 - https:\/\/yoast.com\/wordpress\/plugins\/seo\/ -->\n<title>Estrat\u00e9gia de regionaliza\u00e7\u00e3o da sa\u00fade est\u00e1 entre os temas apresentados pela Sesab durante Congresso de Secretarias Municipais de Sa\u00fade. - Cacau News<\/title>\n<meta name=\"robots\" content=\"index, follow, max-snippet:-1, max-image-preview:large, max-video-preview:-1\" \/>\n<link rel=\"canonical\" href=\"https:\/\/cacaunews.com\/?p=2699\" \/>\n<meta property=\"og:locale\" content=\"pt_BR\" \/>\n<meta property=\"og:type\" content=\"article\" \/>\n<meta property=\"og:title\" content=\"Estrat\u00e9gia de regionaliza\u00e7\u00e3o da sa\u00fade est\u00e1 entre os temas apresentados pela Sesab durante Congresso de Secretarias Municipais de Sa\u00fade. - Cacau News\" \/>\n<meta property=\"og:description\" content=\"A 9\u00aa edi\u00e7\u00e3o do Congresso Norte Nordeste de Secretarias Municipais de Sa\u00fade, que teve in\u00edcio...\" \/>\n<meta property=\"og:url\" content=\"https:\/\/cacaunews.com\/?p=2699\" \/>\n<meta property=\"og:site_name\" content=\"Cacau News\" \/>\n<meta property=\"article:published_time\" content=\"2023-09-05T11:00:00+00:00\" \/>\n<meta property=\"article:modified_time\" content=\"2023-09-05T04:42:07+00:00\" \/>\n<meta property=\"og:image\" content=\"https:\/\/cacaunews.com\/wp-content\/uploads\/2023\/09\/Congresso-1-1068x712-1.jpeg\" \/>\n\t<meta property=\"og:image:width\" content=\"1068\" \/>\n\t<meta property=\"og:image:height\" content=\"712\" \/>\n\t<meta property=\"og:image:type\" content=\"image\/jpeg\" \/>\n<meta name=\"author\" content=\"Reda\u00e7\u00e3o Cacau News\" \/>\n<meta name=\"twitter:card\" content=\"summary_large_image\" \/>\n<meta name=\"twitter:label1\" content=\"Escrito por\" \/>\n\t<meta name=\"twitter:data1\" content=\"Reda\u00e7\u00e3o Cacau News\" \/>\n\t<meta name=\"twitter:label2\" content=\"Est. tempo de leitura\" \/>\n\t<meta name=\"twitter:data2\" content=\"3 minutos\" \/>\n<script type=\"application\/ld+json\" class=\"yoast-schema-graph\">{\"@context\":\"https:\/\/schema.org\",\"@graph\":[{\"@type\":\"Article\",\"@id\":\"https:\/\/cacaunews.com\/?p=2699#article\",\"isPartOf\":{\"@id\":\"https:\/\/cacaunews.com\/?p=2699\"},\"author\":{\"name\":\"Reda\u00e7\u00e3o Cacau News\",\"@id\":\"https:\/\/cacaunews.com\/#\/schema\/person\/ea69703103e606ad347ccd64bd72ef79\"},\"headline\":\"Estrat\u00e9gia de regionaliza\u00e7\u00e3o da sa\u00fade est\u00e1 entre os temas apresentados pela Sesab durante Congresso de Secretarias Municipais de Sa\u00fade.\",\"datePublished\":\"2023-09-05T11:00:00+00:00\",\"dateModified\":\"2023-09-05T04:42:07+00:00\",\"mainEntityOfPage\":{\"@id\":\"https:\/\/cacaunews.com\/?p=2699\"},\"wordCount\":545,\"commentCount\":0,\"publisher\":{\"@id\":\"https:\/\/cacaunews.com\/#organization\"},\"keywords\":[\"bahia\",\"congresso\",\"sa\u00fade\",\"secretarias\"],\"articleSection\":[\"cidades\",\"Jornalismo\"],\"inLanguage\":\"pt-BR\",\"potentialAction\":[{\"@type\":\"CommentAction\",\"name\":\"Comment\",\"target\":[\"https:\/\/cacaunews.com\/?p=2699#respond\"]}]},{\"@type\":\"WebPage\",\"@id\":\"https:\/\/cacaunews.com\/?p=2699\",\"url\":\"https:\/\/cacaunews.com\/?p=2699\",\"name\":\"Estrat\u00e9gia de regionaliza\u00e7\u00e3o da sa\u00fade est\u00e1 entre os temas apresentados pela Sesab durante Congresso de Secretarias Municipais de Sa\u00fade. - Cacau News\",\"isPartOf\":{\"@id\":\"https:\/\/cacaunews.com\/#website\"},\"datePublished\":\"2023-09-05T11:00:00+00:00\",\"dateModified\":\"2023-09-05T04:42:07+00:00\",\"breadcrumb\":{\"@id\":\"https:\/\/cacaunews.com\/?p=2699#breadcrumb\"},\"inLanguage\":\"pt-BR\",\"potentialAction\":[{\"@type\":\"ReadAction\",\"target\":[\"https:\/\/cacaunews.com\/?p=2699\"]}]},{\"@type\":\"BreadcrumbList\",\"@id\":\"https:\/\/cacaunews.com\/?p=2699#breadcrumb\",\"itemListElement\":[{\"@type\":\"ListItem\",\"position\":1,\"name\":\"In\u00edcio\",\"item\":\"https:\/\/cacaunews.com\/\"},{\"@type\":\"ListItem\",\"position\":2,\"name\":\"Estrat\u00e9gia de regionaliza\u00e7\u00e3o da sa\u00fade est\u00e1 entre os temas apresentados pela Sesab durante Congresso de Secretarias Municipais de Sa\u00fade.\"}]},{\"@type\":\"WebSite\",\"@id\":\"https:\/\/cacaunews.com\/#website\",\"url\":\"https:\/\/cacaunews.com\/\",\"name\":\"Cacau News\",\"description\":\"A Informa\u00e7\u00e3o que voc\u00ea precisa!\",\"publisher\":{\"@id\":\"https:\/\/cacaunews.com\/#organization\"},\"potentialAction\":[{\"@type\":\"SearchAction\",\"target\":{\"@type\":\"EntryPoint\",\"urlTemplate\":\"https:\/\/cacaunews.com\/?s={search_term_string}\"},\"query-input\":\"required name=search_term_string\"}],\"inLanguage\":\"pt-BR\"},{\"@type\":\"Organization\",\"@id\":\"https:\/\/cacaunews.com\/#organization\",\"name\":\"Cacau News\",\"url\":\"https:\/\/cacaunews.com\/\",\"logo\":{\"@type\":\"ImageObject\",\"inLanguage\":\"pt-BR\",\"@id\":\"https:\/\/cacaunews.com\/#\/schema\/logo\/image\/\",\"url\":\"https:\/\/cacaunews.com\/wp-content\/uploads\/2025\/01\/cropped-LOGO-NOVA.png\",\"contentUrl\":\"https:\/\/cacaunews.com\/wp-content\/uploads\/2025\/01\/cropped-LOGO-NOVA.png\",\"width\":813,\"height\":813,\"caption\":\"Cacau News\"},\"image\":{\"@id\":\"https:\/\/cacaunews.com\/#\/schema\/logo\/image\/\"},\"sameAs\":[\"https:\/\/www.instagram.com\/cacaunews.online\/\",\"https:\/\/youtube.com\/@cacaunews?si=0VXLnjl08SrWbVG9\"]},{\"@type\":\"Person\",\"@id\":\"https:\/\/cacaunews.com\/#\/schema\/person\/ea69703103e606ad347ccd64bd72ef79\",\"name\":\"Reda\u00e7\u00e3o Cacau News\",\"image\":{\"@type\":\"ImageObject\",\"inLanguage\":\"pt-BR\",\"@id\":\"https:\/\/cacaunews.com\/#\/schema\/person\/image\/\",\"url\":\"https:\/\/secure.gravatar.com\/avatar\/d79227a2a7b6cc42e8d7a8f7c284cd3a?s=96&d=mm&r=g\",\"contentUrl\":\"https:\/\/secure.gravatar.com\/avatar\/d79227a2a7b6cc42e8d7a8f7c284cd3a?s=96&d=mm&r=g\",\"caption\":\"Reda\u00e7\u00e3o Cacau News\"},\"sameAs\":[\"https:\/\/cacaunews.com\"],\"url\":\"https:\/\/cacaunews.com\/?author=1\"}]}<\/script>\n<!-- \/ Yoast SEO plugin. -->","yoast_head_json":{"title":"Estrat\u00e9gia de regionaliza\u00e7\u00e3o da sa\u00fade est\u00e1 entre os temas apresentados pela Sesab durante Congresso de Secretarias Municipais de Sa\u00fade. - Cacau News","robots":{"index":"index","follow":"follow","max-snippet":"max-snippet:-1","max-image-preview":"max-image-preview:large","max-video-preview":"max-video-preview:-1"},"canonical":"https:\/\/cacaunews.com\/?p=2699","og_locale":"pt_BR","og_type":"article","og_title":"Estrat\u00e9gia de regionaliza\u00e7\u00e3o da sa\u00fade est\u00e1 entre os temas apresentados pela Sesab durante Congresso de Secretarias Municipais de Sa\u00fade. - Cacau News","og_description":"A 9\u00aa edi\u00e7\u00e3o do Congresso Norte Nordeste de Secretarias Municipais de Sa\u00fade, que teve in\u00edcio...","og_url":"https:\/\/cacaunews.com\/?p=2699","og_site_name":"Cacau News","article_published_time":"2023-09-05T11:00:00+00:00","article_modified_time":"2023-09-05T04:42:07+00:00","og_image":[{"width":1068,"height":712,"url":"https:\/\/cacaunews.com\/wp-content\/uploads\/2023\/09\/Congresso-1-1068x712-1.jpeg","type":"image\/jpeg"}],"author":"Reda\u00e7\u00e3o Cacau News","twitter_card":"summary_large_image","twitter_misc":{"Escrito por":"Reda\u00e7\u00e3o Cacau News","Est. tempo de leitura":"3 minutos"},"schema":{"@context":"https:\/\/schema.org","@graph":[{"@type":"Article","@id":"https:\/\/cacaunews.com\/?p=2699#article","isPartOf":{"@id":"https:\/\/cacaunews.com\/?p=2699"},"author":{"name":"Reda\u00e7\u00e3o Cacau News","@id":"https:\/\/cacaunews.com\/#\/schema\/person\/ea69703103e606ad347ccd64bd72ef79"},"headline":"Estrat\u00e9gia de regionaliza\u00e7\u00e3o da sa\u00fade est\u00e1 entre os temas apresentados pela Sesab durante Congresso de Secretarias Municipais de Sa\u00fade.","datePublished":"2023-09-05T11:00:00+00:00","dateModified":"2023-09-05T04:42:07+00:00","mainEntityOfPage":{"@id":"https:\/\/cacaunews.com\/?p=2699"},"wordCount":545,"commentCount":0,"publisher":{"@id":"https:\/\/cacaunews.com\/#organization"},"keywords":["bahia","congresso","sa\u00fade","secretarias"],"articleSection":["cidades","Jornalismo"],"inLanguage":"pt-BR","potentialAction":[{"@type":"CommentAction","name":"Comment","target":["https:\/\/cacaunews.com\/?p=2699#respond"]}]},{"@type":"WebPage","@id":"https:\/\/cacaunews.com\/?p=2699","url":"https:\/\/cacaunews.com\/?p=2699","name":"Estrat\u00e9gia de regionaliza\u00e7\u00e3o da sa\u00fade est\u00e1 entre os temas apresentados pela Sesab durante Congresso de Secretarias Municipais de Sa\u00fade. - Cacau News","isPartOf":{"@id":"https:\/\/cacaunews.com\/#website"},"datePublished":"2023-09-05T11:00:00+00:00","dateModified":"2023-09-05T04:42:07+00:00","breadcrumb":{"@id":"https:\/\/cacaunews.com\/?p=2699#breadcrumb"},"inLanguage":"pt-BR","potentialAction":[{"@type":"ReadAction","target":["https:\/\/cacaunews.com\/?p=2699"]}]},{"@type":"BreadcrumbList","@id":"https:\/\/cacaunews.com\/?p=2699#breadcrumb","itemListElement":[{"@type":"ListItem","position":1,"name":"In\u00edcio","item":"https:\/\/cacaunews.com\/"},{"@type":"ListItem","position":2,"name":"Estrat\u00e9gia de regionaliza\u00e7\u00e3o da sa\u00fade est\u00e1 entre os temas apresentados pela Sesab durante Congresso de Secretarias Municipais de Sa\u00fade."}]},{"@type":"WebSite","@id":"https:\/\/cacaunews.com\/#website","url":"https:\/\/cacaunews.com\/","name":"Cacau News","description":"A Informa\u00e7\u00e3o que voc\u00ea precisa!","publisher":{"@id":"https:\/\/cacaunews.com\/#organization"},"potentialAction":[{"@type":"SearchAction","target":{"@type":"EntryPoint","urlTemplate":"https:\/\/cacaunews.com\/?s={search_term_string}"},"query-input":"required name=search_term_string"}],"inLanguage":"pt-BR"},{"@type":"Organization","@id":"https:\/\/cacaunews.com\/#organization","name":"Cacau News","url":"https:\/\/cacaunews.com\/","logo":{"@type":"ImageObject","inLanguage":"pt-BR","@id":"https:\/\/cacaunews.com\/#\/schema\/logo\/image\/","url":"https:\/\/cacaunews.com\/wp-content\/uploads\/2025\/01\/cropped-LOGO-NOVA.png","contentUrl":"https:\/\/cacaunews.com\/wp-content\/uploads\/2025\/01\/cropped-LOGO-NOVA.png","width":813,"height":813,"caption":"Cacau News"},"image":{"@id":"https:\/\/cacaunews.com\/#\/schema\/logo\/image\/"},"sameAs":["https:\/\/www.instagram.com\/cacaunews.online\/","https:\/\/youtube.com\/@cacaunews?si=0VXLnjl08SrWbVG9"]},{"@type":"Person","@id":"https:\/\/cacaunews.com\/#\/schema\/person\/ea69703103e606ad347ccd64bd72ef79","name":"Reda\u00e7\u00e3o Cacau News","image":{"@type":"ImageObject","inLanguage":"pt-BR","@id":"https:\/\/cacaunews.com\/#\/schema\/person\/image\/","url":"https:\/\/secure.gravatar.com\/avatar\/d79227a2a7b6cc42e8d7a8f7c284cd3a?s=96&d=mm&r=g","contentUrl":"https:\/\/secure.gravatar.com\/avatar\/d79227a2a7b6cc42e8d7a8f7c284cd3a?s=96&d=mm&r=g","caption":"Reda\u00e7\u00e3o Cacau News"},"sameAs":["https:\/\/cacaunews.com"],"url":"https:\/\/cacaunews.com\/?author=1"}]}},"jetpack_sharing_enabled":true,"jetpack_featured_media_url":"https:\/\/cacaunews.com\/wp-content\/uploads\/2023\/09\/Congresso-1-1068x712-1.jpeg","_links":{"self":[{"href":"https:\/\/cacaunews.com\/index.php?rest_route=\/wp\/v2\/posts\/2699"}],"collection":[{"href":"https:\/\/cacaunews.com\/index.php?rest_route=\/wp\/v2\/posts"}],"about":[{"href":"https:\/\/cacaunews.com\/index.php?rest_route=\/wp\/v2\/types\/post"}],"author":[{"embeddable":true,"href":"https:\/\/cacaunews.com\/index.php?rest_route=\/wp\/v2\/users\/1"}],"replies":[{"embeddable":true,"href":"https:\/\/cacaunews.com\/index.php?rest_route=%2Fwp%2Fv2%2Fcomments&post=2699"}],"version-history":[{"count":1,"href":"https:\/\/cacaunews.com\/index.php?rest_route=\/wp\/v2\/posts\/2699\/revisions"}],"predecessor-version":[{"id":2700,"href":"https:\/\/cacaunews.com\/index.php?rest_route=\/wp\/v2\/posts\/2699\/revisions\/2700"}],"wp:featuredmedia":[{"embeddable":true,"href":"https:\/\/cacaunews.com\/index.php?rest_route=\/wp\/v2\/media\/2698"}],"wp:attachment":[{"href":"https:\/\/cacaunews.com\/index.php?rest_route=%2Fwp%2Fv2%2Fmedia&parent=2699"}],"wp:term":[{"taxonomy":"category","embeddable":true,"href":"https:\/\/cacaunews.com\/index.php?rest_route=%2Fwp%2Fv2%2Fcategories&post=2699"},{"taxonomy":"post_tag","embeddable":true,"href":"https:\/\/cacaunews.com\/index.php?rest_route=%2Fwp%2Fv2%2Ftags&post=2699"}],"curies":[{"name":"wp","href":"https:\/\/api.w.org\/{rel}","templated":true}]}}