{"id":2716,"date":"2023-09-05T20:11:07","date_gmt":"2023-09-05T20:11:07","guid":{"rendered":"https:\/\/cacaunews.com\/?p=2716"},"modified":"2023-09-05T20:37:22","modified_gmt":"2023-09-05T20:37:22","slug":"itabuna-vereador-danilo-da-nova-itabuna-e-afastado-por-90-dias-da-camara","status":"publish","type":"post","link":"https:\/\/cacaunews.com\/?p=2716","title":{"rendered":"Itabuna: Vereador Danilo da Nova  Itabuna tem prerrogativa de fala supesnsa por 90 dias."},"content":{"rendered":"\n<p>Por decis\u00e3o do Conselho de \u00c9tica, presidido pela vereadora Wilmaci Oliveira (PCdoB), o vereador Danilo da Nova Itabuna (Uni\u00e3o) ter\u00e1 sua prerrogativa  de fala nas sess\u00f5es do Legislativo Itabunense suspensa pelo per\u00edodo de 90 dias. <\/p>\n\n\n\n<p>A decis\u00e3o foi tomada ap\u00f3s em Sess\u00e3o Plen\u00e1ria o edil ter se referido a primeira dama do munic\u00edpio Andr\u00e9a Castro, como Lessie, e foi lida na Sess\u00e3o Ordin\u00e1ria de hoje (05) pelo presidente da Casa, vereador Erasmo \u00c1vila (PSD). O &#8220;castigo&#8221; valer\u00e1 de 11 de setembro a 11 de dezembro deste ano.<\/p>\n\n\n\n<p>O curioso \u00e9 que na Sess\u00e3o passada, o vereador em sua fala disse &#8220;n\u00e3o sei quando irei falar por aqui novamente&#8221;, dando a id\u00e9ia de que j\u00e1 era esperada essa decis\u00e3o.<\/p>\n\n\n\n<p>O Cacau tamb\u00e9m  se coloca a disposi\u00e7\u00e3o para ouvir o vereador sobre o caso.<\/p>\n","protected":false},"excerpt":{"rendered":"<p>Por decis\u00e3o do Conselho de \u00c9tica, presidido pela vereadora Wilmaci Oliveira (PCdoB), o vereador Danilo&#8230;<\/p>\n","protected":false},"author":1,"featured_media":2715,"comment_status":"open","ping_status":"open","sticky":false,"template":"","format":"standard","meta":{"footnotes":""},"categories":[18,11,5],"tags":[407,1082,580,27],"yoast_head":"<!-- This site is optimized with the Yoast SEO plugin v21.7 - https:\/\/yoast.com\/wordpress\/plugins\/seo\/ -->\n<title>Itabuna: Vereador Danilo da Nova Itabuna tem prerrogativa de fala supesnsa por 90 dias. - Cacau News<\/title>\n<meta name=\"robots\" content=\"index, follow, max-snippet:-1, max-image-preview:large, max-video-preview:-1\" \/>\n<link rel=\"canonical\" href=\"https:\/\/cacaunews.com\/?p=2716\" \/>\n<meta property=\"og:locale\" content=\"pt_BR\" \/>\n<meta property=\"og:type\" content=\"article\" \/>\n<meta property=\"og:title\" content=\"Itabuna: Vereador Danilo da Nova Itabuna tem prerrogativa de fala supesnsa por 90 dias. - Cacau News\" \/>\n<meta property=\"og:description\" content=\"Por decis\u00e3o do Conselho de \u00c9tica, presidido pela vereadora Wilmaci Oliveira (PCdoB), o vereador Danilo...\" \/>\n<meta property=\"og:url\" content=\"https:\/\/cacaunews.com\/?p=2716\" \/>\n<meta property=\"og:site_name\" content=\"Cacau News\" \/>\n<meta property=\"article:published_time\" content=\"2023-09-05T20:11:07+00:00\" \/>\n<meta property=\"article:modified_time\" content=\"2023-09-05T20:37:22+00:00\" \/>\n<meta property=\"og:image\" content=\"https:\/\/cacaunews.com\/wp-content\/uploads\/2023\/09\/images288829.jpeg\" \/>\n\t<meta property=\"og:image:width\" content=\"285\" \/>\n\t<meta property=\"og:image:height\" content=\"177\" \/>\n\t<meta property=\"og:image:type\" content=\"image\/jpeg\" \/>\n<meta name=\"author\" content=\"Reda\u00e7\u00e3o Cacau News\" \/>\n<meta name=\"twitter:card\" content=\"summary_large_image\" \/>\n<meta name=\"twitter:label1\" content=\"Escrito por\" \/>\n\t<meta name=\"twitter:data1\" content=\"Reda\u00e7\u00e3o Cacau News\" \/>\n\t<meta name=\"twitter:label2\" content=\"Est. tempo de leitura\" \/>\n\t<meta name=\"twitter:data2\" content=\"1 minuto\" \/>\n<script type=\"application\/ld+json\" class=\"yoast-schema-graph\">{\"@context\":\"https:\/\/schema.org\",\"@graph\":[{\"@type\":\"Article\",\"@id\":\"https:\/\/cacaunews.com\/?p=2716#article\",\"isPartOf\":{\"@id\":\"https:\/\/cacaunews.com\/?p=2716\"},\"author\":{\"name\":\"Reda\u00e7\u00e3o Cacau News\",\"@id\":\"https:\/\/cacaunews.com\/#\/schema\/person\/ea69703103e606ad347ccd64bd72ef79\"},\"headline\":\"Itabuna: Vereador Danilo da Nova Itabuna tem prerrogativa de fala supesnsa por 90 dias.\",\"datePublished\":\"2023-09-05T20:11:07+00:00\",\"dateModified\":\"2023-09-05T20:37:22+00:00\",\"mainEntityOfPage\":{\"@id\":\"https:\/\/cacaunews.com\/?p=2716\"},\"wordCount\":158,\"commentCount\":0,\"publisher\":{\"@id\":\"https:\/\/cacaunews.com\/#organization\"},\"keywords\":[\"afastamento\",\"conselho de \u00e9tica\",\"Danilo da Nova Itabuna\",\"itabuna\"],\"articleSection\":[\"cidades\",\"Jornalismo\",\"Politica\"],\"inLanguage\":\"pt-BR\",\"potentialAction\":[{\"@type\":\"CommentAction\",\"name\":\"Comment\",\"target\":[\"https:\/\/cacaunews.com\/?p=2716#respond\"]}]},{\"@type\":\"WebPage\",\"@id\":\"https:\/\/cacaunews.com\/?p=2716\",\"url\":\"https:\/\/cacaunews.com\/?p=2716\",\"name\":\"Itabuna: Vereador Danilo da Nova Itabuna tem prerrogativa de fala supesnsa por 90 dias. - Cacau News\",\"isPartOf\":{\"@id\":\"https:\/\/cacaunews.com\/#website\"},\"datePublished\":\"2023-09-05T20:11:07+00:00\",\"dateModified\":\"2023-09-05T20:37:22+00:00\",\"breadcrumb\":{\"@id\":\"https:\/\/cacaunews.com\/?p=2716#breadcrumb\"},\"inLanguage\":\"pt-BR\",\"potentialAction\":[{\"@type\":\"ReadAction\",\"target\":[\"https:\/\/cacaunews.com\/?p=2716\"]}]},{\"@type\":\"BreadcrumbList\",\"@id\":\"https:\/\/cacaunews.com\/?p=2716#breadcrumb\",\"itemListElement\":[{\"@type\":\"ListItem\",\"position\":1,\"name\":\"In\u00edcio\",\"item\":\"https:\/\/cacaunews.com\/\"},{\"@type\":\"ListItem\",\"position\":2,\"name\":\"Itabuna: Vereador Danilo da Nova Itabuna tem prerrogativa de fala supesnsa por 90 dias.\"}]},{\"@type\":\"WebSite\",\"@id\":\"https:\/\/cacaunews.com\/#website\",\"url\":\"https:\/\/cacaunews.com\/\",\"name\":\"Cacau News\",\"description\":\"A Informa\u00e7\u00e3o que voc\u00ea precisa!\",\"publisher\":{\"@id\":\"https:\/\/cacaunews.com\/#organization\"},\"potentialAction\":[{\"@type\":\"SearchAction\",\"target\":{\"@type\":\"EntryPoint\",\"urlTemplate\":\"https:\/\/cacaunews.com\/?s={search_term_string}\"},\"query-input\":\"required name=search_term_string\"}],\"inLanguage\":\"pt-BR\"},{\"@type\":\"Organization\",\"@id\":\"https:\/\/cacaunews.com\/#organization\",\"name\":\"Cacau News\",\"url\":\"https:\/\/cacaunews.com\/\",\"logo\":{\"@type\":\"ImageObject\",\"inLanguage\":\"pt-BR\",\"@id\":\"https:\/\/cacaunews.com\/#\/schema\/logo\/image\/\",\"url\":\"https:\/\/cacaunews.com\/wp-content\/uploads\/2025\/01\/cropped-LOGO-NOVA.png\",\"contentUrl\":\"https:\/\/cacaunews.com\/wp-content\/uploads\/2025\/01\/cropped-LOGO-NOVA.png\",\"width\":813,\"height\":813,\"caption\":\"Cacau News\"},\"image\":{\"@id\":\"https:\/\/cacaunews.com\/#\/schema\/logo\/image\/\"},\"sameAs\":[\"https:\/\/www.instagram.com\/cacaunews.online\/\",\"https:\/\/youtube.com\/@cacaunews?si=0VXLnjl08SrWbVG9\"]},{\"@type\":\"Person\",\"@id\":\"https:\/\/cacaunews.com\/#\/schema\/person\/ea69703103e606ad347ccd64bd72ef79\",\"name\":\"Reda\u00e7\u00e3o Cacau News\",\"image\":{\"@type\":\"ImageObject\",\"inLanguage\":\"pt-BR\",\"@id\":\"https:\/\/cacaunews.com\/#\/schema\/person\/image\/\",\"url\":\"https:\/\/secure.gravatar.com\/avatar\/d79227a2a7b6cc42e8d7a8f7c284cd3a?s=96&d=mm&r=g\",\"contentUrl\":\"https:\/\/secure.gravatar.com\/avatar\/d79227a2a7b6cc42e8d7a8f7c284cd3a?s=96&d=mm&r=g\",\"caption\":\"Reda\u00e7\u00e3o Cacau News\"},\"sameAs\":[\"https:\/\/cacaunews.com\"],\"url\":\"https:\/\/cacaunews.com\/?author=1\"}]}<\/script>\n<!-- \/ Yoast SEO plugin. -->","yoast_head_json":{"title":"Itabuna: Vereador Danilo da Nova Itabuna tem prerrogativa de fala supesnsa por 90 dias. - Cacau News","robots":{"index":"index","follow":"follow","max-snippet":"max-snippet:-1","max-image-preview":"max-image-preview:large","max-video-preview":"max-video-preview:-1"},"canonical":"https:\/\/cacaunews.com\/?p=2716","og_locale":"pt_BR","og_type":"article","og_title":"Itabuna: Vereador Danilo da Nova Itabuna tem prerrogativa de fala supesnsa por 90 dias. - Cacau News","og_description":"Por decis\u00e3o do Conselho de \u00c9tica, presidido pela vereadora Wilmaci Oliveira (PCdoB), o vereador Danilo...","og_url":"https:\/\/cacaunews.com\/?p=2716","og_site_name":"Cacau News","article_published_time":"2023-09-05T20:11:07+00:00","article_modified_time":"2023-09-05T20:37:22+00:00","og_image":[{"width":285,"height":177,"url":"https:\/\/cacaunews.com\/wp-content\/uploads\/2023\/09\/images288829.jpeg","type":"image\/jpeg"}],"author":"Reda\u00e7\u00e3o Cacau News","twitter_card":"summary_large_image","twitter_misc":{"Escrito por":"Reda\u00e7\u00e3o Cacau News","Est. tempo de leitura":"1 minuto"},"schema":{"@context":"https:\/\/schema.org","@graph":[{"@type":"Article","@id":"https:\/\/cacaunews.com\/?p=2716#article","isPartOf":{"@id":"https:\/\/cacaunews.com\/?p=2716"},"author":{"name":"Reda\u00e7\u00e3o Cacau News","@id":"https:\/\/cacaunews.com\/#\/schema\/person\/ea69703103e606ad347ccd64bd72ef79"},"headline":"Itabuna: Vereador Danilo da Nova Itabuna tem prerrogativa de fala supesnsa por 90 dias.","datePublished":"2023-09-05T20:11:07+00:00","dateModified":"2023-09-05T20:37:22+00:00","mainEntityOfPage":{"@id":"https:\/\/cacaunews.com\/?p=2716"},"wordCount":158,"commentCount":0,"publisher":{"@id":"https:\/\/cacaunews.com\/#organization"},"keywords":["afastamento","conselho de \u00e9tica","Danilo da Nova Itabuna","itabuna"],"articleSection":["cidades","Jornalismo","Politica"],"inLanguage":"pt-BR","potentialAction":[{"@type":"CommentAction","name":"Comment","target":["https:\/\/cacaunews.com\/?p=2716#respond"]}]},{"@type":"WebPage","@id":"https:\/\/cacaunews.com\/?p=2716","url":"https:\/\/cacaunews.com\/?p=2716","name":"Itabuna: Vereador Danilo da Nova Itabuna tem prerrogativa de fala supesnsa por 90 dias. - Cacau News","isPartOf":{"@id":"https:\/\/cacaunews.com\/#website"},"datePublished":"2023-09-05T20:11:07+00:00","dateModified":"2023-09-05T20:37:22+00:00","breadcrumb":{"@id":"https:\/\/cacaunews.com\/?p=2716#breadcrumb"},"inLanguage":"pt-BR","potentialAction":[{"@type":"ReadAction","target":["https:\/\/cacaunews.com\/?p=2716"]}]},{"@type":"BreadcrumbList","@id":"https:\/\/cacaunews.com\/?p=2716#breadcrumb","itemListElement":[{"@type":"ListItem","position":1,"name":"In\u00edcio","item":"https:\/\/cacaunews.com\/"},{"@type":"ListItem","position":2,"name":"Itabuna: Vereador Danilo da Nova Itabuna tem prerrogativa de fala supesnsa por 90 dias."}]},{"@type":"WebSite","@id":"https:\/\/cacaunews.com\/#website","url":"https:\/\/cacaunews.com\/","name":"Cacau News","description":"A Informa\u00e7\u00e3o que voc\u00ea precisa!","publisher":{"@id":"https:\/\/cacaunews.com\/#organization"},"potentialAction":[{"@type":"SearchAction","target":{"@type":"EntryPoint","urlTemplate":"https:\/\/cacaunews.com\/?s={search_term_string}"},"query-input":"required name=search_term_string"}],"inLanguage":"pt-BR"},{"@type":"Organization","@id":"https:\/\/cacaunews.com\/#organization","name":"Cacau News","url":"https:\/\/cacaunews.com\/","logo":{"@type":"ImageObject","inLanguage":"pt-BR","@id":"https:\/\/cacaunews.com\/#\/schema\/logo\/image\/","url":"https:\/\/cacaunews.com\/wp-content\/uploads\/2025\/01\/cropped-LOGO-NOVA.png","contentUrl":"https:\/\/cacaunews.com\/wp-content\/uploads\/2025\/01\/cropped-LOGO-NOVA.png","width":813,"height":813,"caption":"Cacau News"},"image":{"@id":"https:\/\/cacaunews.com\/#\/schema\/logo\/image\/"},"sameAs":["https:\/\/www.instagram.com\/cacaunews.online\/","https:\/\/youtube.com\/@cacaunews?si=0VXLnjl08SrWbVG9"]},{"@type":"Person","@id":"https:\/\/cacaunews.com\/#\/schema\/person\/ea69703103e606ad347ccd64bd72ef79","name":"Reda\u00e7\u00e3o Cacau News","image":{"@type":"ImageObject","inLanguage":"pt-BR","@id":"https:\/\/cacaunews.com\/#\/schema\/person\/image\/","url":"https:\/\/secure.gravatar.com\/avatar\/d79227a2a7b6cc42e8d7a8f7c284cd3a?s=96&d=mm&r=g","contentUrl":"https:\/\/secure.gravatar.com\/avatar\/d79227a2a7b6cc42e8d7a8f7c284cd3a?s=96&d=mm&r=g","caption":"Reda\u00e7\u00e3o Cacau News"},"sameAs":["https:\/\/cacaunews.com"],"url":"https:\/\/cacaunews.com\/?author=1"}]}},"jetpack_sharing_enabled":true,"jetpack_featured_media_url":"https:\/\/cacaunews.com\/wp-content\/uploads\/2023\/09\/images288829.jpeg","_links":{"self":[{"href":"https:\/\/cacaunews.com\/index.php?rest_route=\/wp\/v2\/posts\/2716"}],"collection":[{"href":"https:\/\/cacaunews.com\/index.php?rest_route=\/wp\/v2\/posts"}],"about":[{"href":"https:\/\/cacaunews.com\/index.php?rest_route=\/wp\/v2\/types\/post"}],"author":[{"embeddable":true,"href":"https:\/\/cacaunews.com\/index.php?rest_route=\/wp\/v2\/users\/1"}],"replies":[{"embeddable":true,"href":"https:\/\/cacaunews.com\/index.php?rest_route=%2Fwp%2Fv2%2Fcomments&post=2716"}],"version-history":[{"count":3,"href":"https:\/\/cacaunews.com\/index.php?rest_route=\/wp\/v2\/posts\/2716\/revisions"}],"predecessor-version":[{"id":2719,"href":"https:\/\/cacaunews.com\/index.php?rest_route=\/wp\/v2\/posts\/2716\/revisions\/2719"}],"wp:featuredmedia":[{"embeddable":true,"href":"https:\/\/cacaunews.com\/index.php?rest_route=\/wp\/v2\/media\/2715"}],"wp:attachment":[{"href":"https:\/\/cacaunews.com\/index.php?rest_route=%2Fwp%2Fv2%2Fmedia&parent=2716"}],"wp:term":[{"taxonomy":"category","embeddable":true,"href":"https:\/\/cacaunews.com\/index.php?rest_route=%2Fwp%2Fv2%2Fcategories&post=2716"},{"taxonomy":"post_tag","embeddable":true,"href":"https:\/\/cacaunews.com\/index.php?rest_route=%2Fwp%2Fv2%2Ftags&post=2716"}],"curies":[{"name":"wp","href":"https:\/\/api.w.org\/{rel}","templated":true}]}}