{"id":2738,"date":"2023-09-07T22:22:20","date_gmt":"2023-09-07T22:22:20","guid":{"rendered":"https:\/\/cacaunews.com\/?p=2738"},"modified":"2023-09-07T23:13:48","modified_gmt":"2023-09-07T23:13:48","slug":"itabuna-rafael-mangabeira-registra-queixa-contra-o-vice-prefeito-guinho","status":"publish","type":"post","link":"https:\/\/cacaunews.com\/?p=2738","title":{"rendered":"Itabuna: Rafael Mangabeira registra queixa contra o vice-prefeito Guinho."},"content":{"rendered":"\n<p>Ap\u00f3s a participa\u00e7\u00e3o do vice prefeito de Itabuna, Enderson Guinho (Uni\u00e3o), no &#8220;Na Boca do Tubar\u00e3o&#8221; do programa Central Interativa, apresentado por Neto Terra Branca todas sextas-feiras na r\u00e1dio Interativa FM, o m\u00e9dico Rafael Kalil Mangabeira, filho do tamb\u00e9m m\u00e9dico e pol\u00edtico Dr. Mangabeira, prestou queixa contra o entrevistado da vez.<\/p>\n\n\n\n<p>Rafael afirma que se sentiu difamado, pois segundo ele, Guinho havia afirmado que o mesmo s\u00f3 tinha passado em um determinado concurso p\u00fablico por conta de indica\u00e7\u00e3o pol\u00edtica, o famoso &#8220;pistol\u00e3o&#8221;, e em contra partida ele e o seu pai apoiariam a campanha de um famoso deputado federal.<\/p>\n\n\n\n<p>Procurado pela reda\u00e7\u00e3o do Cacau, o vice prefeito Enderson Guinho demonstrou tranquilidade, tamb\u00e9m confirmou que foi ouvido ontem (06)  pela autoridade que acompanha o caso e disse: &#8220;Em momento algum eu acusei, eu disse que n\u00e3o faria o mesmo que Mangabeira fez, de me atacar sem fundamentos.&#8221;<\/p>\n\n\n\n<p>Acompanhe o v\u00eddeo da fala de Guinho:<\/p>\n\n\n\n<figure class=\"wp-block-video\"><video controls src=\"https:\/\/cacaunews.com\/wp-content\/uploads\/2023\/09\/VID-20230907-WA0391.mp4\"><\/video><\/figure>\n\n\n\n<p><\/p>\n","protected":false},"excerpt":{"rendered":"<p>Ap\u00f3s a participa\u00e7\u00e3o do vice prefeito de Itabuna, Enderson Guinho (Uni\u00e3o), no &#8220;Na Boca do&#8230;<\/p>\n","protected":false},"author":1,"featured_media":2737,"comment_status":"open","ping_status":"open","sticky":false,"template":"","format":"standard","meta":{"footnotes":""},"categories":[18,11,5],"tags":[582,448,27,758,1089],"yoast_head":"<!-- This site is optimized with the Yoast SEO plugin v21.7 - https:\/\/yoast.com\/wordpress\/plugins\/seo\/ -->\n<title>Itabuna: Rafael Mangabeira registra queixa contra o vice-prefeito Guinho. - Cacau News<\/title>\n<meta name=\"robots\" content=\"index, follow, max-snippet:-1, max-image-preview:large, max-video-preview:-1\" \/>\n<link rel=\"canonical\" href=\"https:\/\/cacaunews.com\/?p=2738\" \/>\n<meta property=\"og:locale\" content=\"pt_BR\" \/>\n<meta property=\"og:type\" content=\"article\" \/>\n<meta property=\"og:title\" content=\"Itabuna: Rafael Mangabeira registra queixa contra o vice-prefeito Guinho. - Cacau News\" \/>\n<meta property=\"og:description\" content=\"Ap\u00f3s a participa\u00e7\u00e3o do vice prefeito de Itabuna, Enderson Guinho (Uni\u00e3o), no &#8220;Na Boca do...\" \/>\n<meta property=\"og:url\" content=\"https:\/\/cacaunews.com\/?p=2738\" \/>\n<meta property=\"og:site_name\" content=\"Cacau News\" \/>\n<meta property=\"article:published_time\" content=\"2023-09-07T22:22:20+00:00\" \/>\n<meta property=\"article:modified_time\" content=\"2023-09-07T23:13:48+00:00\" \/>\n<meta property=\"og:image\" content=\"https:\/\/cacaunews.com\/wp-content\/uploads\/2023\/09\/2_20230907_191811_0001.png\" \/>\n\t<meta property=\"og:image:width\" content=\"1080\" \/>\n\t<meta property=\"og:image:height\" content=\"1080\" \/>\n\t<meta property=\"og:image:type\" content=\"image\/png\" \/>\n<meta name=\"author\" content=\"Reda\u00e7\u00e3o Cacau News\" \/>\n<meta name=\"twitter:card\" content=\"summary_large_image\" \/>\n<meta name=\"twitter:label1\" content=\"Escrito por\" \/>\n\t<meta name=\"twitter:data1\" content=\"Reda\u00e7\u00e3o Cacau News\" \/>\n\t<meta name=\"twitter:label2\" content=\"Est. tempo de leitura\" \/>\n\t<meta name=\"twitter:data2\" content=\"1 minuto\" \/>\n<script type=\"application\/ld+json\" class=\"yoast-schema-graph\">{\"@context\":\"https:\/\/schema.org\",\"@graph\":[{\"@type\":\"Article\",\"@id\":\"https:\/\/cacaunews.com\/?p=2738#article\",\"isPartOf\":{\"@id\":\"https:\/\/cacaunews.com\/?p=2738\"},\"author\":{\"name\":\"Reda\u00e7\u00e3o Cacau News\",\"@id\":\"https:\/\/cacaunews.com\/#\/schema\/person\/ea69703103e606ad347ccd64bd72ef79\"},\"headline\":\"Itabuna: Rafael Mangabeira registra queixa contra o vice-prefeito Guinho.\",\"datePublished\":\"2023-09-07T22:22:20+00:00\",\"dateModified\":\"2023-09-07T23:13:48+00:00\",\"mainEntityOfPage\":{\"@id\":\"https:\/\/cacaunews.com\/?p=2738\"},\"wordCount\":178,\"commentCount\":0,\"publisher\":{\"@id\":\"https:\/\/cacaunews.com\/#organization\"},\"keywords\":[\"Guinho\",\"interativa fm\",\"itabuna\",\"Mangabeira\",\"Rafael Kalil\"],\"articleSection\":[\"cidades\",\"Jornalismo\",\"Politica\"],\"inLanguage\":\"pt-BR\",\"potentialAction\":[{\"@type\":\"CommentAction\",\"name\":\"Comment\",\"target\":[\"https:\/\/cacaunews.com\/?p=2738#respond\"]}]},{\"@type\":\"WebPage\",\"@id\":\"https:\/\/cacaunews.com\/?p=2738\",\"url\":\"https:\/\/cacaunews.com\/?p=2738\",\"name\":\"Itabuna: Rafael Mangabeira registra queixa contra o vice-prefeito Guinho. - Cacau News\",\"isPartOf\":{\"@id\":\"https:\/\/cacaunews.com\/#website\"},\"datePublished\":\"2023-09-07T22:22:20+00:00\",\"dateModified\":\"2023-09-07T23:13:48+00:00\",\"breadcrumb\":{\"@id\":\"https:\/\/cacaunews.com\/?p=2738#breadcrumb\"},\"inLanguage\":\"pt-BR\",\"potentialAction\":[{\"@type\":\"ReadAction\",\"target\":[\"https:\/\/cacaunews.com\/?p=2738\"]}]},{\"@type\":\"BreadcrumbList\",\"@id\":\"https:\/\/cacaunews.com\/?p=2738#breadcrumb\",\"itemListElement\":[{\"@type\":\"ListItem\",\"position\":1,\"name\":\"In\u00edcio\",\"item\":\"https:\/\/cacaunews.com\/\"},{\"@type\":\"ListItem\",\"position\":2,\"name\":\"Itabuna: Rafael Mangabeira registra queixa contra o vice-prefeito Guinho.\"}]},{\"@type\":\"WebSite\",\"@id\":\"https:\/\/cacaunews.com\/#website\",\"url\":\"https:\/\/cacaunews.com\/\",\"name\":\"Cacau News\",\"description\":\"A Informa\u00e7\u00e3o que voc\u00ea precisa!\",\"publisher\":{\"@id\":\"https:\/\/cacaunews.com\/#organization\"},\"potentialAction\":[{\"@type\":\"SearchAction\",\"target\":{\"@type\":\"EntryPoint\",\"urlTemplate\":\"https:\/\/cacaunews.com\/?s={search_term_string}\"},\"query-input\":\"required name=search_term_string\"}],\"inLanguage\":\"pt-BR\"},{\"@type\":\"Organization\",\"@id\":\"https:\/\/cacaunews.com\/#organization\",\"name\":\"Cacau News\",\"url\":\"https:\/\/cacaunews.com\/\",\"logo\":{\"@type\":\"ImageObject\",\"inLanguage\":\"pt-BR\",\"@id\":\"https:\/\/cacaunews.com\/#\/schema\/logo\/image\/\",\"url\":\"https:\/\/cacaunews.com\/wp-content\/uploads\/2025\/01\/cropped-LOGO-NOVA.png\",\"contentUrl\":\"https:\/\/cacaunews.com\/wp-content\/uploads\/2025\/01\/cropped-LOGO-NOVA.png\",\"width\":813,\"height\":813,\"caption\":\"Cacau News\"},\"image\":{\"@id\":\"https:\/\/cacaunews.com\/#\/schema\/logo\/image\/\"},\"sameAs\":[\"https:\/\/www.instagram.com\/cacaunews.online\/\",\"https:\/\/youtube.com\/@cacaunews?si=0VXLnjl08SrWbVG9\"]},{\"@type\":\"Person\",\"@id\":\"https:\/\/cacaunews.com\/#\/schema\/person\/ea69703103e606ad347ccd64bd72ef79\",\"name\":\"Reda\u00e7\u00e3o Cacau News\",\"image\":{\"@type\":\"ImageObject\",\"inLanguage\":\"pt-BR\",\"@id\":\"https:\/\/cacaunews.com\/#\/schema\/person\/image\/\",\"url\":\"https:\/\/secure.gravatar.com\/avatar\/d79227a2a7b6cc42e8d7a8f7c284cd3a?s=96&d=mm&r=g\",\"contentUrl\":\"https:\/\/secure.gravatar.com\/avatar\/d79227a2a7b6cc42e8d7a8f7c284cd3a?s=96&d=mm&r=g\",\"caption\":\"Reda\u00e7\u00e3o Cacau News\"},\"sameAs\":[\"https:\/\/cacaunews.com\"],\"url\":\"https:\/\/cacaunews.com\/?author=1\"}]}<\/script>\n<!-- \/ Yoast SEO plugin. -->","yoast_head_json":{"title":"Itabuna: Rafael Mangabeira registra queixa contra o vice-prefeito Guinho. - Cacau News","robots":{"index":"index","follow":"follow","max-snippet":"max-snippet:-1","max-image-preview":"max-image-preview:large","max-video-preview":"max-video-preview:-1"},"canonical":"https:\/\/cacaunews.com\/?p=2738","og_locale":"pt_BR","og_type":"article","og_title":"Itabuna: Rafael Mangabeira registra queixa contra o vice-prefeito Guinho. - Cacau News","og_description":"Ap\u00f3s a participa\u00e7\u00e3o do vice prefeito de Itabuna, Enderson Guinho (Uni\u00e3o), no &#8220;Na Boca do...","og_url":"https:\/\/cacaunews.com\/?p=2738","og_site_name":"Cacau News","article_published_time":"2023-09-07T22:22:20+00:00","article_modified_time":"2023-09-07T23:13:48+00:00","og_image":[{"width":1080,"height":1080,"url":"https:\/\/cacaunews.com\/wp-content\/uploads\/2023\/09\/2_20230907_191811_0001.png","type":"image\/png"}],"author":"Reda\u00e7\u00e3o Cacau News","twitter_card":"summary_large_image","twitter_misc":{"Escrito por":"Reda\u00e7\u00e3o Cacau News","Est. tempo de leitura":"1 minuto"},"schema":{"@context":"https:\/\/schema.org","@graph":[{"@type":"Article","@id":"https:\/\/cacaunews.com\/?p=2738#article","isPartOf":{"@id":"https:\/\/cacaunews.com\/?p=2738"},"author":{"name":"Reda\u00e7\u00e3o Cacau News","@id":"https:\/\/cacaunews.com\/#\/schema\/person\/ea69703103e606ad347ccd64bd72ef79"},"headline":"Itabuna: Rafael Mangabeira registra queixa contra o vice-prefeito Guinho.","datePublished":"2023-09-07T22:22:20+00:00","dateModified":"2023-09-07T23:13:48+00:00","mainEntityOfPage":{"@id":"https:\/\/cacaunews.com\/?p=2738"},"wordCount":178,"commentCount":0,"publisher":{"@id":"https:\/\/cacaunews.com\/#organization"},"keywords":["Guinho","interativa fm","itabuna","Mangabeira","Rafael Kalil"],"articleSection":["cidades","Jornalismo","Politica"],"inLanguage":"pt-BR","potentialAction":[{"@type":"CommentAction","name":"Comment","target":["https:\/\/cacaunews.com\/?p=2738#respond"]}]},{"@type":"WebPage","@id":"https:\/\/cacaunews.com\/?p=2738","url":"https:\/\/cacaunews.com\/?p=2738","name":"Itabuna: Rafael Mangabeira registra queixa contra o vice-prefeito Guinho. - Cacau News","isPartOf":{"@id":"https:\/\/cacaunews.com\/#website"},"datePublished":"2023-09-07T22:22:20+00:00","dateModified":"2023-09-07T23:13:48+00:00","breadcrumb":{"@id":"https:\/\/cacaunews.com\/?p=2738#breadcrumb"},"inLanguage":"pt-BR","potentialAction":[{"@type":"ReadAction","target":["https:\/\/cacaunews.com\/?p=2738"]}]},{"@type":"BreadcrumbList","@id":"https:\/\/cacaunews.com\/?p=2738#breadcrumb","itemListElement":[{"@type":"ListItem","position":1,"name":"In\u00edcio","item":"https:\/\/cacaunews.com\/"},{"@type":"ListItem","position":2,"name":"Itabuna: Rafael Mangabeira registra queixa contra o vice-prefeito Guinho."}]},{"@type":"WebSite","@id":"https:\/\/cacaunews.com\/#website","url":"https:\/\/cacaunews.com\/","name":"Cacau News","description":"A Informa\u00e7\u00e3o que voc\u00ea precisa!","publisher":{"@id":"https:\/\/cacaunews.com\/#organization"},"potentialAction":[{"@type":"SearchAction","target":{"@type":"EntryPoint","urlTemplate":"https:\/\/cacaunews.com\/?s={search_term_string}"},"query-input":"required name=search_term_string"}],"inLanguage":"pt-BR"},{"@type":"Organization","@id":"https:\/\/cacaunews.com\/#organization","name":"Cacau News","url":"https:\/\/cacaunews.com\/","logo":{"@type":"ImageObject","inLanguage":"pt-BR","@id":"https:\/\/cacaunews.com\/#\/schema\/logo\/image\/","url":"https:\/\/cacaunews.com\/wp-content\/uploads\/2025\/01\/cropped-LOGO-NOVA.png","contentUrl":"https:\/\/cacaunews.com\/wp-content\/uploads\/2025\/01\/cropped-LOGO-NOVA.png","width":813,"height":813,"caption":"Cacau News"},"image":{"@id":"https:\/\/cacaunews.com\/#\/schema\/logo\/image\/"},"sameAs":["https:\/\/www.instagram.com\/cacaunews.online\/","https:\/\/youtube.com\/@cacaunews?si=0VXLnjl08SrWbVG9"]},{"@type":"Person","@id":"https:\/\/cacaunews.com\/#\/schema\/person\/ea69703103e606ad347ccd64bd72ef79","name":"Reda\u00e7\u00e3o Cacau News","image":{"@type":"ImageObject","inLanguage":"pt-BR","@id":"https:\/\/cacaunews.com\/#\/schema\/person\/image\/","url":"https:\/\/secure.gravatar.com\/avatar\/d79227a2a7b6cc42e8d7a8f7c284cd3a?s=96&d=mm&r=g","contentUrl":"https:\/\/secure.gravatar.com\/avatar\/d79227a2a7b6cc42e8d7a8f7c284cd3a?s=96&d=mm&r=g","caption":"Reda\u00e7\u00e3o Cacau News"},"sameAs":["https:\/\/cacaunews.com"],"url":"https:\/\/cacaunews.com\/?author=1"}]}},"jetpack_sharing_enabled":true,"jetpack_featured_media_url":"https:\/\/cacaunews.com\/wp-content\/uploads\/2023\/09\/2_20230907_191811_0001.png","_links":{"self":[{"href":"https:\/\/cacaunews.com\/index.php?rest_route=\/wp\/v2\/posts\/2738"}],"collection":[{"href":"https:\/\/cacaunews.com\/index.php?rest_route=\/wp\/v2\/posts"}],"about":[{"href":"https:\/\/cacaunews.com\/index.php?rest_route=\/wp\/v2\/types\/post"}],"author":[{"embeddable":true,"href":"https:\/\/cacaunews.com\/index.php?rest_route=\/wp\/v2\/users\/1"}],"replies":[{"embeddable":true,"href":"https:\/\/cacaunews.com\/index.php?rest_route=%2Fwp%2Fv2%2Fcomments&post=2738"}],"version-history":[{"count":2,"href":"https:\/\/cacaunews.com\/index.php?rest_route=\/wp\/v2\/posts\/2738\/revisions"}],"predecessor-version":[{"id":2740,"href":"https:\/\/cacaunews.com\/index.php?rest_route=\/wp\/v2\/posts\/2738\/revisions\/2740"}],"wp:featuredmedia":[{"embeddable":true,"href":"https:\/\/cacaunews.com\/index.php?rest_route=\/wp\/v2\/media\/2737"}],"wp:attachment":[{"href":"https:\/\/cacaunews.com\/index.php?rest_route=%2Fwp%2Fv2%2Fmedia&parent=2738"}],"wp:term":[{"taxonomy":"category","embeddable":true,"href":"https:\/\/cacaunews.com\/index.php?rest_route=%2Fwp%2Fv2%2Fcategories&post=2738"},{"taxonomy":"post_tag","embeddable":true,"href":"https:\/\/cacaunews.com\/index.php?rest_route=%2Fwp%2Fv2%2Ftags&post=2738"}],"curies":[{"name":"wp","href":"https:\/\/api.w.org\/{rel}","templated":true}]}}