{"id":2749,"date":"2023-09-08T16:12:47","date_gmt":"2023-09-08T16:12:47","guid":{"rendered":"https:\/\/cacaunews.com\/?p=2749"},"modified":"2023-09-08T16:12:37","modified_gmt":"2023-09-08T16:12:37","slug":"centenario-de-francolino-neto-ex-professor-sera-homenageado-na-academia-de-letras","status":"publish","type":"post","link":"https:\/\/cacaunews.com\/?p=2749","title":{"rendered":"Centen\u00e1rio de Francolino Neto &#8211; Ex-professor ser\u00e1 homenageado na Academia de Letras."},"content":{"rendered":"\n<p>O ex-professor da Universidade Estadual de Santa Cruz (Uesc) e um dos fundadores da Faculdade de Direito de Ilh\u00e9us (FDI) e da Federa\u00e7\u00e3o das Escolas Superiores de Ilh\u00e9us e Itabuna (Fespi), Francolino Gon\u00e7alves de Queiroz Neto, ser\u00e1 homenageado pelo centen\u00e1rio de seu nascimento em sess\u00e3o solene da Academia de Letras de Ilh\u00e9us (ALI), no pr\u00f3ximo dia 9 de setembro, \u00e0s 19 horas. O evento contar\u00e1 com a presen\u00e7a do reitor da Uesc, Alessandro Fernandes, e da diretora do Departamento de Ci\u00eancias Jur\u00eddicas (DCiJur), professora Fernanda Viana.<br><br> <br><br>Francolino Neto nasceu em Pirangi, hoje Munic\u00edpio de Itaju\u00edpe, no dia 10 de setembro de 1923, e faleceu no dia 23 de fevereiro de 2006, deixando uma lacuna na comunidade de Ilh\u00e9us e na regi\u00e3o Sul da Bahia, onde teve participa\u00e7\u00e3o ativa como advogado, professor e escritor. Ele foi vereador e presidente da C\u00e2mara Municipal de Itaju\u00edpe e prefeito daquele munic\u00edpio.<br><br> <br><br>Professor em diversos col\u00e9gios de Ilh\u00e9us e fundador da Faculdade de Direito de Ilh\u00e9us (ao lado do professor Soane Nazar\u00e9 de Andrade), Francolino era especialista em Direito Penal, disciplina que lecionou por mais de 30 anos, chegando a ser membro da Associa\u00e7\u00e3o Internacional de Direito Penal, em Paris.<br><br> <br><br>Membro efetivo da Academia de Letras de Ilh\u00e9us, foi ocupante fundador da cadeira n\u00famero 2, tendo por patrono Afr\u00e2nio Peixoto, j\u00e1 ocupada tamb\u00e9m pelo professor Cl\u00e1udio Silveira. Atualmente, a cadeira n\u00ba 2 \u00e9 ocupada pelo professor Sebasti\u00e3o Maciel Costa.A sess\u00e3o solene da Academia de Letras de Ilh\u00e9us prestar\u00e1 homenagem p\u00f3stuma a Francolino Neto, tendo como orador o acad\u00eamico Josevandro Nascimento.<br><br> <br><br>Como escritor, o professor Francolino deixou as seguintes obras: Crime e Comunidade Cacaueira Temas de Direito Penal e Penitenci\u00e1rio (1984), Penas Restritivas de Direitos na Reforma Penal (1987) e Reflex\u00f5es Acad\u00eamicas (1990). Ap\u00f3s seu falecimento, a vi\u00fava e ex-professora de Direito Processual Penal, Mireta Vivas Ara\u00fajo Gon\u00e7alves de Queiroz, doou o acervo pessoal de Francolino Neto, composto por 1.231 livros, \u00e0 Biblioteca da Universidade Estadual de Santa Cruz.  <\/p>\n\n\n\n<p>Ascom\/UESC.<\/p>\n","protected":false},"excerpt":{"rendered":"<p>O ex-professor da Universidade Estadual de Santa Cruz (Uesc) e um dos fundadores da Faculdade&#8230;<\/p>\n","protected":false},"author":1,"featured_media":2748,"comment_status":"open","ping_status":"open","sticky":false,"template":"","format":"standard","meta":{"footnotes":""},"categories":[31,4,11],"tags":[1094,1093,37,27],"yoast_head":"<!-- This site is optimized with the Yoast SEO plugin v21.7 - https:\/\/yoast.com\/wordpress\/plugins\/seo\/ -->\n<title>Centen\u00e1rio de Francolino Neto - Ex-professor ser\u00e1 homenageado na Academia de Letras. - Cacau News<\/title>\n<meta name=\"robots\" content=\"index, follow, max-snippet:-1, max-image-preview:large, max-video-preview:-1\" \/>\n<link rel=\"canonical\" href=\"https:\/\/cacaunews.com\/?p=2749\" \/>\n<meta property=\"og:locale\" content=\"pt_BR\" \/>\n<meta property=\"og:type\" content=\"article\" \/>\n<meta property=\"og:title\" content=\"Centen\u00e1rio de Francolino Neto - Ex-professor ser\u00e1 homenageado na Academia de Letras. - Cacau News\" \/>\n<meta property=\"og:description\" content=\"O ex-professor da Universidade Estadual de Santa Cruz (Uesc) e um dos fundadores da Faculdade...\" \/>\n<meta property=\"og:url\" content=\"https:\/\/cacaunews.com\/?p=2749\" \/>\n<meta property=\"og:site_name\" content=\"Cacau News\" \/>\n<meta property=\"article:published_time\" content=\"2023-09-08T16:12:47+00:00\" \/>\n<meta property=\"article:modified_time\" content=\"2023-09-08T16:12:37+00:00\" \/>\n<meta property=\"og:image\" content=\"https:\/\/cacaunews.com\/wp-content\/uploads\/2023\/09\/IMG_20230908_130834.jpg\" \/>\n\t<meta property=\"og:image:width\" content=\"1080\" \/>\n\t<meta property=\"og:image:height\" content=\"541\" \/>\n\t<meta property=\"og:image:type\" content=\"image\/jpeg\" \/>\n<meta name=\"author\" content=\"Reda\u00e7\u00e3o Cacau News\" \/>\n<meta name=\"twitter:card\" content=\"summary_large_image\" \/>\n<meta name=\"twitter:label1\" content=\"Escrito por\" \/>\n\t<meta name=\"twitter:data1\" content=\"Reda\u00e7\u00e3o Cacau News\" \/>\n\t<meta name=\"twitter:label2\" content=\"Est. tempo de leitura\" \/>\n\t<meta name=\"twitter:data2\" content=\"2 minutos\" \/>\n<script type=\"application\/ld+json\" class=\"yoast-schema-graph\">{\"@context\":\"https:\/\/schema.org\",\"@graph\":[{\"@type\":\"Article\",\"@id\":\"https:\/\/cacaunews.com\/?p=2749#article\",\"isPartOf\":{\"@id\":\"https:\/\/cacaunews.com\/?p=2749\"},\"author\":{\"name\":\"Reda\u00e7\u00e3o Cacau News\",\"@id\":\"https:\/\/cacaunews.com\/#\/schema\/person\/ea69703103e606ad347ccd64bd72ef79\"},\"headline\":\"Centen\u00e1rio de Francolino Neto &#8211; Ex-professor ser\u00e1 homenageado na Academia de Letras.\",\"datePublished\":\"2023-09-08T16:12:47+00:00\",\"dateModified\":\"2023-09-08T16:12:37+00:00\",\"mainEntityOfPage\":{\"@id\":\"https:\/\/cacaunews.com\/?p=2749\"},\"wordCount\":364,\"commentCount\":0,\"publisher\":{\"@id\":\"https:\/\/cacaunews.com\/#organization\"},\"keywords\":[\"academia de letras\",\"Francolino\",\"ilheus\",\"itabuna\"],\"articleSection\":[\"Cultura\",\"Internet\",\"Jornalismo\"],\"inLanguage\":\"pt-BR\",\"potentialAction\":[{\"@type\":\"CommentAction\",\"name\":\"Comment\",\"target\":[\"https:\/\/cacaunews.com\/?p=2749#respond\"]}]},{\"@type\":\"WebPage\",\"@id\":\"https:\/\/cacaunews.com\/?p=2749\",\"url\":\"https:\/\/cacaunews.com\/?p=2749\",\"name\":\"Centen\u00e1rio de Francolino Neto - Ex-professor ser\u00e1 homenageado na Academia de Letras. - Cacau News\",\"isPartOf\":{\"@id\":\"https:\/\/cacaunews.com\/#website\"},\"datePublished\":\"2023-09-08T16:12:47+00:00\",\"dateModified\":\"2023-09-08T16:12:37+00:00\",\"breadcrumb\":{\"@id\":\"https:\/\/cacaunews.com\/?p=2749#breadcrumb\"},\"inLanguage\":\"pt-BR\",\"potentialAction\":[{\"@type\":\"ReadAction\",\"target\":[\"https:\/\/cacaunews.com\/?p=2749\"]}]},{\"@type\":\"BreadcrumbList\",\"@id\":\"https:\/\/cacaunews.com\/?p=2749#breadcrumb\",\"itemListElement\":[{\"@type\":\"ListItem\",\"position\":1,\"name\":\"In\u00edcio\",\"item\":\"https:\/\/cacaunews.com\/\"},{\"@type\":\"ListItem\",\"position\":2,\"name\":\"Centen\u00e1rio de Francolino Neto &#8211; Ex-professor ser\u00e1 homenageado na Academia de Letras.\"}]},{\"@type\":\"WebSite\",\"@id\":\"https:\/\/cacaunews.com\/#website\",\"url\":\"https:\/\/cacaunews.com\/\",\"name\":\"Cacau News\",\"description\":\"A Informa\u00e7\u00e3o que voc\u00ea precisa!\",\"publisher\":{\"@id\":\"https:\/\/cacaunews.com\/#organization\"},\"potentialAction\":[{\"@type\":\"SearchAction\",\"target\":{\"@type\":\"EntryPoint\",\"urlTemplate\":\"https:\/\/cacaunews.com\/?s={search_term_string}\"},\"query-input\":\"required name=search_term_string\"}],\"inLanguage\":\"pt-BR\"},{\"@type\":\"Organization\",\"@id\":\"https:\/\/cacaunews.com\/#organization\",\"name\":\"Cacau News\",\"url\":\"https:\/\/cacaunews.com\/\",\"logo\":{\"@type\":\"ImageObject\",\"inLanguage\":\"pt-BR\",\"@id\":\"https:\/\/cacaunews.com\/#\/schema\/logo\/image\/\",\"url\":\"https:\/\/cacaunews.com\/wp-content\/uploads\/2025\/01\/cropped-LOGO-NOVA.png\",\"contentUrl\":\"https:\/\/cacaunews.com\/wp-content\/uploads\/2025\/01\/cropped-LOGO-NOVA.png\",\"width\":813,\"height\":813,\"caption\":\"Cacau News\"},\"image\":{\"@id\":\"https:\/\/cacaunews.com\/#\/schema\/logo\/image\/\"},\"sameAs\":[\"https:\/\/www.instagram.com\/cacaunews.online\/\",\"https:\/\/youtube.com\/@cacaunews?si=0VXLnjl08SrWbVG9\"]},{\"@type\":\"Person\",\"@id\":\"https:\/\/cacaunews.com\/#\/schema\/person\/ea69703103e606ad347ccd64bd72ef79\",\"name\":\"Reda\u00e7\u00e3o Cacau News\",\"image\":{\"@type\":\"ImageObject\",\"inLanguage\":\"pt-BR\",\"@id\":\"https:\/\/cacaunews.com\/#\/schema\/person\/image\/\",\"url\":\"https:\/\/secure.gravatar.com\/avatar\/d79227a2a7b6cc42e8d7a8f7c284cd3a?s=96&d=mm&r=g\",\"contentUrl\":\"https:\/\/secure.gravatar.com\/avatar\/d79227a2a7b6cc42e8d7a8f7c284cd3a?s=96&d=mm&r=g\",\"caption\":\"Reda\u00e7\u00e3o Cacau News\"},\"sameAs\":[\"https:\/\/cacaunews.com\"],\"url\":\"https:\/\/cacaunews.com\/?author=1\"}]}<\/script>\n<!-- \/ Yoast SEO plugin. -->","yoast_head_json":{"title":"Centen\u00e1rio de Francolino Neto - Ex-professor ser\u00e1 homenageado na Academia de Letras. - Cacau News","robots":{"index":"index","follow":"follow","max-snippet":"max-snippet:-1","max-image-preview":"max-image-preview:large","max-video-preview":"max-video-preview:-1"},"canonical":"https:\/\/cacaunews.com\/?p=2749","og_locale":"pt_BR","og_type":"article","og_title":"Centen\u00e1rio de Francolino Neto - Ex-professor ser\u00e1 homenageado na Academia de Letras. - Cacau News","og_description":"O ex-professor da Universidade Estadual de Santa Cruz (Uesc) e um dos fundadores da Faculdade...","og_url":"https:\/\/cacaunews.com\/?p=2749","og_site_name":"Cacau News","article_published_time":"2023-09-08T16:12:47+00:00","article_modified_time":"2023-09-08T16:12:37+00:00","og_image":[{"width":1080,"height":541,"url":"https:\/\/cacaunews.com\/wp-content\/uploads\/2023\/09\/IMG_20230908_130834.jpg","type":"image\/jpeg"}],"author":"Reda\u00e7\u00e3o Cacau News","twitter_card":"summary_large_image","twitter_misc":{"Escrito por":"Reda\u00e7\u00e3o Cacau News","Est. tempo de leitura":"2 minutos"},"schema":{"@context":"https:\/\/schema.org","@graph":[{"@type":"Article","@id":"https:\/\/cacaunews.com\/?p=2749#article","isPartOf":{"@id":"https:\/\/cacaunews.com\/?p=2749"},"author":{"name":"Reda\u00e7\u00e3o Cacau News","@id":"https:\/\/cacaunews.com\/#\/schema\/person\/ea69703103e606ad347ccd64bd72ef79"},"headline":"Centen\u00e1rio de Francolino Neto &#8211; Ex-professor ser\u00e1 homenageado na Academia de Letras.","datePublished":"2023-09-08T16:12:47+00:00","dateModified":"2023-09-08T16:12:37+00:00","mainEntityOfPage":{"@id":"https:\/\/cacaunews.com\/?p=2749"},"wordCount":364,"commentCount":0,"publisher":{"@id":"https:\/\/cacaunews.com\/#organization"},"keywords":["academia de letras","Francolino","ilheus","itabuna"],"articleSection":["Cultura","Internet","Jornalismo"],"inLanguage":"pt-BR","potentialAction":[{"@type":"CommentAction","name":"Comment","target":["https:\/\/cacaunews.com\/?p=2749#respond"]}]},{"@type":"WebPage","@id":"https:\/\/cacaunews.com\/?p=2749","url":"https:\/\/cacaunews.com\/?p=2749","name":"Centen\u00e1rio de Francolino Neto - Ex-professor ser\u00e1 homenageado na Academia de Letras. - Cacau News","isPartOf":{"@id":"https:\/\/cacaunews.com\/#website"},"datePublished":"2023-09-08T16:12:47+00:00","dateModified":"2023-09-08T16:12:37+00:00","breadcrumb":{"@id":"https:\/\/cacaunews.com\/?p=2749#breadcrumb"},"inLanguage":"pt-BR","potentialAction":[{"@type":"ReadAction","target":["https:\/\/cacaunews.com\/?p=2749"]}]},{"@type":"BreadcrumbList","@id":"https:\/\/cacaunews.com\/?p=2749#breadcrumb","itemListElement":[{"@type":"ListItem","position":1,"name":"In\u00edcio","item":"https:\/\/cacaunews.com\/"},{"@type":"ListItem","position":2,"name":"Centen\u00e1rio de Francolino Neto &#8211; Ex-professor ser\u00e1 homenageado na Academia de Letras."}]},{"@type":"WebSite","@id":"https:\/\/cacaunews.com\/#website","url":"https:\/\/cacaunews.com\/","name":"Cacau News","description":"A Informa\u00e7\u00e3o que voc\u00ea precisa!","publisher":{"@id":"https:\/\/cacaunews.com\/#organization"},"potentialAction":[{"@type":"SearchAction","target":{"@type":"EntryPoint","urlTemplate":"https:\/\/cacaunews.com\/?s={search_term_string}"},"query-input":"required name=search_term_string"}],"inLanguage":"pt-BR"},{"@type":"Organization","@id":"https:\/\/cacaunews.com\/#organization","name":"Cacau News","url":"https:\/\/cacaunews.com\/","logo":{"@type":"ImageObject","inLanguage":"pt-BR","@id":"https:\/\/cacaunews.com\/#\/schema\/logo\/image\/","url":"https:\/\/cacaunews.com\/wp-content\/uploads\/2025\/01\/cropped-LOGO-NOVA.png","contentUrl":"https:\/\/cacaunews.com\/wp-content\/uploads\/2025\/01\/cropped-LOGO-NOVA.png","width":813,"height":813,"caption":"Cacau News"},"image":{"@id":"https:\/\/cacaunews.com\/#\/schema\/logo\/image\/"},"sameAs":["https:\/\/www.instagram.com\/cacaunews.online\/","https:\/\/youtube.com\/@cacaunews?si=0VXLnjl08SrWbVG9"]},{"@type":"Person","@id":"https:\/\/cacaunews.com\/#\/schema\/person\/ea69703103e606ad347ccd64bd72ef79","name":"Reda\u00e7\u00e3o Cacau News","image":{"@type":"ImageObject","inLanguage":"pt-BR","@id":"https:\/\/cacaunews.com\/#\/schema\/person\/image\/","url":"https:\/\/secure.gravatar.com\/avatar\/d79227a2a7b6cc42e8d7a8f7c284cd3a?s=96&d=mm&r=g","contentUrl":"https:\/\/secure.gravatar.com\/avatar\/d79227a2a7b6cc42e8d7a8f7c284cd3a?s=96&d=mm&r=g","caption":"Reda\u00e7\u00e3o Cacau News"},"sameAs":["https:\/\/cacaunews.com"],"url":"https:\/\/cacaunews.com\/?author=1"}]}},"jetpack_sharing_enabled":true,"jetpack_featured_media_url":"https:\/\/cacaunews.com\/wp-content\/uploads\/2023\/09\/IMG_20230908_130834.jpg","_links":{"self":[{"href":"https:\/\/cacaunews.com\/index.php?rest_route=\/wp\/v2\/posts\/2749"}],"collection":[{"href":"https:\/\/cacaunews.com\/index.php?rest_route=\/wp\/v2\/posts"}],"about":[{"href":"https:\/\/cacaunews.com\/index.php?rest_route=\/wp\/v2\/types\/post"}],"author":[{"embeddable":true,"href":"https:\/\/cacaunews.com\/index.php?rest_route=\/wp\/v2\/users\/1"}],"replies":[{"embeddable":true,"href":"https:\/\/cacaunews.com\/index.php?rest_route=%2Fwp%2Fv2%2Fcomments&post=2749"}],"version-history":[{"count":1,"href":"https:\/\/cacaunews.com\/index.php?rest_route=\/wp\/v2\/posts\/2749\/revisions"}],"predecessor-version":[{"id":2750,"href":"https:\/\/cacaunews.com\/index.php?rest_route=\/wp\/v2\/posts\/2749\/revisions\/2750"}],"wp:featuredmedia":[{"embeddable":true,"href":"https:\/\/cacaunews.com\/index.php?rest_route=\/wp\/v2\/media\/2748"}],"wp:attachment":[{"href":"https:\/\/cacaunews.com\/index.php?rest_route=%2Fwp%2Fv2%2Fmedia&parent=2749"}],"wp:term":[{"taxonomy":"category","embeddable":true,"href":"https:\/\/cacaunews.com\/index.php?rest_route=%2Fwp%2Fv2%2Fcategories&post=2749"},{"taxonomy":"post_tag","embeddable":true,"href":"https:\/\/cacaunews.com\/index.php?rest_route=%2Fwp%2Fv2%2Ftags&post=2749"}],"curies":[{"name":"wp","href":"https:\/\/api.w.org\/{rel}","templated":true}]}}