{"id":2845,"date":"2023-09-15T17:00:37","date_gmt":"2023-09-15T17:00:37","guid":{"rendered":"https:\/\/cacaunews.com\/?p=2845"},"modified":"2023-09-15T15:34:40","modified_gmt":"2023-09-15T15:34:40","slug":"100-mil-familias-baianas-podem-perder-tarifa-social-da-energia-alerta-coelba","status":"publish","type":"post","link":"https:\/\/cacaunews.com\/?p=2845","title":{"rendered":"100 mil fam\u00edlias baianas podem perder tarifa social da energia, alerta Coelba."},"content":{"rendered":"<div class=\"mdc-layout-grid__cell mdc-layout-grid__cell--span-6-desktop mdc-layout-grid__cell--span-8-tablet comp paragrafo cXenseParse\">\n<p>Cerca de 100 mil fam\u00edlias da Bahia correm o risco de perder o benef\u00edcio da tarifa social de energia el\u00e9trica, informou a Neornergia Coelba nesta quarta-feira (13). De acordo com levantamento da concession\u00e1ria, as cidades de Salvador, Feira de Santana, Itabuna, Vit\u00f3ria da Conquista e Jequi\u00e9 s\u00e3o, respectivamente, as que possuem o maior n\u00famero de pessoas que podem perder o benef\u00edcio.<\/p>\n<p>O benef\u00edcio \u00e9 concedido pelo Governo Federal e isenta em at\u00e9 100% o valor da conta de luz para quilombolas e ind\u00edgenas e em at\u00e9 65% para consumidores de baixa renda inscritos no Cadastro \u00danico (Cad\u00danico) ou no Benef\u00edcio de Presta\u00e7\u00e3o Continuada (BPC). Mais de 100 mil fam\u00edlias foram cadastradas no programa em 2023 pela Coelba, de maneira proativa, mas \u00e9 preciso que os inscritos mantenham os dados atualizados.<\/p>\n<\/div>\n<div class=\"mdc-layout-grid__cell mdc-layout-grid__cell--span-6-desktop mdc-layout-grid__cell--span-8-tablet comp paragrafo cXenseParse\">\n<p>A indica\u00e7\u00e3o das fam\u00edlias que podem perder o benef\u00edcio \u00e9 realizada pelo Minist\u00e9rio da Cidadania e a Ag\u00eancia Nacional de Energia El\u00e9trica (Aneel). Os clientes que est\u00e3o ou estar\u00e3o pass\u00edveis de perder o benef\u00edcio recebem uma mensagem da Neoenergia Coelba na fatura de energia, indicando que regularizem sua situa\u00e7\u00e3o. Em caso de d\u00favidas, o consumidor tem \u00e0 disposi\u00e7\u00e3o o telefone 121, do Minist\u00e9rio da Cidadania.<\/p>\n<\/div>\n<div class=\"mdc-layout-grid__cell mdc-layout-grid__cell--span-6-desktop mdc-layout-grid__cell--span-8-tablet comp paragrafo cXenseParse\">\n<p>Caso tenha sido convocado, o cliente deve se dirigir ao Centro de Refer\u00eancia de Assist\u00eancia Social (Cras) do seu munic\u00edpio. Para verificar a documenta\u00e7\u00e3o necess\u00e1ria e como proceder, basta clicar aqui.<\/p>\n<\/div>\n<div class=\"mdc-layout-grid__cell mdc-layout-grid__cell--span-6-desktop mdc-layout-grid__cell--span-8-tablet comp paragrafo cXenseParse\">\n<p>Al\u00e9m das fam\u00edlias que podem perder o benef\u00edcio, a Neoenergia Coelba estima que mais de 1,2 milh\u00e3o de fam\u00edlias t\u00eam direito \u00e0 tarifa, por\u00e9m muitos que possuem o NIS n\u00e3o s\u00e3o titulares da conta de energia el\u00e9trica, o que impede o cadastramento de forma autom\u00e1tica pela empresa ao cruzar informa\u00e7\u00f5es com os dados do Cad\u00danico.<\/p>\n<div class=\"mdc-layout-grid__cell mdc-layout-grid__cell--span-6-desktop mdc-layout-grid__cell--span-8-tablet comp paragrafo cXenseParse\">\n<p><b>Como se cadastrar<\/b><\/p>\n<\/div>\n<div class=\"mdc-layout-grid__cell mdc-layout-grid__cell--span-6-desktop mdc-layout-grid__cell--span-8-tablet comp paragrafo cXenseParse\">\n<p>Para ter acesso ao desconto na conta de energia, o cliente deve estar inscrito no Cad\u00danico. As fam\u00edlias de baixa renda devem obter o NIS diretamente em um Cras do munic\u00edpio onde reside.<\/p>\n<\/div>\n<div class=\"mdc-layout-grid__cell mdc-layout-grid__cell--span-6-desktop mdc-layout-grid__cell--span-8-tablet comp paragrafo cXenseParse\">\n<p>Os usu\u00e1rios cadastrados, com renda mensal por pessoa menor ou igual a meio sal\u00e1rio-m\u00ednimo nacional, tamb\u00e9m podem fazer a inscri\u00e7\u00e3o no site da concession\u00e1ria. \u00c9 preciso informar o n\u00famero da conta contrato com a Neoenergia Coelba (localiz\u00e1vel no canto superior direito da fatura) e o NIS. A distribuidora de energia far\u00e1 a confirma\u00e7\u00e3o no banco de dados do Governo Federal. Ap\u00f3s a checagem dos dados, o prazo para inclus\u00e3o na Tarifa Social \u00e9 de cinco dias \u00fateis e o cliente passa a ter o benef\u00edcio na pr\u00f3xima conta. O mesmo procedimento deve ser adotado para os clientes cadastrados no Benef\u00edcio de Presta\u00e7\u00e3o Continuada (BPC), que possuem o N\u00famero do Benef\u00edcio (NB).<\/p>\n<\/div>\n<div class=\"mdc-layout-grid__cell mdc-layout-grid__cell--span-6-desktop mdc-layout-grid__cell--span-8-tablet comp paragrafo cXenseParse\">\n<p>Para o benefici\u00e1rio que n\u00e3o \u00e9 o titular da conta contrato da Neoenergia Coelba, ser\u00e1 necess\u00e1rio a inclus\u00e3o do CPF e do RG do portador do NIS. Neste caso, a solicita\u00e7\u00e3o tamb\u00e9m poder\u00e1 ser realizada aqui no site da distribuidora.<\/p>\n<\/div>\n<div id=\"single_bot_piano\" class=\"mdc-layout-grid__cell mdc-layout-grid__cell--span-6-desktop mdc-layout-grid__cell--span-8-tablet comp\">Com Informa\u00e7\u00f5es Correio.<\/div>\n<\/div>\n","protected":false},"excerpt":{"rendered":"<p>Cerca de 100 mil fam\u00edlias da Bahia correm o risco de perder o benef\u00edcio da&#8230;<\/p>\n","protected":false},"author":1,"featured_media":2846,"comment_status":"open","ping_status":"open","sticky":false,"template":"","format":"standard","meta":{"footnotes":""},"categories":[18,4,11],"tags":[1126,1129,50,1127,1128],"yoast_head":"<!-- This site is optimized with the Yoast SEO plugin v21.7 - https:\/\/yoast.com\/wordpress\/plugins\/seo\/ -->\n<title>100 mil fam\u00edlias baianas podem perder tarifa social da energia, alerta Coelba. - Cacau News<\/title>\n<meta name=\"robots\" content=\"index, follow, max-snippet:-1, max-image-preview:large, max-video-preview:-1\" \/>\n<link rel=\"canonical\" href=\"https:\/\/cacaunews.com\/?p=2845\" \/>\n<meta property=\"og:locale\" content=\"pt_BR\" \/>\n<meta property=\"og:type\" content=\"article\" \/>\n<meta property=\"og:title\" content=\"100 mil fam\u00edlias baianas podem perder tarifa social da energia, alerta Coelba. - Cacau News\" \/>\n<meta property=\"og:description\" content=\"Cerca de 100 mil fam\u00edlias da Bahia correm o risco de perder o benef\u00edcio da...\" \/>\n<meta property=\"og:url\" content=\"https:\/\/cacaunews.com\/?p=2845\" \/>\n<meta property=\"og:site_name\" content=\"Cacau News\" \/>\n<meta property=\"article:published_time\" content=\"2023-09-15T17:00:37+00:00\" \/>\n<meta property=\"article:modified_time\" content=\"2023-09-15T15:34:40+00:00\" \/>\n<meta property=\"og:image\" content=\"https:\/\/cacaunews.com\/wp-content\/uploads\/2023\/09\/a0e4d281-9cc2-48da-abff-d89bd248a319.jpg\" \/>\n\t<meta property=\"og:image:width\" content=\"600\" \/>\n\t<meta property=\"og:image:height\" content=\"450\" \/>\n\t<meta property=\"og:image:type\" content=\"image\/jpeg\" \/>\n<meta name=\"author\" content=\"Reda\u00e7\u00e3o Cacau News\" \/>\n<meta name=\"twitter:card\" content=\"summary_large_image\" \/>\n<meta name=\"twitter:label1\" content=\"Escrito por\" \/>\n\t<meta name=\"twitter:data1\" content=\"Reda\u00e7\u00e3o Cacau News\" \/>\n\t<meta name=\"twitter:label2\" content=\"Est. tempo de leitura\" \/>\n\t<meta name=\"twitter:data2\" content=\"3 minutos\" \/>\n<script type=\"application\/ld+json\" class=\"yoast-schema-graph\">{\"@context\":\"https:\/\/schema.org\",\"@graph\":[{\"@type\":\"Article\",\"@id\":\"https:\/\/cacaunews.com\/?p=2845#article\",\"isPartOf\":{\"@id\":\"https:\/\/cacaunews.com\/?p=2845\"},\"author\":{\"name\":\"Reda\u00e7\u00e3o Cacau News\",\"@id\":\"https:\/\/cacaunews.com\/#\/schema\/person\/ea69703103e606ad347ccd64bd72ef79\"},\"headline\":\"100 mil fam\u00edlias baianas podem perder tarifa social da energia, alerta Coelba.\",\"datePublished\":\"2023-09-15T17:00:37+00:00\",\"dateModified\":\"2023-09-15T15:34:40+00:00\",\"mainEntityOfPage\":{\"@id\":\"https:\/\/cacaunews.com\/?p=2845\"},\"wordCount\":540,\"commentCount\":0,\"publisher\":{\"@id\":\"https:\/\/cacaunews.com\/#organization\"},\"keywords\":[\"alerta\",\"cidades baianas\",\"coelba\",\"neoenergia\",\"tarifa social\"],\"articleSection\":[\"cidades\",\"Internet\",\"Jornalismo\"],\"inLanguage\":\"pt-BR\",\"potentialAction\":[{\"@type\":\"CommentAction\",\"name\":\"Comment\",\"target\":[\"https:\/\/cacaunews.com\/?p=2845#respond\"]}]},{\"@type\":\"WebPage\",\"@id\":\"https:\/\/cacaunews.com\/?p=2845\",\"url\":\"https:\/\/cacaunews.com\/?p=2845\",\"name\":\"100 mil fam\u00edlias baianas podem perder tarifa social da energia, alerta Coelba. - Cacau News\",\"isPartOf\":{\"@id\":\"https:\/\/cacaunews.com\/#website\"},\"datePublished\":\"2023-09-15T17:00:37+00:00\",\"dateModified\":\"2023-09-15T15:34:40+00:00\",\"breadcrumb\":{\"@id\":\"https:\/\/cacaunews.com\/?p=2845#breadcrumb\"},\"inLanguage\":\"pt-BR\",\"potentialAction\":[{\"@type\":\"ReadAction\",\"target\":[\"https:\/\/cacaunews.com\/?p=2845\"]}]},{\"@type\":\"BreadcrumbList\",\"@id\":\"https:\/\/cacaunews.com\/?p=2845#breadcrumb\",\"itemListElement\":[{\"@type\":\"ListItem\",\"position\":1,\"name\":\"In\u00edcio\",\"item\":\"https:\/\/cacaunews.com\/\"},{\"@type\":\"ListItem\",\"position\":2,\"name\":\"100 mil fam\u00edlias baianas podem perder tarifa social da energia, alerta Coelba.\"}]},{\"@type\":\"WebSite\",\"@id\":\"https:\/\/cacaunews.com\/#website\",\"url\":\"https:\/\/cacaunews.com\/\",\"name\":\"Cacau News\",\"description\":\"A Informa\u00e7\u00e3o que voc\u00ea precisa!\",\"publisher\":{\"@id\":\"https:\/\/cacaunews.com\/#organization\"},\"potentialAction\":[{\"@type\":\"SearchAction\",\"target\":{\"@type\":\"EntryPoint\",\"urlTemplate\":\"https:\/\/cacaunews.com\/?s={search_term_string}\"},\"query-input\":\"required name=search_term_string\"}],\"inLanguage\":\"pt-BR\"},{\"@type\":\"Organization\",\"@id\":\"https:\/\/cacaunews.com\/#organization\",\"name\":\"Cacau News\",\"url\":\"https:\/\/cacaunews.com\/\",\"logo\":{\"@type\":\"ImageObject\",\"inLanguage\":\"pt-BR\",\"@id\":\"https:\/\/cacaunews.com\/#\/schema\/logo\/image\/\",\"url\":\"https:\/\/cacaunews.com\/wp-content\/uploads\/2025\/01\/cropped-LOGO-NOVA.png\",\"contentUrl\":\"https:\/\/cacaunews.com\/wp-content\/uploads\/2025\/01\/cropped-LOGO-NOVA.png\",\"width\":813,\"height\":813,\"caption\":\"Cacau News\"},\"image\":{\"@id\":\"https:\/\/cacaunews.com\/#\/schema\/logo\/image\/\"},\"sameAs\":[\"https:\/\/www.instagram.com\/cacaunews.online\/\",\"https:\/\/youtube.com\/@cacaunews?si=0VXLnjl08SrWbVG9\"]},{\"@type\":\"Person\",\"@id\":\"https:\/\/cacaunews.com\/#\/schema\/person\/ea69703103e606ad347ccd64bd72ef79\",\"name\":\"Reda\u00e7\u00e3o Cacau News\",\"image\":{\"@type\":\"ImageObject\",\"inLanguage\":\"pt-BR\",\"@id\":\"https:\/\/cacaunews.com\/#\/schema\/person\/image\/\",\"url\":\"https:\/\/secure.gravatar.com\/avatar\/d79227a2a7b6cc42e8d7a8f7c284cd3a?s=96&d=mm&r=g\",\"contentUrl\":\"https:\/\/secure.gravatar.com\/avatar\/d79227a2a7b6cc42e8d7a8f7c284cd3a?s=96&d=mm&r=g\",\"caption\":\"Reda\u00e7\u00e3o Cacau News\"},\"sameAs\":[\"https:\/\/cacaunews.com\"],\"url\":\"https:\/\/cacaunews.com\/?author=1\"}]}<\/script>\n<!-- \/ Yoast SEO plugin. -->","yoast_head_json":{"title":"100 mil fam\u00edlias baianas podem perder tarifa social da energia, alerta Coelba. - Cacau News","robots":{"index":"index","follow":"follow","max-snippet":"max-snippet:-1","max-image-preview":"max-image-preview:large","max-video-preview":"max-video-preview:-1"},"canonical":"https:\/\/cacaunews.com\/?p=2845","og_locale":"pt_BR","og_type":"article","og_title":"100 mil fam\u00edlias baianas podem perder tarifa social da energia, alerta Coelba. - Cacau News","og_description":"Cerca de 100 mil fam\u00edlias da Bahia correm o risco de perder o benef\u00edcio da...","og_url":"https:\/\/cacaunews.com\/?p=2845","og_site_name":"Cacau News","article_published_time":"2023-09-15T17:00:37+00:00","article_modified_time":"2023-09-15T15:34:40+00:00","og_image":[{"width":600,"height":450,"url":"https:\/\/cacaunews.com\/wp-content\/uploads\/2023\/09\/a0e4d281-9cc2-48da-abff-d89bd248a319.jpg","type":"image\/jpeg"}],"author":"Reda\u00e7\u00e3o Cacau News","twitter_card":"summary_large_image","twitter_misc":{"Escrito por":"Reda\u00e7\u00e3o Cacau News","Est. tempo de leitura":"3 minutos"},"schema":{"@context":"https:\/\/schema.org","@graph":[{"@type":"Article","@id":"https:\/\/cacaunews.com\/?p=2845#article","isPartOf":{"@id":"https:\/\/cacaunews.com\/?p=2845"},"author":{"name":"Reda\u00e7\u00e3o Cacau News","@id":"https:\/\/cacaunews.com\/#\/schema\/person\/ea69703103e606ad347ccd64bd72ef79"},"headline":"100 mil fam\u00edlias baianas podem perder tarifa social da energia, alerta Coelba.","datePublished":"2023-09-15T17:00:37+00:00","dateModified":"2023-09-15T15:34:40+00:00","mainEntityOfPage":{"@id":"https:\/\/cacaunews.com\/?p=2845"},"wordCount":540,"commentCount":0,"publisher":{"@id":"https:\/\/cacaunews.com\/#organization"},"keywords":["alerta","cidades baianas","coelba","neoenergia","tarifa social"],"articleSection":["cidades","Internet","Jornalismo"],"inLanguage":"pt-BR","potentialAction":[{"@type":"CommentAction","name":"Comment","target":["https:\/\/cacaunews.com\/?p=2845#respond"]}]},{"@type":"WebPage","@id":"https:\/\/cacaunews.com\/?p=2845","url":"https:\/\/cacaunews.com\/?p=2845","name":"100 mil fam\u00edlias baianas podem perder tarifa social da energia, alerta Coelba. - Cacau News","isPartOf":{"@id":"https:\/\/cacaunews.com\/#website"},"datePublished":"2023-09-15T17:00:37+00:00","dateModified":"2023-09-15T15:34:40+00:00","breadcrumb":{"@id":"https:\/\/cacaunews.com\/?p=2845#breadcrumb"},"inLanguage":"pt-BR","potentialAction":[{"@type":"ReadAction","target":["https:\/\/cacaunews.com\/?p=2845"]}]},{"@type":"BreadcrumbList","@id":"https:\/\/cacaunews.com\/?p=2845#breadcrumb","itemListElement":[{"@type":"ListItem","position":1,"name":"In\u00edcio","item":"https:\/\/cacaunews.com\/"},{"@type":"ListItem","position":2,"name":"100 mil fam\u00edlias baianas podem perder tarifa social da energia, alerta Coelba."}]},{"@type":"WebSite","@id":"https:\/\/cacaunews.com\/#website","url":"https:\/\/cacaunews.com\/","name":"Cacau News","description":"A Informa\u00e7\u00e3o que voc\u00ea precisa!","publisher":{"@id":"https:\/\/cacaunews.com\/#organization"},"potentialAction":[{"@type":"SearchAction","target":{"@type":"EntryPoint","urlTemplate":"https:\/\/cacaunews.com\/?s={search_term_string}"},"query-input":"required name=search_term_string"}],"inLanguage":"pt-BR"},{"@type":"Organization","@id":"https:\/\/cacaunews.com\/#organization","name":"Cacau News","url":"https:\/\/cacaunews.com\/","logo":{"@type":"ImageObject","inLanguage":"pt-BR","@id":"https:\/\/cacaunews.com\/#\/schema\/logo\/image\/","url":"https:\/\/cacaunews.com\/wp-content\/uploads\/2025\/01\/cropped-LOGO-NOVA.png","contentUrl":"https:\/\/cacaunews.com\/wp-content\/uploads\/2025\/01\/cropped-LOGO-NOVA.png","width":813,"height":813,"caption":"Cacau News"},"image":{"@id":"https:\/\/cacaunews.com\/#\/schema\/logo\/image\/"},"sameAs":["https:\/\/www.instagram.com\/cacaunews.online\/","https:\/\/youtube.com\/@cacaunews?si=0VXLnjl08SrWbVG9"]},{"@type":"Person","@id":"https:\/\/cacaunews.com\/#\/schema\/person\/ea69703103e606ad347ccd64bd72ef79","name":"Reda\u00e7\u00e3o Cacau News","image":{"@type":"ImageObject","inLanguage":"pt-BR","@id":"https:\/\/cacaunews.com\/#\/schema\/person\/image\/","url":"https:\/\/secure.gravatar.com\/avatar\/d79227a2a7b6cc42e8d7a8f7c284cd3a?s=96&d=mm&r=g","contentUrl":"https:\/\/secure.gravatar.com\/avatar\/d79227a2a7b6cc42e8d7a8f7c284cd3a?s=96&d=mm&r=g","caption":"Reda\u00e7\u00e3o Cacau News"},"sameAs":["https:\/\/cacaunews.com"],"url":"https:\/\/cacaunews.com\/?author=1"}]}},"jetpack_sharing_enabled":true,"jetpack_featured_media_url":"https:\/\/cacaunews.com\/wp-content\/uploads\/2023\/09\/a0e4d281-9cc2-48da-abff-d89bd248a319.jpg","_links":{"self":[{"href":"https:\/\/cacaunews.com\/index.php?rest_route=\/wp\/v2\/posts\/2845"}],"collection":[{"href":"https:\/\/cacaunews.com\/index.php?rest_route=\/wp\/v2\/posts"}],"about":[{"href":"https:\/\/cacaunews.com\/index.php?rest_route=\/wp\/v2\/types\/post"}],"author":[{"embeddable":true,"href":"https:\/\/cacaunews.com\/index.php?rest_route=\/wp\/v2\/users\/1"}],"replies":[{"embeddable":true,"href":"https:\/\/cacaunews.com\/index.php?rest_route=%2Fwp%2Fv2%2Fcomments&post=2845"}],"version-history":[{"count":1,"href":"https:\/\/cacaunews.com\/index.php?rest_route=\/wp\/v2\/posts\/2845\/revisions"}],"predecessor-version":[{"id":2847,"href":"https:\/\/cacaunews.com\/index.php?rest_route=\/wp\/v2\/posts\/2845\/revisions\/2847"}],"wp:featuredmedia":[{"embeddable":true,"href":"https:\/\/cacaunews.com\/index.php?rest_route=\/wp\/v2\/media\/2846"}],"wp:attachment":[{"href":"https:\/\/cacaunews.com\/index.php?rest_route=%2Fwp%2Fv2%2Fmedia&parent=2845"}],"wp:term":[{"taxonomy":"category","embeddable":true,"href":"https:\/\/cacaunews.com\/index.php?rest_route=%2Fwp%2Fv2%2Fcategories&post=2845"},{"taxonomy":"post_tag","embeddable":true,"href":"https:\/\/cacaunews.com\/index.php?rest_route=%2Fwp%2Fv2%2Ftags&post=2845"}],"curies":[{"name":"wp","href":"https:\/\/api.w.org\/{rel}","templated":true}]}}