{"id":2901,"date":"2023-09-18T21:23:04","date_gmt":"2023-09-18T21:23:04","guid":{"rendered":"https:\/\/cacaunews.com\/?p=2901"},"modified":"2023-09-20T02:37:26","modified_gmt":"2023-09-20T02:37:26","slug":"encontro-reune-gestores-municipais-para-discutir-politicas-de-igualdade-racial","status":"publish","type":"post","link":"https:\/\/cacaunews.com\/?p=2901","title":{"rendered":"Encontro re\u00fane gestores municipais para discutir pol\u00edticas de igualdade racial."},"content":{"rendered":"\n<p>Representantes de 43 cidades baianas participam do encontro do F\u00f3rum de Gestores Municipais de Promo\u00e7\u00e3o da Igualdade Racial, em Salvador. O evento, que acontece no Hotel Bahiamar, no bairro Jardim de Alah, tem o objetivo de discutir estrat\u00e9gias conjuntas para o avan\u00e7o das pol\u00edticas de promo\u00e7\u00e3o da igualdade racial e combate \u00e0 intoler\u00e2ncia religiosa no estado.<br><br>Na abertura, realizada na manh\u00e3 desta segunda-feira (18), uma mesa institucional reuniu a secret\u00e1ria estadual de Promo\u00e7\u00e3o da Igualdade Racial e dos Povos e Comunidades Tradicionais, \u00c2ngela Guimar\u00e3es; o vice-presidente do Conselho de Desenvolvimento da Comunidade Negra (CDCN), Ademir Santos; a secret\u00e1ria da Repara\u00e7\u00e3o de Salvador, Ivete Sacramento; a deputada estadual Ol\u00edvia Santana; o representante da Comiss\u00e3o de Igualdade, Combate \u00e0 Discrimina\u00e7\u00e3o e Promo\u00e7\u00e3o dos Direitos Humanos do Tribunal de Justi\u00e7a da Bahia, juiz Guilherme Gonzaga; a defensora p\u00fablica Vanessa Nunes; a pr\u00f3-reitora de A\u00e7\u00f5es Afirmativas da Universidade do Estado da Bahia (Uneb), Dina Ros\u00e1rio; e a representante da Secretaria Estadual da Educa\u00e7\u00e3o, N\u00e1jila Lopes.<br><br>\u201cA reuni\u00e3o do F\u00f3rum de Gestores Municipais \u00e9 um momento de fortalecimento dessa rela\u00e7\u00e3o federativa importante para implementa\u00e7\u00e3o, aperfei\u00e7oamento e avalia\u00e7\u00e3o das pol\u00edticas p\u00fablicas de igualdade racial, uma agenda ainda t\u00e3o recente para o estado brasileiro e cheia de desafios para o enfrentamento das iniquidades geradas pelas hist\u00f3ricas discrimina\u00e7\u00f5es raciais e a garantia do acesso pleno aos direitos de cidadania \u00e0s maiorias minorit\u00e1rias\u201d, destacou a titular da Sepromi.<br><br>A transversalidade da pol\u00edtica de igualdade racial foi um dos temas que entraram em pauta no primeiro dia do encontro. Os participantes refor\u00e7aram a necessidade de unir esfor\u00e7os de diferentes setores da gest\u00e3o p\u00fablica para superar as desigualdades raciais que persistem nas mais diversas \u00e1reas. Houve espa\u00e7o tamb\u00e9m para abordar a efetiva\u00e7\u00e3o do Estatuto da Igualdade Racial e de Combate \u00e0 Intoler\u00e2ncia da Bahia e para relatos de experi\u00eancias bem-sucedidas de promo\u00e7\u00e3o da igualdade racial e prote\u00e7\u00e3o dos povos e comunidades tradicionais.<br><br>Nesta ter\u00e7a (19), os debates seguem em cinco grupos tem\u00e1ticos: Sa\u00fade; Educa\u00e7\u00e3o; Seguran\u00e7a P\u00fablica e Justi\u00e7a; Fomento \u00e0 Cultura, Patrim\u00f4nio Material e Imaterial e Intoler\u00e2ncia Religiosa; e Inclus\u00e3o Social, Desenvolvimento Sustent\u00e1vel e Empreendedorismo Negro. A programa\u00e7\u00e3o inclui ainda uma mesa sobre a intersetorialidade da pol\u00edtica de igualdade racial no Governo, com as presen\u00e7as da diretora de Articula\u00e7\u00e3o Interfederativa do Minist\u00e9rio da Igualdade Racial, Isadora Bispo, e da secret\u00e1ria de Educa\u00e7\u00e3o Continuada, Alfabetiza\u00e7\u00e3o de Jovens e Adultos do Minist\u00e9rio da Educa\u00e7\u00e3o, Zara Figueredo.<br><br>Fonte: Ascom\/Sepromi<\/p>\n","protected":false},"excerpt":{"rendered":"<p>Representantes de 43 cidades baianas participam do encontro do F\u00f3rum de Gestores Municipais de Promo\u00e7\u00e3o&#8230;<\/p>\n","protected":false},"author":1,"featured_media":2900,"comment_status":"open","ping_status":"open","sticky":false,"template":"","format":"standard","meta":{"footnotes":""},"categories":[18,11,19],"tags":[39,1146,731,1145],"yoast_head":"<!-- This site is optimized with the Yoast SEO plugin v21.7 - https:\/\/yoast.com\/wordpress\/plugins\/seo\/ -->\n<title>Encontro re\u00fane gestores municipais para discutir pol\u00edticas de igualdade racial. - Cacau News<\/title>\n<meta name=\"robots\" content=\"index, follow, max-snippet:-1, max-image-preview:large, max-video-preview:-1\" \/>\n<link rel=\"canonical\" href=\"https:\/\/cacaunews.com\/?p=2901\" \/>\n<meta property=\"og:locale\" content=\"pt_BR\" \/>\n<meta property=\"og:type\" content=\"article\" \/>\n<meta property=\"og:title\" content=\"Encontro re\u00fane gestores municipais para discutir pol\u00edticas de igualdade racial. - Cacau News\" \/>\n<meta property=\"og:description\" content=\"Representantes de 43 cidades baianas participam do encontro do F\u00f3rum de Gestores Municipais de Promo\u00e7\u00e3o...\" \/>\n<meta property=\"og:url\" content=\"https:\/\/cacaunews.com\/?p=2901\" \/>\n<meta property=\"og:site_name\" content=\"Cacau News\" \/>\n<meta property=\"article:published_time\" content=\"2023-09-18T21:23:04+00:00\" \/>\n<meta property=\"article:modified_time\" content=\"2023-09-20T02:37:26+00:00\" \/>\n<meta property=\"og:image\" content=\"https:\/\/cacaunews.com\/wp-content\/uploads\/2023\/09\/thumbnail_Encontro-reune-gestores-municipais-para-discutir-politicas-de-igualdade-racial-1.jpg\" \/>\n\t<meta property=\"og:image:width\" content=\"1024\" \/>\n\t<meta property=\"og:image:height\" content=\"682\" \/>\n\t<meta property=\"og:image:type\" content=\"image\/jpeg\" \/>\n<meta name=\"author\" content=\"Reda\u00e7\u00e3o Cacau News\" \/>\n<meta name=\"twitter:card\" content=\"summary_large_image\" \/>\n<meta name=\"twitter:label1\" content=\"Escrito por\" \/>\n\t<meta name=\"twitter:data1\" content=\"Reda\u00e7\u00e3o Cacau News\" \/>\n\t<meta name=\"twitter:label2\" content=\"Est. tempo de leitura\" \/>\n\t<meta name=\"twitter:data2\" content=\"2 minutos\" \/>\n<script type=\"application\/ld+json\" class=\"yoast-schema-graph\">{\"@context\":\"https:\/\/schema.org\",\"@graph\":[{\"@type\":\"Article\",\"@id\":\"https:\/\/cacaunews.com\/?p=2901#article\",\"isPartOf\":{\"@id\":\"https:\/\/cacaunews.com\/?p=2901\"},\"author\":{\"name\":\"Reda\u00e7\u00e3o Cacau News\",\"@id\":\"https:\/\/cacaunews.com\/#\/schema\/person\/ea69703103e606ad347ccd64bd72ef79\"},\"headline\":\"Encontro re\u00fane gestores municipais para discutir pol\u00edticas de igualdade racial.\",\"datePublished\":\"2023-09-18T21:23:04+00:00\",\"dateModified\":\"2023-09-20T02:37:26+00:00\",\"mainEntityOfPage\":{\"@id\":\"https:\/\/cacaunews.com\/?p=2901\"},\"wordCount\":468,\"commentCount\":0,\"publisher\":{\"@id\":\"https:\/\/cacaunews.com\/#organization\"},\"keywords\":[\"bahia\",\"racial\",\"reuni\u00e3o\",\"sepromi\"],\"articleSection\":[\"cidades\",\"Jornalismo\",\"Social\"],\"inLanguage\":\"pt-BR\",\"potentialAction\":[{\"@type\":\"CommentAction\",\"name\":\"Comment\",\"target\":[\"https:\/\/cacaunews.com\/?p=2901#respond\"]}]},{\"@type\":\"WebPage\",\"@id\":\"https:\/\/cacaunews.com\/?p=2901\",\"url\":\"https:\/\/cacaunews.com\/?p=2901\",\"name\":\"Encontro re\u00fane gestores municipais para discutir pol\u00edticas de igualdade racial. - Cacau News\",\"isPartOf\":{\"@id\":\"https:\/\/cacaunews.com\/#website\"},\"datePublished\":\"2023-09-18T21:23:04+00:00\",\"dateModified\":\"2023-09-20T02:37:26+00:00\",\"breadcrumb\":{\"@id\":\"https:\/\/cacaunews.com\/?p=2901#breadcrumb\"},\"inLanguage\":\"pt-BR\",\"potentialAction\":[{\"@type\":\"ReadAction\",\"target\":[\"https:\/\/cacaunews.com\/?p=2901\"]}]},{\"@type\":\"BreadcrumbList\",\"@id\":\"https:\/\/cacaunews.com\/?p=2901#breadcrumb\",\"itemListElement\":[{\"@type\":\"ListItem\",\"position\":1,\"name\":\"In\u00edcio\",\"item\":\"https:\/\/cacaunews.com\/\"},{\"@type\":\"ListItem\",\"position\":2,\"name\":\"Encontro re\u00fane gestores municipais para discutir pol\u00edticas de igualdade racial.\"}]},{\"@type\":\"WebSite\",\"@id\":\"https:\/\/cacaunews.com\/#website\",\"url\":\"https:\/\/cacaunews.com\/\",\"name\":\"Cacau News\",\"description\":\"A Informa\u00e7\u00e3o que voc\u00ea precisa!\",\"publisher\":{\"@id\":\"https:\/\/cacaunews.com\/#organization\"},\"potentialAction\":[{\"@type\":\"SearchAction\",\"target\":{\"@type\":\"EntryPoint\",\"urlTemplate\":\"https:\/\/cacaunews.com\/?s={search_term_string}\"},\"query-input\":\"required name=search_term_string\"}],\"inLanguage\":\"pt-BR\"},{\"@type\":\"Organization\",\"@id\":\"https:\/\/cacaunews.com\/#organization\",\"name\":\"Cacau News\",\"url\":\"https:\/\/cacaunews.com\/\",\"logo\":{\"@type\":\"ImageObject\",\"inLanguage\":\"pt-BR\",\"@id\":\"https:\/\/cacaunews.com\/#\/schema\/logo\/image\/\",\"url\":\"https:\/\/cacaunews.com\/wp-content\/uploads\/2025\/01\/cropped-LOGO-NOVA.png\",\"contentUrl\":\"https:\/\/cacaunews.com\/wp-content\/uploads\/2025\/01\/cropped-LOGO-NOVA.png\",\"width\":813,\"height\":813,\"caption\":\"Cacau News\"},\"image\":{\"@id\":\"https:\/\/cacaunews.com\/#\/schema\/logo\/image\/\"},\"sameAs\":[\"https:\/\/www.instagram.com\/cacaunews.online\/\",\"https:\/\/youtube.com\/@cacaunews?si=0VXLnjl08SrWbVG9\"]},{\"@type\":\"Person\",\"@id\":\"https:\/\/cacaunews.com\/#\/schema\/person\/ea69703103e606ad347ccd64bd72ef79\",\"name\":\"Reda\u00e7\u00e3o Cacau News\",\"image\":{\"@type\":\"ImageObject\",\"inLanguage\":\"pt-BR\",\"@id\":\"https:\/\/cacaunews.com\/#\/schema\/person\/image\/\",\"url\":\"https:\/\/secure.gravatar.com\/avatar\/d79227a2a7b6cc42e8d7a8f7c284cd3a?s=96&d=mm&r=g\",\"contentUrl\":\"https:\/\/secure.gravatar.com\/avatar\/d79227a2a7b6cc42e8d7a8f7c284cd3a?s=96&d=mm&r=g\",\"caption\":\"Reda\u00e7\u00e3o Cacau News\"},\"sameAs\":[\"https:\/\/cacaunews.com\"],\"url\":\"https:\/\/cacaunews.com\/?author=1\"}]}<\/script>\n<!-- \/ Yoast SEO plugin. -->","yoast_head_json":{"title":"Encontro re\u00fane gestores municipais para discutir pol\u00edticas de igualdade racial. - Cacau News","robots":{"index":"index","follow":"follow","max-snippet":"max-snippet:-1","max-image-preview":"max-image-preview:large","max-video-preview":"max-video-preview:-1"},"canonical":"https:\/\/cacaunews.com\/?p=2901","og_locale":"pt_BR","og_type":"article","og_title":"Encontro re\u00fane gestores municipais para discutir pol\u00edticas de igualdade racial. - Cacau News","og_description":"Representantes de 43 cidades baianas participam do encontro do F\u00f3rum de Gestores Municipais de Promo\u00e7\u00e3o...","og_url":"https:\/\/cacaunews.com\/?p=2901","og_site_name":"Cacau News","article_published_time":"2023-09-18T21:23:04+00:00","article_modified_time":"2023-09-20T02:37:26+00:00","og_image":[{"width":1024,"height":682,"url":"https:\/\/cacaunews.com\/wp-content\/uploads\/2023\/09\/thumbnail_Encontro-reune-gestores-municipais-para-discutir-politicas-de-igualdade-racial-1.jpg","type":"image\/jpeg"}],"author":"Reda\u00e7\u00e3o Cacau News","twitter_card":"summary_large_image","twitter_misc":{"Escrito por":"Reda\u00e7\u00e3o Cacau News","Est. tempo de leitura":"2 minutos"},"schema":{"@context":"https:\/\/schema.org","@graph":[{"@type":"Article","@id":"https:\/\/cacaunews.com\/?p=2901#article","isPartOf":{"@id":"https:\/\/cacaunews.com\/?p=2901"},"author":{"name":"Reda\u00e7\u00e3o Cacau News","@id":"https:\/\/cacaunews.com\/#\/schema\/person\/ea69703103e606ad347ccd64bd72ef79"},"headline":"Encontro re\u00fane gestores municipais para discutir pol\u00edticas de igualdade racial.","datePublished":"2023-09-18T21:23:04+00:00","dateModified":"2023-09-20T02:37:26+00:00","mainEntityOfPage":{"@id":"https:\/\/cacaunews.com\/?p=2901"},"wordCount":468,"commentCount":0,"publisher":{"@id":"https:\/\/cacaunews.com\/#organization"},"keywords":["bahia","racial","reuni\u00e3o","sepromi"],"articleSection":["cidades","Jornalismo","Social"],"inLanguage":"pt-BR","potentialAction":[{"@type":"CommentAction","name":"Comment","target":["https:\/\/cacaunews.com\/?p=2901#respond"]}]},{"@type":"WebPage","@id":"https:\/\/cacaunews.com\/?p=2901","url":"https:\/\/cacaunews.com\/?p=2901","name":"Encontro re\u00fane gestores municipais para discutir pol\u00edticas de igualdade racial. - Cacau News","isPartOf":{"@id":"https:\/\/cacaunews.com\/#website"},"datePublished":"2023-09-18T21:23:04+00:00","dateModified":"2023-09-20T02:37:26+00:00","breadcrumb":{"@id":"https:\/\/cacaunews.com\/?p=2901#breadcrumb"},"inLanguage":"pt-BR","potentialAction":[{"@type":"ReadAction","target":["https:\/\/cacaunews.com\/?p=2901"]}]},{"@type":"BreadcrumbList","@id":"https:\/\/cacaunews.com\/?p=2901#breadcrumb","itemListElement":[{"@type":"ListItem","position":1,"name":"In\u00edcio","item":"https:\/\/cacaunews.com\/"},{"@type":"ListItem","position":2,"name":"Encontro re\u00fane gestores municipais para discutir pol\u00edticas de igualdade racial."}]},{"@type":"WebSite","@id":"https:\/\/cacaunews.com\/#website","url":"https:\/\/cacaunews.com\/","name":"Cacau News","description":"A Informa\u00e7\u00e3o que voc\u00ea precisa!","publisher":{"@id":"https:\/\/cacaunews.com\/#organization"},"potentialAction":[{"@type":"SearchAction","target":{"@type":"EntryPoint","urlTemplate":"https:\/\/cacaunews.com\/?s={search_term_string}"},"query-input":"required name=search_term_string"}],"inLanguage":"pt-BR"},{"@type":"Organization","@id":"https:\/\/cacaunews.com\/#organization","name":"Cacau News","url":"https:\/\/cacaunews.com\/","logo":{"@type":"ImageObject","inLanguage":"pt-BR","@id":"https:\/\/cacaunews.com\/#\/schema\/logo\/image\/","url":"https:\/\/cacaunews.com\/wp-content\/uploads\/2025\/01\/cropped-LOGO-NOVA.png","contentUrl":"https:\/\/cacaunews.com\/wp-content\/uploads\/2025\/01\/cropped-LOGO-NOVA.png","width":813,"height":813,"caption":"Cacau News"},"image":{"@id":"https:\/\/cacaunews.com\/#\/schema\/logo\/image\/"},"sameAs":["https:\/\/www.instagram.com\/cacaunews.online\/","https:\/\/youtube.com\/@cacaunews?si=0VXLnjl08SrWbVG9"]},{"@type":"Person","@id":"https:\/\/cacaunews.com\/#\/schema\/person\/ea69703103e606ad347ccd64bd72ef79","name":"Reda\u00e7\u00e3o Cacau News","image":{"@type":"ImageObject","inLanguage":"pt-BR","@id":"https:\/\/cacaunews.com\/#\/schema\/person\/image\/","url":"https:\/\/secure.gravatar.com\/avatar\/d79227a2a7b6cc42e8d7a8f7c284cd3a?s=96&d=mm&r=g","contentUrl":"https:\/\/secure.gravatar.com\/avatar\/d79227a2a7b6cc42e8d7a8f7c284cd3a?s=96&d=mm&r=g","caption":"Reda\u00e7\u00e3o Cacau News"},"sameAs":["https:\/\/cacaunews.com"],"url":"https:\/\/cacaunews.com\/?author=1"}]}},"jetpack_sharing_enabled":true,"jetpack_featured_media_url":"https:\/\/cacaunews.com\/wp-content\/uploads\/2023\/09\/thumbnail_Encontro-reune-gestores-municipais-para-discutir-politicas-de-igualdade-racial-1.jpg","_links":{"self":[{"href":"https:\/\/cacaunews.com\/index.php?rest_route=\/wp\/v2\/posts\/2901"}],"collection":[{"href":"https:\/\/cacaunews.com\/index.php?rest_route=\/wp\/v2\/posts"}],"about":[{"href":"https:\/\/cacaunews.com\/index.php?rest_route=\/wp\/v2\/types\/post"}],"author":[{"embeddable":true,"href":"https:\/\/cacaunews.com\/index.php?rest_route=\/wp\/v2\/users\/1"}],"replies":[{"embeddable":true,"href":"https:\/\/cacaunews.com\/index.php?rest_route=%2Fwp%2Fv2%2Fcomments&post=2901"}],"version-history":[{"count":1,"href":"https:\/\/cacaunews.com\/index.php?rest_route=\/wp\/v2\/posts\/2901\/revisions"}],"predecessor-version":[{"id":2902,"href":"https:\/\/cacaunews.com\/index.php?rest_route=\/wp\/v2\/posts\/2901\/revisions\/2902"}],"wp:featuredmedia":[{"embeddable":true,"href":"https:\/\/cacaunews.com\/index.php?rest_route=\/wp\/v2\/media\/2900"}],"wp:attachment":[{"href":"https:\/\/cacaunews.com\/index.php?rest_route=%2Fwp%2Fv2%2Fmedia&parent=2901"}],"wp:term":[{"taxonomy":"category","embeddable":true,"href":"https:\/\/cacaunews.com\/index.php?rest_route=%2Fwp%2Fv2%2Fcategories&post=2901"},{"taxonomy":"post_tag","embeddable":true,"href":"https:\/\/cacaunews.com\/index.php?rest_route=%2Fwp%2Fv2%2Ftags&post=2901"}],"curies":[{"name":"wp","href":"https:\/\/api.w.org\/{rel}","templated":true}]}}