{"id":2918,"date":"2023-09-21T19:11:38","date_gmt":"2023-09-21T19:11:38","guid":{"rendered":"https:\/\/cacaunews.com\/?p=2918"},"modified":"2023-09-21T19:11:38","modified_gmt":"2023-09-21T19:11:38","slug":"constitucionalidade-do-acordo-entre-brasil-e-santa-se-sera-discutido-na-uesc","status":"publish","type":"post","link":"https:\/\/cacaunews.com\/?p=2918","title":{"rendered":"Constitucionalidade do Acordo entre Brasil e Santa S\u00e9 ser\u00e1 discutido na UESC."},"content":{"rendered":"<p style=\"font-weight: 400;\">A Universidade Estadual de Santa Cruz (UESC), estar\u00e1 sediando o Semin\u00e1rio formativo, nesta sexta-feira, 22 de Setembro, com a presen\u00e7a do desembargador do Tribunal de Justi\u00e7a do Estado do Maranh\u00e3o, Cleones Carvalho Cunha<strong>, <\/strong>que apresenta palestra com o tema: Constitucionalidade do Acordo entre Brasil e Santa S\u00e9: Perspectivas e Debates.<\/p>\n<p style=\"font-weight: 400;\">O evento, aberto \u00e0 comunidade, ter\u00e1 in\u00edcio \u00e0s 8h30min, no audit\u00f3rio Jorge Amado, em comemora\u00e7\u00e3o aos 35 anos da Escola de Teologia da Diocese de Ilh\u00e9us (Etel) e \u00e9 promovido pelo Departamento Uneb, Campus XXI.<\/p>\n<p style=\"font-weight: 400;\">H\u00e1 cerca de cinco anos a Uneb firmou conv\u00eanio com a Diocese de Ilh\u00e9us com o objetivo de estabelecer a modalidade extensionista do Curso de Teologia da Escola de Teologia para Leigos (ETEL). O curso j\u00e1 \u00e9 desenvolvido h\u00e1 mais de tr\u00eas d\u00e9cadas na Diocese visando \u00e0 forma\u00e7\u00e3o de parcela de pessoas em diferentes cidades da regi\u00e3o cacaueira.<\/p>\n","protected":false},"excerpt":{"rendered":"<p>A Universidade Estadual de Santa Cruz (UESC), estar\u00e1 sediando o Semin\u00e1rio formativo, nesta sexta-feira, 22&#8230;<\/p>\n","protected":false},"author":1,"featured_media":2919,"comment_status":"open","ping_status":"open","sticky":false,"template":"","format":"standard","meta":{"footnotes":""},"categories":[4,11],"tags":[211,35,1151,1152,352],"yoast_head":"<!-- This site is optimized with the Yoast SEO plugin v21.7 - https:\/\/yoast.com\/wordpress\/plugins\/seo\/ -->\n<title>Constitucionalidade do Acordo entre Brasil e Santa S\u00e9 ser\u00e1 discutido na UESC. - Cacau News<\/title>\n<meta name=\"robots\" content=\"index, follow, max-snippet:-1, max-image-preview:large, max-video-preview:-1\" \/>\n<link rel=\"canonical\" href=\"https:\/\/cacaunews.com\/?p=2918\" \/>\n<meta property=\"og:locale\" content=\"pt_BR\" \/>\n<meta property=\"og:type\" content=\"article\" \/>\n<meta property=\"og:title\" content=\"Constitucionalidade do Acordo entre Brasil e Santa S\u00e9 ser\u00e1 discutido na UESC. - Cacau News\" \/>\n<meta property=\"og:description\" content=\"A Universidade Estadual de Santa Cruz (UESC), estar\u00e1 sediando o Semin\u00e1rio formativo, nesta sexta-feira, 22...\" \/>\n<meta property=\"og:url\" content=\"https:\/\/cacaunews.com\/?p=2918\" \/>\n<meta property=\"og:site_name\" content=\"Cacau News\" \/>\n<meta property=\"article:published_time\" content=\"2023-09-21T19:11:38+00:00\" \/>\n<meta property=\"og:image\" content=\"https:\/\/cacaunews.com\/wp-content\/uploads\/2023\/09\/download.jpg\" \/>\n\t<meta property=\"og:image:width\" content=\"1280\" \/>\n\t<meta property=\"og:image:height\" content=\"1280\" \/>\n\t<meta property=\"og:image:type\" content=\"image\/jpeg\" \/>\n<meta name=\"author\" content=\"Reda\u00e7\u00e3o Cacau News\" \/>\n<meta name=\"twitter:card\" content=\"summary_large_image\" \/>\n<meta name=\"twitter:label1\" content=\"Escrito por\" \/>\n\t<meta name=\"twitter:data1\" content=\"Reda\u00e7\u00e3o Cacau News\" \/>\n\t<meta name=\"twitter:label2\" content=\"Est. tempo de leitura\" \/>\n\t<meta name=\"twitter:data2\" content=\"1 minuto\" \/>\n<script type=\"application\/ld+json\" class=\"yoast-schema-graph\">{\"@context\":\"https:\/\/schema.org\",\"@graph\":[{\"@type\":\"Article\",\"@id\":\"https:\/\/cacaunews.com\/?p=2918#article\",\"isPartOf\":{\"@id\":\"https:\/\/cacaunews.com\/?p=2918\"},\"author\":{\"name\":\"Reda\u00e7\u00e3o Cacau News\",\"@id\":\"https:\/\/cacaunews.com\/#\/schema\/person\/ea69703103e606ad347ccd64bd72ef79\"},\"headline\":\"Constitucionalidade do Acordo entre Brasil e Santa S\u00e9 ser\u00e1 discutido na UESC.\",\"datePublished\":\"2023-09-21T19:11:38+00:00\",\"dateModified\":\"2023-09-21T19:11:38+00:00\",\"mainEntityOfPage\":{\"@id\":\"https:\/\/cacaunews.com\/?p=2918\"},\"wordCount\":164,\"commentCount\":0,\"publisher\":{\"@id\":\"https:\/\/cacaunews.com\/#organization\"},\"keywords\":[\"acordo\",\"brasil\",\"constitucionalidade\",\"santa s\u00e9\",\"UESC\"],\"articleSection\":[\"Internet\",\"Jornalismo\"],\"inLanguage\":\"pt-BR\",\"potentialAction\":[{\"@type\":\"CommentAction\",\"name\":\"Comment\",\"target\":[\"https:\/\/cacaunews.com\/?p=2918#respond\"]}]},{\"@type\":\"WebPage\",\"@id\":\"https:\/\/cacaunews.com\/?p=2918\",\"url\":\"https:\/\/cacaunews.com\/?p=2918\",\"name\":\"Constitucionalidade do Acordo entre Brasil e Santa S\u00e9 ser\u00e1 discutido na UESC. - Cacau News\",\"isPartOf\":{\"@id\":\"https:\/\/cacaunews.com\/#website\"},\"datePublished\":\"2023-09-21T19:11:38+00:00\",\"dateModified\":\"2023-09-21T19:11:38+00:00\",\"breadcrumb\":{\"@id\":\"https:\/\/cacaunews.com\/?p=2918#breadcrumb\"},\"inLanguage\":\"pt-BR\",\"potentialAction\":[{\"@type\":\"ReadAction\",\"target\":[\"https:\/\/cacaunews.com\/?p=2918\"]}]},{\"@type\":\"BreadcrumbList\",\"@id\":\"https:\/\/cacaunews.com\/?p=2918#breadcrumb\",\"itemListElement\":[{\"@type\":\"ListItem\",\"position\":1,\"name\":\"In\u00edcio\",\"item\":\"https:\/\/cacaunews.com\/\"},{\"@type\":\"ListItem\",\"position\":2,\"name\":\"Constitucionalidade do Acordo entre Brasil e Santa S\u00e9 ser\u00e1 discutido na UESC.\"}]},{\"@type\":\"WebSite\",\"@id\":\"https:\/\/cacaunews.com\/#website\",\"url\":\"https:\/\/cacaunews.com\/\",\"name\":\"Cacau News\",\"description\":\"A Informa\u00e7\u00e3o que voc\u00ea precisa!\",\"publisher\":{\"@id\":\"https:\/\/cacaunews.com\/#organization\"},\"potentialAction\":[{\"@type\":\"SearchAction\",\"target\":{\"@type\":\"EntryPoint\",\"urlTemplate\":\"https:\/\/cacaunews.com\/?s={search_term_string}\"},\"query-input\":\"required name=search_term_string\"}],\"inLanguage\":\"pt-BR\"},{\"@type\":\"Organization\",\"@id\":\"https:\/\/cacaunews.com\/#organization\",\"name\":\"Cacau News\",\"url\":\"https:\/\/cacaunews.com\/\",\"logo\":{\"@type\":\"ImageObject\",\"inLanguage\":\"pt-BR\",\"@id\":\"https:\/\/cacaunews.com\/#\/schema\/logo\/image\/\",\"url\":\"https:\/\/cacaunews.com\/wp-content\/uploads\/2025\/01\/cropped-LOGO-NOVA.png\",\"contentUrl\":\"https:\/\/cacaunews.com\/wp-content\/uploads\/2025\/01\/cropped-LOGO-NOVA.png\",\"width\":813,\"height\":813,\"caption\":\"Cacau News\"},\"image\":{\"@id\":\"https:\/\/cacaunews.com\/#\/schema\/logo\/image\/\"},\"sameAs\":[\"https:\/\/www.instagram.com\/cacaunews.online\/\",\"https:\/\/youtube.com\/@cacaunews?si=0VXLnjl08SrWbVG9\"]},{\"@type\":\"Person\",\"@id\":\"https:\/\/cacaunews.com\/#\/schema\/person\/ea69703103e606ad347ccd64bd72ef79\",\"name\":\"Reda\u00e7\u00e3o Cacau News\",\"image\":{\"@type\":\"ImageObject\",\"inLanguage\":\"pt-BR\",\"@id\":\"https:\/\/cacaunews.com\/#\/schema\/person\/image\/\",\"url\":\"https:\/\/secure.gravatar.com\/avatar\/d79227a2a7b6cc42e8d7a8f7c284cd3a?s=96&d=mm&r=g\",\"contentUrl\":\"https:\/\/secure.gravatar.com\/avatar\/d79227a2a7b6cc42e8d7a8f7c284cd3a?s=96&d=mm&r=g\",\"caption\":\"Reda\u00e7\u00e3o Cacau News\"},\"sameAs\":[\"https:\/\/cacaunews.com\"],\"url\":\"https:\/\/cacaunews.com\/?author=1\"}]}<\/script>\n<!-- \/ Yoast SEO plugin. -->","yoast_head_json":{"title":"Constitucionalidade do Acordo entre Brasil e Santa S\u00e9 ser\u00e1 discutido na UESC. - Cacau News","robots":{"index":"index","follow":"follow","max-snippet":"max-snippet:-1","max-image-preview":"max-image-preview:large","max-video-preview":"max-video-preview:-1"},"canonical":"https:\/\/cacaunews.com\/?p=2918","og_locale":"pt_BR","og_type":"article","og_title":"Constitucionalidade do Acordo entre Brasil e Santa S\u00e9 ser\u00e1 discutido na UESC. - Cacau News","og_description":"A Universidade Estadual de Santa Cruz (UESC), estar\u00e1 sediando o Semin\u00e1rio formativo, nesta sexta-feira, 22...","og_url":"https:\/\/cacaunews.com\/?p=2918","og_site_name":"Cacau News","article_published_time":"2023-09-21T19:11:38+00:00","og_image":[{"width":1280,"height":1280,"url":"https:\/\/cacaunews.com\/wp-content\/uploads\/2023\/09\/download.jpg","type":"image\/jpeg"}],"author":"Reda\u00e7\u00e3o Cacau News","twitter_card":"summary_large_image","twitter_misc":{"Escrito por":"Reda\u00e7\u00e3o Cacau News","Est. tempo de leitura":"1 minuto"},"schema":{"@context":"https:\/\/schema.org","@graph":[{"@type":"Article","@id":"https:\/\/cacaunews.com\/?p=2918#article","isPartOf":{"@id":"https:\/\/cacaunews.com\/?p=2918"},"author":{"name":"Reda\u00e7\u00e3o Cacau News","@id":"https:\/\/cacaunews.com\/#\/schema\/person\/ea69703103e606ad347ccd64bd72ef79"},"headline":"Constitucionalidade do Acordo entre Brasil e Santa S\u00e9 ser\u00e1 discutido na UESC.","datePublished":"2023-09-21T19:11:38+00:00","dateModified":"2023-09-21T19:11:38+00:00","mainEntityOfPage":{"@id":"https:\/\/cacaunews.com\/?p=2918"},"wordCount":164,"commentCount":0,"publisher":{"@id":"https:\/\/cacaunews.com\/#organization"},"keywords":["acordo","brasil","constitucionalidade","santa s\u00e9","UESC"],"articleSection":["Internet","Jornalismo"],"inLanguage":"pt-BR","potentialAction":[{"@type":"CommentAction","name":"Comment","target":["https:\/\/cacaunews.com\/?p=2918#respond"]}]},{"@type":"WebPage","@id":"https:\/\/cacaunews.com\/?p=2918","url":"https:\/\/cacaunews.com\/?p=2918","name":"Constitucionalidade do Acordo entre Brasil e Santa S\u00e9 ser\u00e1 discutido na UESC. - Cacau News","isPartOf":{"@id":"https:\/\/cacaunews.com\/#website"},"datePublished":"2023-09-21T19:11:38+00:00","dateModified":"2023-09-21T19:11:38+00:00","breadcrumb":{"@id":"https:\/\/cacaunews.com\/?p=2918#breadcrumb"},"inLanguage":"pt-BR","potentialAction":[{"@type":"ReadAction","target":["https:\/\/cacaunews.com\/?p=2918"]}]},{"@type":"BreadcrumbList","@id":"https:\/\/cacaunews.com\/?p=2918#breadcrumb","itemListElement":[{"@type":"ListItem","position":1,"name":"In\u00edcio","item":"https:\/\/cacaunews.com\/"},{"@type":"ListItem","position":2,"name":"Constitucionalidade do Acordo entre Brasil e Santa S\u00e9 ser\u00e1 discutido na UESC."}]},{"@type":"WebSite","@id":"https:\/\/cacaunews.com\/#website","url":"https:\/\/cacaunews.com\/","name":"Cacau News","description":"A Informa\u00e7\u00e3o que voc\u00ea precisa!","publisher":{"@id":"https:\/\/cacaunews.com\/#organization"},"potentialAction":[{"@type":"SearchAction","target":{"@type":"EntryPoint","urlTemplate":"https:\/\/cacaunews.com\/?s={search_term_string}"},"query-input":"required name=search_term_string"}],"inLanguage":"pt-BR"},{"@type":"Organization","@id":"https:\/\/cacaunews.com\/#organization","name":"Cacau News","url":"https:\/\/cacaunews.com\/","logo":{"@type":"ImageObject","inLanguage":"pt-BR","@id":"https:\/\/cacaunews.com\/#\/schema\/logo\/image\/","url":"https:\/\/cacaunews.com\/wp-content\/uploads\/2025\/01\/cropped-LOGO-NOVA.png","contentUrl":"https:\/\/cacaunews.com\/wp-content\/uploads\/2025\/01\/cropped-LOGO-NOVA.png","width":813,"height":813,"caption":"Cacau News"},"image":{"@id":"https:\/\/cacaunews.com\/#\/schema\/logo\/image\/"},"sameAs":["https:\/\/www.instagram.com\/cacaunews.online\/","https:\/\/youtube.com\/@cacaunews?si=0VXLnjl08SrWbVG9"]},{"@type":"Person","@id":"https:\/\/cacaunews.com\/#\/schema\/person\/ea69703103e606ad347ccd64bd72ef79","name":"Reda\u00e7\u00e3o Cacau News","image":{"@type":"ImageObject","inLanguage":"pt-BR","@id":"https:\/\/cacaunews.com\/#\/schema\/person\/image\/","url":"https:\/\/secure.gravatar.com\/avatar\/d79227a2a7b6cc42e8d7a8f7c284cd3a?s=96&d=mm&r=g","contentUrl":"https:\/\/secure.gravatar.com\/avatar\/d79227a2a7b6cc42e8d7a8f7c284cd3a?s=96&d=mm&r=g","caption":"Reda\u00e7\u00e3o Cacau News"},"sameAs":["https:\/\/cacaunews.com"],"url":"https:\/\/cacaunews.com\/?author=1"}]}},"jetpack_sharing_enabled":true,"jetpack_featured_media_url":"https:\/\/cacaunews.com\/wp-content\/uploads\/2023\/09\/download.jpg","_links":{"self":[{"href":"https:\/\/cacaunews.com\/index.php?rest_route=\/wp\/v2\/posts\/2918"}],"collection":[{"href":"https:\/\/cacaunews.com\/index.php?rest_route=\/wp\/v2\/posts"}],"about":[{"href":"https:\/\/cacaunews.com\/index.php?rest_route=\/wp\/v2\/types\/post"}],"author":[{"embeddable":true,"href":"https:\/\/cacaunews.com\/index.php?rest_route=\/wp\/v2\/users\/1"}],"replies":[{"embeddable":true,"href":"https:\/\/cacaunews.com\/index.php?rest_route=%2Fwp%2Fv2%2Fcomments&post=2918"}],"version-history":[{"count":1,"href":"https:\/\/cacaunews.com\/index.php?rest_route=\/wp\/v2\/posts\/2918\/revisions"}],"predecessor-version":[{"id":2920,"href":"https:\/\/cacaunews.com\/index.php?rest_route=\/wp\/v2\/posts\/2918\/revisions\/2920"}],"wp:featuredmedia":[{"embeddable":true,"href":"https:\/\/cacaunews.com\/index.php?rest_route=\/wp\/v2\/media\/2919"}],"wp:attachment":[{"href":"https:\/\/cacaunews.com\/index.php?rest_route=%2Fwp%2Fv2%2Fmedia&parent=2918"}],"wp:term":[{"taxonomy":"category","embeddable":true,"href":"https:\/\/cacaunews.com\/index.php?rest_route=%2Fwp%2Fv2%2Fcategories&post=2918"},{"taxonomy":"post_tag","embeddable":true,"href":"https:\/\/cacaunews.com\/index.php?rest_route=%2Fwp%2Fv2%2Ftags&post=2918"}],"curies":[{"name":"wp","href":"https:\/\/api.w.org\/{rel}","templated":true}]}}