{"id":2927,"date":"2023-09-22T17:30:58","date_gmt":"2023-09-22T17:30:58","guid":{"rendered":"https:\/\/cacaunews.com\/?p=2927"},"modified":"2023-09-22T16:31:52","modified_gmt":"2023-09-22T16:31:52","slug":"grupo-de-danca-de-ilheus-sera-o-unico-do-nordeste-a-participar-de-evento-na-argentina","status":"publish","type":"post","link":"https:\/\/cacaunews.com\/?p=2927","title":{"rendered":"Grupo de dan\u00e7a de Ilh\u00e9us ser\u00e1 o \u00fanico do Nordeste a participar de evento na Argentina."},"content":{"rendered":"\n<p>Os dan\u00e7arinos do Studio de Dan\u00e7a Eliana Fonseca (Studio E) est\u00e3o acostumados a levar o nome de Ilh\u00e9us para diversos cantos. O grupo j\u00e1 se apresentou na It\u00e1lia, com participa\u00e7\u00e3o em outros festivais internacionais, al\u00e9m de testes e audi\u00e7\u00f5es de membros da equipe para integrar grupos consagrados de dan\u00e7a, como o Ballet Bolshoi.<br><br>Neste ano, em junho, o Studio E foi a \u00fanica escola de dan\u00e7a da regi\u00e3o Nordeste a participar da edi\u00e7\u00e3o de Florian\u00f3polis (SC), do Universal Dance (UD). Na capital catarinense, o Studio E foi premiado em 23 coreografias, sendo 12 solos, cinco duos, dois trios e quatro conjuntos, onde tamb\u00e9m ganhou o pr\u00eamio de melhor performance em palco. O evento reuniu delega\u00e7\u00f5es de outras regi\u00f5es do Brasil e de v\u00e1rios pa\u00edses, sendo parte de uma seletiva classificat\u00f3ria para o UD Latinoamericano, que acontece em C\u00f3rdoba, na Argentina, de 23 a 26 de novembro.<br><br>A Prefeitura de Ilh\u00e9us \u00e9 parceira da iniciativa. \u201cSempre apoiamos quem faz cultura e, principalmente, quem leva o nome de Ilh\u00e9us para outros lugares. Isso \u00e9 motivo de muito orgulho. Os artistas da nossa terra est\u00e3o brilhando nos palcos mundo afora\u201d, frisou o prefeito M\u00e1rio Alexandre.<\/p>\n\n\n\n<figure class=\"wp-block-image size-large\"><img fetchpriority=\"high\" decoding=\"async\" width=\"650\" height=\"450\" src=\"https:\/\/cacaunews.com\/wp-content\/uploads\/2023\/09\/7B6DA558C6-52C7-3ACE-44DA-DECDEE2B288C7D_650X450.jpg\" alt=\"\" class=\"wp-image-2924\" srcset=\"https:\/\/cacaunews.com\/wp-content\/uploads\/2023\/09\/7B6DA558C6-52C7-3ACE-44DA-DECDEE2B288C7D_650X450.jpg 650w, https:\/\/cacaunews.com\/wp-content\/uploads\/2023\/09\/7B6DA558C6-52C7-3ACE-44DA-DECDEE2B288C7D_650X450-300x208.jpg 300w\" sizes=\"(max-width: 650px) 100vw, 650px\" \/><\/figure>\n\n\n\n<p>Al\u00e9m de classificados para C\u00f3rdoba, todas as coreografias tamb\u00e9m est\u00e3o indicadas para o Universal Dance World Championship, que acontece em 2024, no Panam\u00e1. Agora, o grupo est\u00e1 se preparando para seguir para a Argentina. <br><br>A etapa de C\u00f3rdoba do UD ser\u00e1 em novembro deste ano e o Studio E vai representar Ilh\u00e9us e toda a regi\u00e3o Nordeste. Vinte integrantes da escola apresentar\u00e3o as 16 coreografias classificadas. Para isso, o grupo busca apoio da sociedade ilheense.<br><br>A escola precisa garantir passagens a\u00e9reas, hospedagem e alimenta\u00e7\u00e3o para seus representantes. <br><br>\u201cComo somos a \u00fanica escola do Nordeste selecionada para este evento, acredito que a nossa participa\u00e7\u00e3o \u00e9 extremamente importante, pois levaremos nossa cultura para fora do pa\u00eds. Al\u00e9m de trazer reconhecimento e visibilidade para o Studio, traremos tamb\u00e9m para nossa cidade e estado. Espero que essa nova etapa do Universal Dance traga muitas medalhas para a escola e com isso engrande\u00e7a meus conhecimentos na dan\u00e7a\u201d, disse Dianne Yasmin Silva Santos, bailarina do Studio.<\/p>\n\n\n\n<figure class=\"wp-block-image size-large\"><img decoding=\"async\" width=\"650\" height=\"450\" src=\"https:\/\/cacaunews.com\/wp-content\/uploads\/2023\/09\/7B1EC8ACCB-DC7E-DA8D-ED2C-BAA3AABE4DEA7D_650X450.jpg\" alt=\"\" class=\"wp-image-2925\" srcset=\"https:\/\/cacaunews.com\/wp-content\/uploads\/2023\/09\/7B1EC8ACCB-DC7E-DA8D-ED2C-BAA3AABE4DEA7D_650X450.jpg 650w, https:\/\/cacaunews.com\/wp-content\/uploads\/2023\/09\/7B1EC8ACCB-DC7E-DA8D-ED2C-BAA3AABE4DEA7D_650X450-300x208.jpg 300w\" sizes=\"(max-width: 650px) 100vw, 650px\" \/><\/figure>\n\n\n\n<p>Ele completou afirmando que, \u201co nosso maior desafio est\u00e1 sendo conseguir apoio financeiro\/patroc\u00ednio. Pois al\u00e9m da inscri\u00e7\u00e3o no evento, tem o custo de passagem, hospedagem e alimenta\u00e7\u00e3o para toda a equipe\u201d.<br><br>O Studio E ou, Studio de Dan\u00e7a Eliana Fonseca foi criado em 2016, com o objetivo de despertar nas pessoas a arte da dan\u00e7a. Segue como m\u00e9todo de ensino toda a tradi\u00e7\u00e3o do Ballet Cl\u00e1ssico e Estilo Livre, por\u00e9m com constante atualiza\u00e7\u00e3o, oferecendo aulas de Baby Class, Bal\u00e9, Jazz, Sapateado, Dan\u00e7as Latinas, Dan\u00e7as Urbanas e Dan\u00e7a Contempor\u00e2nea, al\u00e9m de Capoeira Negra Raiz, com o Contra-mestre Rafael Gomes, e Jiu-Jitsu e Muay Thai, com Leandro Santos (LS Team).<br><br><br><br>por Sucom\/IOS.<\/p>\n","protected":false},"excerpt":{"rendered":"<p>Os dan\u00e7arinos do Studio de Dan\u00e7a Eliana Fonseca (Studio E) est\u00e3o acostumados a levar o&#8230;<\/p>\n","protected":false},"author":1,"featured_media":2926,"comment_status":"open","ping_status":"open","sticky":false,"template":"","format":"standard","meta":{"footnotes":""},"categories":[18,31,11],"tags":[74,34,982,37],"yoast_head":"<!-- This site is optimized with the Yoast SEO plugin v21.7 - https:\/\/yoast.com\/wordpress\/plugins\/seo\/ -->\n<title>Grupo de dan\u00e7a de Ilh\u00e9us ser\u00e1 o \u00fanico do Nordeste a participar de evento na Argentina. - Cacau News<\/title>\n<meta name=\"robots\" content=\"index, follow, max-snippet:-1, max-image-preview:large, max-video-preview:-1\" \/>\n<link rel=\"canonical\" href=\"https:\/\/cacaunews.com\/?p=2927\" \/>\n<meta property=\"og:locale\" content=\"pt_BR\" \/>\n<meta property=\"og:type\" content=\"article\" \/>\n<meta property=\"og:title\" content=\"Grupo de dan\u00e7a de Ilh\u00e9us ser\u00e1 o \u00fanico do Nordeste a participar de evento na Argentina. - Cacau News\" \/>\n<meta property=\"og:description\" content=\"Os dan\u00e7arinos do Studio de Dan\u00e7a Eliana Fonseca (Studio E) est\u00e3o acostumados a levar o...\" \/>\n<meta property=\"og:url\" content=\"https:\/\/cacaunews.com\/?p=2927\" \/>\n<meta property=\"og:site_name\" content=\"Cacau News\" \/>\n<meta property=\"article:published_time\" content=\"2023-09-22T17:30:58+00:00\" \/>\n<meta property=\"article:modified_time\" content=\"2023-09-22T16:31:52+00:00\" \/>\n<meta property=\"og:image\" content=\"https:\/\/cacaunews.com\/wp-content\/uploads\/2023\/09\/7B4C066D0E-4EB2-4BEB-3A16-88DDEA6D0B4E7D_650X450.jpeg\" \/>\n\t<meta property=\"og:image:width\" content=\"650\" \/>\n\t<meta property=\"og:image:height\" content=\"450\" \/>\n\t<meta property=\"og:image:type\" content=\"image\/jpeg\" \/>\n<meta name=\"author\" content=\"Reda\u00e7\u00e3o Cacau News\" \/>\n<meta name=\"twitter:card\" content=\"summary_large_image\" \/>\n<meta name=\"twitter:label1\" content=\"Escrito por\" \/>\n\t<meta name=\"twitter:data1\" content=\"Reda\u00e7\u00e3o Cacau News\" \/>\n\t<meta name=\"twitter:label2\" content=\"Est. tempo de leitura\" \/>\n\t<meta name=\"twitter:data2\" content=\"3 minutos\" \/>\n<script type=\"application\/ld+json\" class=\"yoast-schema-graph\">{\"@context\":\"https:\/\/schema.org\",\"@graph\":[{\"@type\":\"Article\",\"@id\":\"https:\/\/cacaunews.com\/?p=2927#article\",\"isPartOf\":{\"@id\":\"https:\/\/cacaunews.com\/?p=2927\"},\"author\":{\"name\":\"Reda\u00e7\u00e3o Cacau News\",\"@id\":\"https:\/\/cacaunews.com\/#\/schema\/person\/ea69703103e606ad347ccd64bd72ef79\"},\"headline\":\"Grupo de dan\u00e7a de Ilh\u00e9us ser\u00e1 o \u00fanico do Nordeste a participar de evento na Argentina.\",\"datePublished\":\"2023-09-22T17:30:58+00:00\",\"dateModified\":\"2023-09-22T16:31:52+00:00\",\"mainEntityOfPage\":{\"@id\":\"https:\/\/cacaunews.com\/?p=2927\"},\"wordCount\":529,\"commentCount\":0,\"publisher\":{\"@id\":\"https:\/\/cacaunews.com\/#organization\"},\"keywords\":[\"argentina\",\"cultura\",\"dan\u00e7a\",\"ilheus\"],\"articleSection\":[\"cidades\",\"Cultura\",\"Jornalismo\"],\"inLanguage\":\"pt-BR\",\"potentialAction\":[{\"@type\":\"CommentAction\",\"name\":\"Comment\",\"target\":[\"https:\/\/cacaunews.com\/?p=2927#respond\"]}]},{\"@type\":\"WebPage\",\"@id\":\"https:\/\/cacaunews.com\/?p=2927\",\"url\":\"https:\/\/cacaunews.com\/?p=2927\",\"name\":\"Grupo de dan\u00e7a de Ilh\u00e9us ser\u00e1 o \u00fanico do Nordeste a participar de evento na Argentina. - Cacau News\",\"isPartOf\":{\"@id\":\"https:\/\/cacaunews.com\/#website\"},\"datePublished\":\"2023-09-22T17:30:58+00:00\",\"dateModified\":\"2023-09-22T16:31:52+00:00\",\"breadcrumb\":{\"@id\":\"https:\/\/cacaunews.com\/?p=2927#breadcrumb\"},\"inLanguage\":\"pt-BR\",\"potentialAction\":[{\"@type\":\"ReadAction\",\"target\":[\"https:\/\/cacaunews.com\/?p=2927\"]}]},{\"@type\":\"BreadcrumbList\",\"@id\":\"https:\/\/cacaunews.com\/?p=2927#breadcrumb\",\"itemListElement\":[{\"@type\":\"ListItem\",\"position\":1,\"name\":\"In\u00edcio\",\"item\":\"https:\/\/cacaunews.com\/\"},{\"@type\":\"ListItem\",\"position\":2,\"name\":\"Grupo de dan\u00e7a de Ilh\u00e9us ser\u00e1 o \u00fanico do Nordeste a participar de evento na Argentina.\"}]},{\"@type\":\"WebSite\",\"@id\":\"https:\/\/cacaunews.com\/#website\",\"url\":\"https:\/\/cacaunews.com\/\",\"name\":\"Cacau News\",\"description\":\"A Informa\u00e7\u00e3o que voc\u00ea precisa!\",\"publisher\":{\"@id\":\"https:\/\/cacaunews.com\/#organization\"},\"potentialAction\":[{\"@type\":\"SearchAction\",\"target\":{\"@type\":\"EntryPoint\",\"urlTemplate\":\"https:\/\/cacaunews.com\/?s={search_term_string}\"},\"query-input\":\"required name=search_term_string\"}],\"inLanguage\":\"pt-BR\"},{\"@type\":\"Organization\",\"@id\":\"https:\/\/cacaunews.com\/#organization\",\"name\":\"Cacau News\",\"url\":\"https:\/\/cacaunews.com\/\",\"logo\":{\"@type\":\"ImageObject\",\"inLanguage\":\"pt-BR\",\"@id\":\"https:\/\/cacaunews.com\/#\/schema\/logo\/image\/\",\"url\":\"https:\/\/cacaunews.com\/wp-content\/uploads\/2025\/01\/cropped-LOGO-NOVA.png\",\"contentUrl\":\"https:\/\/cacaunews.com\/wp-content\/uploads\/2025\/01\/cropped-LOGO-NOVA.png\",\"width\":813,\"height\":813,\"caption\":\"Cacau News\"},\"image\":{\"@id\":\"https:\/\/cacaunews.com\/#\/schema\/logo\/image\/\"},\"sameAs\":[\"https:\/\/www.instagram.com\/cacaunews.online\/\",\"https:\/\/youtube.com\/@cacaunews?si=0VXLnjl08SrWbVG9\"]},{\"@type\":\"Person\",\"@id\":\"https:\/\/cacaunews.com\/#\/schema\/person\/ea69703103e606ad347ccd64bd72ef79\",\"name\":\"Reda\u00e7\u00e3o Cacau News\",\"image\":{\"@type\":\"ImageObject\",\"inLanguage\":\"pt-BR\",\"@id\":\"https:\/\/cacaunews.com\/#\/schema\/person\/image\/\",\"url\":\"https:\/\/secure.gravatar.com\/avatar\/d79227a2a7b6cc42e8d7a8f7c284cd3a?s=96&d=mm&r=g\",\"contentUrl\":\"https:\/\/secure.gravatar.com\/avatar\/d79227a2a7b6cc42e8d7a8f7c284cd3a?s=96&d=mm&r=g\",\"caption\":\"Reda\u00e7\u00e3o Cacau News\"},\"sameAs\":[\"https:\/\/cacaunews.com\"],\"url\":\"https:\/\/cacaunews.com\/?author=1\"}]}<\/script>\n<!-- \/ Yoast SEO plugin. -->","yoast_head_json":{"title":"Grupo de dan\u00e7a de Ilh\u00e9us ser\u00e1 o \u00fanico do Nordeste a participar de evento na Argentina. - Cacau News","robots":{"index":"index","follow":"follow","max-snippet":"max-snippet:-1","max-image-preview":"max-image-preview:large","max-video-preview":"max-video-preview:-1"},"canonical":"https:\/\/cacaunews.com\/?p=2927","og_locale":"pt_BR","og_type":"article","og_title":"Grupo de dan\u00e7a de Ilh\u00e9us ser\u00e1 o \u00fanico do Nordeste a participar de evento na Argentina. - Cacau News","og_description":"Os dan\u00e7arinos do Studio de Dan\u00e7a Eliana Fonseca (Studio E) est\u00e3o acostumados a levar o...","og_url":"https:\/\/cacaunews.com\/?p=2927","og_site_name":"Cacau News","article_published_time":"2023-09-22T17:30:58+00:00","article_modified_time":"2023-09-22T16:31:52+00:00","og_image":[{"width":650,"height":450,"url":"https:\/\/cacaunews.com\/wp-content\/uploads\/2023\/09\/7B4C066D0E-4EB2-4BEB-3A16-88DDEA6D0B4E7D_650X450.jpeg","type":"image\/jpeg"}],"author":"Reda\u00e7\u00e3o Cacau News","twitter_card":"summary_large_image","twitter_misc":{"Escrito por":"Reda\u00e7\u00e3o Cacau News","Est. tempo de leitura":"3 minutos"},"schema":{"@context":"https:\/\/schema.org","@graph":[{"@type":"Article","@id":"https:\/\/cacaunews.com\/?p=2927#article","isPartOf":{"@id":"https:\/\/cacaunews.com\/?p=2927"},"author":{"name":"Reda\u00e7\u00e3o Cacau News","@id":"https:\/\/cacaunews.com\/#\/schema\/person\/ea69703103e606ad347ccd64bd72ef79"},"headline":"Grupo de dan\u00e7a de Ilh\u00e9us ser\u00e1 o \u00fanico do Nordeste a participar de evento na Argentina.","datePublished":"2023-09-22T17:30:58+00:00","dateModified":"2023-09-22T16:31:52+00:00","mainEntityOfPage":{"@id":"https:\/\/cacaunews.com\/?p=2927"},"wordCount":529,"commentCount":0,"publisher":{"@id":"https:\/\/cacaunews.com\/#organization"},"keywords":["argentina","cultura","dan\u00e7a","ilheus"],"articleSection":["cidades","Cultura","Jornalismo"],"inLanguage":"pt-BR","potentialAction":[{"@type":"CommentAction","name":"Comment","target":["https:\/\/cacaunews.com\/?p=2927#respond"]}]},{"@type":"WebPage","@id":"https:\/\/cacaunews.com\/?p=2927","url":"https:\/\/cacaunews.com\/?p=2927","name":"Grupo de dan\u00e7a de Ilh\u00e9us ser\u00e1 o \u00fanico do Nordeste a participar de evento na Argentina. - Cacau News","isPartOf":{"@id":"https:\/\/cacaunews.com\/#website"},"datePublished":"2023-09-22T17:30:58+00:00","dateModified":"2023-09-22T16:31:52+00:00","breadcrumb":{"@id":"https:\/\/cacaunews.com\/?p=2927#breadcrumb"},"inLanguage":"pt-BR","potentialAction":[{"@type":"ReadAction","target":["https:\/\/cacaunews.com\/?p=2927"]}]},{"@type":"BreadcrumbList","@id":"https:\/\/cacaunews.com\/?p=2927#breadcrumb","itemListElement":[{"@type":"ListItem","position":1,"name":"In\u00edcio","item":"https:\/\/cacaunews.com\/"},{"@type":"ListItem","position":2,"name":"Grupo de dan\u00e7a de Ilh\u00e9us ser\u00e1 o \u00fanico do Nordeste a participar de evento na Argentina."}]},{"@type":"WebSite","@id":"https:\/\/cacaunews.com\/#website","url":"https:\/\/cacaunews.com\/","name":"Cacau News","description":"A Informa\u00e7\u00e3o que voc\u00ea precisa!","publisher":{"@id":"https:\/\/cacaunews.com\/#organization"},"potentialAction":[{"@type":"SearchAction","target":{"@type":"EntryPoint","urlTemplate":"https:\/\/cacaunews.com\/?s={search_term_string}"},"query-input":"required name=search_term_string"}],"inLanguage":"pt-BR"},{"@type":"Organization","@id":"https:\/\/cacaunews.com\/#organization","name":"Cacau News","url":"https:\/\/cacaunews.com\/","logo":{"@type":"ImageObject","inLanguage":"pt-BR","@id":"https:\/\/cacaunews.com\/#\/schema\/logo\/image\/","url":"https:\/\/cacaunews.com\/wp-content\/uploads\/2025\/01\/cropped-LOGO-NOVA.png","contentUrl":"https:\/\/cacaunews.com\/wp-content\/uploads\/2025\/01\/cropped-LOGO-NOVA.png","width":813,"height":813,"caption":"Cacau News"},"image":{"@id":"https:\/\/cacaunews.com\/#\/schema\/logo\/image\/"},"sameAs":["https:\/\/www.instagram.com\/cacaunews.online\/","https:\/\/youtube.com\/@cacaunews?si=0VXLnjl08SrWbVG9"]},{"@type":"Person","@id":"https:\/\/cacaunews.com\/#\/schema\/person\/ea69703103e606ad347ccd64bd72ef79","name":"Reda\u00e7\u00e3o Cacau News","image":{"@type":"ImageObject","inLanguage":"pt-BR","@id":"https:\/\/cacaunews.com\/#\/schema\/person\/image\/","url":"https:\/\/secure.gravatar.com\/avatar\/d79227a2a7b6cc42e8d7a8f7c284cd3a?s=96&d=mm&r=g","contentUrl":"https:\/\/secure.gravatar.com\/avatar\/d79227a2a7b6cc42e8d7a8f7c284cd3a?s=96&d=mm&r=g","caption":"Reda\u00e7\u00e3o Cacau News"},"sameAs":["https:\/\/cacaunews.com"],"url":"https:\/\/cacaunews.com\/?author=1"}]}},"jetpack_sharing_enabled":true,"jetpack_featured_media_url":"https:\/\/cacaunews.com\/wp-content\/uploads\/2023\/09\/7B4C066D0E-4EB2-4BEB-3A16-88DDEA6D0B4E7D_650X450.jpeg","_links":{"self":[{"href":"https:\/\/cacaunews.com\/index.php?rest_route=\/wp\/v2\/posts\/2927"}],"collection":[{"href":"https:\/\/cacaunews.com\/index.php?rest_route=\/wp\/v2\/posts"}],"about":[{"href":"https:\/\/cacaunews.com\/index.php?rest_route=\/wp\/v2\/types\/post"}],"author":[{"embeddable":true,"href":"https:\/\/cacaunews.com\/index.php?rest_route=\/wp\/v2\/users\/1"}],"replies":[{"embeddable":true,"href":"https:\/\/cacaunews.com\/index.php?rest_route=%2Fwp%2Fv2%2Fcomments&post=2927"}],"version-history":[{"count":1,"href":"https:\/\/cacaunews.com\/index.php?rest_route=\/wp\/v2\/posts\/2927\/revisions"}],"predecessor-version":[{"id":2928,"href":"https:\/\/cacaunews.com\/index.php?rest_route=\/wp\/v2\/posts\/2927\/revisions\/2928"}],"wp:featuredmedia":[{"embeddable":true,"href":"https:\/\/cacaunews.com\/index.php?rest_route=\/wp\/v2\/media\/2926"}],"wp:attachment":[{"href":"https:\/\/cacaunews.com\/index.php?rest_route=%2Fwp%2Fv2%2Fmedia&parent=2927"}],"wp:term":[{"taxonomy":"category","embeddable":true,"href":"https:\/\/cacaunews.com\/index.php?rest_route=%2Fwp%2Fv2%2Fcategories&post=2927"},{"taxonomy":"post_tag","embeddable":true,"href":"https:\/\/cacaunews.com\/index.php?rest_route=%2Fwp%2Fv2%2Ftags&post=2927"}],"curies":[{"name":"wp","href":"https:\/\/api.w.org\/{rel}","templated":true}]}}