{"id":2931,"date":"2023-09-23T15:14:15","date_gmt":"2023-09-23T15:14:15","guid":{"rendered":"https:\/\/cacaunews.com\/?p=2931"},"modified":"2023-09-23T15:13:47","modified_gmt":"2023-09-23T15:13:47","slug":"ilheus-audiencia-publica-discute-projeto-de-regularizacao-fundiaria-urbana","status":"publish","type":"post","link":"https:\/\/cacaunews.com\/?p=2931","title":{"rendered":"Ilh\u00e9us: Audi\u00eancia p\u00fablica discute projeto de Regulariza\u00e7\u00e3o Fundi\u00e1ria Urbana."},"content":{"rendered":"\n<p>Ilh\u00e9us d\u00e1 mais um passo importante no processo de desenvolvimento econ\u00f4mico, social e urban\u00edstico. Apresentado nesta sexta-feira (22), durante audi\u00eancia p\u00fablica na C\u00e2mara de Vereadores, o projeto de Regulariza\u00e7\u00e3o Fundi\u00e1ria Urbana (REURB), proposto pelos edis Ivo Evangelista, Paulo Carqueija e Enilda Mendon\u00e7a, objetiva concretizar a posse ou propriedade em \u00e1reas urbanas ocupadas irregularmente, a fim de que o cidad\u00e3o possa ter assegurado o direito \u00e0 moradia, conforme preconiza a Constitui\u00e7\u00e3o Federal.<br><br>\u201cQuero parabenizar os vereadores Ivo Evangelista, Paulo Carqueija e Enilda Mendon\u00e7a, autores do requerimento que inseriu esse tema na pauta de discuss\u00e3o. O prefeito M\u00e1rio Alexandre tem dado todas as condi\u00e7\u00f5es para viabilizar os recursos necess\u00e1rios, a fim de que o projeto seja concretizado. A regulariza\u00e7\u00e3o de propriedades trar\u00e1 benef\u00edcios tanto para os cidad\u00e3os, que ter\u00e3o os seus im\u00f3veis devidamente cadastrados, quanto para o Munic\u00edpio, que poder\u00e1 reverter os impostos em obras estruturantes\u201d, explicou Marcos Fl\u00e1vio Rhem, titular da Secretaria de Desenvolvimento Econ\u00f4mico e Inova\u00e7\u00e3o, que na ocasi\u00e3o representou o prefeito.<\/p>\n\n\n\n<p>O ex-vice-prefeito de Ilh\u00e9us, Jos\u00e9 Nazal, destacou que a presen\u00e7a maci\u00e7a da popula\u00e7\u00e3o reitera a relev\u00e2ncia social da REURB. Tamb\u00e9m participaram do encontro representantes da Coelba, Embasa e do Governo do Estado (atrav\u00e9s de videoconfer\u00eancia).<br><br>\u201cEsse assunto possui uma import\u00e2ncia imensur\u00e1vel. Ilh\u00e9us tem v\u00e1rios bairros com situa\u00e7\u00e3o que precisa ser regularizada e a REURB chega com essa miss\u00e3o. \u00c9 preciso que o poder p\u00fablico municipal monte uma equipe capacitada para garantir que os cidad\u00e3os tenham acesso \u00e0 escritura\u00e7\u00e3o das suas propriedades\u201d.<br><br>Al\u00e9m de total transpar\u00eancia, a regulariza\u00e7\u00e3o facilita a venda do im\u00f3vel, bem como a solicita\u00e7\u00e3o de empr\u00e9stimos para reforma, possibilidade de sucess\u00e3o e melhoria de servi\u00e7os p\u00fablicos de \u00e1gua, energia e esgotamento sanit\u00e1rio.<\/p>\n\n\n\n<p>\u201cN\u00f3s estimamos que com a legaliza\u00e7\u00e3o fundi\u00e1ria Ilh\u00e9us dobre o n\u00famero de im\u00f3veis registrados nos cart\u00f3rios. Esse processo representa um avan\u00e7o na arrecada\u00e7\u00e3o, contudo, o mais importante \u00e9 a inclus\u00e3o social. O cidad\u00e3o precisa se sentir efetivamente propriet\u00e1rio do seu im\u00f3vel. \u00c9 uma quest\u00e3o de dignidade e de direito\u201d, afirmou Paulo Carqueija.<br><br>Durante o evento, a popula\u00e7\u00e3o p\u00f4de esclarecer as d\u00favidas e conhecer os processos para a implementa\u00e7\u00e3o da REURB. O projeto foi explanado pelo consultor jur\u00eddico do Cart\u00f3rio de Registro de Im\u00f3vel do 1\u00ba e do 2\u00ba Of\u00edcio de Ilh\u00e9us, Cristiano Alencar.  <\/p>\n\n\n\n<figure class=\"wp-block-image size-large\"><img fetchpriority=\"high\" decoding=\"async\" width=\"650\" height=\"450\" src=\"https:\/\/cacaunews.com\/wp-content\/uploads\/2023\/09\/7BC43E28DB-8DAE-EDDE-DD24-2DEC2B8BEED07D_650X450.jpg\" alt=\"\" class=\"wp-image-2929\" srcset=\"https:\/\/cacaunews.com\/wp-content\/uploads\/2023\/09\/7BC43E28DB-8DAE-EDDE-DD24-2DEC2B8BEED07D_650X450.jpg 650w, https:\/\/cacaunews.com\/wp-content\/uploads\/2023\/09\/7BC43E28DB-8DAE-EDDE-DD24-2DEC2B8BEED07D_650X450-300x208.jpg 300w\" sizes=\"(max-width: 650px) 100vw, 650px\" \/><\/figure>\n\n\n\n<p>\u201cO benefici\u00e1rio ter\u00e1 a propriedade plena do im\u00f3vel. Ent\u00e3o, ele consegue tomar empr\u00e9stimo dando o im\u00f3vel em garantia para conseguir linhas de cr\u00e9dito acess\u00edveis e juros mais baixos. O posseiro n\u00e3o \u00e9 propriet\u00e1rio e se n\u00e3o \u00e9 propriet\u00e1rio n\u00e3o \u00e9 dono. Ent\u00e3o, a REURB se prop\u00f5e a resolver essa situa\u00e7\u00e3o\u201d, finalizou Alencar.<br><br>De acordo com a C\u00e2mara de Vereadores, novos ciclos de audi\u00eancias p\u00fablicas ser\u00e3o realizados para ampliar o debate e implantar, gradativamente, o projeto no munic\u00edpio, por meio da atua\u00e7\u00e3o integrada entre o Poder P\u00fablico e a popula\u00e7\u00e3o.<br><br><br><br>por Sucom<\/p>\n","protected":false},"excerpt":{"rendered":"<p>Ilh\u00e9us d\u00e1 mais um passo importante no processo de desenvolvimento econ\u00f4mico, social e urban\u00edstico. Apresentado&#8230;<\/p>\n","protected":false},"author":1,"featured_media":2930,"comment_status":"open","ping_status":"open","sticky":false,"template":"","format":"standard","meta":{"footnotes":""},"categories":[18,11,5],"tags":[1155,56,37,1156],"yoast_head":"<!-- This site is optimized with the Yoast SEO plugin v21.7 - https:\/\/yoast.com\/wordpress\/plugins\/seo\/ -->\n<title>Ilh\u00e9us: Audi\u00eancia p\u00fablica discute projeto de Regulariza\u00e7\u00e3o Fundi\u00e1ria Urbana. - Cacau News<\/title>\n<meta name=\"robots\" content=\"index, follow, max-snippet:-1, max-image-preview:large, max-video-preview:-1\" \/>\n<link rel=\"canonical\" href=\"https:\/\/cacaunews.com\/?p=2931\" \/>\n<meta property=\"og:locale\" content=\"pt_BR\" \/>\n<meta property=\"og:type\" content=\"article\" \/>\n<meta property=\"og:title\" content=\"Ilh\u00e9us: Audi\u00eancia p\u00fablica discute projeto de Regulariza\u00e7\u00e3o Fundi\u00e1ria Urbana. - Cacau News\" \/>\n<meta property=\"og:description\" content=\"Ilh\u00e9us d\u00e1 mais um passo importante no processo de desenvolvimento econ\u00f4mico, social e urban\u00edstico. Apresentado...\" \/>\n<meta property=\"og:url\" content=\"https:\/\/cacaunews.com\/?p=2931\" \/>\n<meta property=\"og:site_name\" content=\"Cacau News\" \/>\n<meta property=\"article:published_time\" content=\"2023-09-23T15:14:15+00:00\" \/>\n<meta property=\"article:modified_time\" content=\"2023-09-23T15:13:47+00:00\" \/>\n<meta property=\"og:image\" content=\"https:\/\/cacaunews.com\/wp-content\/uploads\/2023\/09\/7BDDBC5A35-1E1D-DEEC-A4B2-CB58C54BED5E7D_650X450.jpg\" \/>\n\t<meta property=\"og:image:width\" content=\"650\" \/>\n\t<meta property=\"og:image:height\" content=\"450\" \/>\n\t<meta property=\"og:image:type\" content=\"image\/jpeg\" \/>\n<meta name=\"author\" content=\"Reda\u00e7\u00e3o Cacau News\" \/>\n<meta name=\"twitter:card\" content=\"summary_large_image\" \/>\n<meta name=\"twitter:label1\" content=\"Escrito por\" \/>\n\t<meta name=\"twitter:data1\" content=\"Reda\u00e7\u00e3o Cacau News\" \/>\n\t<meta name=\"twitter:label2\" content=\"Est. tempo de leitura\" \/>\n\t<meta name=\"twitter:data2\" content=\"3 minutos\" \/>\n<script type=\"application\/ld+json\" class=\"yoast-schema-graph\">{\"@context\":\"https:\/\/schema.org\",\"@graph\":[{\"@type\":\"Article\",\"@id\":\"https:\/\/cacaunews.com\/?p=2931#article\",\"isPartOf\":{\"@id\":\"https:\/\/cacaunews.com\/?p=2931\"},\"author\":{\"name\":\"Reda\u00e7\u00e3o Cacau News\",\"@id\":\"https:\/\/cacaunews.com\/#\/schema\/person\/ea69703103e606ad347ccd64bd72ef79\"},\"headline\":\"Ilh\u00e9us: Audi\u00eancia p\u00fablica discute projeto de Regulariza\u00e7\u00e3o Fundi\u00e1ria Urbana.\",\"datePublished\":\"2023-09-23T15:14:15+00:00\",\"dateModified\":\"2023-09-23T15:13:47+00:00\",\"mainEntityOfPage\":{\"@id\":\"https:\/\/cacaunews.com\/?p=2931\"},\"wordCount\":562,\"commentCount\":0,\"publisher\":{\"@id\":\"https:\/\/cacaunews.com\/#organization\"},\"keywords\":[\"audi\u00eancia\",\"c\u00e2mara\",\"ilheus\",\"regula\u00e7\u00e3o fundi\u00e1ria\"],\"articleSection\":[\"cidades\",\"Jornalismo\",\"Politica\"],\"inLanguage\":\"pt-BR\",\"potentialAction\":[{\"@type\":\"CommentAction\",\"name\":\"Comment\",\"target\":[\"https:\/\/cacaunews.com\/?p=2931#respond\"]}]},{\"@type\":\"WebPage\",\"@id\":\"https:\/\/cacaunews.com\/?p=2931\",\"url\":\"https:\/\/cacaunews.com\/?p=2931\",\"name\":\"Ilh\u00e9us: Audi\u00eancia p\u00fablica discute projeto de Regulariza\u00e7\u00e3o Fundi\u00e1ria Urbana. - Cacau News\",\"isPartOf\":{\"@id\":\"https:\/\/cacaunews.com\/#website\"},\"datePublished\":\"2023-09-23T15:14:15+00:00\",\"dateModified\":\"2023-09-23T15:13:47+00:00\",\"breadcrumb\":{\"@id\":\"https:\/\/cacaunews.com\/?p=2931#breadcrumb\"},\"inLanguage\":\"pt-BR\",\"potentialAction\":[{\"@type\":\"ReadAction\",\"target\":[\"https:\/\/cacaunews.com\/?p=2931\"]}]},{\"@type\":\"BreadcrumbList\",\"@id\":\"https:\/\/cacaunews.com\/?p=2931#breadcrumb\",\"itemListElement\":[{\"@type\":\"ListItem\",\"position\":1,\"name\":\"In\u00edcio\",\"item\":\"https:\/\/cacaunews.com\/\"},{\"@type\":\"ListItem\",\"position\":2,\"name\":\"Ilh\u00e9us: Audi\u00eancia p\u00fablica discute projeto de Regulariza\u00e7\u00e3o Fundi\u00e1ria Urbana.\"}]},{\"@type\":\"WebSite\",\"@id\":\"https:\/\/cacaunews.com\/#website\",\"url\":\"https:\/\/cacaunews.com\/\",\"name\":\"Cacau News\",\"description\":\"A Informa\u00e7\u00e3o que voc\u00ea precisa!\",\"publisher\":{\"@id\":\"https:\/\/cacaunews.com\/#organization\"},\"potentialAction\":[{\"@type\":\"SearchAction\",\"target\":{\"@type\":\"EntryPoint\",\"urlTemplate\":\"https:\/\/cacaunews.com\/?s={search_term_string}\"},\"query-input\":\"required name=search_term_string\"}],\"inLanguage\":\"pt-BR\"},{\"@type\":\"Organization\",\"@id\":\"https:\/\/cacaunews.com\/#organization\",\"name\":\"Cacau News\",\"url\":\"https:\/\/cacaunews.com\/\",\"logo\":{\"@type\":\"ImageObject\",\"inLanguage\":\"pt-BR\",\"@id\":\"https:\/\/cacaunews.com\/#\/schema\/logo\/image\/\",\"url\":\"https:\/\/cacaunews.com\/wp-content\/uploads\/2025\/01\/cropped-LOGO-NOVA.png\",\"contentUrl\":\"https:\/\/cacaunews.com\/wp-content\/uploads\/2025\/01\/cropped-LOGO-NOVA.png\",\"width\":813,\"height\":813,\"caption\":\"Cacau News\"},\"image\":{\"@id\":\"https:\/\/cacaunews.com\/#\/schema\/logo\/image\/\"},\"sameAs\":[\"https:\/\/www.instagram.com\/cacaunews.online\/\",\"https:\/\/youtube.com\/@cacaunews?si=0VXLnjl08SrWbVG9\"]},{\"@type\":\"Person\",\"@id\":\"https:\/\/cacaunews.com\/#\/schema\/person\/ea69703103e606ad347ccd64bd72ef79\",\"name\":\"Reda\u00e7\u00e3o Cacau News\",\"image\":{\"@type\":\"ImageObject\",\"inLanguage\":\"pt-BR\",\"@id\":\"https:\/\/cacaunews.com\/#\/schema\/person\/image\/\",\"url\":\"https:\/\/secure.gravatar.com\/avatar\/d79227a2a7b6cc42e8d7a8f7c284cd3a?s=96&d=mm&r=g\",\"contentUrl\":\"https:\/\/secure.gravatar.com\/avatar\/d79227a2a7b6cc42e8d7a8f7c284cd3a?s=96&d=mm&r=g\",\"caption\":\"Reda\u00e7\u00e3o Cacau News\"},\"sameAs\":[\"https:\/\/cacaunews.com\"],\"url\":\"https:\/\/cacaunews.com\/?author=1\"}]}<\/script>\n<!-- \/ Yoast SEO plugin. -->","yoast_head_json":{"title":"Ilh\u00e9us: Audi\u00eancia p\u00fablica discute projeto de Regulariza\u00e7\u00e3o Fundi\u00e1ria Urbana. - Cacau News","robots":{"index":"index","follow":"follow","max-snippet":"max-snippet:-1","max-image-preview":"max-image-preview:large","max-video-preview":"max-video-preview:-1"},"canonical":"https:\/\/cacaunews.com\/?p=2931","og_locale":"pt_BR","og_type":"article","og_title":"Ilh\u00e9us: Audi\u00eancia p\u00fablica discute projeto de Regulariza\u00e7\u00e3o Fundi\u00e1ria Urbana. - Cacau News","og_description":"Ilh\u00e9us d\u00e1 mais um passo importante no processo de desenvolvimento econ\u00f4mico, social e urban\u00edstico. Apresentado...","og_url":"https:\/\/cacaunews.com\/?p=2931","og_site_name":"Cacau News","article_published_time":"2023-09-23T15:14:15+00:00","article_modified_time":"2023-09-23T15:13:47+00:00","og_image":[{"width":650,"height":450,"url":"https:\/\/cacaunews.com\/wp-content\/uploads\/2023\/09\/7BDDBC5A35-1E1D-DEEC-A4B2-CB58C54BED5E7D_650X450.jpg","type":"image\/jpeg"}],"author":"Reda\u00e7\u00e3o Cacau News","twitter_card":"summary_large_image","twitter_misc":{"Escrito por":"Reda\u00e7\u00e3o Cacau News","Est. tempo de leitura":"3 minutos"},"schema":{"@context":"https:\/\/schema.org","@graph":[{"@type":"Article","@id":"https:\/\/cacaunews.com\/?p=2931#article","isPartOf":{"@id":"https:\/\/cacaunews.com\/?p=2931"},"author":{"name":"Reda\u00e7\u00e3o Cacau News","@id":"https:\/\/cacaunews.com\/#\/schema\/person\/ea69703103e606ad347ccd64bd72ef79"},"headline":"Ilh\u00e9us: Audi\u00eancia p\u00fablica discute projeto de Regulariza\u00e7\u00e3o Fundi\u00e1ria Urbana.","datePublished":"2023-09-23T15:14:15+00:00","dateModified":"2023-09-23T15:13:47+00:00","mainEntityOfPage":{"@id":"https:\/\/cacaunews.com\/?p=2931"},"wordCount":562,"commentCount":0,"publisher":{"@id":"https:\/\/cacaunews.com\/#organization"},"keywords":["audi\u00eancia","c\u00e2mara","ilheus","regula\u00e7\u00e3o fundi\u00e1ria"],"articleSection":["cidades","Jornalismo","Politica"],"inLanguage":"pt-BR","potentialAction":[{"@type":"CommentAction","name":"Comment","target":["https:\/\/cacaunews.com\/?p=2931#respond"]}]},{"@type":"WebPage","@id":"https:\/\/cacaunews.com\/?p=2931","url":"https:\/\/cacaunews.com\/?p=2931","name":"Ilh\u00e9us: Audi\u00eancia p\u00fablica discute projeto de Regulariza\u00e7\u00e3o Fundi\u00e1ria Urbana. - Cacau News","isPartOf":{"@id":"https:\/\/cacaunews.com\/#website"},"datePublished":"2023-09-23T15:14:15+00:00","dateModified":"2023-09-23T15:13:47+00:00","breadcrumb":{"@id":"https:\/\/cacaunews.com\/?p=2931#breadcrumb"},"inLanguage":"pt-BR","potentialAction":[{"@type":"ReadAction","target":["https:\/\/cacaunews.com\/?p=2931"]}]},{"@type":"BreadcrumbList","@id":"https:\/\/cacaunews.com\/?p=2931#breadcrumb","itemListElement":[{"@type":"ListItem","position":1,"name":"In\u00edcio","item":"https:\/\/cacaunews.com\/"},{"@type":"ListItem","position":2,"name":"Ilh\u00e9us: Audi\u00eancia p\u00fablica discute projeto de Regulariza\u00e7\u00e3o Fundi\u00e1ria Urbana."}]},{"@type":"WebSite","@id":"https:\/\/cacaunews.com\/#website","url":"https:\/\/cacaunews.com\/","name":"Cacau News","description":"A Informa\u00e7\u00e3o que voc\u00ea precisa!","publisher":{"@id":"https:\/\/cacaunews.com\/#organization"},"potentialAction":[{"@type":"SearchAction","target":{"@type":"EntryPoint","urlTemplate":"https:\/\/cacaunews.com\/?s={search_term_string}"},"query-input":"required name=search_term_string"}],"inLanguage":"pt-BR"},{"@type":"Organization","@id":"https:\/\/cacaunews.com\/#organization","name":"Cacau News","url":"https:\/\/cacaunews.com\/","logo":{"@type":"ImageObject","inLanguage":"pt-BR","@id":"https:\/\/cacaunews.com\/#\/schema\/logo\/image\/","url":"https:\/\/cacaunews.com\/wp-content\/uploads\/2025\/01\/cropped-LOGO-NOVA.png","contentUrl":"https:\/\/cacaunews.com\/wp-content\/uploads\/2025\/01\/cropped-LOGO-NOVA.png","width":813,"height":813,"caption":"Cacau News"},"image":{"@id":"https:\/\/cacaunews.com\/#\/schema\/logo\/image\/"},"sameAs":["https:\/\/www.instagram.com\/cacaunews.online\/","https:\/\/youtube.com\/@cacaunews?si=0VXLnjl08SrWbVG9"]},{"@type":"Person","@id":"https:\/\/cacaunews.com\/#\/schema\/person\/ea69703103e606ad347ccd64bd72ef79","name":"Reda\u00e7\u00e3o Cacau News","image":{"@type":"ImageObject","inLanguage":"pt-BR","@id":"https:\/\/cacaunews.com\/#\/schema\/person\/image\/","url":"https:\/\/secure.gravatar.com\/avatar\/d79227a2a7b6cc42e8d7a8f7c284cd3a?s=96&d=mm&r=g","contentUrl":"https:\/\/secure.gravatar.com\/avatar\/d79227a2a7b6cc42e8d7a8f7c284cd3a?s=96&d=mm&r=g","caption":"Reda\u00e7\u00e3o Cacau News"},"sameAs":["https:\/\/cacaunews.com"],"url":"https:\/\/cacaunews.com\/?author=1"}]}},"jetpack_sharing_enabled":true,"jetpack_featured_media_url":"https:\/\/cacaunews.com\/wp-content\/uploads\/2023\/09\/7BDDBC5A35-1E1D-DEEC-A4B2-CB58C54BED5E7D_650X450.jpg","_links":{"self":[{"href":"https:\/\/cacaunews.com\/index.php?rest_route=\/wp\/v2\/posts\/2931"}],"collection":[{"href":"https:\/\/cacaunews.com\/index.php?rest_route=\/wp\/v2\/posts"}],"about":[{"href":"https:\/\/cacaunews.com\/index.php?rest_route=\/wp\/v2\/types\/post"}],"author":[{"embeddable":true,"href":"https:\/\/cacaunews.com\/index.php?rest_route=\/wp\/v2\/users\/1"}],"replies":[{"embeddable":true,"href":"https:\/\/cacaunews.com\/index.php?rest_route=%2Fwp%2Fv2%2Fcomments&post=2931"}],"version-history":[{"count":1,"href":"https:\/\/cacaunews.com\/index.php?rest_route=\/wp\/v2\/posts\/2931\/revisions"}],"predecessor-version":[{"id":2932,"href":"https:\/\/cacaunews.com\/index.php?rest_route=\/wp\/v2\/posts\/2931\/revisions\/2932"}],"wp:featuredmedia":[{"embeddable":true,"href":"https:\/\/cacaunews.com\/index.php?rest_route=\/wp\/v2\/media\/2930"}],"wp:attachment":[{"href":"https:\/\/cacaunews.com\/index.php?rest_route=%2Fwp%2Fv2%2Fmedia&parent=2931"}],"wp:term":[{"taxonomy":"category","embeddable":true,"href":"https:\/\/cacaunews.com\/index.php?rest_route=%2Fwp%2Fv2%2Fcategories&post=2931"},{"taxonomy":"post_tag","embeddable":true,"href":"https:\/\/cacaunews.com\/index.php?rest_route=%2Fwp%2Fv2%2Ftags&post=2931"}],"curies":[{"name":"wp","href":"https:\/\/api.w.org\/{rel}","templated":true}]}}