{"id":2951,"date":"2023-09-25T19:09:14","date_gmt":"2023-09-25T19:09:14","guid":{"rendered":"https:\/\/cacaunews.com\/?p=2951"},"modified":"2023-09-26T05:14:18","modified_gmt":"2023-09-26T05:14:18","slug":"para-o-reitor-da-uesc-encontro-com-o-papa-renova-o-compromisso-de-cuidar-da-casa-comum","status":"publish","type":"post","link":"https:\/\/cacaunews.com\/?p=2951","title":{"rendered":"Para o reitor da UESC encontro com o Papa renova o compromisso de cuidar da Casa Comum."},"content":{"rendered":"\n<p>Na perspectiva das Enc\u00edclicas Laudato Si (Louvado Sejas) e Fratelli Tutti (Todos Irm\u00e3os),  o reitor da Universidade Estadual de Santa Cruz (Uesc) juntamente com outros 200 reitores de universidades da Am\u00e9rica Latina e do Caribe, convocado pela RUC, em colabora\u00e7\u00e3o com a Pontif\u00edcia Comiss\u00e3o para a Am\u00e9rica Latina (PCAL) se encontrou o Papa Francisco para renovar o compromisso de cuidar da Casa Comum.<br \/><br \/> <br \/><br \/>Durante dois dias de trabalho em grupos, definidos pelo Vaticano, foram discutidos diversos temas que est\u00e3o na pauta de toda a sociedade internacional, destacando-se: meio ambiente, injusti\u00e7as sociais, intelig\u00eancia artificial, \u00e9tica, rela\u00e7\u00f5es \u00e9tnico-raciais, g\u00eanero, desemprego, evas\u00e3o entre outros.<br \/><br \/> <br \/><br \/>As discuss\u00f5es resultaram em um documento apresentado ao Papa Francisco no dia 22 de setembro. O texto ressalta a import\u00e2ncia das universidades na forma\u00e7\u00e3o de lideran\u00e7as que estar\u00e3o \u00e0 frente de governos, tendo de enfrentar todos esses desafios.<br \/><br \/> <br \/><br \/>Alessandro Fernandes destacou a import\u00e2ncia de compartilhar as realidades vividas pelos reitores e reitoras junto ao Papa Francisco. &#8220;Trata-se de uma lideran\u00e7a mundial, sendo uma voz potente no debate desses temas nos f\u00f3runs internacionais.&#8221; O reitor da Uesc sugeriu aos dirigentes das universidades a cria\u00e7\u00e3o de um grupo permanente para discutir as v\u00e1rias quest\u00f5es que afligem principalmente o continente.<\/p>\n\n\n\n<figure class=\"wp-block-image size-large\"><img fetchpriority=\"high\" decoding=\"async\" width=\"1024\" height=\"683\" src=\"https:\/\/cacaunews.com\/wp-content\/uploads\/2023\/09\/VaticanoEncontrocomoPapa28929-1024x683.jpg\" alt=\"\" class=\"wp-image-2952\" srcset=\"https:\/\/cacaunews.com\/wp-content\/uploads\/2023\/09\/VaticanoEncontrocomoPapa28929-1024x683.jpg 1024w, https:\/\/cacaunews.com\/wp-content\/uploads\/2023\/09\/VaticanoEncontrocomoPapa28929-300x200.jpg 300w, https:\/\/cacaunews.com\/wp-content\/uploads\/2023\/09\/VaticanoEncontrocomoPapa28929-768x512.jpg 768w, https:\/\/cacaunews.com\/wp-content\/uploads\/2023\/09\/VaticanoEncontrocomoPapa28929.jpg 1486w\" sizes=\"(max-width: 1024px) 100vw, 1024px\" \/><figcaption class=\"wp-element-caption\">Foto: Ascom\/UESC.<\/figcaption><\/figure>\n\n\n\n<p><br \/><br \/> <br \/><br \/>No encontro, o Papa Francisco abordou temas como a crise ambiental, a degrada\u00e7\u00e3o humana e a crise econ\u00f4mica. Conclamou as institui\u00e7\u00f5es de ensino superior a engajarem-se em di\u00e1logos com a juventude, convocando-os a resgatar e organizar a esperan\u00e7a. Durante esse encontro, os reitores e reitoras tiveram a oportunidade de fazer perguntas, que foram respondidas pelo Papa.<br \/><br \/> <br \/><br \/>Na vis\u00e3o do religioso, os jovens devem ser convocados a liderar a transforma\u00e7\u00e3o da cultura e da economia em dire\u00e7\u00e3o a um modelo de economia social. Ele tamb\u00e9m enfatizou a import\u00e2ncia da pol\u00edtica e da cultura, encorajando os jovens a se envolverem na pol\u00edtica e afirmando que a forma\u00e7\u00e3o humana mais nobre \u00e9 a pol\u00edtica, que deve estar entrela\u00e7ada com a cultura.<br \/><br \/> <br \/><br \/>O Papa Francisco apresentou a agenda internacional para a Am\u00e9rica Latina e o Caribe e instou os reitores e reitoras a promoverem uma educa\u00e7\u00e3o que inspire liberdade e transforma\u00e7\u00e3o, convencendo os jovens a se tornarem l\u00edderes na transforma\u00e7\u00e3o dos processos econ\u00f4micos e ambientais.<\/p>\n\n\n\n<p>Ascom\/UESC<\/p>\n","protected":false},"excerpt":{"rendered":"<p>Na perspectiva das Enc\u00edclicas Laudato Si (Louvado Sejas) e Fratelli Tutti (Todos Irm\u00e3os), o reitor&#8230;<\/p>\n","protected":false},"author":1,"featured_media":2953,"comment_status":"open","ping_status":"open","sticky":false,"template":"","format":"standard","meta":{"footnotes":""},"categories":[4,11],"tags":[875,1166,1167,352],"yoast_head":"<!-- This site is optimized with the Yoast SEO plugin v21.7 - https:\/\/yoast.com\/wordpress\/plugins\/seo\/ -->\n<title>Para o reitor da UESC encontro com o Papa renova o compromisso de cuidar da Casa Comum. - Cacau News<\/title>\n<meta name=\"robots\" content=\"index, follow, max-snippet:-1, max-image-preview:large, max-video-preview:-1\" \/>\n<link rel=\"canonical\" href=\"https:\/\/cacaunews.com\/?p=2951\" \/>\n<meta property=\"og:locale\" content=\"pt_BR\" \/>\n<meta property=\"og:type\" content=\"article\" \/>\n<meta property=\"og:title\" content=\"Para o reitor da UESC encontro com o Papa renova o compromisso de cuidar da Casa Comum. - Cacau News\" \/>\n<meta property=\"og:description\" content=\"Na perspectiva das Enc\u00edclicas Laudato Si (Louvado Sejas) e Fratelli Tutti (Todos Irm\u00e3os), o reitor...\" \/>\n<meta property=\"og:url\" content=\"https:\/\/cacaunews.com\/?p=2951\" \/>\n<meta property=\"og:site_name\" content=\"Cacau News\" \/>\n<meta property=\"article:published_time\" content=\"2023-09-25T19:09:14+00:00\" \/>\n<meta property=\"article:modified_time\" content=\"2023-09-26T05:14:18+00:00\" \/>\n<meta property=\"og:image\" content=\"https:\/\/cacaunews.com\/wp-content\/uploads\/2023\/09\/VaticanoEncontrocomoPapa281329.jpg\" \/>\n\t<meta property=\"og:image:width\" content=\"1600\" \/>\n\t<meta property=\"og:image:height\" content=\"1066\" \/>\n\t<meta property=\"og:image:type\" content=\"image\/jpeg\" \/>\n<meta name=\"author\" content=\"Reda\u00e7\u00e3o Cacau News\" \/>\n<meta name=\"twitter:card\" content=\"summary_large_image\" \/>\n<meta name=\"twitter:label1\" content=\"Escrito por\" \/>\n\t<meta name=\"twitter:data1\" content=\"Reda\u00e7\u00e3o Cacau News\" \/>\n\t<meta name=\"twitter:label2\" content=\"Est. tempo de leitura\" \/>\n\t<meta name=\"twitter:data2\" content=\"2 minutos\" \/>\n<script type=\"application\/ld+json\" class=\"yoast-schema-graph\">{\"@context\":\"https:\/\/schema.org\",\"@graph\":[{\"@type\":\"Article\",\"@id\":\"https:\/\/cacaunews.com\/?p=2951#article\",\"isPartOf\":{\"@id\":\"https:\/\/cacaunews.com\/?p=2951\"},\"author\":{\"name\":\"Reda\u00e7\u00e3o Cacau News\",\"@id\":\"https:\/\/cacaunews.com\/#\/schema\/person\/ea69703103e606ad347ccd64bd72ef79\"},\"headline\":\"Para o reitor da UESC encontro com o Papa renova o compromisso de cuidar da Casa Comum.\",\"datePublished\":\"2023-09-25T19:09:14+00:00\",\"dateModified\":\"2023-09-26T05:14:18+00:00\",\"mainEntityOfPage\":{\"@id\":\"https:\/\/cacaunews.com\/?p=2951\"},\"wordCount\":422,\"commentCount\":0,\"publisher\":{\"@id\":\"https:\/\/cacaunews.com\/#organization\"},\"keywords\":[\"encontro\",\"papa Francisco\",\"reitores\",\"UESC\"],\"articleSection\":[\"Internet\",\"Jornalismo\"],\"inLanguage\":\"pt-BR\",\"potentialAction\":[{\"@type\":\"CommentAction\",\"name\":\"Comment\",\"target\":[\"https:\/\/cacaunews.com\/?p=2951#respond\"]}]},{\"@type\":\"WebPage\",\"@id\":\"https:\/\/cacaunews.com\/?p=2951\",\"url\":\"https:\/\/cacaunews.com\/?p=2951\",\"name\":\"Para o reitor da UESC encontro com o Papa renova o compromisso de cuidar da Casa Comum. - Cacau News\",\"isPartOf\":{\"@id\":\"https:\/\/cacaunews.com\/#website\"},\"datePublished\":\"2023-09-25T19:09:14+00:00\",\"dateModified\":\"2023-09-26T05:14:18+00:00\",\"breadcrumb\":{\"@id\":\"https:\/\/cacaunews.com\/?p=2951#breadcrumb\"},\"inLanguage\":\"pt-BR\",\"potentialAction\":[{\"@type\":\"ReadAction\",\"target\":[\"https:\/\/cacaunews.com\/?p=2951\"]}]},{\"@type\":\"BreadcrumbList\",\"@id\":\"https:\/\/cacaunews.com\/?p=2951#breadcrumb\",\"itemListElement\":[{\"@type\":\"ListItem\",\"position\":1,\"name\":\"In\u00edcio\",\"item\":\"https:\/\/cacaunews.com\/\"},{\"@type\":\"ListItem\",\"position\":2,\"name\":\"Para o reitor da UESC encontro com o Papa renova o compromisso de cuidar da Casa Comum.\"}]},{\"@type\":\"WebSite\",\"@id\":\"https:\/\/cacaunews.com\/#website\",\"url\":\"https:\/\/cacaunews.com\/\",\"name\":\"Cacau News\",\"description\":\"A Informa\u00e7\u00e3o que voc\u00ea precisa!\",\"publisher\":{\"@id\":\"https:\/\/cacaunews.com\/#organization\"},\"potentialAction\":[{\"@type\":\"SearchAction\",\"target\":{\"@type\":\"EntryPoint\",\"urlTemplate\":\"https:\/\/cacaunews.com\/?s={search_term_string}\"},\"query-input\":\"required name=search_term_string\"}],\"inLanguage\":\"pt-BR\"},{\"@type\":\"Organization\",\"@id\":\"https:\/\/cacaunews.com\/#organization\",\"name\":\"Cacau News\",\"url\":\"https:\/\/cacaunews.com\/\",\"logo\":{\"@type\":\"ImageObject\",\"inLanguage\":\"pt-BR\",\"@id\":\"https:\/\/cacaunews.com\/#\/schema\/logo\/image\/\",\"url\":\"https:\/\/cacaunews.com\/wp-content\/uploads\/2025\/01\/cropped-LOGO-NOVA.png\",\"contentUrl\":\"https:\/\/cacaunews.com\/wp-content\/uploads\/2025\/01\/cropped-LOGO-NOVA.png\",\"width\":813,\"height\":813,\"caption\":\"Cacau News\"},\"image\":{\"@id\":\"https:\/\/cacaunews.com\/#\/schema\/logo\/image\/\"},\"sameAs\":[\"https:\/\/www.instagram.com\/cacaunews.online\/\",\"https:\/\/youtube.com\/@cacaunews?si=0VXLnjl08SrWbVG9\"]},{\"@type\":\"Person\",\"@id\":\"https:\/\/cacaunews.com\/#\/schema\/person\/ea69703103e606ad347ccd64bd72ef79\",\"name\":\"Reda\u00e7\u00e3o Cacau News\",\"image\":{\"@type\":\"ImageObject\",\"inLanguage\":\"pt-BR\",\"@id\":\"https:\/\/cacaunews.com\/#\/schema\/person\/image\/\",\"url\":\"https:\/\/secure.gravatar.com\/avatar\/d79227a2a7b6cc42e8d7a8f7c284cd3a?s=96&d=mm&r=g\",\"contentUrl\":\"https:\/\/secure.gravatar.com\/avatar\/d79227a2a7b6cc42e8d7a8f7c284cd3a?s=96&d=mm&r=g\",\"caption\":\"Reda\u00e7\u00e3o Cacau News\"},\"sameAs\":[\"https:\/\/cacaunews.com\"],\"url\":\"https:\/\/cacaunews.com\/?author=1\"}]}<\/script>\n<!-- \/ Yoast SEO plugin. -->","yoast_head_json":{"title":"Para o reitor da UESC encontro com o Papa renova o compromisso de cuidar da Casa Comum. - Cacau News","robots":{"index":"index","follow":"follow","max-snippet":"max-snippet:-1","max-image-preview":"max-image-preview:large","max-video-preview":"max-video-preview:-1"},"canonical":"https:\/\/cacaunews.com\/?p=2951","og_locale":"pt_BR","og_type":"article","og_title":"Para o reitor da UESC encontro com o Papa renova o compromisso de cuidar da Casa Comum. - Cacau News","og_description":"Na perspectiva das Enc\u00edclicas Laudato Si (Louvado Sejas) e Fratelli Tutti (Todos Irm\u00e3os), o reitor...","og_url":"https:\/\/cacaunews.com\/?p=2951","og_site_name":"Cacau News","article_published_time":"2023-09-25T19:09:14+00:00","article_modified_time":"2023-09-26T05:14:18+00:00","og_image":[{"width":1600,"height":1066,"url":"https:\/\/cacaunews.com\/wp-content\/uploads\/2023\/09\/VaticanoEncontrocomoPapa281329.jpg","type":"image\/jpeg"}],"author":"Reda\u00e7\u00e3o Cacau News","twitter_card":"summary_large_image","twitter_misc":{"Escrito por":"Reda\u00e7\u00e3o Cacau News","Est. tempo de leitura":"2 minutos"},"schema":{"@context":"https:\/\/schema.org","@graph":[{"@type":"Article","@id":"https:\/\/cacaunews.com\/?p=2951#article","isPartOf":{"@id":"https:\/\/cacaunews.com\/?p=2951"},"author":{"name":"Reda\u00e7\u00e3o Cacau News","@id":"https:\/\/cacaunews.com\/#\/schema\/person\/ea69703103e606ad347ccd64bd72ef79"},"headline":"Para o reitor da UESC encontro com o Papa renova o compromisso de cuidar da Casa Comum.","datePublished":"2023-09-25T19:09:14+00:00","dateModified":"2023-09-26T05:14:18+00:00","mainEntityOfPage":{"@id":"https:\/\/cacaunews.com\/?p=2951"},"wordCount":422,"commentCount":0,"publisher":{"@id":"https:\/\/cacaunews.com\/#organization"},"keywords":["encontro","papa Francisco","reitores","UESC"],"articleSection":["Internet","Jornalismo"],"inLanguage":"pt-BR","potentialAction":[{"@type":"CommentAction","name":"Comment","target":["https:\/\/cacaunews.com\/?p=2951#respond"]}]},{"@type":"WebPage","@id":"https:\/\/cacaunews.com\/?p=2951","url":"https:\/\/cacaunews.com\/?p=2951","name":"Para o reitor da UESC encontro com o Papa renova o compromisso de cuidar da Casa Comum. - Cacau News","isPartOf":{"@id":"https:\/\/cacaunews.com\/#website"},"datePublished":"2023-09-25T19:09:14+00:00","dateModified":"2023-09-26T05:14:18+00:00","breadcrumb":{"@id":"https:\/\/cacaunews.com\/?p=2951#breadcrumb"},"inLanguage":"pt-BR","potentialAction":[{"@type":"ReadAction","target":["https:\/\/cacaunews.com\/?p=2951"]}]},{"@type":"BreadcrumbList","@id":"https:\/\/cacaunews.com\/?p=2951#breadcrumb","itemListElement":[{"@type":"ListItem","position":1,"name":"In\u00edcio","item":"https:\/\/cacaunews.com\/"},{"@type":"ListItem","position":2,"name":"Para o reitor da UESC encontro com o Papa renova o compromisso de cuidar da Casa Comum."}]},{"@type":"WebSite","@id":"https:\/\/cacaunews.com\/#website","url":"https:\/\/cacaunews.com\/","name":"Cacau News","description":"A Informa\u00e7\u00e3o que voc\u00ea precisa!","publisher":{"@id":"https:\/\/cacaunews.com\/#organization"},"potentialAction":[{"@type":"SearchAction","target":{"@type":"EntryPoint","urlTemplate":"https:\/\/cacaunews.com\/?s={search_term_string}"},"query-input":"required name=search_term_string"}],"inLanguage":"pt-BR"},{"@type":"Organization","@id":"https:\/\/cacaunews.com\/#organization","name":"Cacau News","url":"https:\/\/cacaunews.com\/","logo":{"@type":"ImageObject","inLanguage":"pt-BR","@id":"https:\/\/cacaunews.com\/#\/schema\/logo\/image\/","url":"https:\/\/cacaunews.com\/wp-content\/uploads\/2025\/01\/cropped-LOGO-NOVA.png","contentUrl":"https:\/\/cacaunews.com\/wp-content\/uploads\/2025\/01\/cropped-LOGO-NOVA.png","width":813,"height":813,"caption":"Cacau News"},"image":{"@id":"https:\/\/cacaunews.com\/#\/schema\/logo\/image\/"},"sameAs":["https:\/\/www.instagram.com\/cacaunews.online\/","https:\/\/youtube.com\/@cacaunews?si=0VXLnjl08SrWbVG9"]},{"@type":"Person","@id":"https:\/\/cacaunews.com\/#\/schema\/person\/ea69703103e606ad347ccd64bd72ef79","name":"Reda\u00e7\u00e3o Cacau News","image":{"@type":"ImageObject","inLanguage":"pt-BR","@id":"https:\/\/cacaunews.com\/#\/schema\/person\/image\/","url":"https:\/\/secure.gravatar.com\/avatar\/d79227a2a7b6cc42e8d7a8f7c284cd3a?s=96&d=mm&r=g","contentUrl":"https:\/\/secure.gravatar.com\/avatar\/d79227a2a7b6cc42e8d7a8f7c284cd3a?s=96&d=mm&r=g","caption":"Reda\u00e7\u00e3o Cacau News"},"sameAs":["https:\/\/cacaunews.com"],"url":"https:\/\/cacaunews.com\/?author=1"}]}},"jetpack_sharing_enabled":true,"jetpack_featured_media_url":"https:\/\/cacaunews.com\/wp-content\/uploads\/2023\/09\/VaticanoEncontrocomoPapa281329.jpg","_links":{"self":[{"href":"https:\/\/cacaunews.com\/index.php?rest_route=\/wp\/v2\/posts\/2951"}],"collection":[{"href":"https:\/\/cacaunews.com\/index.php?rest_route=\/wp\/v2\/posts"}],"about":[{"href":"https:\/\/cacaunews.com\/index.php?rest_route=\/wp\/v2\/types\/post"}],"author":[{"embeddable":true,"href":"https:\/\/cacaunews.com\/index.php?rest_route=\/wp\/v2\/users\/1"}],"replies":[{"embeddable":true,"href":"https:\/\/cacaunews.com\/index.php?rest_route=%2Fwp%2Fv2%2Fcomments&post=2951"}],"version-history":[{"count":3,"href":"https:\/\/cacaunews.com\/index.php?rest_route=\/wp\/v2\/posts\/2951\/revisions"}],"predecessor-version":[{"id":2961,"href":"https:\/\/cacaunews.com\/index.php?rest_route=\/wp\/v2\/posts\/2951\/revisions\/2961"}],"wp:featuredmedia":[{"embeddable":true,"href":"https:\/\/cacaunews.com\/index.php?rest_route=\/wp\/v2\/media\/2953"}],"wp:attachment":[{"href":"https:\/\/cacaunews.com\/index.php?rest_route=%2Fwp%2Fv2%2Fmedia&parent=2951"}],"wp:term":[{"taxonomy":"category","embeddable":true,"href":"https:\/\/cacaunews.com\/index.php?rest_route=%2Fwp%2Fv2%2Fcategories&post=2951"},{"taxonomy":"post_tag","embeddable":true,"href":"https:\/\/cacaunews.com\/index.php?rest_route=%2Fwp%2Fv2%2Ftags&post=2951"}],"curies":[{"name":"wp","href":"https:\/\/api.w.org\/{rel}","templated":true}]}}