{"id":2971,"date":"2023-09-26T15:30:47","date_gmt":"2023-09-26T15:30:47","guid":{"rendered":"https:\/\/cacaunews.com\/?p=2971"},"modified":"2023-09-26T13:59:39","modified_gmt":"2023-09-26T13:59:39","slug":"cvr-costa-do-cacau-promoveconcurso-fotografico-juventude-verde","status":"publish","type":"post","link":"https:\/\/cacaunews.com\/?p=2971","title":{"rendered":"CVR Costa do Cacau promove<br>Concurso Fotogr\u00e1fico Juventude Verde."},"content":{"rendered":"\n<p><br>A CVR Costa do Cacau est\u00e1 promovendo o Concurso Fotogr\u00e1fico Juventude Verde, que tem o objetivo de incentivar o protagonismo entre os jovens grapi\u00fanas no processo de conscientiza\u00e7\u00e3o para a conserva\u00e7\u00e3o do meio-ambiente.<br><br>O olhar sobre a tem\u00e1tica ambiental possibilita novas formas de rela\u00e7\u00e3o com o planeta, traz a discuss\u00e3o dos problemas ambientais da atualidade, fomenta a preserva\u00e7\u00e3o do bioma local, a Mata Atl\u00e2ntica e contribui para valoriza\u00e7\u00e3o da cultura regional.<br><br>A Concurso Fotogr\u00e1fico Juventude Verde Presente, tem por foco criar um espa\u00e7o de fomento \u00e0 cultura das artes visuais e valorizar a cultura da fotografia, al\u00e9m de valorizar os espa\u00e7os de educa\u00e7\u00e3o ambiental que fazem parte da CVR Costa do Cacau, unida empresa do Sul da Bahia credenciada pelo Inema e Ibama para o armazenamento correto de res\u00edduos s\u00f3lidos.<br><br>A concurso \u00e9 destinado a estudantes de escolas p\u00fablicas e privadas com idades entre 15 e 29 anos. As inscri\u00e7\u00f5es j\u00e1 est\u00e3o abertas e podem ser feitas at\u00e9 o dia 07 de outubro no site da CVR Costa do Cacau <a href=\"https:\/\/cvrcostadocacau.com.br\/concurso\/\">https:\/\/cvrcostadocacau.com.br\/concurso\/<\/a>.<br><br>A rela\u00e7\u00e3o dos finalistas ser\u00e1 divulgada no dia 20 de outubro e a exposi\u00e7\u00e3o e premia\u00e7\u00e3o dos melhores trabalhos acontece do dia 28 de outubro, no Shopping Jequitib\u00e1.<br><br>De acordo com o gerente geral  da CVR Costa do Cacau, Maur\u00edcio Ramos Sena, \u201ca exposi\u00e7\u00e3o prop\u00f5e debater e refletir os eixos tem\u00e1ticos voltados para quest\u00f5es ambientais que est\u00e3o sendo enfrentadas na atualidade, projetando no hoje um futuro mais sustent\u00e1vel\u201d.<\/p>\n","protected":false},"excerpt":{"rendered":"<p>A CVR Costa do Cacau est\u00e1 promovendo o Concurso Fotogr\u00e1fico Juventude Verde, que tem o&#8230;<\/p>\n","protected":false},"author":1,"featured_media":2970,"comment_status":"open","ping_status":"open","sticky":false,"template":"","format":"standard","meta":{"footnotes":""},"categories":[4,11],"tags":[],"yoast_head":"<!-- This site is optimized with the Yoast SEO plugin v21.7 - https:\/\/yoast.com\/wordpress\/plugins\/seo\/ -->\n<title>CVR Costa do Cacau promoveConcurso Fotogr\u00e1fico Juventude Verde. - Cacau News<\/title>\n<meta name=\"robots\" content=\"index, follow, max-snippet:-1, max-image-preview:large, max-video-preview:-1\" \/>\n<link rel=\"canonical\" href=\"https:\/\/cacaunews.com\/?p=2971\" \/>\n<meta property=\"og:locale\" content=\"pt_BR\" \/>\n<meta property=\"og:type\" content=\"article\" \/>\n<meta property=\"og:title\" content=\"CVR Costa do Cacau promoveConcurso Fotogr\u00e1fico Juventude Verde. - Cacau News\" \/>\n<meta property=\"og:description\" content=\"A CVR Costa do Cacau est\u00e1 promovendo o Concurso Fotogr\u00e1fico Juventude Verde, que tem o...\" \/>\n<meta property=\"og:url\" content=\"https:\/\/cacaunews.com\/?p=2971\" \/>\n<meta property=\"og:site_name\" content=\"Cacau News\" \/>\n<meta property=\"article:published_time\" content=\"2023-09-26T15:30:47+00:00\" \/>\n<meta property=\"article:modified_time\" content=\"2023-09-26T13:59:39+00:00\" \/>\n<meta property=\"og:image\" content=\"https:\/\/cacaunews.com\/wp-content\/uploads\/2023\/09\/IMG-20230926-WA0035.jpg\" \/>\n\t<meta property=\"og:image:width\" content=\"734\" \/>\n\t<meta property=\"og:image:height\" content=\"441\" \/>\n\t<meta property=\"og:image:type\" content=\"image\/jpeg\" \/>\n<meta name=\"author\" content=\"Reda\u00e7\u00e3o Cacau News\" \/>\n<meta name=\"twitter:card\" content=\"summary_large_image\" \/>\n<meta name=\"twitter:label1\" content=\"Escrito por\" \/>\n\t<meta name=\"twitter:data1\" content=\"Reda\u00e7\u00e3o Cacau News\" \/>\n\t<meta name=\"twitter:label2\" content=\"Est. tempo de leitura\" \/>\n\t<meta name=\"twitter:data2\" content=\"1 minuto\" \/>\n<script type=\"application\/ld+json\" class=\"yoast-schema-graph\">{\"@context\":\"https:\/\/schema.org\",\"@graph\":[{\"@type\":\"Article\",\"@id\":\"https:\/\/cacaunews.com\/?p=2971#article\",\"isPartOf\":{\"@id\":\"https:\/\/cacaunews.com\/?p=2971\"},\"author\":{\"name\":\"Reda\u00e7\u00e3o Cacau News\",\"@id\":\"https:\/\/cacaunews.com\/#\/schema\/person\/ea69703103e606ad347ccd64bd72ef79\"},\"headline\":\"CVR Costa do Cacau promove Concurso Fotogr\u00e1fico Juventude Verde.\",\"datePublished\":\"2023-09-26T15:30:47+00:00\",\"dateModified\":\"2023-09-26T13:59:39+00:00\",\"mainEntityOfPage\":{\"@id\":\"https:\/\/cacaunews.com\/?p=2971\"},\"wordCount\":275,\"commentCount\":0,\"publisher\":{\"@id\":\"https:\/\/cacaunews.com\/#organization\"},\"articleSection\":[\"Internet\",\"Jornalismo\"],\"inLanguage\":\"pt-BR\",\"potentialAction\":[{\"@type\":\"CommentAction\",\"name\":\"Comment\",\"target\":[\"https:\/\/cacaunews.com\/?p=2971#respond\"]}]},{\"@type\":\"WebPage\",\"@id\":\"https:\/\/cacaunews.com\/?p=2971\",\"url\":\"https:\/\/cacaunews.com\/?p=2971\",\"name\":\"CVR Costa do Cacau promove Concurso Fotogr\u00e1fico Juventude Verde. - Cacau News\",\"isPartOf\":{\"@id\":\"https:\/\/cacaunews.com\/#website\"},\"datePublished\":\"2023-09-26T15:30:47+00:00\",\"dateModified\":\"2023-09-26T13:59:39+00:00\",\"breadcrumb\":{\"@id\":\"https:\/\/cacaunews.com\/?p=2971#breadcrumb\"},\"inLanguage\":\"pt-BR\",\"potentialAction\":[{\"@type\":\"ReadAction\",\"target\":[\"https:\/\/cacaunews.com\/?p=2971\"]}]},{\"@type\":\"BreadcrumbList\",\"@id\":\"https:\/\/cacaunews.com\/?p=2971#breadcrumb\",\"itemListElement\":[{\"@type\":\"ListItem\",\"position\":1,\"name\":\"In\u00edcio\",\"item\":\"https:\/\/cacaunews.com\/\"},{\"@type\":\"ListItem\",\"position\":2,\"name\":\"CVR Costa do Cacau promoveConcurso Fotogr\u00e1fico Juventude Verde.\"}]},{\"@type\":\"WebSite\",\"@id\":\"https:\/\/cacaunews.com\/#website\",\"url\":\"https:\/\/cacaunews.com\/\",\"name\":\"Cacau News\",\"description\":\"A Informa\u00e7\u00e3o que voc\u00ea precisa!\",\"publisher\":{\"@id\":\"https:\/\/cacaunews.com\/#organization\"},\"potentialAction\":[{\"@type\":\"SearchAction\",\"target\":{\"@type\":\"EntryPoint\",\"urlTemplate\":\"https:\/\/cacaunews.com\/?s={search_term_string}\"},\"query-input\":\"required name=search_term_string\"}],\"inLanguage\":\"pt-BR\"},{\"@type\":\"Organization\",\"@id\":\"https:\/\/cacaunews.com\/#organization\",\"name\":\"Cacau News\",\"url\":\"https:\/\/cacaunews.com\/\",\"logo\":{\"@type\":\"ImageObject\",\"inLanguage\":\"pt-BR\",\"@id\":\"https:\/\/cacaunews.com\/#\/schema\/logo\/image\/\",\"url\":\"https:\/\/cacaunews.com\/wp-content\/uploads\/2025\/01\/cropped-LOGO-NOVA.png\",\"contentUrl\":\"https:\/\/cacaunews.com\/wp-content\/uploads\/2025\/01\/cropped-LOGO-NOVA.png\",\"width\":813,\"height\":813,\"caption\":\"Cacau News\"},\"image\":{\"@id\":\"https:\/\/cacaunews.com\/#\/schema\/logo\/image\/\"},\"sameAs\":[\"https:\/\/www.instagram.com\/cacaunews.online\/\",\"https:\/\/youtube.com\/@cacaunews?si=0VXLnjl08SrWbVG9\"]},{\"@type\":\"Person\",\"@id\":\"https:\/\/cacaunews.com\/#\/schema\/person\/ea69703103e606ad347ccd64bd72ef79\",\"name\":\"Reda\u00e7\u00e3o Cacau News\",\"image\":{\"@type\":\"ImageObject\",\"inLanguage\":\"pt-BR\",\"@id\":\"https:\/\/cacaunews.com\/#\/schema\/person\/image\/\",\"url\":\"https:\/\/secure.gravatar.com\/avatar\/d79227a2a7b6cc42e8d7a8f7c284cd3a?s=96&d=mm&r=g\",\"contentUrl\":\"https:\/\/secure.gravatar.com\/avatar\/d79227a2a7b6cc42e8d7a8f7c284cd3a?s=96&d=mm&r=g\",\"caption\":\"Reda\u00e7\u00e3o Cacau News\"},\"sameAs\":[\"https:\/\/cacaunews.com\"],\"url\":\"https:\/\/cacaunews.com\/?author=1\"}]}<\/script>\n<!-- \/ Yoast SEO plugin. -->","yoast_head_json":{"title":"CVR Costa do Cacau promoveConcurso Fotogr\u00e1fico Juventude Verde. - Cacau News","robots":{"index":"index","follow":"follow","max-snippet":"max-snippet:-1","max-image-preview":"max-image-preview:large","max-video-preview":"max-video-preview:-1"},"canonical":"https:\/\/cacaunews.com\/?p=2971","og_locale":"pt_BR","og_type":"article","og_title":"CVR Costa do Cacau promoveConcurso Fotogr\u00e1fico Juventude Verde. - Cacau News","og_description":"A CVR Costa do Cacau est\u00e1 promovendo o Concurso Fotogr\u00e1fico Juventude Verde, que tem o...","og_url":"https:\/\/cacaunews.com\/?p=2971","og_site_name":"Cacau News","article_published_time":"2023-09-26T15:30:47+00:00","article_modified_time":"2023-09-26T13:59:39+00:00","og_image":[{"width":734,"height":441,"url":"https:\/\/cacaunews.com\/wp-content\/uploads\/2023\/09\/IMG-20230926-WA0035.jpg","type":"image\/jpeg"}],"author":"Reda\u00e7\u00e3o Cacau News","twitter_card":"summary_large_image","twitter_misc":{"Escrito por":"Reda\u00e7\u00e3o Cacau News","Est. tempo de leitura":"1 minuto"},"schema":{"@context":"https:\/\/schema.org","@graph":[{"@type":"Article","@id":"https:\/\/cacaunews.com\/?p=2971#article","isPartOf":{"@id":"https:\/\/cacaunews.com\/?p=2971"},"author":{"name":"Reda\u00e7\u00e3o Cacau News","@id":"https:\/\/cacaunews.com\/#\/schema\/person\/ea69703103e606ad347ccd64bd72ef79"},"headline":"CVR Costa do Cacau promove Concurso Fotogr\u00e1fico Juventude Verde.","datePublished":"2023-09-26T15:30:47+00:00","dateModified":"2023-09-26T13:59:39+00:00","mainEntityOfPage":{"@id":"https:\/\/cacaunews.com\/?p=2971"},"wordCount":275,"commentCount":0,"publisher":{"@id":"https:\/\/cacaunews.com\/#organization"},"articleSection":["Internet","Jornalismo"],"inLanguage":"pt-BR","potentialAction":[{"@type":"CommentAction","name":"Comment","target":["https:\/\/cacaunews.com\/?p=2971#respond"]}]},{"@type":"WebPage","@id":"https:\/\/cacaunews.com\/?p=2971","url":"https:\/\/cacaunews.com\/?p=2971","name":"CVR Costa do Cacau promove Concurso Fotogr\u00e1fico Juventude Verde. - Cacau News","isPartOf":{"@id":"https:\/\/cacaunews.com\/#website"},"datePublished":"2023-09-26T15:30:47+00:00","dateModified":"2023-09-26T13:59:39+00:00","breadcrumb":{"@id":"https:\/\/cacaunews.com\/?p=2971#breadcrumb"},"inLanguage":"pt-BR","potentialAction":[{"@type":"ReadAction","target":["https:\/\/cacaunews.com\/?p=2971"]}]},{"@type":"BreadcrumbList","@id":"https:\/\/cacaunews.com\/?p=2971#breadcrumb","itemListElement":[{"@type":"ListItem","position":1,"name":"In\u00edcio","item":"https:\/\/cacaunews.com\/"},{"@type":"ListItem","position":2,"name":"CVR Costa do Cacau promoveConcurso Fotogr\u00e1fico Juventude Verde."}]},{"@type":"WebSite","@id":"https:\/\/cacaunews.com\/#website","url":"https:\/\/cacaunews.com\/","name":"Cacau News","description":"A Informa\u00e7\u00e3o que voc\u00ea precisa!","publisher":{"@id":"https:\/\/cacaunews.com\/#organization"},"potentialAction":[{"@type":"SearchAction","target":{"@type":"EntryPoint","urlTemplate":"https:\/\/cacaunews.com\/?s={search_term_string}"},"query-input":"required name=search_term_string"}],"inLanguage":"pt-BR"},{"@type":"Organization","@id":"https:\/\/cacaunews.com\/#organization","name":"Cacau News","url":"https:\/\/cacaunews.com\/","logo":{"@type":"ImageObject","inLanguage":"pt-BR","@id":"https:\/\/cacaunews.com\/#\/schema\/logo\/image\/","url":"https:\/\/cacaunews.com\/wp-content\/uploads\/2025\/01\/cropped-LOGO-NOVA.png","contentUrl":"https:\/\/cacaunews.com\/wp-content\/uploads\/2025\/01\/cropped-LOGO-NOVA.png","width":813,"height":813,"caption":"Cacau News"},"image":{"@id":"https:\/\/cacaunews.com\/#\/schema\/logo\/image\/"},"sameAs":["https:\/\/www.instagram.com\/cacaunews.online\/","https:\/\/youtube.com\/@cacaunews?si=0VXLnjl08SrWbVG9"]},{"@type":"Person","@id":"https:\/\/cacaunews.com\/#\/schema\/person\/ea69703103e606ad347ccd64bd72ef79","name":"Reda\u00e7\u00e3o Cacau News","image":{"@type":"ImageObject","inLanguage":"pt-BR","@id":"https:\/\/cacaunews.com\/#\/schema\/person\/image\/","url":"https:\/\/secure.gravatar.com\/avatar\/d79227a2a7b6cc42e8d7a8f7c284cd3a?s=96&d=mm&r=g","contentUrl":"https:\/\/secure.gravatar.com\/avatar\/d79227a2a7b6cc42e8d7a8f7c284cd3a?s=96&d=mm&r=g","caption":"Reda\u00e7\u00e3o Cacau News"},"sameAs":["https:\/\/cacaunews.com"],"url":"https:\/\/cacaunews.com\/?author=1"}]}},"jetpack_sharing_enabled":true,"jetpack_featured_media_url":"https:\/\/cacaunews.com\/wp-content\/uploads\/2023\/09\/IMG-20230926-WA0035.jpg","_links":{"self":[{"href":"https:\/\/cacaunews.com\/index.php?rest_route=\/wp\/v2\/posts\/2971"}],"collection":[{"href":"https:\/\/cacaunews.com\/index.php?rest_route=\/wp\/v2\/posts"}],"about":[{"href":"https:\/\/cacaunews.com\/index.php?rest_route=\/wp\/v2\/types\/post"}],"author":[{"embeddable":true,"href":"https:\/\/cacaunews.com\/index.php?rest_route=\/wp\/v2\/users\/1"}],"replies":[{"embeddable":true,"href":"https:\/\/cacaunews.com\/index.php?rest_route=%2Fwp%2Fv2%2Fcomments&post=2971"}],"version-history":[{"count":1,"href":"https:\/\/cacaunews.com\/index.php?rest_route=\/wp\/v2\/posts\/2971\/revisions"}],"predecessor-version":[{"id":2972,"href":"https:\/\/cacaunews.com\/index.php?rest_route=\/wp\/v2\/posts\/2971\/revisions\/2972"}],"wp:featuredmedia":[{"embeddable":true,"href":"https:\/\/cacaunews.com\/index.php?rest_route=\/wp\/v2\/media\/2970"}],"wp:attachment":[{"href":"https:\/\/cacaunews.com\/index.php?rest_route=%2Fwp%2Fv2%2Fmedia&parent=2971"}],"wp:term":[{"taxonomy":"category","embeddable":true,"href":"https:\/\/cacaunews.com\/index.php?rest_route=%2Fwp%2Fv2%2Fcategories&post=2971"},{"taxonomy":"post_tag","embeddable":true,"href":"https:\/\/cacaunews.com\/index.php?rest_route=%2Fwp%2Fv2%2Ftags&post=2971"}],"curies":[{"name":"wp","href":"https:\/\/api.w.org\/{rel}","templated":true}]}}