{"id":2975,"date":"2023-09-26T14:27:39","date_gmt":"2023-09-26T14:27:39","guid":{"rendered":"https:\/\/cacaunews.com\/?p=2975"},"modified":"2023-09-26T14:26:49","modified_gmt":"2023-09-26T14:26:49","slug":"pancadinha-defende-inclusao-de-nocoes-de-ciencias-politicas-no-curriculo-escolar","status":"publish","type":"post","link":"https:\/\/cacaunews.com\/?p=2975","title":{"rendered":"Pancadinha defende inclus\u00e3o de no\u00e7\u00f5es de Ci\u00eancias Pol\u00edticas no curr\u00edculo escolar."},"content":{"rendered":"\n<p><br>O deputado Pancadinha (SD) apresentou, na Assembleia Legislativa, projeto de lei em que prop\u00f5e a inclus\u00e3o de conceitos sobre no\u00e7\u00f5es b\u00e1sicas de ci\u00eancias pol\u00edticas, n\u00e3o partid\u00e1rias, como conte\u00fado transversal no curr\u00edculo das redes p\u00fablicas e privadas de ensino do Estado. O parlamentar defende a propriedade de sua iniciativa, enfatizando que n\u00e3o est\u00e1 criando um servi\u00e7o p\u00fablico, \u201cmas t\u00e3o somente disp\u00f5e sobre diretrizes para a condu\u00e7\u00e3o de no\u00e7\u00f5es sobre temas gerais, inclusive j\u00e1 sendo uma norma prevista entre as compet\u00eancias da BNCC (Base Nacional Comum Curricular)\u201d.<br><br><br><br>\u201cA Constitui\u00e7\u00e3o Federal prev\u00ea a compet\u00eancia concorrente da Uni\u00e3o, dos estados e do Distrito Federal para legislar sobre educa\u00e7\u00e3o, conforme disposto no Artigo 24, Inciso IX, tema objeto da presente proposta\u201d, disse. Ele acrescenta que a Carta Magna ainda disp\u00f5e que, \u201cno \u00e2mbito da legisla\u00e7\u00e3o concorrente, a compet\u00eancia da Uni\u00e3o limitar-se-\u00e1 estabelecer normas gerais\u201d (\u00a7 1\u00ba do Art. 24), e que tal incumb\u00eancia \u201cn\u00e3o exclui a compet\u00eancia suplementar dos Estados (\u00a7 2\u00ba do Art. 24).<br><br><br><br>O deputado explica que tem por objetivo \u201coportunizar aos estudantes o aprendizado dos principais conte\u00fados program\u00e1ticos relativos ao tema, buscando orient\u00e1-los sobre a import\u00e2ncia da pol\u00edtica em todos os segmentos, preparando as novas gera\u00e7\u00f5es para uma compreens\u00e3o inteligente e respons\u00e1vel sobre a vida em sociedade e o papel da pol\u00edtica e do Estado nela\u201d.<br><br><br><br>Ele afirma ainda que \u00e9 importante destacar que a mat\u00e9ria referida foi inclu\u00edda na grade curricular das escolas por meio das compet\u00eancias espec\u00edficas de ci\u00eancias humanas e sociais. A BNCC, do Minist\u00e9rio da Educa\u00e7\u00e3o, \u00e9 um documento que prev\u00ea o m\u00ednimo que deve ser ensinado nas escolas, desde a educa\u00e7\u00e3o infantil at\u00e9 o ensino m\u00e9dio. Ela determina como uma das compet\u00eancias da disciplina de ci\u00eancias humanas e sociais a an\u00e1lise de processos pol\u00edticos, sociais e ambientais. \u201cAl\u00e9m disso, disp\u00f5e sobre o estudo das categorias pol\u00edtica e trabalho no ensino m\u00e9dio, permitindo aos estudantes a compreens\u00e3o e an\u00e1lise da diversidade de pap\u00e9is dos m\u00faltiplos sujeitos e seus mecanismos de atua\u00e7\u00e3o e identificar os projetos pol\u00edticos e econ\u00f4micos em disputa nas diferentes sociedades\u201d, disse.<\/p>\n\n\n\n<p>No projeto, o parlamentar explica que os temas transversais s\u00e3o assim denominados por n\u00e3o pertencerem a uma disciplina espec\u00edfica, mas por transpassarem e ser pertinentes a todas elas. \u201cExistem distintas concep\u00e7\u00f5es de como trabalh\u00e1-los na escola\u201d, avalia, considerando que \u201cessa diversidade de abordagens \u00e9 positiva na medida em que possa garantir a autonomia das redes de ensino e dos professores\u201d. Para ele, existem m\u00faltiplas possibilidades did\u00e1tico-pedag\u00f3gicas para a abordagem dos temas transversais que podem integrar diferentes modos de organiza\u00e7\u00e3o curricular.<br><br><br><br>\u201cEm qualquer uma das formas de abordagem, importa vincular os temas \u00e0 din\u00e2mica social cotidiana para que fa\u00e7a sentido incluir seus conte\u00fados nos assuntos estudados e para que seja feita sua vincula\u00e7\u00e3o com o desenvolvimento das compet\u00eancias gerais da BNCC, que, por sua vez, visam a constru\u00e7\u00e3o da cidadania e forma\u00e7\u00e3o de atitudes e valores\u201d, explica. Para ele, a abordagem dos temas como eixos integradores contribui para valorizar sua import\u00e2ncia e dar significado e relev\u00e2ncia aos conte\u00fados escolares.<br><br><br><br>Pancadinha deixa claro que n\u00e3o tem a pretens\u00e3o de elencar uma \u00fanica teoria e concep\u00e7\u00e3o para o tema em quest\u00e3o, mas, sim, definir pressupostos pedag\u00f3gicos b\u00e1sicos para a abordagem dele de forma que n\u00e3o se descaracterize sua real finalidade.<br><br><br><br>\u201cO que o presente projeto almeja \u00e9 a condu\u00e7\u00e3o dos jovens a um entendimento objetivo e esclarecedor da import\u00e2ncia da pol\u00edtica para a sociedade e de que forma ela influencia o nosso cotidiano\u201d, delineia, defendendo que \u201ca educa\u00e7\u00e3o pol\u00edtica \u00e9 uma das grandes car\u00eancias na forma\u00e7\u00e3o do povo brasileiro. N\u00e3o aprendemos como funciona o poder p\u00fablico, o processo eleitoral, quais as fun\u00e7\u00f5es dos homens p\u00fablicos, como recorrer contra abusos de poder\u201d, entre outras coisas.<\/p>\n","protected":false},"excerpt":{"rendered":"<p>O deputado Pancadinha (SD) apresentou, na Assembleia Legislativa, projeto de lei em que prop\u00f5e a&#8230;<\/p>\n","protected":false},"author":1,"featured_media":2974,"comment_status":"open","ping_status":"open","sticky":false,"template":"","format":"standard","meta":{"footnotes":""},"categories":[11,5],"tags":[39,33,29,1177],"yoast_head":"<!-- This site is optimized with the Yoast SEO plugin v21.7 - https:\/\/yoast.com\/wordpress\/plugins\/seo\/ -->\n<title>Pancadinha defende inclus\u00e3o de no\u00e7\u00f5es de Ci\u00eancias Pol\u00edticas no curr\u00edculo escolar. - Cacau News<\/title>\n<meta name=\"robots\" content=\"index, follow, max-snippet:-1, max-image-preview:large, max-video-preview:-1\" \/>\n<link rel=\"canonical\" href=\"https:\/\/cacaunews.com\/?p=2975\" \/>\n<meta property=\"og:locale\" content=\"pt_BR\" \/>\n<meta property=\"og:type\" content=\"article\" \/>\n<meta property=\"og:title\" content=\"Pancadinha defende inclus\u00e3o de no\u00e7\u00f5es de Ci\u00eancias Pol\u00edticas no curr\u00edculo escolar. - Cacau News\" \/>\n<meta property=\"og:description\" content=\"O deputado Pancadinha (SD) apresentou, na Assembleia Legislativa, projeto de lei em que prop\u00f5e a...\" \/>\n<meta property=\"og:url\" content=\"https:\/\/cacaunews.com\/?p=2975\" \/>\n<meta property=\"og:site_name\" content=\"Cacau News\" \/>\n<meta property=\"article:published_time\" content=\"2023-09-26T14:27:39+00:00\" \/>\n<meta property=\"article:modified_time\" content=\"2023-09-26T14:26:49+00:00\" \/>\n<meta property=\"og:image\" content=\"https:\/\/cacaunews.com\/wp-content\/uploads\/2023\/09\/59261-901467-2023-09-25-20-31-25.jpg\" \/>\n\t<meta property=\"og:image:width\" content=\"951\" \/>\n\t<meta property=\"og:image:height\" content=\"535\" \/>\n\t<meta property=\"og:image:type\" content=\"image\/jpeg\" \/>\n<meta name=\"author\" content=\"Reda\u00e7\u00e3o Cacau News\" \/>\n<meta name=\"twitter:card\" content=\"summary_large_image\" \/>\n<meta name=\"twitter:label1\" content=\"Escrito por\" \/>\n\t<meta name=\"twitter:data1\" content=\"Reda\u00e7\u00e3o Cacau News\" \/>\n\t<meta name=\"twitter:label2\" content=\"Est. tempo de leitura\" \/>\n\t<meta name=\"twitter:data2\" content=\"3 minutos\" \/>\n<script type=\"application\/ld+json\" class=\"yoast-schema-graph\">{\"@context\":\"https:\/\/schema.org\",\"@graph\":[{\"@type\":\"Article\",\"@id\":\"https:\/\/cacaunews.com\/?p=2975#article\",\"isPartOf\":{\"@id\":\"https:\/\/cacaunews.com\/?p=2975\"},\"author\":{\"name\":\"Reda\u00e7\u00e3o Cacau News\",\"@id\":\"https:\/\/cacaunews.com\/#\/schema\/person\/ea69703103e606ad347ccd64bd72ef79\"},\"headline\":\"Pancadinha defende inclus\u00e3o de no\u00e7\u00f5es de Ci\u00eancias Pol\u00edticas no curr\u00edculo escolar.\",\"datePublished\":\"2023-09-26T14:27:39+00:00\",\"dateModified\":\"2023-09-26T14:26:49+00:00\",\"mainEntityOfPage\":{\"@id\":\"https:\/\/cacaunews.com\/?p=2975\"},\"wordCount\":711,\"commentCount\":0,\"publisher\":{\"@id\":\"https:\/\/cacaunews.com\/#organization\"},\"keywords\":[\"bahia\",\"educa\u00e7\u00e3o\",\"pancadinha\",\"pol\u00edticas p\u00fablicas\"],\"articleSection\":[\"Jornalismo\",\"Politica\"],\"inLanguage\":\"pt-BR\",\"potentialAction\":[{\"@type\":\"CommentAction\",\"name\":\"Comment\",\"target\":[\"https:\/\/cacaunews.com\/?p=2975#respond\"]}]},{\"@type\":\"WebPage\",\"@id\":\"https:\/\/cacaunews.com\/?p=2975\",\"url\":\"https:\/\/cacaunews.com\/?p=2975\",\"name\":\"Pancadinha defende inclus\u00e3o de no\u00e7\u00f5es de Ci\u00eancias Pol\u00edticas no curr\u00edculo escolar. - Cacau News\",\"isPartOf\":{\"@id\":\"https:\/\/cacaunews.com\/#website\"},\"datePublished\":\"2023-09-26T14:27:39+00:00\",\"dateModified\":\"2023-09-26T14:26:49+00:00\",\"breadcrumb\":{\"@id\":\"https:\/\/cacaunews.com\/?p=2975#breadcrumb\"},\"inLanguage\":\"pt-BR\",\"potentialAction\":[{\"@type\":\"ReadAction\",\"target\":[\"https:\/\/cacaunews.com\/?p=2975\"]}]},{\"@type\":\"BreadcrumbList\",\"@id\":\"https:\/\/cacaunews.com\/?p=2975#breadcrumb\",\"itemListElement\":[{\"@type\":\"ListItem\",\"position\":1,\"name\":\"In\u00edcio\",\"item\":\"https:\/\/cacaunews.com\/\"},{\"@type\":\"ListItem\",\"position\":2,\"name\":\"Pancadinha defende inclus\u00e3o de no\u00e7\u00f5es de Ci\u00eancias Pol\u00edticas no curr\u00edculo escolar.\"}]},{\"@type\":\"WebSite\",\"@id\":\"https:\/\/cacaunews.com\/#website\",\"url\":\"https:\/\/cacaunews.com\/\",\"name\":\"Cacau News\",\"description\":\"A Informa\u00e7\u00e3o que voc\u00ea precisa!\",\"publisher\":{\"@id\":\"https:\/\/cacaunews.com\/#organization\"},\"potentialAction\":[{\"@type\":\"SearchAction\",\"target\":{\"@type\":\"EntryPoint\",\"urlTemplate\":\"https:\/\/cacaunews.com\/?s={search_term_string}\"},\"query-input\":\"required name=search_term_string\"}],\"inLanguage\":\"pt-BR\"},{\"@type\":\"Organization\",\"@id\":\"https:\/\/cacaunews.com\/#organization\",\"name\":\"Cacau News\",\"url\":\"https:\/\/cacaunews.com\/\",\"logo\":{\"@type\":\"ImageObject\",\"inLanguage\":\"pt-BR\",\"@id\":\"https:\/\/cacaunews.com\/#\/schema\/logo\/image\/\",\"url\":\"https:\/\/cacaunews.com\/wp-content\/uploads\/2025\/01\/cropped-LOGO-NOVA.png\",\"contentUrl\":\"https:\/\/cacaunews.com\/wp-content\/uploads\/2025\/01\/cropped-LOGO-NOVA.png\",\"width\":813,\"height\":813,\"caption\":\"Cacau News\"},\"image\":{\"@id\":\"https:\/\/cacaunews.com\/#\/schema\/logo\/image\/\"},\"sameAs\":[\"https:\/\/www.instagram.com\/cacaunews.online\/\",\"https:\/\/youtube.com\/@cacaunews?si=0VXLnjl08SrWbVG9\"]},{\"@type\":\"Person\",\"@id\":\"https:\/\/cacaunews.com\/#\/schema\/person\/ea69703103e606ad347ccd64bd72ef79\",\"name\":\"Reda\u00e7\u00e3o Cacau News\",\"image\":{\"@type\":\"ImageObject\",\"inLanguage\":\"pt-BR\",\"@id\":\"https:\/\/cacaunews.com\/#\/schema\/person\/image\/\",\"url\":\"https:\/\/secure.gravatar.com\/avatar\/d79227a2a7b6cc42e8d7a8f7c284cd3a?s=96&d=mm&r=g\",\"contentUrl\":\"https:\/\/secure.gravatar.com\/avatar\/d79227a2a7b6cc42e8d7a8f7c284cd3a?s=96&d=mm&r=g\",\"caption\":\"Reda\u00e7\u00e3o Cacau News\"},\"sameAs\":[\"https:\/\/cacaunews.com\"],\"url\":\"https:\/\/cacaunews.com\/?author=1\"}]}<\/script>\n<!-- \/ Yoast SEO plugin. -->","yoast_head_json":{"title":"Pancadinha defende inclus\u00e3o de no\u00e7\u00f5es de Ci\u00eancias Pol\u00edticas no curr\u00edculo escolar. - Cacau News","robots":{"index":"index","follow":"follow","max-snippet":"max-snippet:-1","max-image-preview":"max-image-preview:large","max-video-preview":"max-video-preview:-1"},"canonical":"https:\/\/cacaunews.com\/?p=2975","og_locale":"pt_BR","og_type":"article","og_title":"Pancadinha defende inclus\u00e3o de no\u00e7\u00f5es de Ci\u00eancias Pol\u00edticas no curr\u00edculo escolar. - Cacau News","og_description":"O deputado Pancadinha (SD) apresentou, na Assembleia Legislativa, projeto de lei em que prop\u00f5e a...","og_url":"https:\/\/cacaunews.com\/?p=2975","og_site_name":"Cacau News","article_published_time":"2023-09-26T14:27:39+00:00","article_modified_time":"2023-09-26T14:26:49+00:00","og_image":[{"width":951,"height":535,"url":"https:\/\/cacaunews.com\/wp-content\/uploads\/2023\/09\/59261-901467-2023-09-25-20-31-25.jpg","type":"image\/jpeg"}],"author":"Reda\u00e7\u00e3o Cacau News","twitter_card":"summary_large_image","twitter_misc":{"Escrito por":"Reda\u00e7\u00e3o Cacau News","Est. tempo de leitura":"3 minutos"},"schema":{"@context":"https:\/\/schema.org","@graph":[{"@type":"Article","@id":"https:\/\/cacaunews.com\/?p=2975#article","isPartOf":{"@id":"https:\/\/cacaunews.com\/?p=2975"},"author":{"name":"Reda\u00e7\u00e3o Cacau News","@id":"https:\/\/cacaunews.com\/#\/schema\/person\/ea69703103e606ad347ccd64bd72ef79"},"headline":"Pancadinha defende inclus\u00e3o de no\u00e7\u00f5es de Ci\u00eancias Pol\u00edticas no curr\u00edculo escolar.","datePublished":"2023-09-26T14:27:39+00:00","dateModified":"2023-09-26T14:26:49+00:00","mainEntityOfPage":{"@id":"https:\/\/cacaunews.com\/?p=2975"},"wordCount":711,"commentCount":0,"publisher":{"@id":"https:\/\/cacaunews.com\/#organization"},"keywords":["bahia","educa\u00e7\u00e3o","pancadinha","pol\u00edticas p\u00fablicas"],"articleSection":["Jornalismo","Politica"],"inLanguage":"pt-BR","potentialAction":[{"@type":"CommentAction","name":"Comment","target":["https:\/\/cacaunews.com\/?p=2975#respond"]}]},{"@type":"WebPage","@id":"https:\/\/cacaunews.com\/?p=2975","url":"https:\/\/cacaunews.com\/?p=2975","name":"Pancadinha defende inclus\u00e3o de no\u00e7\u00f5es de Ci\u00eancias Pol\u00edticas no curr\u00edculo escolar. - Cacau News","isPartOf":{"@id":"https:\/\/cacaunews.com\/#website"},"datePublished":"2023-09-26T14:27:39+00:00","dateModified":"2023-09-26T14:26:49+00:00","breadcrumb":{"@id":"https:\/\/cacaunews.com\/?p=2975#breadcrumb"},"inLanguage":"pt-BR","potentialAction":[{"@type":"ReadAction","target":["https:\/\/cacaunews.com\/?p=2975"]}]},{"@type":"BreadcrumbList","@id":"https:\/\/cacaunews.com\/?p=2975#breadcrumb","itemListElement":[{"@type":"ListItem","position":1,"name":"In\u00edcio","item":"https:\/\/cacaunews.com\/"},{"@type":"ListItem","position":2,"name":"Pancadinha defende inclus\u00e3o de no\u00e7\u00f5es de Ci\u00eancias Pol\u00edticas no curr\u00edculo escolar."}]},{"@type":"WebSite","@id":"https:\/\/cacaunews.com\/#website","url":"https:\/\/cacaunews.com\/","name":"Cacau News","description":"A Informa\u00e7\u00e3o que voc\u00ea precisa!","publisher":{"@id":"https:\/\/cacaunews.com\/#organization"},"potentialAction":[{"@type":"SearchAction","target":{"@type":"EntryPoint","urlTemplate":"https:\/\/cacaunews.com\/?s={search_term_string}"},"query-input":"required name=search_term_string"}],"inLanguage":"pt-BR"},{"@type":"Organization","@id":"https:\/\/cacaunews.com\/#organization","name":"Cacau News","url":"https:\/\/cacaunews.com\/","logo":{"@type":"ImageObject","inLanguage":"pt-BR","@id":"https:\/\/cacaunews.com\/#\/schema\/logo\/image\/","url":"https:\/\/cacaunews.com\/wp-content\/uploads\/2025\/01\/cropped-LOGO-NOVA.png","contentUrl":"https:\/\/cacaunews.com\/wp-content\/uploads\/2025\/01\/cropped-LOGO-NOVA.png","width":813,"height":813,"caption":"Cacau News"},"image":{"@id":"https:\/\/cacaunews.com\/#\/schema\/logo\/image\/"},"sameAs":["https:\/\/www.instagram.com\/cacaunews.online\/","https:\/\/youtube.com\/@cacaunews?si=0VXLnjl08SrWbVG9"]},{"@type":"Person","@id":"https:\/\/cacaunews.com\/#\/schema\/person\/ea69703103e606ad347ccd64bd72ef79","name":"Reda\u00e7\u00e3o Cacau News","image":{"@type":"ImageObject","inLanguage":"pt-BR","@id":"https:\/\/cacaunews.com\/#\/schema\/person\/image\/","url":"https:\/\/secure.gravatar.com\/avatar\/d79227a2a7b6cc42e8d7a8f7c284cd3a?s=96&d=mm&r=g","contentUrl":"https:\/\/secure.gravatar.com\/avatar\/d79227a2a7b6cc42e8d7a8f7c284cd3a?s=96&d=mm&r=g","caption":"Reda\u00e7\u00e3o Cacau News"},"sameAs":["https:\/\/cacaunews.com"],"url":"https:\/\/cacaunews.com\/?author=1"}]}},"jetpack_sharing_enabled":true,"jetpack_featured_media_url":"https:\/\/cacaunews.com\/wp-content\/uploads\/2023\/09\/59261-901467-2023-09-25-20-31-25.jpg","_links":{"self":[{"href":"https:\/\/cacaunews.com\/index.php?rest_route=\/wp\/v2\/posts\/2975"}],"collection":[{"href":"https:\/\/cacaunews.com\/index.php?rest_route=\/wp\/v2\/posts"}],"about":[{"href":"https:\/\/cacaunews.com\/index.php?rest_route=\/wp\/v2\/types\/post"}],"author":[{"embeddable":true,"href":"https:\/\/cacaunews.com\/index.php?rest_route=\/wp\/v2\/users\/1"}],"replies":[{"embeddable":true,"href":"https:\/\/cacaunews.com\/index.php?rest_route=%2Fwp%2Fv2%2Fcomments&post=2975"}],"version-history":[{"count":1,"href":"https:\/\/cacaunews.com\/index.php?rest_route=\/wp\/v2\/posts\/2975\/revisions"}],"predecessor-version":[{"id":2976,"href":"https:\/\/cacaunews.com\/index.php?rest_route=\/wp\/v2\/posts\/2975\/revisions\/2976"}],"wp:featuredmedia":[{"embeddable":true,"href":"https:\/\/cacaunews.com\/index.php?rest_route=\/wp\/v2\/media\/2974"}],"wp:attachment":[{"href":"https:\/\/cacaunews.com\/index.php?rest_route=%2Fwp%2Fv2%2Fmedia&parent=2975"}],"wp:term":[{"taxonomy":"category","embeddable":true,"href":"https:\/\/cacaunews.com\/index.php?rest_route=%2Fwp%2Fv2%2Fcategories&post=2975"},{"taxonomy":"post_tag","embeddable":true,"href":"https:\/\/cacaunews.com\/index.php?rest_route=%2Fwp%2Fv2%2Ftags&post=2975"}],"curies":[{"name":"wp","href":"https:\/\/api.w.org\/{rel}","templated":true}]}}