{"id":3008,"date":"2023-09-28T03:14:40","date_gmt":"2023-09-28T03:14:40","guid":{"rendered":"https:\/\/cacaunews.com\/?p=3008"},"modified":"2023-09-28T03:13:44","modified_gmt":"2023-09-28T03:13:44","slug":"dois-policiais-morrem-apos-serem-baleados-por-criminosos-em-salvador","status":"publish","type":"post","link":"https:\/\/cacaunews.com\/?p=3008","title":{"rendered":"Dois policiais morrem ap\u00f3s serem baleados por criminosos em Salvador."},"content":{"rendered":"\n<p>Dois policiais militares morreram ap\u00f3s serem baleados por criminosos, na noite desta quarta-feira (27), em Salvador.<br><br>Os PMs foram supreendidos por criminosos em Pau Mi\u00fado e no Iapi. Os PMs chegaram a ser socorridos para o Hospital Enersto Sim\u00f5es e o Hospital Geral do Estado, mas n\u00e3o resistiram aos ferimentos.<br><br>Testemunhas afirmam que os bandidos queriam as armas dos militares e quando eles negaram, houve o confronto. Durante o tiroteio no Iapi, um dos suspeitos tamb\u00e9m foi atingido. N\u00e3o h\u00e1 informa\u00e7\u00f5es sobre o estado de sa\u00fade.<br><br>As v\u00edtimas foram identificadas como Soldado Marcelo, lotado da G\u00eameos e o PM Anderson de Sousa Santana.<br><br>A Pol\u00edcia Civil vai investigar se h\u00e1 rela\u00e7\u00e3o nos casos.<\/p>\n\n\n\n<p>Com Informa\u00e7\u00f5es Blog do Sena.<\/p>\n","protected":false},"excerpt":{"rendered":"<p>Dois policiais militares morreram ap\u00f3s serem baleados por criminosos, na noite desta quarta-feira (27), em&#8230;<\/p>\n","protected":false},"author":1,"featured_media":3007,"comment_status":"open","ping_status":"open","sticky":false,"template":"","format":"standard","meta":{"footnotes":""},"categories":[18,4,11],"tags":[67,159,266,25],"yoast_head":"<!-- This site is optimized with the Yoast SEO plugin v21.7 - https:\/\/yoast.com\/wordpress\/plugins\/seo\/ -->\n<title>Dois policiais morrem ap\u00f3s serem baleados por criminosos em Salvador. - Cacau News<\/title>\n<meta name=\"robots\" content=\"index, follow, max-snippet:-1, max-image-preview:large, max-video-preview:-1\" \/>\n<link rel=\"canonical\" href=\"https:\/\/cacaunews.com\/?p=3008\" \/>\n<meta property=\"og:locale\" content=\"pt_BR\" \/>\n<meta property=\"og:type\" content=\"article\" \/>\n<meta property=\"og:title\" content=\"Dois policiais morrem ap\u00f3s serem baleados por criminosos em Salvador. - Cacau News\" \/>\n<meta property=\"og:description\" content=\"Dois policiais militares morreram ap\u00f3s serem baleados por criminosos, na noite desta quarta-feira (27), em...\" \/>\n<meta property=\"og:url\" content=\"https:\/\/cacaunews.com\/?p=3008\" \/>\n<meta property=\"og:site_name\" content=\"Cacau News\" \/>\n<meta property=\"article:published_time\" content=\"2023-09-28T03:14:40+00:00\" \/>\n<meta property=\"article:modified_time\" content=\"2023-09-28T03:13:44+00:00\" \/>\n<meta property=\"og:image\" content=\"https:\/\/cacaunews.com\/wp-content\/uploads\/2023\/09\/design_sem_nome_10_y5R0oyw_widelg.webp\" \/>\n\t<meta property=\"og:image:width\" content=\"710\" \/>\n\t<meta property=\"og:image:height\" content=\"400\" \/>\n\t<meta property=\"og:image:type\" content=\"image\/webp\" \/>\n<meta name=\"author\" content=\"Reda\u00e7\u00e3o Cacau News\" \/>\n<meta name=\"twitter:card\" content=\"summary_large_image\" \/>\n<meta name=\"twitter:label1\" content=\"Escrito por\" \/>\n\t<meta name=\"twitter:data1\" content=\"Reda\u00e7\u00e3o Cacau News\" \/>\n\t<meta name=\"twitter:label2\" content=\"Est. tempo de leitura\" \/>\n\t<meta name=\"twitter:data2\" content=\"1 minuto\" \/>\n<script type=\"application\/ld+json\" class=\"yoast-schema-graph\">{\"@context\":\"https:\/\/schema.org\",\"@graph\":[{\"@type\":\"Article\",\"@id\":\"https:\/\/cacaunews.com\/?p=3008#article\",\"isPartOf\":{\"@id\":\"https:\/\/cacaunews.com\/?p=3008\"},\"author\":{\"name\":\"Reda\u00e7\u00e3o Cacau News\",\"@id\":\"https:\/\/cacaunews.com\/#\/schema\/person\/ea69703103e606ad347ccd64bd72ef79\"},\"headline\":\"Dois policiais morrem ap\u00f3s serem baleados por criminosos em Salvador.\",\"datePublished\":\"2023-09-28T03:14:40+00:00\",\"dateModified\":\"2023-09-28T03:13:44+00:00\",\"mainEntityOfPage\":{\"@id\":\"https:\/\/cacaunews.com\/?p=3008\"},\"wordCount\":141,\"commentCount\":0,\"publisher\":{\"@id\":\"https:\/\/cacaunews.com\/#organization\"},\"keywords\":[\"morte\",\"pol\u00edcia\",\"Salvador\",\"viol\u00eancia\"],\"articleSection\":[\"cidades\",\"Internet\",\"Jornalismo\"],\"inLanguage\":\"pt-BR\",\"potentialAction\":[{\"@type\":\"CommentAction\",\"name\":\"Comment\",\"target\":[\"https:\/\/cacaunews.com\/?p=3008#respond\"]}]},{\"@type\":\"WebPage\",\"@id\":\"https:\/\/cacaunews.com\/?p=3008\",\"url\":\"https:\/\/cacaunews.com\/?p=3008\",\"name\":\"Dois policiais morrem ap\u00f3s serem baleados por criminosos em Salvador. - Cacau News\",\"isPartOf\":{\"@id\":\"https:\/\/cacaunews.com\/#website\"},\"datePublished\":\"2023-09-28T03:14:40+00:00\",\"dateModified\":\"2023-09-28T03:13:44+00:00\",\"breadcrumb\":{\"@id\":\"https:\/\/cacaunews.com\/?p=3008#breadcrumb\"},\"inLanguage\":\"pt-BR\",\"potentialAction\":[{\"@type\":\"ReadAction\",\"target\":[\"https:\/\/cacaunews.com\/?p=3008\"]}]},{\"@type\":\"BreadcrumbList\",\"@id\":\"https:\/\/cacaunews.com\/?p=3008#breadcrumb\",\"itemListElement\":[{\"@type\":\"ListItem\",\"position\":1,\"name\":\"In\u00edcio\",\"item\":\"https:\/\/cacaunews.com\/\"},{\"@type\":\"ListItem\",\"position\":2,\"name\":\"Dois policiais morrem ap\u00f3s serem baleados por criminosos em Salvador.\"}]},{\"@type\":\"WebSite\",\"@id\":\"https:\/\/cacaunews.com\/#website\",\"url\":\"https:\/\/cacaunews.com\/\",\"name\":\"Cacau News\",\"description\":\"A Informa\u00e7\u00e3o que voc\u00ea precisa!\",\"publisher\":{\"@id\":\"https:\/\/cacaunews.com\/#organization\"},\"potentialAction\":[{\"@type\":\"SearchAction\",\"target\":{\"@type\":\"EntryPoint\",\"urlTemplate\":\"https:\/\/cacaunews.com\/?s={search_term_string}\"},\"query-input\":\"required name=search_term_string\"}],\"inLanguage\":\"pt-BR\"},{\"@type\":\"Organization\",\"@id\":\"https:\/\/cacaunews.com\/#organization\",\"name\":\"Cacau News\",\"url\":\"https:\/\/cacaunews.com\/\",\"logo\":{\"@type\":\"ImageObject\",\"inLanguage\":\"pt-BR\",\"@id\":\"https:\/\/cacaunews.com\/#\/schema\/logo\/image\/\",\"url\":\"https:\/\/cacaunews.com\/wp-content\/uploads\/2025\/01\/cropped-LOGO-NOVA.png\",\"contentUrl\":\"https:\/\/cacaunews.com\/wp-content\/uploads\/2025\/01\/cropped-LOGO-NOVA.png\",\"width\":813,\"height\":813,\"caption\":\"Cacau News\"},\"image\":{\"@id\":\"https:\/\/cacaunews.com\/#\/schema\/logo\/image\/\"},\"sameAs\":[\"https:\/\/www.instagram.com\/cacaunews.online\/\",\"https:\/\/youtube.com\/@cacaunews?si=0VXLnjl08SrWbVG9\"]},{\"@type\":\"Person\",\"@id\":\"https:\/\/cacaunews.com\/#\/schema\/person\/ea69703103e606ad347ccd64bd72ef79\",\"name\":\"Reda\u00e7\u00e3o Cacau News\",\"image\":{\"@type\":\"ImageObject\",\"inLanguage\":\"pt-BR\",\"@id\":\"https:\/\/cacaunews.com\/#\/schema\/person\/image\/\",\"url\":\"https:\/\/secure.gravatar.com\/avatar\/d79227a2a7b6cc42e8d7a8f7c284cd3a?s=96&d=mm&r=g\",\"contentUrl\":\"https:\/\/secure.gravatar.com\/avatar\/d79227a2a7b6cc42e8d7a8f7c284cd3a?s=96&d=mm&r=g\",\"caption\":\"Reda\u00e7\u00e3o Cacau News\"},\"sameAs\":[\"https:\/\/cacaunews.com\"],\"url\":\"https:\/\/cacaunews.com\/?author=1\"}]}<\/script>\n<!-- \/ Yoast SEO plugin. -->","yoast_head_json":{"title":"Dois policiais morrem ap\u00f3s serem baleados por criminosos em Salvador. - Cacau News","robots":{"index":"index","follow":"follow","max-snippet":"max-snippet:-1","max-image-preview":"max-image-preview:large","max-video-preview":"max-video-preview:-1"},"canonical":"https:\/\/cacaunews.com\/?p=3008","og_locale":"pt_BR","og_type":"article","og_title":"Dois policiais morrem ap\u00f3s serem baleados por criminosos em Salvador. - Cacau News","og_description":"Dois policiais militares morreram ap\u00f3s serem baleados por criminosos, na noite desta quarta-feira (27), em...","og_url":"https:\/\/cacaunews.com\/?p=3008","og_site_name":"Cacau News","article_published_time":"2023-09-28T03:14:40+00:00","article_modified_time":"2023-09-28T03:13:44+00:00","og_image":[{"width":710,"height":400,"url":"https:\/\/cacaunews.com\/wp-content\/uploads\/2023\/09\/design_sem_nome_10_y5R0oyw_widelg.webp","type":"image\/webp"}],"author":"Reda\u00e7\u00e3o Cacau News","twitter_card":"summary_large_image","twitter_misc":{"Escrito por":"Reda\u00e7\u00e3o Cacau News","Est. tempo de leitura":"1 minuto"},"schema":{"@context":"https:\/\/schema.org","@graph":[{"@type":"Article","@id":"https:\/\/cacaunews.com\/?p=3008#article","isPartOf":{"@id":"https:\/\/cacaunews.com\/?p=3008"},"author":{"name":"Reda\u00e7\u00e3o Cacau News","@id":"https:\/\/cacaunews.com\/#\/schema\/person\/ea69703103e606ad347ccd64bd72ef79"},"headline":"Dois policiais morrem ap\u00f3s serem baleados por criminosos em Salvador.","datePublished":"2023-09-28T03:14:40+00:00","dateModified":"2023-09-28T03:13:44+00:00","mainEntityOfPage":{"@id":"https:\/\/cacaunews.com\/?p=3008"},"wordCount":141,"commentCount":0,"publisher":{"@id":"https:\/\/cacaunews.com\/#organization"},"keywords":["morte","pol\u00edcia","Salvador","viol\u00eancia"],"articleSection":["cidades","Internet","Jornalismo"],"inLanguage":"pt-BR","potentialAction":[{"@type":"CommentAction","name":"Comment","target":["https:\/\/cacaunews.com\/?p=3008#respond"]}]},{"@type":"WebPage","@id":"https:\/\/cacaunews.com\/?p=3008","url":"https:\/\/cacaunews.com\/?p=3008","name":"Dois policiais morrem ap\u00f3s serem baleados por criminosos em Salvador. - Cacau News","isPartOf":{"@id":"https:\/\/cacaunews.com\/#website"},"datePublished":"2023-09-28T03:14:40+00:00","dateModified":"2023-09-28T03:13:44+00:00","breadcrumb":{"@id":"https:\/\/cacaunews.com\/?p=3008#breadcrumb"},"inLanguage":"pt-BR","potentialAction":[{"@type":"ReadAction","target":["https:\/\/cacaunews.com\/?p=3008"]}]},{"@type":"BreadcrumbList","@id":"https:\/\/cacaunews.com\/?p=3008#breadcrumb","itemListElement":[{"@type":"ListItem","position":1,"name":"In\u00edcio","item":"https:\/\/cacaunews.com\/"},{"@type":"ListItem","position":2,"name":"Dois policiais morrem ap\u00f3s serem baleados por criminosos em Salvador."}]},{"@type":"WebSite","@id":"https:\/\/cacaunews.com\/#website","url":"https:\/\/cacaunews.com\/","name":"Cacau News","description":"A Informa\u00e7\u00e3o que voc\u00ea precisa!","publisher":{"@id":"https:\/\/cacaunews.com\/#organization"},"potentialAction":[{"@type":"SearchAction","target":{"@type":"EntryPoint","urlTemplate":"https:\/\/cacaunews.com\/?s={search_term_string}"},"query-input":"required name=search_term_string"}],"inLanguage":"pt-BR"},{"@type":"Organization","@id":"https:\/\/cacaunews.com\/#organization","name":"Cacau News","url":"https:\/\/cacaunews.com\/","logo":{"@type":"ImageObject","inLanguage":"pt-BR","@id":"https:\/\/cacaunews.com\/#\/schema\/logo\/image\/","url":"https:\/\/cacaunews.com\/wp-content\/uploads\/2025\/01\/cropped-LOGO-NOVA.png","contentUrl":"https:\/\/cacaunews.com\/wp-content\/uploads\/2025\/01\/cropped-LOGO-NOVA.png","width":813,"height":813,"caption":"Cacau News"},"image":{"@id":"https:\/\/cacaunews.com\/#\/schema\/logo\/image\/"},"sameAs":["https:\/\/www.instagram.com\/cacaunews.online\/","https:\/\/youtube.com\/@cacaunews?si=0VXLnjl08SrWbVG9"]},{"@type":"Person","@id":"https:\/\/cacaunews.com\/#\/schema\/person\/ea69703103e606ad347ccd64bd72ef79","name":"Reda\u00e7\u00e3o Cacau News","image":{"@type":"ImageObject","inLanguage":"pt-BR","@id":"https:\/\/cacaunews.com\/#\/schema\/person\/image\/","url":"https:\/\/secure.gravatar.com\/avatar\/d79227a2a7b6cc42e8d7a8f7c284cd3a?s=96&d=mm&r=g","contentUrl":"https:\/\/secure.gravatar.com\/avatar\/d79227a2a7b6cc42e8d7a8f7c284cd3a?s=96&d=mm&r=g","caption":"Reda\u00e7\u00e3o Cacau News"},"sameAs":["https:\/\/cacaunews.com"],"url":"https:\/\/cacaunews.com\/?author=1"}]}},"jetpack_sharing_enabled":true,"jetpack_featured_media_url":"https:\/\/cacaunews.com\/wp-content\/uploads\/2023\/09\/design_sem_nome_10_y5R0oyw_widelg.webp","_links":{"self":[{"href":"https:\/\/cacaunews.com\/index.php?rest_route=\/wp\/v2\/posts\/3008"}],"collection":[{"href":"https:\/\/cacaunews.com\/index.php?rest_route=\/wp\/v2\/posts"}],"about":[{"href":"https:\/\/cacaunews.com\/index.php?rest_route=\/wp\/v2\/types\/post"}],"author":[{"embeddable":true,"href":"https:\/\/cacaunews.com\/index.php?rest_route=\/wp\/v2\/users\/1"}],"replies":[{"embeddable":true,"href":"https:\/\/cacaunews.com\/index.php?rest_route=%2Fwp%2Fv2%2Fcomments&post=3008"}],"version-history":[{"count":1,"href":"https:\/\/cacaunews.com\/index.php?rest_route=\/wp\/v2\/posts\/3008\/revisions"}],"predecessor-version":[{"id":3009,"href":"https:\/\/cacaunews.com\/index.php?rest_route=\/wp\/v2\/posts\/3008\/revisions\/3009"}],"wp:featuredmedia":[{"embeddable":true,"href":"https:\/\/cacaunews.com\/index.php?rest_route=\/wp\/v2\/media\/3007"}],"wp:attachment":[{"href":"https:\/\/cacaunews.com\/index.php?rest_route=%2Fwp%2Fv2%2Fmedia&parent=3008"}],"wp:term":[{"taxonomy":"category","embeddable":true,"href":"https:\/\/cacaunews.com\/index.php?rest_route=%2Fwp%2Fv2%2Fcategories&post=3008"},{"taxonomy":"post_tag","embeddable":true,"href":"https:\/\/cacaunews.com\/index.php?rest_route=%2Fwp%2Fv2%2Ftags&post=3008"}],"curies":[{"name":"wp","href":"https:\/\/api.w.org\/{rel}","templated":true}]}}