{"id":3029,"date":"2023-09-29T12:52:37","date_gmt":"2023-09-29T12:52:37","guid":{"rendered":"https:\/\/cacaunews.com\/?p=3029"},"modified":"2023-09-29T12:51:42","modified_gmt":"2023-09-29T12:51:42","slug":"salvador-podera-ser-sede-da-copa-do-mundo-feminina-confirma-oficio-da-cbf","status":"publish","type":"post","link":"https:\/\/cacaunews.com\/?p=3029","title":{"rendered":"Salvador poder\u00e1 ser sede da Copa do Mundo Feminina, confirma of\u00edcio da CBF."},"content":{"rendered":"\n<p>Depois de ser sede da Copa do Mundo Masculina, em 2014, Salvador poder\u00e1 receber mais um grande evento nos pr\u00f3ximos tr\u00eas anos, em 2026. Em of\u00edcio enviado para FIFA, a Confedera\u00e7\u00e3o Brasileira de Futebol (CBF) confirmou as capitais que podem sediar uma poss\u00edvel Copa do Mundo Feminina, no Brasil. Na proposta est\u00e3o as seguintes capitais e arenas: Beira Rio (Porto Alegre), Arena do Corinthians (S\u00e3o Paulo), Maracan\u00e3 (Rio de Janeiro), Mineir\u00e3o (Belo Horizonte), Fonte Nova (Salvador), Arena Castel\u00e3o (Fortaleza), Arena de Pernambuco (Pernambuco), Arena Pantanal (Cuiab\u00e1), Man\u00e9 Garrincha (Distrito Federal), Arena da Amaz\u00f4nia (Manaus).<br><br>\u201cEsta \u00e9 a proposta inicial. N\u00e3o significa que ser\u00e3o os est\u00e1dios da Copa, caso o Brasil seja escolhido. A Fifa exige que sejam apresentados dez est\u00e1dios, mas pode fazer o evento apenas com oito. Isso s\u00f3 ser\u00e1 definido ap\u00f3s a aprova\u00e7\u00e3o final\u201d, explicou Valesca Ara\u00fajo, executiva respons\u00e1vel pela opera\u00e7\u00e3o e infraestrutura da candidatura, ao ge.<br><br>Os projetos dos pa\u00edses postulantes precisam ser entregues at\u00e9 8 de dezembro deste ano. O pr\u00f3ximo passo para a capital baiana ser uma das sedes, \u00e9 dar todas as garantias necess\u00e1rias \u00e0 FIFA nos pr\u00f3ximos dois meses. O Brasil receber\u00e1 uma visita da equipe de avalia\u00e7\u00e3o t\u00e9cnica da maior entidade do futebol. No dia 18 de maio de 2024, a FIFA tomar\u00e1 a decis\u00e3o final do pa\u00eds escolhido.<\/p>\n\n\n\n<p>O Brasil ter\u00e1 a concorr\u00eancia de outras tr\u00eas candidaturas: EUA e M\u00e9xico; a \u00c1frica do Sul; e a Europa tem a candidatura conjunta de Alemanha, B\u00e9lgica e Holanda. Nenhum pa\u00eds da Am\u00e9rica do Sul sediou o Mundial Feminino at\u00e9 o momento. Integrantes da Comiss\u00e3o de Candidatura do Brasil afirmam que a proposta brasileira foi muito bem recebida e o pa\u00eds tem vantagens em rela\u00e7\u00e3o \u00e0s demais candidaturas de B\u00e9lgica, Holanda e Alemanha, Estados Unidos e M\u00e9xico e \u00c1frica do Sul.<br><br>\u201cTemos uma proposta muito equilibrada e pontuamos bem em todos os quesitos. Temos estrutura j\u00e1 feita, profissionais que j\u00e1 sabem lidar com um evento desse tamanho, apoio do Governo Federal, um grande mercado interno de futebol e futebol feminino, com enorme potencial de engajamento, sobretudo entre jovens\u201d, disse a executiva de comunica\u00e7\u00e3o, Manuela Biz.<\/p>\n\n\n\n<p>Com Informa\u00e7\u00f5es Bahia Econ\u00f4mica.<\/p>\n","protected":false},"excerpt":{"rendered":"<p>Depois de ser sede da Copa do Mundo Masculina, em 2014, Salvador poder\u00e1 receber mais&#8230;<\/p>\n","protected":false},"author":1,"featured_media":3028,"comment_status":"open","ping_status":"open","sticky":false,"template":"","format":"standard","meta":{"footnotes":""},"categories":[18,4,11],"tags":[1190,1191,63,266],"yoast_head":"<!-- This site is optimized with the Yoast SEO plugin v21.7 - https:\/\/yoast.com\/wordpress\/plugins\/seo\/ -->\n<title>Salvador poder\u00e1 ser sede da Copa do Mundo Feminina, confirma of\u00edcio da CBF. - Cacau News<\/title>\n<meta name=\"robots\" content=\"index, follow, max-snippet:-1, max-image-preview:large, max-video-preview:-1\" \/>\n<link rel=\"canonical\" href=\"https:\/\/cacaunews.com\/?p=3029\" \/>\n<meta property=\"og:locale\" content=\"pt_BR\" \/>\n<meta property=\"og:type\" content=\"article\" \/>\n<meta property=\"og:title\" content=\"Salvador poder\u00e1 ser sede da Copa do Mundo Feminina, confirma of\u00edcio da CBF. - Cacau News\" \/>\n<meta property=\"og:description\" content=\"Depois de ser sede da Copa do Mundo Masculina, em 2014, Salvador poder\u00e1 receber mais...\" \/>\n<meta property=\"og:url\" content=\"https:\/\/cacaunews.com\/?p=3029\" \/>\n<meta property=\"og:site_name\" content=\"Cacau News\" \/>\n<meta property=\"article:published_time\" content=\"2023-09-29T12:52:37+00:00\" \/>\n<meta property=\"article:modified_time\" content=\"2023-09-29T12:51:42+00:00\" \/>\n<meta property=\"og:image\" content=\"https:\/\/cacaunews.com\/wp-content\/uploads\/2023\/09\/Arena_Fonte_Nova-0074_copyright_David_Campbell_Agencia_Faquini_Producao_Fotografica.jpg\" \/>\n\t<meta property=\"og:image:width\" content=\"850\" \/>\n\t<meta property=\"og:image:height\" content=\"556\" \/>\n\t<meta property=\"og:image:type\" content=\"image\/jpeg\" \/>\n<meta name=\"author\" content=\"Reda\u00e7\u00e3o Cacau News\" \/>\n<meta name=\"twitter:card\" content=\"summary_large_image\" \/>\n<meta name=\"twitter:label1\" content=\"Escrito por\" \/>\n\t<meta name=\"twitter:data1\" content=\"Reda\u00e7\u00e3o Cacau News\" \/>\n\t<meta name=\"twitter:label2\" content=\"Est. tempo de leitura\" \/>\n\t<meta name=\"twitter:data2\" content=\"2 minutos\" \/>\n<script type=\"application\/ld+json\" class=\"yoast-schema-graph\">{\"@context\":\"https:\/\/schema.org\",\"@graph\":[{\"@type\":\"Article\",\"@id\":\"https:\/\/cacaunews.com\/?p=3029#article\",\"isPartOf\":{\"@id\":\"https:\/\/cacaunews.com\/?p=3029\"},\"author\":{\"name\":\"Reda\u00e7\u00e3o Cacau News\",\"@id\":\"https:\/\/cacaunews.com\/#\/schema\/person\/ea69703103e606ad347ccd64bd72ef79\"},\"headline\":\"Salvador poder\u00e1 ser sede da Copa do Mundo Feminina, confirma of\u00edcio da CBF.\",\"datePublished\":\"2023-09-29T12:52:37+00:00\",\"dateModified\":\"2023-09-29T12:51:42+00:00\",\"mainEntityOfPage\":{\"@id\":\"https:\/\/cacaunews.com\/?p=3029\"},\"wordCount\":402,\"commentCount\":0,\"publisher\":{\"@id\":\"https:\/\/cacaunews.com\/#organization\"},\"keywords\":[\"copa do mundo\",\"feminino\",\"futebol\",\"Salvador\"],\"articleSection\":[\"cidades\",\"Internet\",\"Jornalismo\"],\"inLanguage\":\"pt-BR\",\"potentialAction\":[{\"@type\":\"CommentAction\",\"name\":\"Comment\",\"target\":[\"https:\/\/cacaunews.com\/?p=3029#respond\"]}]},{\"@type\":\"WebPage\",\"@id\":\"https:\/\/cacaunews.com\/?p=3029\",\"url\":\"https:\/\/cacaunews.com\/?p=3029\",\"name\":\"Salvador poder\u00e1 ser sede da Copa do Mundo Feminina, confirma of\u00edcio da CBF. - Cacau News\",\"isPartOf\":{\"@id\":\"https:\/\/cacaunews.com\/#website\"},\"datePublished\":\"2023-09-29T12:52:37+00:00\",\"dateModified\":\"2023-09-29T12:51:42+00:00\",\"breadcrumb\":{\"@id\":\"https:\/\/cacaunews.com\/?p=3029#breadcrumb\"},\"inLanguage\":\"pt-BR\",\"potentialAction\":[{\"@type\":\"ReadAction\",\"target\":[\"https:\/\/cacaunews.com\/?p=3029\"]}]},{\"@type\":\"BreadcrumbList\",\"@id\":\"https:\/\/cacaunews.com\/?p=3029#breadcrumb\",\"itemListElement\":[{\"@type\":\"ListItem\",\"position\":1,\"name\":\"In\u00edcio\",\"item\":\"https:\/\/cacaunews.com\/\"},{\"@type\":\"ListItem\",\"position\":2,\"name\":\"Salvador poder\u00e1 ser sede da Copa do Mundo Feminina, confirma of\u00edcio da CBF.\"}]},{\"@type\":\"WebSite\",\"@id\":\"https:\/\/cacaunews.com\/#website\",\"url\":\"https:\/\/cacaunews.com\/\",\"name\":\"Cacau News\",\"description\":\"A Informa\u00e7\u00e3o que voc\u00ea precisa!\",\"publisher\":{\"@id\":\"https:\/\/cacaunews.com\/#organization\"},\"potentialAction\":[{\"@type\":\"SearchAction\",\"target\":{\"@type\":\"EntryPoint\",\"urlTemplate\":\"https:\/\/cacaunews.com\/?s={search_term_string}\"},\"query-input\":\"required name=search_term_string\"}],\"inLanguage\":\"pt-BR\"},{\"@type\":\"Organization\",\"@id\":\"https:\/\/cacaunews.com\/#organization\",\"name\":\"Cacau News\",\"url\":\"https:\/\/cacaunews.com\/\",\"logo\":{\"@type\":\"ImageObject\",\"inLanguage\":\"pt-BR\",\"@id\":\"https:\/\/cacaunews.com\/#\/schema\/logo\/image\/\",\"url\":\"https:\/\/cacaunews.com\/wp-content\/uploads\/2025\/01\/cropped-LOGO-NOVA.png\",\"contentUrl\":\"https:\/\/cacaunews.com\/wp-content\/uploads\/2025\/01\/cropped-LOGO-NOVA.png\",\"width\":813,\"height\":813,\"caption\":\"Cacau News\"},\"image\":{\"@id\":\"https:\/\/cacaunews.com\/#\/schema\/logo\/image\/\"},\"sameAs\":[\"https:\/\/www.instagram.com\/cacaunews.online\/\",\"https:\/\/youtube.com\/@cacaunews?si=0VXLnjl08SrWbVG9\"]},{\"@type\":\"Person\",\"@id\":\"https:\/\/cacaunews.com\/#\/schema\/person\/ea69703103e606ad347ccd64bd72ef79\",\"name\":\"Reda\u00e7\u00e3o Cacau News\",\"image\":{\"@type\":\"ImageObject\",\"inLanguage\":\"pt-BR\",\"@id\":\"https:\/\/cacaunews.com\/#\/schema\/person\/image\/\",\"url\":\"https:\/\/secure.gravatar.com\/avatar\/d79227a2a7b6cc42e8d7a8f7c284cd3a?s=96&d=mm&r=g\",\"contentUrl\":\"https:\/\/secure.gravatar.com\/avatar\/d79227a2a7b6cc42e8d7a8f7c284cd3a?s=96&d=mm&r=g\",\"caption\":\"Reda\u00e7\u00e3o Cacau News\"},\"sameAs\":[\"https:\/\/cacaunews.com\"],\"url\":\"https:\/\/cacaunews.com\/?author=1\"}]}<\/script>\n<!-- \/ Yoast SEO plugin. -->","yoast_head_json":{"title":"Salvador poder\u00e1 ser sede da Copa do Mundo Feminina, confirma of\u00edcio da CBF. - Cacau News","robots":{"index":"index","follow":"follow","max-snippet":"max-snippet:-1","max-image-preview":"max-image-preview:large","max-video-preview":"max-video-preview:-1"},"canonical":"https:\/\/cacaunews.com\/?p=3029","og_locale":"pt_BR","og_type":"article","og_title":"Salvador poder\u00e1 ser sede da Copa do Mundo Feminina, confirma of\u00edcio da CBF. - Cacau News","og_description":"Depois de ser sede da Copa do Mundo Masculina, em 2014, Salvador poder\u00e1 receber mais...","og_url":"https:\/\/cacaunews.com\/?p=3029","og_site_name":"Cacau News","article_published_time":"2023-09-29T12:52:37+00:00","article_modified_time":"2023-09-29T12:51:42+00:00","og_image":[{"width":850,"height":556,"url":"https:\/\/cacaunews.com\/wp-content\/uploads\/2023\/09\/Arena_Fonte_Nova-0074_copyright_David_Campbell_Agencia_Faquini_Producao_Fotografica.jpg","type":"image\/jpeg"}],"author":"Reda\u00e7\u00e3o Cacau News","twitter_card":"summary_large_image","twitter_misc":{"Escrito por":"Reda\u00e7\u00e3o Cacau News","Est. tempo de leitura":"2 minutos"},"schema":{"@context":"https:\/\/schema.org","@graph":[{"@type":"Article","@id":"https:\/\/cacaunews.com\/?p=3029#article","isPartOf":{"@id":"https:\/\/cacaunews.com\/?p=3029"},"author":{"name":"Reda\u00e7\u00e3o Cacau News","@id":"https:\/\/cacaunews.com\/#\/schema\/person\/ea69703103e606ad347ccd64bd72ef79"},"headline":"Salvador poder\u00e1 ser sede da Copa do Mundo Feminina, confirma of\u00edcio da CBF.","datePublished":"2023-09-29T12:52:37+00:00","dateModified":"2023-09-29T12:51:42+00:00","mainEntityOfPage":{"@id":"https:\/\/cacaunews.com\/?p=3029"},"wordCount":402,"commentCount":0,"publisher":{"@id":"https:\/\/cacaunews.com\/#organization"},"keywords":["copa do mundo","feminino","futebol","Salvador"],"articleSection":["cidades","Internet","Jornalismo"],"inLanguage":"pt-BR","potentialAction":[{"@type":"CommentAction","name":"Comment","target":["https:\/\/cacaunews.com\/?p=3029#respond"]}]},{"@type":"WebPage","@id":"https:\/\/cacaunews.com\/?p=3029","url":"https:\/\/cacaunews.com\/?p=3029","name":"Salvador poder\u00e1 ser sede da Copa do Mundo Feminina, confirma of\u00edcio da CBF. - Cacau News","isPartOf":{"@id":"https:\/\/cacaunews.com\/#website"},"datePublished":"2023-09-29T12:52:37+00:00","dateModified":"2023-09-29T12:51:42+00:00","breadcrumb":{"@id":"https:\/\/cacaunews.com\/?p=3029#breadcrumb"},"inLanguage":"pt-BR","potentialAction":[{"@type":"ReadAction","target":["https:\/\/cacaunews.com\/?p=3029"]}]},{"@type":"BreadcrumbList","@id":"https:\/\/cacaunews.com\/?p=3029#breadcrumb","itemListElement":[{"@type":"ListItem","position":1,"name":"In\u00edcio","item":"https:\/\/cacaunews.com\/"},{"@type":"ListItem","position":2,"name":"Salvador poder\u00e1 ser sede da Copa do Mundo Feminina, confirma of\u00edcio da CBF."}]},{"@type":"WebSite","@id":"https:\/\/cacaunews.com\/#website","url":"https:\/\/cacaunews.com\/","name":"Cacau News","description":"A Informa\u00e7\u00e3o que voc\u00ea precisa!","publisher":{"@id":"https:\/\/cacaunews.com\/#organization"},"potentialAction":[{"@type":"SearchAction","target":{"@type":"EntryPoint","urlTemplate":"https:\/\/cacaunews.com\/?s={search_term_string}"},"query-input":"required name=search_term_string"}],"inLanguage":"pt-BR"},{"@type":"Organization","@id":"https:\/\/cacaunews.com\/#organization","name":"Cacau News","url":"https:\/\/cacaunews.com\/","logo":{"@type":"ImageObject","inLanguage":"pt-BR","@id":"https:\/\/cacaunews.com\/#\/schema\/logo\/image\/","url":"https:\/\/cacaunews.com\/wp-content\/uploads\/2025\/01\/cropped-LOGO-NOVA.png","contentUrl":"https:\/\/cacaunews.com\/wp-content\/uploads\/2025\/01\/cropped-LOGO-NOVA.png","width":813,"height":813,"caption":"Cacau News"},"image":{"@id":"https:\/\/cacaunews.com\/#\/schema\/logo\/image\/"},"sameAs":["https:\/\/www.instagram.com\/cacaunews.online\/","https:\/\/youtube.com\/@cacaunews?si=0VXLnjl08SrWbVG9"]},{"@type":"Person","@id":"https:\/\/cacaunews.com\/#\/schema\/person\/ea69703103e606ad347ccd64bd72ef79","name":"Reda\u00e7\u00e3o Cacau News","image":{"@type":"ImageObject","inLanguage":"pt-BR","@id":"https:\/\/cacaunews.com\/#\/schema\/person\/image\/","url":"https:\/\/secure.gravatar.com\/avatar\/d79227a2a7b6cc42e8d7a8f7c284cd3a?s=96&d=mm&r=g","contentUrl":"https:\/\/secure.gravatar.com\/avatar\/d79227a2a7b6cc42e8d7a8f7c284cd3a?s=96&d=mm&r=g","caption":"Reda\u00e7\u00e3o Cacau News"},"sameAs":["https:\/\/cacaunews.com"],"url":"https:\/\/cacaunews.com\/?author=1"}]}},"jetpack_sharing_enabled":true,"jetpack_featured_media_url":"https:\/\/cacaunews.com\/wp-content\/uploads\/2023\/09\/Arena_Fonte_Nova-0074_copyright_David_Campbell_Agencia_Faquini_Producao_Fotografica.jpg","_links":{"self":[{"href":"https:\/\/cacaunews.com\/index.php?rest_route=\/wp\/v2\/posts\/3029"}],"collection":[{"href":"https:\/\/cacaunews.com\/index.php?rest_route=\/wp\/v2\/posts"}],"about":[{"href":"https:\/\/cacaunews.com\/index.php?rest_route=\/wp\/v2\/types\/post"}],"author":[{"embeddable":true,"href":"https:\/\/cacaunews.com\/index.php?rest_route=\/wp\/v2\/users\/1"}],"replies":[{"embeddable":true,"href":"https:\/\/cacaunews.com\/index.php?rest_route=%2Fwp%2Fv2%2Fcomments&post=3029"}],"version-history":[{"count":1,"href":"https:\/\/cacaunews.com\/index.php?rest_route=\/wp\/v2\/posts\/3029\/revisions"}],"predecessor-version":[{"id":3030,"href":"https:\/\/cacaunews.com\/index.php?rest_route=\/wp\/v2\/posts\/3029\/revisions\/3030"}],"wp:featuredmedia":[{"embeddable":true,"href":"https:\/\/cacaunews.com\/index.php?rest_route=\/wp\/v2\/media\/3028"}],"wp:attachment":[{"href":"https:\/\/cacaunews.com\/index.php?rest_route=%2Fwp%2Fv2%2Fmedia&parent=3029"}],"wp:term":[{"taxonomy":"category","embeddable":true,"href":"https:\/\/cacaunews.com\/index.php?rest_route=%2Fwp%2Fv2%2Fcategories&post=3029"},{"taxonomy":"post_tag","embeddable":true,"href":"https:\/\/cacaunews.com\/index.php?rest_route=%2Fwp%2Fv2%2Ftags&post=3029"}],"curies":[{"name":"wp","href":"https:\/\/api.w.org\/{rel}","templated":true}]}}