{"id":3036,"date":"2023-09-29T19:16:48","date_gmt":"2023-09-29T19:16:48","guid":{"rendered":"https:\/\/cacaunews.com\/?p=3036"},"modified":"2023-09-29T19:16:05","modified_gmt":"2023-09-29T19:16:05","slug":"ilheus-obras-de-ampliacao-e-modernizacao-do-aeroporto-jorge-amado-recebem-vistoria-de-prefeito","status":"publish","type":"post","link":"https:\/\/cacaunews.com\/?p=3036","title":{"rendered":"Ilh\u00e9us: Obras de amplia\u00e7\u00e3o e moderniza\u00e7\u00e3o do Aeroporto Jorge Amado, recebem vistoria de prefeito."},"content":{"rendered":"\n<p>Em breve, os usu\u00e1rios do Aeroporto Jorge Amado ter\u00e3o \u00e0 disposi\u00e7\u00e3o uma infraestrutura moderna que promete proporcionar experi\u00eancias de viagem ainda mais seguras e confort\u00e1veis. Durante uma vistoria \u00e0s obras de expans\u00e3o do terminal, o prefeito M\u00e1rio Alexandre ressaltou a import\u00e2ncia log\u00edstica de Ilh\u00e9us para toda a regi\u00e3o Sul da Bahia.<br><br>\u201cFico muito feliz porque nossa luta tem rendido resultados positivos. Agrade\u00e7o a Deus em primeiro lugar e pe\u00e7o que me d\u00ea for\u00e7a e sa\u00fade para continuar trabalhando em prol do meu povo. Agrade\u00e7o tamb\u00e9m ao Ministro Rui Costa, ao Governador Jer\u00f4nimo Rodrigues, aos secret\u00e1rios Maur\u00edcio Bacellar e S\u00e9rgio Brito, \u00e0 Deputada Soane Galv\u00e3o e \u00e0 nossa equipe, que n\u00e3o medem esfor\u00e7os para garantir o bom andamento das obras.\u201c<br><br>De acordo com a Socicam, a concession\u00e1ria respons\u00e1vel pela administra\u00e7\u00e3o do aeroporto, os investimentos totalizam R$ 50 milh\u00f5es e resultar\u00e3o na cria\u00e7\u00e3o de cerca de 150 empregos. O terminal, que atualmente possui 3.400 m\u00b2, ser\u00e1 expandido para mais de 4.500 m\u00b2, aumentando a capacidade de atendimento de passageiros para cerca de 1,2 milh\u00e3o por ano, mais que o dobro do volume atual.<\/p>\n\n\n\n<p>A previs\u00e3o \u00e9 que os servi\u00e7os sejam conclu\u00eddos at\u00e9 o pr\u00f3ximo m\u00eas de dezembro.<br \/><br \/>O projeto abrange a remodela\u00e7\u00e3o de todas as \u00e1reas, incorporando elementos que valorizam os aspectos naturais e culturais da regi\u00e3o. Marcos Mariano, gerente do terminal a\u00e9reo, destacou: \u201cComo principal porta de entrada para a Costa do Cacau, o Aeroporto de Ilh\u00e9us estar\u00e1 ainda mais preparado para oferecer conforto, seguran\u00e7a e comodidade aos passageiros.\u201c<br \/><br \/>O estacionamento de ve\u00edculos e o p\u00e1tio de aeronaves tamb\u00e9m passar\u00e3o por uma amplia\u00e7\u00e3o da capacidade, priorizando opera\u00e7\u00f5es mais eficientes. Os usu\u00e1rios do aeroporto tamb\u00e9m poder\u00e3o desfrutar de novas \u00e1reas, que ser\u00e3o abertas antes do per\u00edodo de alta temporada.<\/p>\n\n\n\n<p>Sucom\/IOS <\/p>\n","protected":false},"excerpt":{"rendered":"<p>Em breve, os usu\u00e1rios do Aeroporto Jorge Amado ter\u00e3o \u00e0 disposi\u00e7\u00e3o uma infraestrutura moderna que&#8230;<\/p>\n","protected":false},"author":1,"featured_media":3035,"comment_status":"open","ping_status":"open","sticky":false,"template":"","format":"standard","meta":{"footnotes":""},"categories":[18,11],"tags":[738,37,914,564,1194],"yoast_head":"<!-- This site is optimized with the Yoast SEO plugin v21.7 - https:\/\/yoast.com\/wordpress\/plugins\/seo\/ -->\n<title>Ilh\u00e9us: Obras de amplia\u00e7\u00e3o e moderniza\u00e7\u00e3o do Aeroporto Jorge Amado, recebem vistoria de prefeito. - Cacau News<\/title>\n<meta name=\"robots\" content=\"index, follow, max-snippet:-1, max-image-preview:large, max-video-preview:-1\" \/>\n<link rel=\"canonical\" href=\"https:\/\/cacaunews.com\/?p=3036\" \/>\n<meta property=\"og:locale\" content=\"pt_BR\" \/>\n<meta property=\"og:type\" content=\"article\" \/>\n<meta property=\"og:title\" content=\"Ilh\u00e9us: Obras de amplia\u00e7\u00e3o e moderniza\u00e7\u00e3o do Aeroporto Jorge Amado, recebem vistoria de prefeito. - Cacau News\" \/>\n<meta property=\"og:description\" content=\"Em breve, os usu\u00e1rios do Aeroporto Jorge Amado ter\u00e3o \u00e0 disposi\u00e7\u00e3o uma infraestrutura moderna que...\" \/>\n<meta property=\"og:url\" content=\"https:\/\/cacaunews.com\/?p=3036\" \/>\n<meta property=\"og:site_name\" content=\"Cacau News\" \/>\n<meta property=\"article:published_time\" content=\"2023-09-29T19:16:48+00:00\" \/>\n<meta property=\"article:modified_time\" content=\"2023-09-29T19:16:05+00:00\" \/>\n<meta property=\"og:image\" content=\"https:\/\/cacaunews.com\/wp-content\/uploads\/2023\/09\/Aeroporto-Ilheus-21090801-1068x761-1.jpg\" \/>\n\t<meta property=\"og:image:width\" content=\"1068\" \/>\n\t<meta property=\"og:image:height\" content=\"761\" \/>\n\t<meta property=\"og:image:type\" content=\"image\/jpeg\" \/>\n<meta name=\"author\" content=\"Reda\u00e7\u00e3o Cacau News\" \/>\n<meta name=\"twitter:card\" content=\"summary_large_image\" \/>\n<meta name=\"twitter:label1\" content=\"Escrito por\" \/>\n\t<meta name=\"twitter:data1\" content=\"Reda\u00e7\u00e3o Cacau News\" \/>\n\t<meta name=\"twitter:label2\" content=\"Est. tempo de leitura\" \/>\n\t<meta name=\"twitter:data2\" content=\"2 minutos\" \/>\n<script type=\"application\/ld+json\" class=\"yoast-schema-graph\">{\"@context\":\"https:\/\/schema.org\",\"@graph\":[{\"@type\":\"Article\",\"@id\":\"https:\/\/cacaunews.com\/?p=3036#article\",\"isPartOf\":{\"@id\":\"https:\/\/cacaunews.com\/?p=3036\"},\"author\":{\"name\":\"Reda\u00e7\u00e3o Cacau News\",\"@id\":\"https:\/\/cacaunews.com\/#\/schema\/person\/ea69703103e606ad347ccd64bd72ef79\"},\"headline\":\"Ilh\u00e9us: Obras de amplia\u00e7\u00e3o e moderniza\u00e7\u00e3o do Aeroporto Jorge Amado, recebem vistoria de prefeito.\",\"datePublished\":\"2023-09-29T19:16:48+00:00\",\"dateModified\":\"2023-09-29T19:16:05+00:00\",\"mainEntityOfPage\":{\"@id\":\"https:\/\/cacaunews.com\/?p=3036\"},\"wordCount\":349,\"commentCount\":0,\"publisher\":{\"@id\":\"https:\/\/cacaunews.com\/#organization\"},\"keywords\":[\"aeroporto\",\"ilheus\",\"Jorge Amado\",\"prefeito\",\"vistoria\"],\"articleSection\":[\"cidades\",\"Jornalismo\"],\"inLanguage\":\"pt-BR\",\"potentialAction\":[{\"@type\":\"CommentAction\",\"name\":\"Comment\",\"target\":[\"https:\/\/cacaunews.com\/?p=3036#respond\"]}]},{\"@type\":\"WebPage\",\"@id\":\"https:\/\/cacaunews.com\/?p=3036\",\"url\":\"https:\/\/cacaunews.com\/?p=3036\",\"name\":\"Ilh\u00e9us: Obras de amplia\u00e7\u00e3o e moderniza\u00e7\u00e3o do Aeroporto Jorge Amado, recebem vistoria de prefeito. - Cacau News\",\"isPartOf\":{\"@id\":\"https:\/\/cacaunews.com\/#website\"},\"datePublished\":\"2023-09-29T19:16:48+00:00\",\"dateModified\":\"2023-09-29T19:16:05+00:00\",\"breadcrumb\":{\"@id\":\"https:\/\/cacaunews.com\/?p=3036#breadcrumb\"},\"inLanguage\":\"pt-BR\",\"potentialAction\":[{\"@type\":\"ReadAction\",\"target\":[\"https:\/\/cacaunews.com\/?p=3036\"]}]},{\"@type\":\"BreadcrumbList\",\"@id\":\"https:\/\/cacaunews.com\/?p=3036#breadcrumb\",\"itemListElement\":[{\"@type\":\"ListItem\",\"position\":1,\"name\":\"In\u00edcio\",\"item\":\"https:\/\/cacaunews.com\/\"},{\"@type\":\"ListItem\",\"position\":2,\"name\":\"Ilh\u00e9us: Obras de amplia\u00e7\u00e3o e moderniza\u00e7\u00e3o do Aeroporto Jorge Amado, recebem vistoria de prefeito.\"}]},{\"@type\":\"WebSite\",\"@id\":\"https:\/\/cacaunews.com\/#website\",\"url\":\"https:\/\/cacaunews.com\/\",\"name\":\"Cacau News\",\"description\":\"A Informa\u00e7\u00e3o que voc\u00ea precisa!\",\"publisher\":{\"@id\":\"https:\/\/cacaunews.com\/#organization\"},\"potentialAction\":[{\"@type\":\"SearchAction\",\"target\":{\"@type\":\"EntryPoint\",\"urlTemplate\":\"https:\/\/cacaunews.com\/?s={search_term_string}\"},\"query-input\":\"required name=search_term_string\"}],\"inLanguage\":\"pt-BR\"},{\"@type\":\"Organization\",\"@id\":\"https:\/\/cacaunews.com\/#organization\",\"name\":\"Cacau News\",\"url\":\"https:\/\/cacaunews.com\/\",\"logo\":{\"@type\":\"ImageObject\",\"inLanguage\":\"pt-BR\",\"@id\":\"https:\/\/cacaunews.com\/#\/schema\/logo\/image\/\",\"url\":\"https:\/\/cacaunews.com\/wp-content\/uploads\/2025\/01\/cropped-LOGO-NOVA.png\",\"contentUrl\":\"https:\/\/cacaunews.com\/wp-content\/uploads\/2025\/01\/cropped-LOGO-NOVA.png\",\"width\":813,\"height\":813,\"caption\":\"Cacau News\"},\"image\":{\"@id\":\"https:\/\/cacaunews.com\/#\/schema\/logo\/image\/\"},\"sameAs\":[\"https:\/\/www.instagram.com\/cacaunews.online\/\",\"https:\/\/youtube.com\/@cacaunews?si=0VXLnjl08SrWbVG9\"]},{\"@type\":\"Person\",\"@id\":\"https:\/\/cacaunews.com\/#\/schema\/person\/ea69703103e606ad347ccd64bd72ef79\",\"name\":\"Reda\u00e7\u00e3o Cacau News\",\"image\":{\"@type\":\"ImageObject\",\"inLanguage\":\"pt-BR\",\"@id\":\"https:\/\/cacaunews.com\/#\/schema\/person\/image\/\",\"url\":\"https:\/\/secure.gravatar.com\/avatar\/d79227a2a7b6cc42e8d7a8f7c284cd3a?s=96&d=mm&r=g\",\"contentUrl\":\"https:\/\/secure.gravatar.com\/avatar\/d79227a2a7b6cc42e8d7a8f7c284cd3a?s=96&d=mm&r=g\",\"caption\":\"Reda\u00e7\u00e3o Cacau News\"},\"sameAs\":[\"https:\/\/cacaunews.com\"],\"url\":\"https:\/\/cacaunews.com\/?author=1\"}]}<\/script>\n<!-- \/ Yoast SEO plugin. -->","yoast_head_json":{"title":"Ilh\u00e9us: Obras de amplia\u00e7\u00e3o e moderniza\u00e7\u00e3o do Aeroporto Jorge Amado, recebem vistoria de prefeito. - Cacau News","robots":{"index":"index","follow":"follow","max-snippet":"max-snippet:-1","max-image-preview":"max-image-preview:large","max-video-preview":"max-video-preview:-1"},"canonical":"https:\/\/cacaunews.com\/?p=3036","og_locale":"pt_BR","og_type":"article","og_title":"Ilh\u00e9us: Obras de amplia\u00e7\u00e3o e moderniza\u00e7\u00e3o do Aeroporto Jorge Amado, recebem vistoria de prefeito. - Cacau News","og_description":"Em breve, os usu\u00e1rios do Aeroporto Jorge Amado ter\u00e3o \u00e0 disposi\u00e7\u00e3o uma infraestrutura moderna que...","og_url":"https:\/\/cacaunews.com\/?p=3036","og_site_name":"Cacau News","article_published_time":"2023-09-29T19:16:48+00:00","article_modified_time":"2023-09-29T19:16:05+00:00","og_image":[{"width":1068,"height":761,"url":"https:\/\/cacaunews.com\/wp-content\/uploads\/2023\/09\/Aeroporto-Ilheus-21090801-1068x761-1.jpg","type":"image\/jpeg"}],"author":"Reda\u00e7\u00e3o Cacau News","twitter_card":"summary_large_image","twitter_misc":{"Escrito por":"Reda\u00e7\u00e3o Cacau News","Est. tempo de leitura":"2 minutos"},"schema":{"@context":"https:\/\/schema.org","@graph":[{"@type":"Article","@id":"https:\/\/cacaunews.com\/?p=3036#article","isPartOf":{"@id":"https:\/\/cacaunews.com\/?p=3036"},"author":{"name":"Reda\u00e7\u00e3o Cacau News","@id":"https:\/\/cacaunews.com\/#\/schema\/person\/ea69703103e606ad347ccd64bd72ef79"},"headline":"Ilh\u00e9us: Obras de amplia\u00e7\u00e3o e moderniza\u00e7\u00e3o do Aeroporto Jorge Amado, recebem vistoria de prefeito.","datePublished":"2023-09-29T19:16:48+00:00","dateModified":"2023-09-29T19:16:05+00:00","mainEntityOfPage":{"@id":"https:\/\/cacaunews.com\/?p=3036"},"wordCount":349,"commentCount":0,"publisher":{"@id":"https:\/\/cacaunews.com\/#organization"},"keywords":["aeroporto","ilheus","Jorge Amado","prefeito","vistoria"],"articleSection":["cidades","Jornalismo"],"inLanguage":"pt-BR","potentialAction":[{"@type":"CommentAction","name":"Comment","target":["https:\/\/cacaunews.com\/?p=3036#respond"]}]},{"@type":"WebPage","@id":"https:\/\/cacaunews.com\/?p=3036","url":"https:\/\/cacaunews.com\/?p=3036","name":"Ilh\u00e9us: Obras de amplia\u00e7\u00e3o e moderniza\u00e7\u00e3o do Aeroporto Jorge Amado, recebem vistoria de prefeito. - Cacau News","isPartOf":{"@id":"https:\/\/cacaunews.com\/#website"},"datePublished":"2023-09-29T19:16:48+00:00","dateModified":"2023-09-29T19:16:05+00:00","breadcrumb":{"@id":"https:\/\/cacaunews.com\/?p=3036#breadcrumb"},"inLanguage":"pt-BR","potentialAction":[{"@type":"ReadAction","target":["https:\/\/cacaunews.com\/?p=3036"]}]},{"@type":"BreadcrumbList","@id":"https:\/\/cacaunews.com\/?p=3036#breadcrumb","itemListElement":[{"@type":"ListItem","position":1,"name":"In\u00edcio","item":"https:\/\/cacaunews.com\/"},{"@type":"ListItem","position":2,"name":"Ilh\u00e9us: Obras de amplia\u00e7\u00e3o e moderniza\u00e7\u00e3o do Aeroporto Jorge Amado, recebem vistoria de prefeito."}]},{"@type":"WebSite","@id":"https:\/\/cacaunews.com\/#website","url":"https:\/\/cacaunews.com\/","name":"Cacau News","description":"A Informa\u00e7\u00e3o que voc\u00ea precisa!","publisher":{"@id":"https:\/\/cacaunews.com\/#organization"},"potentialAction":[{"@type":"SearchAction","target":{"@type":"EntryPoint","urlTemplate":"https:\/\/cacaunews.com\/?s={search_term_string}"},"query-input":"required name=search_term_string"}],"inLanguage":"pt-BR"},{"@type":"Organization","@id":"https:\/\/cacaunews.com\/#organization","name":"Cacau News","url":"https:\/\/cacaunews.com\/","logo":{"@type":"ImageObject","inLanguage":"pt-BR","@id":"https:\/\/cacaunews.com\/#\/schema\/logo\/image\/","url":"https:\/\/cacaunews.com\/wp-content\/uploads\/2025\/01\/cropped-LOGO-NOVA.png","contentUrl":"https:\/\/cacaunews.com\/wp-content\/uploads\/2025\/01\/cropped-LOGO-NOVA.png","width":813,"height":813,"caption":"Cacau News"},"image":{"@id":"https:\/\/cacaunews.com\/#\/schema\/logo\/image\/"},"sameAs":["https:\/\/www.instagram.com\/cacaunews.online\/","https:\/\/youtube.com\/@cacaunews?si=0VXLnjl08SrWbVG9"]},{"@type":"Person","@id":"https:\/\/cacaunews.com\/#\/schema\/person\/ea69703103e606ad347ccd64bd72ef79","name":"Reda\u00e7\u00e3o Cacau News","image":{"@type":"ImageObject","inLanguage":"pt-BR","@id":"https:\/\/cacaunews.com\/#\/schema\/person\/image\/","url":"https:\/\/secure.gravatar.com\/avatar\/d79227a2a7b6cc42e8d7a8f7c284cd3a?s=96&d=mm&r=g","contentUrl":"https:\/\/secure.gravatar.com\/avatar\/d79227a2a7b6cc42e8d7a8f7c284cd3a?s=96&d=mm&r=g","caption":"Reda\u00e7\u00e3o Cacau News"},"sameAs":["https:\/\/cacaunews.com"],"url":"https:\/\/cacaunews.com\/?author=1"}]}},"jetpack_sharing_enabled":true,"jetpack_featured_media_url":"https:\/\/cacaunews.com\/wp-content\/uploads\/2023\/09\/Aeroporto-Ilheus-21090801-1068x761-1.jpg","_links":{"self":[{"href":"https:\/\/cacaunews.com\/index.php?rest_route=\/wp\/v2\/posts\/3036"}],"collection":[{"href":"https:\/\/cacaunews.com\/index.php?rest_route=\/wp\/v2\/posts"}],"about":[{"href":"https:\/\/cacaunews.com\/index.php?rest_route=\/wp\/v2\/types\/post"}],"author":[{"embeddable":true,"href":"https:\/\/cacaunews.com\/index.php?rest_route=\/wp\/v2\/users\/1"}],"replies":[{"embeddable":true,"href":"https:\/\/cacaunews.com\/index.php?rest_route=%2Fwp%2Fv2%2Fcomments&post=3036"}],"version-history":[{"count":1,"href":"https:\/\/cacaunews.com\/index.php?rest_route=\/wp\/v2\/posts\/3036\/revisions"}],"predecessor-version":[{"id":3037,"href":"https:\/\/cacaunews.com\/index.php?rest_route=\/wp\/v2\/posts\/3036\/revisions\/3037"}],"wp:featuredmedia":[{"embeddable":true,"href":"https:\/\/cacaunews.com\/index.php?rest_route=\/wp\/v2\/media\/3035"}],"wp:attachment":[{"href":"https:\/\/cacaunews.com\/index.php?rest_route=%2Fwp%2Fv2%2Fmedia&parent=3036"}],"wp:term":[{"taxonomy":"category","embeddable":true,"href":"https:\/\/cacaunews.com\/index.php?rest_route=%2Fwp%2Fv2%2Fcategories&post=3036"},{"taxonomy":"post_tag","embeddable":true,"href":"https:\/\/cacaunews.com\/index.php?rest_route=%2Fwp%2Fv2%2Ftags&post=3036"}],"curies":[{"name":"wp","href":"https:\/\/api.w.org\/{rel}","templated":true}]}}