{"id":304,"date":"2022-12-13T14:07:12","date_gmt":"2022-12-13T14:07:12","guid":{"rendered":"https:\/\/cacaunews.com\/?p=304"},"modified":"2022-12-13T14:07:20","modified_gmt":"2022-12-13T14:07:20","slug":"bahia-assembleia-legislativa-vai-propor-aumento-de-salario-para-governador","status":"publish","type":"post","link":"https:\/\/cacaunews.com\/?p=304","title":{"rendered":"Bahia: Assembleia Legislativa vai propor aumento de sal\u00e1rio para governador."},"content":{"rendered":"<p>A Assembleia Legislativa da Bahia vai apresentar um projeto concedendo reajuste salarial ao pr\u00f3ximo governador da Bahia, Jer\u00f4nimo Rodrigues (PT), antes do recesso de final de ano. O percentual ainda ser\u00e1 definido ap\u00f3s conversa entre o presidente da Casa, Adolfo Menezes (PSD), e os l\u00edderes partid\u00e1rios.<\/p>\n<p>\u201cVamos ter uma reuni\u00e3o com os l\u00edderes para tratar desse assunto, mas haver\u00e1 um projeto de reajuste. O sal\u00e1rio do governador da Bahia \u00e9 defasado em rela\u00e7\u00e3o ao de alguns servidores\u201d, afirmou Menezes.\u00a0Atualmente, Rui Costa (PT) recebe de vencimento b\u00e1sico pouco mais de R$ 23 mil.<\/p>\n<p>Em novembro, o estado de S\u00e3o Paulo aprovou um projeto de lei concedendo aumento de 50{d198c3dc95c114d29e6edcd8e5c7a06443a0378d575a71ac9e4690242a1c641b} ao sal\u00e1rio do governador eleito Tarc\u00edsio de Freitas (PL), que vai ganhar um pouco mais de R$3 4 mil. O atual chefe do Executivo daquele estado tem o vencimento atual igual ao de Rui Costa. Segundo informa\u00e7\u00f5es\u00a0a proposta apresentada pela Assembleia, que tem a prerrogativa para esse tipo de mat\u00e9ria, ser\u00e1 na mesma linha.<\/p>\n<p>Com informa\u00e7\u00f5es do Pol\u00edtica Livre.<\/p>\n","protected":false},"excerpt":{"rendered":"<p>A Assembleia Legislativa da Bahia vai apresentar um projeto concedendo reajuste salarial ao pr\u00f3ximo governador&#8230;<\/p>\n","protected":false},"author":1,"featured_media":305,"comment_status":"open","ping_status":"open","sticky":false,"template":"","format":"standard","meta":{"footnotes":""},"categories":[18,11,5],"tags":[54,39,26,53],"yoast_head":"<!-- This site is optimized with the Yoast SEO plugin v21.7 - https:\/\/yoast.com\/wordpress\/plugins\/seo\/ -->\n<title>Bahia: Assembleia Legislativa vai propor aumento de sal\u00e1rio para governador. - Cacau News<\/title>\n<meta name=\"robots\" content=\"index, follow, max-snippet:-1, max-image-preview:large, max-video-preview:-1\" \/>\n<link rel=\"canonical\" href=\"https:\/\/cacaunews.com\/?p=304\" \/>\n<meta property=\"og:locale\" content=\"pt_BR\" \/>\n<meta property=\"og:type\" content=\"article\" \/>\n<meta property=\"og:title\" content=\"Bahia: Assembleia Legislativa vai propor aumento de sal\u00e1rio para governador. - Cacau News\" \/>\n<meta property=\"og:description\" content=\"A Assembleia Legislativa da Bahia vai apresentar um projeto concedendo reajuste salarial ao pr\u00f3ximo governador...\" \/>\n<meta property=\"og:url\" content=\"https:\/\/cacaunews.com\/?p=304\" \/>\n<meta property=\"og:site_name\" content=\"Cacau News\" \/>\n<meta property=\"article:published_time\" content=\"2022-12-13T14:07:12+00:00\" \/>\n<meta property=\"article:modified_time\" content=\"2022-12-13T14:07:20+00:00\" \/>\n<meta property=\"og:image\" content=\"https:\/\/cacaunews.com\/wp-content\/uploads\/2022\/12\/Plenario-ALBA.jpg\" \/>\n\t<meta property=\"og:image:width\" content=\"951\" \/>\n\t<meta property=\"og:image:height\" content=\"535\" \/>\n\t<meta property=\"og:image:type\" content=\"image\/jpeg\" \/>\n<meta name=\"author\" content=\"Reda\u00e7\u00e3o Cacau News\" \/>\n<meta name=\"twitter:card\" content=\"summary_large_image\" \/>\n<meta name=\"twitter:label1\" content=\"Escrito por\" \/>\n\t<meta name=\"twitter:data1\" content=\"Reda\u00e7\u00e3o Cacau News\" \/>\n\t<meta name=\"twitter:label2\" content=\"Est. tempo de leitura\" \/>\n\t<meta name=\"twitter:data2\" content=\"1 minuto\" \/>\n<script type=\"application\/ld+json\" class=\"yoast-schema-graph\">{\"@context\":\"https:\/\/schema.org\",\"@graph\":[{\"@type\":\"Article\",\"@id\":\"https:\/\/cacaunews.com\/?p=304#article\",\"isPartOf\":{\"@id\":\"https:\/\/cacaunews.com\/?p=304\"},\"author\":{\"name\":\"Reda\u00e7\u00e3o Cacau News\",\"@id\":\"https:\/\/cacaunews.com\/#\/schema\/person\/ea69703103e606ad347ccd64bd72ef79\"},\"headline\":\"Bahia: Assembleia Legislativa vai propor aumento de sal\u00e1rio para governador.\",\"datePublished\":\"2022-12-13T14:07:12+00:00\",\"dateModified\":\"2022-12-13T14:07:20+00:00\",\"mainEntityOfPage\":{\"@id\":\"https:\/\/cacaunews.com\/?p=304\"},\"wordCount\":211,\"commentCount\":0,\"publisher\":{\"@id\":\"https:\/\/cacaunews.com\/#organization\"},\"keywords\":[\"ALBA\",\"bahia\",\"politica\",\"sal\u00e1rio\"],\"articleSection\":[\"cidades\",\"Jornalismo\",\"Politica\"],\"inLanguage\":\"pt-BR\",\"potentialAction\":[{\"@type\":\"CommentAction\",\"name\":\"Comment\",\"target\":[\"https:\/\/cacaunews.com\/?p=304#respond\"]}]},{\"@type\":\"WebPage\",\"@id\":\"https:\/\/cacaunews.com\/?p=304\",\"url\":\"https:\/\/cacaunews.com\/?p=304\",\"name\":\"Bahia: Assembleia Legislativa vai propor aumento de sal\u00e1rio para governador. - Cacau News\",\"isPartOf\":{\"@id\":\"https:\/\/cacaunews.com\/#website\"},\"datePublished\":\"2022-12-13T14:07:12+00:00\",\"dateModified\":\"2022-12-13T14:07:20+00:00\",\"breadcrumb\":{\"@id\":\"https:\/\/cacaunews.com\/?p=304#breadcrumb\"},\"inLanguage\":\"pt-BR\",\"potentialAction\":[{\"@type\":\"ReadAction\",\"target\":[\"https:\/\/cacaunews.com\/?p=304\"]}]},{\"@type\":\"BreadcrumbList\",\"@id\":\"https:\/\/cacaunews.com\/?p=304#breadcrumb\",\"itemListElement\":[{\"@type\":\"ListItem\",\"position\":1,\"name\":\"In\u00edcio\",\"item\":\"https:\/\/cacaunews.com\/\"},{\"@type\":\"ListItem\",\"position\":2,\"name\":\"Bahia: Assembleia Legislativa vai propor aumento de sal\u00e1rio para governador.\"}]},{\"@type\":\"WebSite\",\"@id\":\"https:\/\/cacaunews.com\/#website\",\"url\":\"https:\/\/cacaunews.com\/\",\"name\":\"Cacau News\",\"description\":\"A Informa\u00e7\u00e3o que voc\u00ea precisa!\",\"publisher\":{\"@id\":\"https:\/\/cacaunews.com\/#organization\"},\"potentialAction\":[{\"@type\":\"SearchAction\",\"target\":{\"@type\":\"EntryPoint\",\"urlTemplate\":\"https:\/\/cacaunews.com\/?s={search_term_string}\"},\"query-input\":\"required name=search_term_string\"}],\"inLanguage\":\"pt-BR\"},{\"@type\":\"Organization\",\"@id\":\"https:\/\/cacaunews.com\/#organization\",\"name\":\"Cacau News\",\"url\":\"https:\/\/cacaunews.com\/\",\"logo\":{\"@type\":\"ImageObject\",\"inLanguage\":\"pt-BR\",\"@id\":\"https:\/\/cacaunews.com\/#\/schema\/logo\/image\/\",\"url\":\"https:\/\/cacaunews.com\/wp-content\/uploads\/2025\/01\/cropped-LOGO-NOVA.png\",\"contentUrl\":\"https:\/\/cacaunews.com\/wp-content\/uploads\/2025\/01\/cropped-LOGO-NOVA.png\",\"width\":813,\"height\":813,\"caption\":\"Cacau News\"},\"image\":{\"@id\":\"https:\/\/cacaunews.com\/#\/schema\/logo\/image\/\"},\"sameAs\":[\"https:\/\/www.instagram.com\/cacaunews.online\/\",\"https:\/\/youtube.com\/@cacaunews?si=0VXLnjl08SrWbVG9\"]},{\"@type\":\"Person\",\"@id\":\"https:\/\/cacaunews.com\/#\/schema\/person\/ea69703103e606ad347ccd64bd72ef79\",\"name\":\"Reda\u00e7\u00e3o Cacau News\",\"image\":{\"@type\":\"ImageObject\",\"inLanguage\":\"pt-BR\",\"@id\":\"https:\/\/cacaunews.com\/#\/schema\/person\/image\/\",\"url\":\"https:\/\/secure.gravatar.com\/avatar\/d79227a2a7b6cc42e8d7a8f7c284cd3a?s=96&d=mm&r=g\",\"contentUrl\":\"https:\/\/secure.gravatar.com\/avatar\/d79227a2a7b6cc42e8d7a8f7c284cd3a?s=96&d=mm&r=g\",\"caption\":\"Reda\u00e7\u00e3o Cacau News\"},\"sameAs\":[\"https:\/\/cacaunews.com\"],\"url\":\"https:\/\/cacaunews.com\/?author=1\"}]}<\/script>\n<!-- \/ Yoast SEO plugin. -->","yoast_head_json":{"title":"Bahia: Assembleia Legislativa vai propor aumento de sal\u00e1rio para governador. - Cacau News","robots":{"index":"index","follow":"follow","max-snippet":"max-snippet:-1","max-image-preview":"max-image-preview:large","max-video-preview":"max-video-preview:-1"},"canonical":"https:\/\/cacaunews.com\/?p=304","og_locale":"pt_BR","og_type":"article","og_title":"Bahia: Assembleia Legislativa vai propor aumento de sal\u00e1rio para governador. - Cacau News","og_description":"A Assembleia Legislativa da Bahia vai apresentar um projeto concedendo reajuste salarial ao pr\u00f3ximo governador...","og_url":"https:\/\/cacaunews.com\/?p=304","og_site_name":"Cacau News","article_published_time":"2022-12-13T14:07:12+00:00","article_modified_time":"2022-12-13T14:07:20+00:00","og_image":[{"width":951,"height":535,"url":"https:\/\/cacaunews.com\/wp-content\/uploads\/2022\/12\/Plenario-ALBA.jpg","type":"image\/jpeg"}],"author":"Reda\u00e7\u00e3o Cacau News","twitter_card":"summary_large_image","twitter_misc":{"Escrito por":"Reda\u00e7\u00e3o Cacau News","Est. tempo de leitura":"1 minuto"},"schema":{"@context":"https:\/\/schema.org","@graph":[{"@type":"Article","@id":"https:\/\/cacaunews.com\/?p=304#article","isPartOf":{"@id":"https:\/\/cacaunews.com\/?p=304"},"author":{"name":"Reda\u00e7\u00e3o Cacau News","@id":"https:\/\/cacaunews.com\/#\/schema\/person\/ea69703103e606ad347ccd64bd72ef79"},"headline":"Bahia: Assembleia Legislativa vai propor aumento de sal\u00e1rio para governador.","datePublished":"2022-12-13T14:07:12+00:00","dateModified":"2022-12-13T14:07:20+00:00","mainEntityOfPage":{"@id":"https:\/\/cacaunews.com\/?p=304"},"wordCount":211,"commentCount":0,"publisher":{"@id":"https:\/\/cacaunews.com\/#organization"},"keywords":["ALBA","bahia","politica","sal\u00e1rio"],"articleSection":["cidades","Jornalismo","Politica"],"inLanguage":"pt-BR","potentialAction":[{"@type":"CommentAction","name":"Comment","target":["https:\/\/cacaunews.com\/?p=304#respond"]}]},{"@type":"WebPage","@id":"https:\/\/cacaunews.com\/?p=304","url":"https:\/\/cacaunews.com\/?p=304","name":"Bahia: Assembleia Legislativa vai propor aumento de sal\u00e1rio para governador. - Cacau News","isPartOf":{"@id":"https:\/\/cacaunews.com\/#website"},"datePublished":"2022-12-13T14:07:12+00:00","dateModified":"2022-12-13T14:07:20+00:00","breadcrumb":{"@id":"https:\/\/cacaunews.com\/?p=304#breadcrumb"},"inLanguage":"pt-BR","potentialAction":[{"@type":"ReadAction","target":["https:\/\/cacaunews.com\/?p=304"]}]},{"@type":"BreadcrumbList","@id":"https:\/\/cacaunews.com\/?p=304#breadcrumb","itemListElement":[{"@type":"ListItem","position":1,"name":"In\u00edcio","item":"https:\/\/cacaunews.com\/"},{"@type":"ListItem","position":2,"name":"Bahia: Assembleia Legislativa vai propor aumento de sal\u00e1rio para governador."}]},{"@type":"WebSite","@id":"https:\/\/cacaunews.com\/#website","url":"https:\/\/cacaunews.com\/","name":"Cacau News","description":"A Informa\u00e7\u00e3o que voc\u00ea precisa!","publisher":{"@id":"https:\/\/cacaunews.com\/#organization"},"potentialAction":[{"@type":"SearchAction","target":{"@type":"EntryPoint","urlTemplate":"https:\/\/cacaunews.com\/?s={search_term_string}"},"query-input":"required name=search_term_string"}],"inLanguage":"pt-BR"},{"@type":"Organization","@id":"https:\/\/cacaunews.com\/#organization","name":"Cacau News","url":"https:\/\/cacaunews.com\/","logo":{"@type":"ImageObject","inLanguage":"pt-BR","@id":"https:\/\/cacaunews.com\/#\/schema\/logo\/image\/","url":"https:\/\/cacaunews.com\/wp-content\/uploads\/2025\/01\/cropped-LOGO-NOVA.png","contentUrl":"https:\/\/cacaunews.com\/wp-content\/uploads\/2025\/01\/cropped-LOGO-NOVA.png","width":813,"height":813,"caption":"Cacau News"},"image":{"@id":"https:\/\/cacaunews.com\/#\/schema\/logo\/image\/"},"sameAs":["https:\/\/www.instagram.com\/cacaunews.online\/","https:\/\/youtube.com\/@cacaunews?si=0VXLnjl08SrWbVG9"]},{"@type":"Person","@id":"https:\/\/cacaunews.com\/#\/schema\/person\/ea69703103e606ad347ccd64bd72ef79","name":"Reda\u00e7\u00e3o Cacau News","image":{"@type":"ImageObject","inLanguage":"pt-BR","@id":"https:\/\/cacaunews.com\/#\/schema\/person\/image\/","url":"https:\/\/secure.gravatar.com\/avatar\/d79227a2a7b6cc42e8d7a8f7c284cd3a?s=96&d=mm&r=g","contentUrl":"https:\/\/secure.gravatar.com\/avatar\/d79227a2a7b6cc42e8d7a8f7c284cd3a?s=96&d=mm&r=g","caption":"Reda\u00e7\u00e3o Cacau News"},"sameAs":["https:\/\/cacaunews.com"],"url":"https:\/\/cacaunews.com\/?author=1"}]}},"jetpack_sharing_enabled":true,"jetpack_featured_media_url":"https:\/\/cacaunews.com\/wp-content\/uploads\/2022\/12\/Plenario-ALBA.jpg","_links":{"self":[{"href":"https:\/\/cacaunews.com\/index.php?rest_route=\/wp\/v2\/posts\/304"}],"collection":[{"href":"https:\/\/cacaunews.com\/index.php?rest_route=\/wp\/v2\/posts"}],"about":[{"href":"https:\/\/cacaunews.com\/index.php?rest_route=\/wp\/v2\/types\/post"}],"author":[{"embeddable":true,"href":"https:\/\/cacaunews.com\/index.php?rest_route=\/wp\/v2\/users\/1"}],"replies":[{"embeddable":true,"href":"https:\/\/cacaunews.com\/index.php?rest_route=%2Fwp%2Fv2%2Fcomments&post=304"}],"version-history":[{"count":1,"href":"https:\/\/cacaunews.com\/index.php?rest_route=\/wp\/v2\/posts\/304\/revisions"}],"predecessor-version":[{"id":306,"href":"https:\/\/cacaunews.com\/index.php?rest_route=\/wp\/v2\/posts\/304\/revisions\/306"}],"wp:featuredmedia":[{"embeddable":true,"href":"https:\/\/cacaunews.com\/index.php?rest_route=\/wp\/v2\/media\/305"}],"wp:attachment":[{"href":"https:\/\/cacaunews.com\/index.php?rest_route=%2Fwp%2Fv2%2Fmedia&parent=304"}],"wp:term":[{"taxonomy":"category","embeddable":true,"href":"https:\/\/cacaunews.com\/index.php?rest_route=%2Fwp%2Fv2%2Fcategories&post=304"},{"taxonomy":"post_tag","embeddable":true,"href":"https:\/\/cacaunews.com\/index.php?rest_route=%2Fwp%2Fv2%2Ftags&post=304"}],"curies":[{"name":"wp","href":"https:\/\/api.w.org\/{rel}","templated":true}]}}