{"id":3041,"date":"2023-09-29T19:32:55","date_gmt":"2023-09-29T19:32:55","guid":{"rendered":"https:\/\/cacaunews.com\/?p=3041"},"modified":"2023-09-29T19:31:40","modified_gmt":"2023-09-29T19:31:40","slug":"profissionais-da-saude-participam-de-curso-de-libras-para-melhorar-atendimento-aos-surdos-em-ilheus","status":"publish","type":"post","link":"https:\/\/cacaunews.com\/?p=3041","title":{"rendered":"Profissionais da Sa\u00fade participam de curso de Libras para melhorar atendimento aos surdos em Ilh\u00e9us."},"content":{"rendered":"\n<p>A Prefeitura de Ilh\u00e9us, em parceria com a Universidade Estadual de Santa Cruz (UESC), est\u00e1 oferecendo aos profissionais da assist\u00eancia em Sa\u00fade curso b\u00e1sico de L\u00edngua Brasileira de Sinais (Libras), a fim de qualificar o atendimento \u00e0 popula\u00e7\u00e3o surda do munic\u00edpio. A capacita\u00e7\u00e3o teve in\u00edcio na quarta-feira (27), no audit\u00f3rio da Secretaria de Sa\u00fade (Sesau).<\/p>\n\n\n\n<p>Conforme Wolney Almeida, p\u00f3s-doutor em Educa\u00e7\u00e3o Especial e int\u00e9rprete de Libras, \u201cfazemos parte de um projeto de inicia\u00e7\u00e3o cient\u00edfica com alunos do curso de Medicina da UESC. Essa a\u00e7\u00e3o culmina nesse projeto, uma vez que oferece forma\u00e7\u00e3o para qualificar o atendimento \u00e0 sa\u00fade. \u00c9 importante que a L\u00edngua de Sinais seja reconhecida e implementada, a fim de assegurar inclus\u00e3o e acessibilidade de comunica\u00e7\u00e3o para as pessoas surdas em todos os espa\u00e7os\u201d, explicou.\u00a0<\/p>\n\n\n\n<figure class=\"wp-block-image size-large\"><img fetchpriority=\"high\" decoding=\"async\" width=\"650\" height=\"450\" src=\"https:\/\/cacaunews.com\/wp-content\/uploads\/2023\/09\/7BA8AEEAE2-ACE3-56B8-A5D7-1DEDA54CBDC07D_650X450.jpg\" alt=\"\" class=\"wp-image-3038\" srcset=\"https:\/\/cacaunews.com\/wp-content\/uploads\/2023\/09\/7BA8AEEAE2-ACE3-56B8-A5D7-1DEDA54CBDC07D_650X450.jpg 650w, https:\/\/cacaunews.com\/wp-content\/uploads\/2023\/09\/7BA8AEEAE2-ACE3-56B8-A5D7-1DEDA54CBDC07D_650X450-300x208.jpg 300w\" sizes=\"(max-width: 650px) 100vw, 650px\" \/><\/figure>\n\n\n\n<p>Os profissionais que participam deste curso aprender\u00e3o a receber o paciente surdo nas unidades de sa\u00fade do munic\u00edpio, compreendendo seus anseios e necessidades. Eduardo Nora, titular da Sesau, destacou que a iniciativa possui grande relev\u00e2ncia social e representa um avan\u00e7o na oferta de servi\u00e7os p\u00fablicos de qualidade.<br><br>\u201cQueremos que o paciente se sinta muito mais acolhido. E dentro da nossa proposta, a UESC chega com uma abordagem extremamente importante, atrav\u00e9s da garantia de direitos e inclus\u00e3o. A gest\u00e3o do prefeito M\u00e1rio Alexandre tem buscado ampliar o atendimento na rede, promovendo maior intera\u00e7\u00e3o entre os profissionais de sa\u00fade e a comunidade\u201d.<br><br>O curso visa compartilhar conhecimento e romper o isolamento da comunica\u00e7\u00e3o e a exclus\u00e3o das pessoas surdas no \u00e2mbito do Munic\u00edpio de Ilh\u00e9us.<\/p>\n\n\n\n<figure class=\"wp-block-image size-large\"><img decoding=\"async\" width=\"650\" height=\"450\" src=\"https:\/\/cacaunews.com\/wp-content\/uploads\/2023\/09\/7BCA82A260-ECCE-4C71-A67D-D0BDC7204A4C7D_650X450.jpg\" alt=\"\" class=\"wp-image-3039\" srcset=\"https:\/\/cacaunews.com\/wp-content\/uploads\/2023\/09\/7BCA82A260-ECCE-4C71-A67D-D0BDC7204A4C7D_650X450.jpg 650w, https:\/\/cacaunews.com\/wp-content\/uploads\/2023\/09\/7BCA82A260-ECCE-4C71-A67D-D0BDC7204A4C7D_650X450-300x208.jpg 300w\" sizes=\"(max-width: 650px) 100vw, 650px\" \/><\/figure>\n","protected":false},"excerpt":{"rendered":"<p>A Prefeitura de Ilh\u00e9us, em parceria com a Universidade Estadual de Santa Cruz (UESC), est\u00e1&#8230;<\/p>\n","protected":false},"author":1,"featured_media":3040,"comment_status":"open","ping_status":"open","sticky":false,"template":"","format":"standard","meta":{"footnotes":""},"categories":[18,11],"tags":[22,37,1195,13,666],"yoast_head":"<!-- This site is optimized with the Yoast SEO plugin v21.7 - https:\/\/yoast.com\/wordpress\/plugins\/seo\/ -->\n<title>Profissionais da Sa\u00fade participam de curso de Libras para melhorar atendimento aos surdos em Ilh\u00e9us. - Cacau News<\/title>\n<meta name=\"robots\" content=\"index, follow, max-snippet:-1, max-image-preview:large, max-video-preview:-1\" \/>\n<link rel=\"canonical\" href=\"https:\/\/cacaunews.com\/?p=3041\" \/>\n<meta property=\"og:locale\" content=\"pt_BR\" \/>\n<meta property=\"og:type\" content=\"article\" \/>\n<meta property=\"og:title\" content=\"Profissionais da Sa\u00fade participam de curso de Libras para melhorar atendimento aos surdos em Ilh\u00e9us. - Cacau News\" \/>\n<meta property=\"og:description\" content=\"A Prefeitura de Ilh\u00e9us, em parceria com a Universidade Estadual de Santa Cruz (UESC), est\u00e1...\" \/>\n<meta property=\"og:url\" content=\"https:\/\/cacaunews.com\/?p=3041\" \/>\n<meta property=\"og:site_name\" content=\"Cacau News\" \/>\n<meta property=\"article:published_time\" content=\"2023-09-29T19:32:55+00:00\" \/>\n<meta property=\"article:modified_time\" content=\"2023-09-29T19:31:40+00:00\" \/>\n<meta property=\"og:image\" content=\"https:\/\/cacaunews.com\/wp-content\/uploads\/2023\/09\/7BE34ABA1D-3C6D-D17E-D7E6-ADABE3EB811C7D_650X45028129.jpg\" \/>\n\t<meta property=\"og:image:width\" content=\"650\" \/>\n\t<meta property=\"og:image:height\" content=\"450\" \/>\n\t<meta property=\"og:image:type\" content=\"image\/jpeg\" \/>\n<meta name=\"author\" content=\"Reda\u00e7\u00e3o Cacau News\" \/>\n<meta name=\"twitter:card\" content=\"summary_large_image\" \/>\n<meta name=\"twitter:label1\" content=\"Escrito por\" \/>\n\t<meta name=\"twitter:data1\" content=\"Reda\u00e7\u00e3o Cacau News\" \/>\n\t<meta name=\"twitter:label2\" content=\"Est. tempo de leitura\" \/>\n\t<meta name=\"twitter:data2\" content=\"1 minuto\" \/>\n<script type=\"application\/ld+json\" class=\"yoast-schema-graph\">{\"@context\":\"https:\/\/schema.org\",\"@graph\":[{\"@type\":\"Article\",\"@id\":\"https:\/\/cacaunews.com\/?p=3041#article\",\"isPartOf\":{\"@id\":\"https:\/\/cacaunews.com\/?p=3041\"},\"author\":{\"name\":\"Reda\u00e7\u00e3o Cacau News\",\"@id\":\"https:\/\/cacaunews.com\/#\/schema\/person\/ea69703103e606ad347ccd64bd72ef79\"},\"headline\":\"Profissionais da Sa\u00fade participam de curso de Libras para melhorar atendimento aos surdos em Ilh\u00e9us.\",\"datePublished\":\"2023-09-29T19:32:55+00:00\",\"dateModified\":\"2023-09-29T19:31:40+00:00\",\"mainEntityOfPage\":{\"@id\":\"https:\/\/cacaunews.com\/?p=3041\"},\"wordCount\":303,\"commentCount\":0,\"publisher\":{\"@id\":\"https:\/\/cacaunews.com\/#organization\"},\"keywords\":[\"capacita\u00e7\u00e3o\",\"ilheus\",\"libras\",\"sa\u00fade\",\"servidores\"],\"articleSection\":[\"cidades\",\"Jornalismo\"],\"inLanguage\":\"pt-BR\",\"potentialAction\":[{\"@type\":\"CommentAction\",\"name\":\"Comment\",\"target\":[\"https:\/\/cacaunews.com\/?p=3041#respond\"]}]},{\"@type\":\"WebPage\",\"@id\":\"https:\/\/cacaunews.com\/?p=3041\",\"url\":\"https:\/\/cacaunews.com\/?p=3041\",\"name\":\"Profissionais da Sa\u00fade participam de curso de Libras para melhorar atendimento aos surdos em Ilh\u00e9us. - Cacau News\",\"isPartOf\":{\"@id\":\"https:\/\/cacaunews.com\/#website\"},\"datePublished\":\"2023-09-29T19:32:55+00:00\",\"dateModified\":\"2023-09-29T19:31:40+00:00\",\"breadcrumb\":{\"@id\":\"https:\/\/cacaunews.com\/?p=3041#breadcrumb\"},\"inLanguage\":\"pt-BR\",\"potentialAction\":[{\"@type\":\"ReadAction\",\"target\":[\"https:\/\/cacaunews.com\/?p=3041\"]}]},{\"@type\":\"BreadcrumbList\",\"@id\":\"https:\/\/cacaunews.com\/?p=3041#breadcrumb\",\"itemListElement\":[{\"@type\":\"ListItem\",\"position\":1,\"name\":\"In\u00edcio\",\"item\":\"https:\/\/cacaunews.com\/\"},{\"@type\":\"ListItem\",\"position\":2,\"name\":\"Profissionais da Sa\u00fade participam de curso de Libras para melhorar atendimento aos surdos em Ilh\u00e9us.\"}]},{\"@type\":\"WebSite\",\"@id\":\"https:\/\/cacaunews.com\/#website\",\"url\":\"https:\/\/cacaunews.com\/\",\"name\":\"Cacau News\",\"description\":\"A Informa\u00e7\u00e3o que voc\u00ea precisa!\",\"publisher\":{\"@id\":\"https:\/\/cacaunews.com\/#organization\"},\"potentialAction\":[{\"@type\":\"SearchAction\",\"target\":{\"@type\":\"EntryPoint\",\"urlTemplate\":\"https:\/\/cacaunews.com\/?s={search_term_string}\"},\"query-input\":\"required name=search_term_string\"}],\"inLanguage\":\"pt-BR\"},{\"@type\":\"Organization\",\"@id\":\"https:\/\/cacaunews.com\/#organization\",\"name\":\"Cacau News\",\"url\":\"https:\/\/cacaunews.com\/\",\"logo\":{\"@type\":\"ImageObject\",\"inLanguage\":\"pt-BR\",\"@id\":\"https:\/\/cacaunews.com\/#\/schema\/logo\/image\/\",\"url\":\"https:\/\/cacaunews.com\/wp-content\/uploads\/2025\/01\/cropped-LOGO-NOVA.png\",\"contentUrl\":\"https:\/\/cacaunews.com\/wp-content\/uploads\/2025\/01\/cropped-LOGO-NOVA.png\",\"width\":813,\"height\":813,\"caption\":\"Cacau News\"},\"image\":{\"@id\":\"https:\/\/cacaunews.com\/#\/schema\/logo\/image\/\"},\"sameAs\":[\"https:\/\/www.instagram.com\/cacaunews.online\/\",\"https:\/\/youtube.com\/@cacaunews?si=0VXLnjl08SrWbVG9\"]},{\"@type\":\"Person\",\"@id\":\"https:\/\/cacaunews.com\/#\/schema\/person\/ea69703103e606ad347ccd64bd72ef79\",\"name\":\"Reda\u00e7\u00e3o Cacau News\",\"image\":{\"@type\":\"ImageObject\",\"inLanguage\":\"pt-BR\",\"@id\":\"https:\/\/cacaunews.com\/#\/schema\/person\/image\/\",\"url\":\"https:\/\/secure.gravatar.com\/avatar\/d79227a2a7b6cc42e8d7a8f7c284cd3a?s=96&d=mm&r=g\",\"contentUrl\":\"https:\/\/secure.gravatar.com\/avatar\/d79227a2a7b6cc42e8d7a8f7c284cd3a?s=96&d=mm&r=g\",\"caption\":\"Reda\u00e7\u00e3o Cacau News\"},\"sameAs\":[\"https:\/\/cacaunews.com\"],\"url\":\"https:\/\/cacaunews.com\/?author=1\"}]}<\/script>\n<!-- \/ Yoast SEO plugin. -->","yoast_head_json":{"title":"Profissionais da Sa\u00fade participam de curso de Libras para melhorar atendimento aos surdos em Ilh\u00e9us. - Cacau News","robots":{"index":"index","follow":"follow","max-snippet":"max-snippet:-1","max-image-preview":"max-image-preview:large","max-video-preview":"max-video-preview:-1"},"canonical":"https:\/\/cacaunews.com\/?p=3041","og_locale":"pt_BR","og_type":"article","og_title":"Profissionais da Sa\u00fade participam de curso de Libras para melhorar atendimento aos surdos em Ilh\u00e9us. - Cacau News","og_description":"A Prefeitura de Ilh\u00e9us, em parceria com a Universidade Estadual de Santa Cruz (UESC), est\u00e1...","og_url":"https:\/\/cacaunews.com\/?p=3041","og_site_name":"Cacau News","article_published_time":"2023-09-29T19:32:55+00:00","article_modified_time":"2023-09-29T19:31:40+00:00","og_image":[{"width":650,"height":450,"url":"https:\/\/cacaunews.com\/wp-content\/uploads\/2023\/09\/7BE34ABA1D-3C6D-D17E-D7E6-ADABE3EB811C7D_650X45028129.jpg","type":"image\/jpeg"}],"author":"Reda\u00e7\u00e3o Cacau News","twitter_card":"summary_large_image","twitter_misc":{"Escrito por":"Reda\u00e7\u00e3o Cacau News","Est. tempo de leitura":"1 minuto"},"schema":{"@context":"https:\/\/schema.org","@graph":[{"@type":"Article","@id":"https:\/\/cacaunews.com\/?p=3041#article","isPartOf":{"@id":"https:\/\/cacaunews.com\/?p=3041"},"author":{"name":"Reda\u00e7\u00e3o Cacau News","@id":"https:\/\/cacaunews.com\/#\/schema\/person\/ea69703103e606ad347ccd64bd72ef79"},"headline":"Profissionais da Sa\u00fade participam de curso de Libras para melhorar atendimento aos surdos em Ilh\u00e9us.","datePublished":"2023-09-29T19:32:55+00:00","dateModified":"2023-09-29T19:31:40+00:00","mainEntityOfPage":{"@id":"https:\/\/cacaunews.com\/?p=3041"},"wordCount":303,"commentCount":0,"publisher":{"@id":"https:\/\/cacaunews.com\/#organization"},"keywords":["capacita\u00e7\u00e3o","ilheus","libras","sa\u00fade","servidores"],"articleSection":["cidades","Jornalismo"],"inLanguage":"pt-BR","potentialAction":[{"@type":"CommentAction","name":"Comment","target":["https:\/\/cacaunews.com\/?p=3041#respond"]}]},{"@type":"WebPage","@id":"https:\/\/cacaunews.com\/?p=3041","url":"https:\/\/cacaunews.com\/?p=3041","name":"Profissionais da Sa\u00fade participam de curso de Libras para melhorar atendimento aos surdos em Ilh\u00e9us. - Cacau News","isPartOf":{"@id":"https:\/\/cacaunews.com\/#website"},"datePublished":"2023-09-29T19:32:55+00:00","dateModified":"2023-09-29T19:31:40+00:00","breadcrumb":{"@id":"https:\/\/cacaunews.com\/?p=3041#breadcrumb"},"inLanguage":"pt-BR","potentialAction":[{"@type":"ReadAction","target":["https:\/\/cacaunews.com\/?p=3041"]}]},{"@type":"BreadcrumbList","@id":"https:\/\/cacaunews.com\/?p=3041#breadcrumb","itemListElement":[{"@type":"ListItem","position":1,"name":"In\u00edcio","item":"https:\/\/cacaunews.com\/"},{"@type":"ListItem","position":2,"name":"Profissionais da Sa\u00fade participam de curso de Libras para melhorar atendimento aos surdos em Ilh\u00e9us."}]},{"@type":"WebSite","@id":"https:\/\/cacaunews.com\/#website","url":"https:\/\/cacaunews.com\/","name":"Cacau News","description":"A Informa\u00e7\u00e3o que voc\u00ea precisa!","publisher":{"@id":"https:\/\/cacaunews.com\/#organization"},"potentialAction":[{"@type":"SearchAction","target":{"@type":"EntryPoint","urlTemplate":"https:\/\/cacaunews.com\/?s={search_term_string}"},"query-input":"required name=search_term_string"}],"inLanguage":"pt-BR"},{"@type":"Organization","@id":"https:\/\/cacaunews.com\/#organization","name":"Cacau News","url":"https:\/\/cacaunews.com\/","logo":{"@type":"ImageObject","inLanguage":"pt-BR","@id":"https:\/\/cacaunews.com\/#\/schema\/logo\/image\/","url":"https:\/\/cacaunews.com\/wp-content\/uploads\/2025\/01\/cropped-LOGO-NOVA.png","contentUrl":"https:\/\/cacaunews.com\/wp-content\/uploads\/2025\/01\/cropped-LOGO-NOVA.png","width":813,"height":813,"caption":"Cacau News"},"image":{"@id":"https:\/\/cacaunews.com\/#\/schema\/logo\/image\/"},"sameAs":["https:\/\/www.instagram.com\/cacaunews.online\/","https:\/\/youtube.com\/@cacaunews?si=0VXLnjl08SrWbVG9"]},{"@type":"Person","@id":"https:\/\/cacaunews.com\/#\/schema\/person\/ea69703103e606ad347ccd64bd72ef79","name":"Reda\u00e7\u00e3o Cacau News","image":{"@type":"ImageObject","inLanguage":"pt-BR","@id":"https:\/\/cacaunews.com\/#\/schema\/person\/image\/","url":"https:\/\/secure.gravatar.com\/avatar\/d79227a2a7b6cc42e8d7a8f7c284cd3a?s=96&d=mm&r=g","contentUrl":"https:\/\/secure.gravatar.com\/avatar\/d79227a2a7b6cc42e8d7a8f7c284cd3a?s=96&d=mm&r=g","caption":"Reda\u00e7\u00e3o Cacau News"},"sameAs":["https:\/\/cacaunews.com"],"url":"https:\/\/cacaunews.com\/?author=1"}]}},"jetpack_sharing_enabled":true,"jetpack_featured_media_url":"https:\/\/cacaunews.com\/wp-content\/uploads\/2023\/09\/7BE34ABA1D-3C6D-D17E-D7E6-ADABE3EB811C7D_650X45028129.jpg","_links":{"self":[{"href":"https:\/\/cacaunews.com\/index.php?rest_route=\/wp\/v2\/posts\/3041"}],"collection":[{"href":"https:\/\/cacaunews.com\/index.php?rest_route=\/wp\/v2\/posts"}],"about":[{"href":"https:\/\/cacaunews.com\/index.php?rest_route=\/wp\/v2\/types\/post"}],"author":[{"embeddable":true,"href":"https:\/\/cacaunews.com\/index.php?rest_route=\/wp\/v2\/users\/1"}],"replies":[{"embeddable":true,"href":"https:\/\/cacaunews.com\/index.php?rest_route=%2Fwp%2Fv2%2Fcomments&post=3041"}],"version-history":[{"count":1,"href":"https:\/\/cacaunews.com\/index.php?rest_route=\/wp\/v2\/posts\/3041\/revisions"}],"predecessor-version":[{"id":3042,"href":"https:\/\/cacaunews.com\/index.php?rest_route=\/wp\/v2\/posts\/3041\/revisions\/3042"}],"wp:featuredmedia":[{"embeddable":true,"href":"https:\/\/cacaunews.com\/index.php?rest_route=\/wp\/v2\/media\/3040"}],"wp:attachment":[{"href":"https:\/\/cacaunews.com\/index.php?rest_route=%2Fwp%2Fv2%2Fmedia&parent=3041"}],"wp:term":[{"taxonomy":"category","embeddable":true,"href":"https:\/\/cacaunews.com\/index.php?rest_route=%2Fwp%2Fv2%2Fcategories&post=3041"},{"taxonomy":"post_tag","embeddable":true,"href":"https:\/\/cacaunews.com\/index.php?rest_route=%2Fwp%2Fv2%2Ftags&post=3041"}],"curies":[{"name":"wp","href":"https:\/\/api.w.org\/{rel}","templated":true}]}}