{"id":3093,"date":"2023-10-04T20:38:11","date_gmt":"2023-10-04T20:38:11","guid":{"rendered":"https:\/\/cacaunews.com\/?p=3093"},"modified":"2023-10-04T20:37:35","modified_gmt":"2023-10-04T20:37:35","slug":"ford-oficializa-entrega-de-fabrica-para-governo-baiano-e-byd-assume-instalacoes-na-segunda-feira-09","status":"publish","type":"post","link":"https:\/\/cacaunews.com\/?p=3093","title":{"rendered":"Ford oficializa entrega de f\u00e1brica para governo baiano, e BYD assume instala\u00e7\u00f5es na segunda-feira (09)."},"content":{"rendered":"\n<p>A Ford e governo da Bahia assinaram, na tarde desta quarta-feira, 4, o contrato de transa\u00e7\u00e3o para a entrega da f\u00e1brica de Cama\u00e7ari para o Estado, liberando oficialmente as instala\u00e7\u00f5es para a BYD. Antes mesmo da oficializa\u00e7\u00e3o do neg\u00f3cio, o grupo chin\u00eas j\u00e1 tinha agendado um evento na segunda-feira, 9, para o lan\u00e7amento da pedra fundamental, ato simb\u00f3lico que marca o in\u00edcio de obras para as modifica\u00e7\u00f5es que ser\u00e3o feitas na unidade.<br><br>A BYD, maior fabricante de carros el\u00e9tricos do mundo, vai produzir na Bahia modelos h\u00edbridos flex e el\u00e9tricos, al\u00e9m de \u00f4nibus e baterias. Tamb\u00e9m pretende processar l\u00edtio, mas n\u00e3o se sabe ainda se essa atividade ser\u00e1 em Cama\u00e7ari. Estar\u00e3o presentes na cerim\u00f4nia o presidente global e fundador do grupo, Wang Chuanfu, a presidente para as Am\u00e9ricas, Stella Li, e o presidente no Brasil, Tyler Li.<br><br>Em nota, a Ford confirma que a assinatura do contrato, que segue legisla\u00e7\u00e3o estadual, permite a utiliza\u00e7\u00e3o imediata do im\u00f3vel pelo Estado, que j\u00e1 acertou a venda para a BYD. Em agosto, o governador baiano, Jer\u00f4nimo Rodrigues, afirmou que a estimativa de valor a ser pago \u00e0 Ford era entre R$ 100 milh\u00f5es e R$ 150 milh\u00f5es.<br><br>\u201cFord e governo da Bahia d\u00e3o um passo definitivo para utiliza\u00e7\u00e3o da planta de Cama\u00e7ari para gerar crescimento econ\u00f4mico e social para a comunidade baiana\u201d, diz a montadora americana em uma curta nota.<br><br>Sigla em ingl\u00eas para Build Your Dreams, a BYD j\u00e1 tem tr\u00eas f\u00e1bricas no Pa\u00eds de \u00f4nibus el\u00e9tricos e de m\u00f3dulos fotovoltaicos em Campinas (SP), e de baterias de fosfato de ferro l\u00edtio para ve\u00edculos comerciais em Manaus (AM). No m\u00eas passado, foi l\u00edder em vendas no Brasil de carros eletrificados com os modelos Dolphin, Yuan e Song Plus.<br><br>A f\u00e1brica da Ford que produzia os modelos EcoSport e Ka foi fechada em 2021, quando o grupo decidiu parar de produzir ve\u00edculos no Pa\u00eds e passou a ser importador da marca. No mesmo per\u00edodo, foi anunciado o encerramento das atividades da planta de Taubat\u00e9, onde eram feitos motores, e a do Cear\u00e1, da marca Troller. A unidade de S\u00e3o Bernardo do Campo, no ABC paulista, j\u00e1 tinha fechado as portas dois anos antes. Somente essa unidade ainda n\u00e3o foi vendida.<br><br>Com Informa\u00e7\u00f5es Estad\u00e3o.<\/p>\n","protected":false},"excerpt":{"rendered":"<p>A Ford e governo da Bahia assinaram, na tarde desta quarta-feira, 4, o contrato de&#8230;<\/p>\n","protected":false},"author":1,"featured_media":3092,"comment_status":"open","ping_status":"open","sticky":false,"template":"","format":"standard","meta":{"footnotes":""},"categories":[18,4,11],"tags":[39,1213,1214,1066],"yoast_head":"<!-- This site is optimized with the Yoast SEO plugin v21.7 - https:\/\/yoast.com\/wordpress\/plugins\/seo\/ -->\n<title>Ford oficializa entrega de f\u00e1brica para governo baiano, e BYD assume instala\u00e7\u00f5es na segunda-feira (09). - Cacau News<\/title>\n<meta name=\"robots\" content=\"index, follow, max-snippet:-1, max-image-preview:large, max-video-preview:-1\" \/>\n<link rel=\"canonical\" href=\"https:\/\/cacaunews.com\/?p=3093\" \/>\n<meta property=\"og:locale\" content=\"pt_BR\" \/>\n<meta property=\"og:type\" content=\"article\" \/>\n<meta property=\"og:title\" content=\"Ford oficializa entrega de f\u00e1brica para governo baiano, e BYD assume instala\u00e7\u00f5es na segunda-feira (09). - Cacau News\" \/>\n<meta property=\"og:description\" content=\"A Ford e governo da Bahia assinaram, na tarde desta quarta-feira, 4, o contrato de...\" \/>\n<meta property=\"og:url\" content=\"https:\/\/cacaunews.com\/?p=3093\" \/>\n<meta property=\"og:site_name\" content=\"Cacau News\" \/>\n<meta property=\"article:published_time\" content=\"2023-10-04T20:38:11+00:00\" \/>\n<meta property=\"article:modified_time\" content=\"2023-10-04T20:37:35+00:00\" \/>\n<meta property=\"og:image\" content=\"https:\/\/cacaunews.com\/wp-content\/uploads\/2023\/10\/IMG_20231004_173654.jpg\" \/>\n\t<meta property=\"og:image:width\" content=\"967\" \/>\n\t<meta property=\"og:image:height\" content=\"761\" \/>\n\t<meta property=\"og:image:type\" content=\"image\/jpeg\" \/>\n<meta name=\"author\" content=\"Reda\u00e7\u00e3o Cacau News\" \/>\n<meta name=\"twitter:card\" content=\"summary_large_image\" \/>\n<meta name=\"twitter:label1\" content=\"Escrito por\" \/>\n\t<meta name=\"twitter:data1\" content=\"Reda\u00e7\u00e3o Cacau News\" \/>\n\t<meta name=\"twitter:label2\" content=\"Est. tempo de leitura\" \/>\n\t<meta name=\"twitter:data2\" content=\"2 minutos\" \/>\n<script type=\"application\/ld+json\" class=\"yoast-schema-graph\">{\"@context\":\"https:\/\/schema.org\",\"@graph\":[{\"@type\":\"Article\",\"@id\":\"https:\/\/cacaunews.com\/?p=3093#article\",\"isPartOf\":{\"@id\":\"https:\/\/cacaunews.com\/?p=3093\"},\"author\":{\"name\":\"Reda\u00e7\u00e3o Cacau News\",\"@id\":\"https:\/\/cacaunews.com\/#\/schema\/person\/ea69703103e606ad347ccd64bd72ef79\"},\"headline\":\"Ford oficializa entrega de f\u00e1brica para governo baiano, e BYD assume instala\u00e7\u00f5es na segunda-feira (09).\",\"datePublished\":\"2023-10-04T20:38:11+00:00\",\"dateModified\":\"2023-10-04T20:37:35+00:00\",\"mainEntityOfPage\":{\"@id\":\"https:\/\/cacaunews.com\/?p=3093\"},\"wordCount\":431,\"commentCount\":0,\"publisher\":{\"@id\":\"https:\/\/cacaunews.com\/#organization\"},\"keywords\":[\"bahia\",\"BYD\",\"ford\",\"governo do estado\"],\"articleSection\":[\"cidades\",\"Internet\",\"Jornalismo\"],\"inLanguage\":\"pt-BR\",\"potentialAction\":[{\"@type\":\"CommentAction\",\"name\":\"Comment\",\"target\":[\"https:\/\/cacaunews.com\/?p=3093#respond\"]}]},{\"@type\":\"WebPage\",\"@id\":\"https:\/\/cacaunews.com\/?p=3093\",\"url\":\"https:\/\/cacaunews.com\/?p=3093\",\"name\":\"Ford oficializa entrega de f\u00e1brica para governo baiano, e BYD assume instala\u00e7\u00f5es na segunda-feira (09). - Cacau News\",\"isPartOf\":{\"@id\":\"https:\/\/cacaunews.com\/#website\"},\"datePublished\":\"2023-10-04T20:38:11+00:00\",\"dateModified\":\"2023-10-04T20:37:35+00:00\",\"breadcrumb\":{\"@id\":\"https:\/\/cacaunews.com\/?p=3093#breadcrumb\"},\"inLanguage\":\"pt-BR\",\"potentialAction\":[{\"@type\":\"ReadAction\",\"target\":[\"https:\/\/cacaunews.com\/?p=3093\"]}]},{\"@type\":\"BreadcrumbList\",\"@id\":\"https:\/\/cacaunews.com\/?p=3093#breadcrumb\",\"itemListElement\":[{\"@type\":\"ListItem\",\"position\":1,\"name\":\"In\u00edcio\",\"item\":\"https:\/\/cacaunews.com\/\"},{\"@type\":\"ListItem\",\"position\":2,\"name\":\"Ford oficializa entrega de f\u00e1brica para governo baiano, e BYD assume instala\u00e7\u00f5es na segunda-feira (09).\"}]},{\"@type\":\"WebSite\",\"@id\":\"https:\/\/cacaunews.com\/#website\",\"url\":\"https:\/\/cacaunews.com\/\",\"name\":\"Cacau News\",\"description\":\"A Informa\u00e7\u00e3o que voc\u00ea precisa!\",\"publisher\":{\"@id\":\"https:\/\/cacaunews.com\/#organization\"},\"potentialAction\":[{\"@type\":\"SearchAction\",\"target\":{\"@type\":\"EntryPoint\",\"urlTemplate\":\"https:\/\/cacaunews.com\/?s={search_term_string}\"},\"query-input\":\"required name=search_term_string\"}],\"inLanguage\":\"pt-BR\"},{\"@type\":\"Organization\",\"@id\":\"https:\/\/cacaunews.com\/#organization\",\"name\":\"Cacau News\",\"url\":\"https:\/\/cacaunews.com\/\",\"logo\":{\"@type\":\"ImageObject\",\"inLanguage\":\"pt-BR\",\"@id\":\"https:\/\/cacaunews.com\/#\/schema\/logo\/image\/\",\"url\":\"https:\/\/cacaunews.com\/wp-content\/uploads\/2025\/01\/cropped-LOGO-NOVA.png\",\"contentUrl\":\"https:\/\/cacaunews.com\/wp-content\/uploads\/2025\/01\/cropped-LOGO-NOVA.png\",\"width\":813,\"height\":813,\"caption\":\"Cacau News\"},\"image\":{\"@id\":\"https:\/\/cacaunews.com\/#\/schema\/logo\/image\/\"},\"sameAs\":[\"https:\/\/www.instagram.com\/cacaunews.online\/\",\"https:\/\/youtube.com\/@cacaunews?si=0VXLnjl08SrWbVG9\"]},{\"@type\":\"Person\",\"@id\":\"https:\/\/cacaunews.com\/#\/schema\/person\/ea69703103e606ad347ccd64bd72ef79\",\"name\":\"Reda\u00e7\u00e3o Cacau News\",\"image\":{\"@type\":\"ImageObject\",\"inLanguage\":\"pt-BR\",\"@id\":\"https:\/\/cacaunews.com\/#\/schema\/person\/image\/\",\"url\":\"https:\/\/secure.gravatar.com\/avatar\/d79227a2a7b6cc42e8d7a8f7c284cd3a?s=96&d=mm&r=g\",\"contentUrl\":\"https:\/\/secure.gravatar.com\/avatar\/d79227a2a7b6cc42e8d7a8f7c284cd3a?s=96&d=mm&r=g\",\"caption\":\"Reda\u00e7\u00e3o Cacau News\"},\"sameAs\":[\"https:\/\/cacaunews.com\"],\"url\":\"https:\/\/cacaunews.com\/?author=1\"}]}<\/script>\n<!-- \/ Yoast SEO plugin. -->","yoast_head_json":{"title":"Ford oficializa entrega de f\u00e1brica para governo baiano, e BYD assume instala\u00e7\u00f5es na segunda-feira (09). - Cacau News","robots":{"index":"index","follow":"follow","max-snippet":"max-snippet:-1","max-image-preview":"max-image-preview:large","max-video-preview":"max-video-preview:-1"},"canonical":"https:\/\/cacaunews.com\/?p=3093","og_locale":"pt_BR","og_type":"article","og_title":"Ford oficializa entrega de f\u00e1brica para governo baiano, e BYD assume instala\u00e7\u00f5es na segunda-feira (09). - Cacau News","og_description":"A Ford e governo da Bahia assinaram, na tarde desta quarta-feira, 4, o contrato de...","og_url":"https:\/\/cacaunews.com\/?p=3093","og_site_name":"Cacau News","article_published_time":"2023-10-04T20:38:11+00:00","article_modified_time":"2023-10-04T20:37:35+00:00","og_image":[{"width":967,"height":761,"url":"https:\/\/cacaunews.com\/wp-content\/uploads\/2023\/10\/IMG_20231004_173654.jpg","type":"image\/jpeg"}],"author":"Reda\u00e7\u00e3o Cacau News","twitter_card":"summary_large_image","twitter_misc":{"Escrito por":"Reda\u00e7\u00e3o Cacau News","Est. tempo de leitura":"2 minutos"},"schema":{"@context":"https:\/\/schema.org","@graph":[{"@type":"Article","@id":"https:\/\/cacaunews.com\/?p=3093#article","isPartOf":{"@id":"https:\/\/cacaunews.com\/?p=3093"},"author":{"name":"Reda\u00e7\u00e3o Cacau News","@id":"https:\/\/cacaunews.com\/#\/schema\/person\/ea69703103e606ad347ccd64bd72ef79"},"headline":"Ford oficializa entrega de f\u00e1brica para governo baiano, e BYD assume instala\u00e7\u00f5es na segunda-feira (09).","datePublished":"2023-10-04T20:38:11+00:00","dateModified":"2023-10-04T20:37:35+00:00","mainEntityOfPage":{"@id":"https:\/\/cacaunews.com\/?p=3093"},"wordCount":431,"commentCount":0,"publisher":{"@id":"https:\/\/cacaunews.com\/#organization"},"keywords":["bahia","BYD","ford","governo do estado"],"articleSection":["cidades","Internet","Jornalismo"],"inLanguage":"pt-BR","potentialAction":[{"@type":"CommentAction","name":"Comment","target":["https:\/\/cacaunews.com\/?p=3093#respond"]}]},{"@type":"WebPage","@id":"https:\/\/cacaunews.com\/?p=3093","url":"https:\/\/cacaunews.com\/?p=3093","name":"Ford oficializa entrega de f\u00e1brica para governo baiano, e BYD assume instala\u00e7\u00f5es na segunda-feira (09). - Cacau News","isPartOf":{"@id":"https:\/\/cacaunews.com\/#website"},"datePublished":"2023-10-04T20:38:11+00:00","dateModified":"2023-10-04T20:37:35+00:00","breadcrumb":{"@id":"https:\/\/cacaunews.com\/?p=3093#breadcrumb"},"inLanguage":"pt-BR","potentialAction":[{"@type":"ReadAction","target":["https:\/\/cacaunews.com\/?p=3093"]}]},{"@type":"BreadcrumbList","@id":"https:\/\/cacaunews.com\/?p=3093#breadcrumb","itemListElement":[{"@type":"ListItem","position":1,"name":"In\u00edcio","item":"https:\/\/cacaunews.com\/"},{"@type":"ListItem","position":2,"name":"Ford oficializa entrega de f\u00e1brica para governo baiano, e BYD assume instala\u00e7\u00f5es na segunda-feira (09)."}]},{"@type":"WebSite","@id":"https:\/\/cacaunews.com\/#website","url":"https:\/\/cacaunews.com\/","name":"Cacau News","description":"A Informa\u00e7\u00e3o que voc\u00ea precisa!","publisher":{"@id":"https:\/\/cacaunews.com\/#organization"},"potentialAction":[{"@type":"SearchAction","target":{"@type":"EntryPoint","urlTemplate":"https:\/\/cacaunews.com\/?s={search_term_string}"},"query-input":"required name=search_term_string"}],"inLanguage":"pt-BR"},{"@type":"Organization","@id":"https:\/\/cacaunews.com\/#organization","name":"Cacau News","url":"https:\/\/cacaunews.com\/","logo":{"@type":"ImageObject","inLanguage":"pt-BR","@id":"https:\/\/cacaunews.com\/#\/schema\/logo\/image\/","url":"https:\/\/cacaunews.com\/wp-content\/uploads\/2025\/01\/cropped-LOGO-NOVA.png","contentUrl":"https:\/\/cacaunews.com\/wp-content\/uploads\/2025\/01\/cropped-LOGO-NOVA.png","width":813,"height":813,"caption":"Cacau News"},"image":{"@id":"https:\/\/cacaunews.com\/#\/schema\/logo\/image\/"},"sameAs":["https:\/\/www.instagram.com\/cacaunews.online\/","https:\/\/youtube.com\/@cacaunews?si=0VXLnjl08SrWbVG9"]},{"@type":"Person","@id":"https:\/\/cacaunews.com\/#\/schema\/person\/ea69703103e606ad347ccd64bd72ef79","name":"Reda\u00e7\u00e3o Cacau News","image":{"@type":"ImageObject","inLanguage":"pt-BR","@id":"https:\/\/cacaunews.com\/#\/schema\/person\/image\/","url":"https:\/\/secure.gravatar.com\/avatar\/d79227a2a7b6cc42e8d7a8f7c284cd3a?s=96&d=mm&r=g","contentUrl":"https:\/\/secure.gravatar.com\/avatar\/d79227a2a7b6cc42e8d7a8f7c284cd3a?s=96&d=mm&r=g","caption":"Reda\u00e7\u00e3o Cacau News"},"sameAs":["https:\/\/cacaunews.com"],"url":"https:\/\/cacaunews.com\/?author=1"}]}},"jetpack_sharing_enabled":true,"jetpack_featured_media_url":"https:\/\/cacaunews.com\/wp-content\/uploads\/2023\/10\/IMG_20231004_173654.jpg","_links":{"self":[{"href":"https:\/\/cacaunews.com\/index.php?rest_route=\/wp\/v2\/posts\/3093"}],"collection":[{"href":"https:\/\/cacaunews.com\/index.php?rest_route=\/wp\/v2\/posts"}],"about":[{"href":"https:\/\/cacaunews.com\/index.php?rest_route=\/wp\/v2\/types\/post"}],"author":[{"embeddable":true,"href":"https:\/\/cacaunews.com\/index.php?rest_route=\/wp\/v2\/users\/1"}],"replies":[{"embeddable":true,"href":"https:\/\/cacaunews.com\/index.php?rest_route=%2Fwp%2Fv2%2Fcomments&post=3093"}],"version-history":[{"count":1,"href":"https:\/\/cacaunews.com\/index.php?rest_route=\/wp\/v2\/posts\/3093\/revisions"}],"predecessor-version":[{"id":3094,"href":"https:\/\/cacaunews.com\/index.php?rest_route=\/wp\/v2\/posts\/3093\/revisions\/3094"}],"wp:featuredmedia":[{"embeddable":true,"href":"https:\/\/cacaunews.com\/index.php?rest_route=\/wp\/v2\/media\/3092"}],"wp:attachment":[{"href":"https:\/\/cacaunews.com\/index.php?rest_route=%2Fwp%2Fv2%2Fmedia&parent=3093"}],"wp:term":[{"taxonomy":"category","embeddable":true,"href":"https:\/\/cacaunews.com\/index.php?rest_route=%2Fwp%2Fv2%2Fcategories&post=3093"},{"taxonomy":"post_tag","embeddable":true,"href":"https:\/\/cacaunews.com\/index.php?rest_route=%2Fwp%2Fv2%2Ftags&post=3093"}],"curies":[{"name":"wp","href":"https:\/\/api.w.org\/{rel}","templated":true}]}}