{"id":3116,"date":"2023-10-06T20:51:14","date_gmt":"2023-10-06T20:51:14","guid":{"rendered":"https:\/\/cacaunews.com\/?p=3116"},"modified":"2023-10-06T20:51:14","modified_gmt":"2023-10-06T20:51:14","slug":"transparencia-no-litoral-sul-da-bahia-e-tema-de-evento-aberto-ao-publico","status":"publish","type":"post","link":"https:\/\/cacaunews.com\/?p=3116","title":{"rendered":"Transpar\u00eancia no Litoral Sul da Bahia \u00e9 tema de evento aberto ao p\u00fablico."},"content":{"rendered":"<p>No pr\u00f3ximo dia 10 de outubro, o Instituto Nossa Ilh\u00e9us e a ADR Sul da Bahia promovem o evento Transpar\u00eancia no Litoral Sul da Bahia: Avan\u00e7os e Desafios. O encontro reunir\u00e1 representantes das prefeituras de Ilh\u00e9us, Itaju\u00edpe, Coaraci e Buerarema, cidades que registraram uma melhoria no \u00cdndice de Transpar\u00eancia e Governan\u00e7a P\u00fablica (ITGP) na aferi\u00e7\u00e3o de 2023. O objetivo \u00e9 mostrar quais as medidas adotadas por essas gest\u00f5es e ainda os desafios enfrentados na busca por melhores resultados. O evento contar\u00e1 ainda com palestra da fundadora da Transpar\u00eancia Internacional no Brasil, Nicole Verillo, esclarecendo pontos sobre o levantamento e sua relev\u00e2ncia na administra\u00e7\u00e3o p\u00fablica.<\/p>\n<p>No m\u00eas de setembro, o Instituto Nossa Ilh\u00e9us divulgou os resultados da segunda edi\u00e7\u00e3o do Ranking de Transpar\u00eancia e Governan\u00e7a P\u00fablica dos munic\u00edpios do Litoral Sul da Bahia. O trabalho avaliou 26 prefeituras e contou com a parceria e metodologia da Transpar\u00eancia Internacional \u2013 Brasil, Universidade Estadual de Santa Cruz (UESC) e apoio da Ag\u00eancia de Desenvolvimento Regional (ADR) Sul da Bahia. A avalia\u00e7\u00e3o de 2023 revelou um cen\u00e1rio insatisfat\u00f3rio de transpar\u00eancia e governan\u00e7a p\u00fablica na regi\u00e3o. Apenas Itaju\u00edpe (85 pontos) recebeu classifica\u00e7\u00e3o \u201c\u00f3timo\u201d. Coaraci (65,8 pontos) ocupou a segunda posi\u00e7\u00e3o. As duas prefeituras aumentaram suas notas em mais de 20 pontos em compara\u00e7\u00e3o aos resultados de 2022, assim como Buerarema que ficou em 4\u00ba lugar.<\/p>\n<p>Em uma escala de 0 a 100, a nota m\u00e9dia das prefeituras, em 2023, foi de apenas de 46,1 pontos, mostrando estagna\u00e7\u00e3o em compara\u00e7\u00e3o com 2022 (44,7 pontos). \u00a0\u201cSendo este o segundo ano do ranking, percebo que ainda precisamos atuar mais junto aos controladores dos munic\u00edpios, pois o nosso prop\u00f3sito \u00e9 que a cada ano seja melhor o resultado para todos. Alguns munic\u00edpios melhoraram, mas \u00e9 claro que a maioria dos munic\u00edpios do Territ\u00f3rio Litoral Sul, ainda n\u00e3o entenderam a import\u00e2ncia do ranking e o quanto as suas a\u00e7\u00f5es devem ser transparentes para a popula\u00e7\u00e3o\u201d, avalia a presidente do Instituto Nossa Ilh\u00e9us, Maria do Socorro Mendon\u00e7a.<\/p>\n<p>O evento Transpar\u00eancia no Litoral Sul da Bahia: Avan\u00e7os e Desafios \u00e9 aberto ao p\u00fablico e acontece na pr\u00f3xima ter\u00e7a-feira \u00a0(10), das 9h \u00e0s 12h na sala do Observat\u00f3rio Social, pr\u00e9dio do Centro de Inova\u00e7\u00e3o do Cacau, na Universidade Estadual de Santa Cruz (Uesc).<\/p>\n<div>Ascom.<\/div>\n","protected":false},"excerpt":{"rendered":"<p>No pr\u00f3ximo dia 10 de outubro, o Instituto Nossa Ilh\u00e9us e a ADR Sul da&#8230;<\/p>\n","protected":false},"author":1,"featured_media":3117,"comment_status":"open","ping_status":"open","sticky":false,"template":"","format":"standard","meta":{"footnotes":""},"categories":[18,4,11],"tags":[37,1225,881,352],"yoast_head":"<!-- This site is optimized with the Yoast SEO plugin v21.7 - https:\/\/yoast.com\/wordpress\/plugins\/seo\/ -->\n<title>Transpar\u00eancia no Litoral Sul da Bahia \u00e9 tema de evento aberto ao p\u00fablico. - Cacau News<\/title>\n<meta name=\"robots\" content=\"index, follow, max-snippet:-1, max-image-preview:large, max-video-preview:-1\" \/>\n<link rel=\"canonical\" href=\"https:\/\/cacaunews.com\/?p=3116\" \/>\n<meta property=\"og:locale\" content=\"pt_BR\" \/>\n<meta property=\"og:type\" content=\"article\" \/>\n<meta property=\"og:title\" content=\"Transpar\u00eancia no Litoral Sul da Bahia \u00e9 tema de evento aberto ao p\u00fablico. - Cacau News\" \/>\n<meta property=\"og:description\" content=\"No pr\u00f3ximo dia 10 de outubro, o Instituto Nossa Ilh\u00e9us e a ADR Sul da...\" \/>\n<meta property=\"og:url\" content=\"https:\/\/cacaunews.com\/?p=3116\" \/>\n<meta property=\"og:site_name\" content=\"Cacau News\" \/>\n<meta property=\"article:published_time\" content=\"2023-10-06T20:51:14+00:00\" \/>\n<meta property=\"og:image\" content=\"https:\/\/cacaunews.com\/wp-content\/uploads\/2023\/10\/O-evento-contara-com-palestra-da-fundadora-da-Transparencia-Internacional-no-Brasil-Nicole-Verillo_Foto-Divulgacao.jpeg\" \/>\n\t<meta property=\"og:image:width\" content=\"1600\" \/>\n\t<meta property=\"og:image:height\" content=\"1068\" \/>\n\t<meta property=\"og:image:type\" content=\"image\/jpeg\" \/>\n<meta name=\"author\" content=\"Reda\u00e7\u00e3o Cacau News\" \/>\n<meta name=\"twitter:card\" content=\"summary_large_image\" \/>\n<meta name=\"twitter:label1\" content=\"Escrito por\" \/>\n\t<meta name=\"twitter:data1\" content=\"Reda\u00e7\u00e3o Cacau News\" \/>\n\t<meta name=\"twitter:label2\" content=\"Est. tempo de leitura\" \/>\n\t<meta name=\"twitter:data2\" content=\"3 minutos\" \/>\n<script type=\"application\/ld+json\" class=\"yoast-schema-graph\">{\"@context\":\"https:\/\/schema.org\",\"@graph\":[{\"@type\":\"Article\",\"@id\":\"https:\/\/cacaunews.com\/?p=3116#article\",\"isPartOf\":{\"@id\":\"https:\/\/cacaunews.com\/?p=3116\"},\"author\":{\"name\":\"Reda\u00e7\u00e3o Cacau News\",\"@id\":\"https:\/\/cacaunews.com\/#\/schema\/person\/ea69703103e606ad347ccd64bd72ef79\"},\"headline\":\"Transpar\u00eancia no Litoral Sul da Bahia \u00e9 tema de evento aberto ao p\u00fablico.\",\"datePublished\":\"2023-10-06T20:51:14+00:00\",\"dateModified\":\"2023-10-06T20:51:14+00:00\",\"mainEntityOfPage\":{\"@id\":\"https:\/\/cacaunews.com\/?p=3116\"},\"wordCount\":421,\"commentCount\":0,\"publisher\":{\"@id\":\"https:\/\/cacaunews.com\/#organization\"},\"keywords\":[\"ilheus\",\"litoral sul\",\"regi\u00e3o\",\"UESC\"],\"articleSection\":[\"cidades\",\"Internet\",\"Jornalismo\"],\"inLanguage\":\"pt-BR\",\"potentialAction\":[{\"@type\":\"CommentAction\",\"name\":\"Comment\",\"target\":[\"https:\/\/cacaunews.com\/?p=3116#respond\"]}]},{\"@type\":\"WebPage\",\"@id\":\"https:\/\/cacaunews.com\/?p=3116\",\"url\":\"https:\/\/cacaunews.com\/?p=3116\",\"name\":\"Transpar\u00eancia no Litoral Sul da Bahia \u00e9 tema de evento aberto ao p\u00fablico. - Cacau News\",\"isPartOf\":{\"@id\":\"https:\/\/cacaunews.com\/#website\"},\"datePublished\":\"2023-10-06T20:51:14+00:00\",\"dateModified\":\"2023-10-06T20:51:14+00:00\",\"breadcrumb\":{\"@id\":\"https:\/\/cacaunews.com\/?p=3116#breadcrumb\"},\"inLanguage\":\"pt-BR\",\"potentialAction\":[{\"@type\":\"ReadAction\",\"target\":[\"https:\/\/cacaunews.com\/?p=3116\"]}]},{\"@type\":\"BreadcrumbList\",\"@id\":\"https:\/\/cacaunews.com\/?p=3116#breadcrumb\",\"itemListElement\":[{\"@type\":\"ListItem\",\"position\":1,\"name\":\"In\u00edcio\",\"item\":\"https:\/\/cacaunews.com\/\"},{\"@type\":\"ListItem\",\"position\":2,\"name\":\"Transpar\u00eancia no Litoral Sul da Bahia \u00e9 tema de evento aberto ao p\u00fablico.\"}]},{\"@type\":\"WebSite\",\"@id\":\"https:\/\/cacaunews.com\/#website\",\"url\":\"https:\/\/cacaunews.com\/\",\"name\":\"Cacau News\",\"description\":\"A Informa\u00e7\u00e3o que voc\u00ea precisa!\",\"publisher\":{\"@id\":\"https:\/\/cacaunews.com\/#organization\"},\"potentialAction\":[{\"@type\":\"SearchAction\",\"target\":{\"@type\":\"EntryPoint\",\"urlTemplate\":\"https:\/\/cacaunews.com\/?s={search_term_string}\"},\"query-input\":\"required name=search_term_string\"}],\"inLanguage\":\"pt-BR\"},{\"@type\":\"Organization\",\"@id\":\"https:\/\/cacaunews.com\/#organization\",\"name\":\"Cacau News\",\"url\":\"https:\/\/cacaunews.com\/\",\"logo\":{\"@type\":\"ImageObject\",\"inLanguage\":\"pt-BR\",\"@id\":\"https:\/\/cacaunews.com\/#\/schema\/logo\/image\/\",\"url\":\"https:\/\/cacaunews.com\/wp-content\/uploads\/2025\/01\/cropped-LOGO-NOVA.png\",\"contentUrl\":\"https:\/\/cacaunews.com\/wp-content\/uploads\/2025\/01\/cropped-LOGO-NOVA.png\",\"width\":813,\"height\":813,\"caption\":\"Cacau News\"},\"image\":{\"@id\":\"https:\/\/cacaunews.com\/#\/schema\/logo\/image\/\"},\"sameAs\":[\"https:\/\/www.instagram.com\/cacaunews.online\/\",\"https:\/\/youtube.com\/@cacaunews?si=0VXLnjl08SrWbVG9\"]},{\"@type\":\"Person\",\"@id\":\"https:\/\/cacaunews.com\/#\/schema\/person\/ea69703103e606ad347ccd64bd72ef79\",\"name\":\"Reda\u00e7\u00e3o Cacau News\",\"image\":{\"@type\":\"ImageObject\",\"inLanguage\":\"pt-BR\",\"@id\":\"https:\/\/cacaunews.com\/#\/schema\/person\/image\/\",\"url\":\"https:\/\/secure.gravatar.com\/avatar\/d79227a2a7b6cc42e8d7a8f7c284cd3a?s=96&d=mm&r=g\",\"contentUrl\":\"https:\/\/secure.gravatar.com\/avatar\/d79227a2a7b6cc42e8d7a8f7c284cd3a?s=96&d=mm&r=g\",\"caption\":\"Reda\u00e7\u00e3o Cacau News\"},\"sameAs\":[\"https:\/\/cacaunews.com\"],\"url\":\"https:\/\/cacaunews.com\/?author=1\"}]}<\/script>\n<!-- \/ Yoast SEO plugin. -->","yoast_head_json":{"title":"Transpar\u00eancia no Litoral Sul da Bahia \u00e9 tema de evento aberto ao p\u00fablico. - Cacau News","robots":{"index":"index","follow":"follow","max-snippet":"max-snippet:-1","max-image-preview":"max-image-preview:large","max-video-preview":"max-video-preview:-1"},"canonical":"https:\/\/cacaunews.com\/?p=3116","og_locale":"pt_BR","og_type":"article","og_title":"Transpar\u00eancia no Litoral Sul da Bahia \u00e9 tema de evento aberto ao p\u00fablico. - Cacau News","og_description":"No pr\u00f3ximo dia 10 de outubro, o Instituto Nossa Ilh\u00e9us e a ADR Sul da...","og_url":"https:\/\/cacaunews.com\/?p=3116","og_site_name":"Cacau News","article_published_time":"2023-10-06T20:51:14+00:00","og_image":[{"width":1600,"height":1068,"url":"https:\/\/cacaunews.com\/wp-content\/uploads\/2023\/10\/O-evento-contara-com-palestra-da-fundadora-da-Transparencia-Internacional-no-Brasil-Nicole-Verillo_Foto-Divulgacao.jpeg","type":"image\/jpeg"}],"author":"Reda\u00e7\u00e3o Cacau News","twitter_card":"summary_large_image","twitter_misc":{"Escrito por":"Reda\u00e7\u00e3o Cacau News","Est. tempo de leitura":"3 minutos"},"schema":{"@context":"https:\/\/schema.org","@graph":[{"@type":"Article","@id":"https:\/\/cacaunews.com\/?p=3116#article","isPartOf":{"@id":"https:\/\/cacaunews.com\/?p=3116"},"author":{"name":"Reda\u00e7\u00e3o Cacau News","@id":"https:\/\/cacaunews.com\/#\/schema\/person\/ea69703103e606ad347ccd64bd72ef79"},"headline":"Transpar\u00eancia no Litoral Sul da Bahia \u00e9 tema de evento aberto ao p\u00fablico.","datePublished":"2023-10-06T20:51:14+00:00","dateModified":"2023-10-06T20:51:14+00:00","mainEntityOfPage":{"@id":"https:\/\/cacaunews.com\/?p=3116"},"wordCount":421,"commentCount":0,"publisher":{"@id":"https:\/\/cacaunews.com\/#organization"},"keywords":["ilheus","litoral sul","regi\u00e3o","UESC"],"articleSection":["cidades","Internet","Jornalismo"],"inLanguage":"pt-BR","potentialAction":[{"@type":"CommentAction","name":"Comment","target":["https:\/\/cacaunews.com\/?p=3116#respond"]}]},{"@type":"WebPage","@id":"https:\/\/cacaunews.com\/?p=3116","url":"https:\/\/cacaunews.com\/?p=3116","name":"Transpar\u00eancia no Litoral Sul da Bahia \u00e9 tema de evento aberto ao p\u00fablico. - Cacau News","isPartOf":{"@id":"https:\/\/cacaunews.com\/#website"},"datePublished":"2023-10-06T20:51:14+00:00","dateModified":"2023-10-06T20:51:14+00:00","breadcrumb":{"@id":"https:\/\/cacaunews.com\/?p=3116#breadcrumb"},"inLanguage":"pt-BR","potentialAction":[{"@type":"ReadAction","target":["https:\/\/cacaunews.com\/?p=3116"]}]},{"@type":"BreadcrumbList","@id":"https:\/\/cacaunews.com\/?p=3116#breadcrumb","itemListElement":[{"@type":"ListItem","position":1,"name":"In\u00edcio","item":"https:\/\/cacaunews.com\/"},{"@type":"ListItem","position":2,"name":"Transpar\u00eancia no Litoral Sul da Bahia \u00e9 tema de evento aberto ao p\u00fablico."}]},{"@type":"WebSite","@id":"https:\/\/cacaunews.com\/#website","url":"https:\/\/cacaunews.com\/","name":"Cacau News","description":"A Informa\u00e7\u00e3o que voc\u00ea precisa!","publisher":{"@id":"https:\/\/cacaunews.com\/#organization"},"potentialAction":[{"@type":"SearchAction","target":{"@type":"EntryPoint","urlTemplate":"https:\/\/cacaunews.com\/?s={search_term_string}"},"query-input":"required name=search_term_string"}],"inLanguage":"pt-BR"},{"@type":"Organization","@id":"https:\/\/cacaunews.com\/#organization","name":"Cacau News","url":"https:\/\/cacaunews.com\/","logo":{"@type":"ImageObject","inLanguage":"pt-BR","@id":"https:\/\/cacaunews.com\/#\/schema\/logo\/image\/","url":"https:\/\/cacaunews.com\/wp-content\/uploads\/2025\/01\/cropped-LOGO-NOVA.png","contentUrl":"https:\/\/cacaunews.com\/wp-content\/uploads\/2025\/01\/cropped-LOGO-NOVA.png","width":813,"height":813,"caption":"Cacau News"},"image":{"@id":"https:\/\/cacaunews.com\/#\/schema\/logo\/image\/"},"sameAs":["https:\/\/www.instagram.com\/cacaunews.online\/","https:\/\/youtube.com\/@cacaunews?si=0VXLnjl08SrWbVG9"]},{"@type":"Person","@id":"https:\/\/cacaunews.com\/#\/schema\/person\/ea69703103e606ad347ccd64bd72ef79","name":"Reda\u00e7\u00e3o Cacau News","image":{"@type":"ImageObject","inLanguage":"pt-BR","@id":"https:\/\/cacaunews.com\/#\/schema\/person\/image\/","url":"https:\/\/secure.gravatar.com\/avatar\/d79227a2a7b6cc42e8d7a8f7c284cd3a?s=96&d=mm&r=g","contentUrl":"https:\/\/secure.gravatar.com\/avatar\/d79227a2a7b6cc42e8d7a8f7c284cd3a?s=96&d=mm&r=g","caption":"Reda\u00e7\u00e3o Cacau News"},"sameAs":["https:\/\/cacaunews.com"],"url":"https:\/\/cacaunews.com\/?author=1"}]}},"jetpack_sharing_enabled":true,"jetpack_featured_media_url":"https:\/\/cacaunews.com\/wp-content\/uploads\/2023\/10\/O-evento-contara-com-palestra-da-fundadora-da-Transparencia-Internacional-no-Brasil-Nicole-Verillo_Foto-Divulgacao.jpeg","_links":{"self":[{"href":"https:\/\/cacaunews.com\/index.php?rest_route=\/wp\/v2\/posts\/3116"}],"collection":[{"href":"https:\/\/cacaunews.com\/index.php?rest_route=\/wp\/v2\/posts"}],"about":[{"href":"https:\/\/cacaunews.com\/index.php?rest_route=\/wp\/v2\/types\/post"}],"author":[{"embeddable":true,"href":"https:\/\/cacaunews.com\/index.php?rest_route=\/wp\/v2\/users\/1"}],"replies":[{"embeddable":true,"href":"https:\/\/cacaunews.com\/index.php?rest_route=%2Fwp%2Fv2%2Fcomments&post=3116"}],"version-history":[{"count":1,"href":"https:\/\/cacaunews.com\/index.php?rest_route=\/wp\/v2\/posts\/3116\/revisions"}],"predecessor-version":[{"id":3118,"href":"https:\/\/cacaunews.com\/index.php?rest_route=\/wp\/v2\/posts\/3116\/revisions\/3118"}],"wp:featuredmedia":[{"embeddable":true,"href":"https:\/\/cacaunews.com\/index.php?rest_route=\/wp\/v2\/media\/3117"}],"wp:attachment":[{"href":"https:\/\/cacaunews.com\/index.php?rest_route=%2Fwp%2Fv2%2Fmedia&parent=3116"}],"wp:term":[{"taxonomy":"category","embeddable":true,"href":"https:\/\/cacaunews.com\/index.php?rest_route=%2Fwp%2Fv2%2Fcategories&post=3116"},{"taxonomy":"post_tag","embeddable":true,"href":"https:\/\/cacaunews.com\/index.php?rest_route=%2Fwp%2Fv2%2Ftags&post=3116"}],"curies":[{"name":"wp","href":"https:\/\/api.w.org\/{rel}","templated":true}]}}