{"id":3119,"date":"2023-10-07T00:39:21","date_gmt":"2023-10-07T00:39:21","guid":{"rendered":"https:\/\/cacaunews.com\/?p=3119"},"modified":"2023-10-07T00:38:38","modified_gmt":"2023-10-07T00:38:38","slug":"circuito-das-profissoes-2023-cerca-de-4-mil-estudantes-participam-do-evento","status":"publish","type":"post","link":"https:\/\/cacaunews.com\/?p=3119","title":{"rendered":"Circuito das Profiss\u00f5es 2023 &#8211; Cerca de 4 Mil Estudantes Participam do Evento."},"content":{"rendered":"<p style=\"font-weight:400;\">A Universidade Estadual de Santa Cruz (Uesc) realizou, nestes dias 5 e 6 de outubro, a edi\u00e7\u00e3o 2023 do Circuito das Profiss\u00f5es, cujo evento tem como objetivo apresentar a institui\u00e7\u00e3o aos estudantes do Ensino M\u00e9dio das escolas da regi\u00e3o, e \u00e0 comunidade em geral, as op\u00e7\u00f5es de cursos de gradua\u00e7\u00e3o (35 na modalidade presencial e cinco no Ensino a Dist\u00e2ncia &#8211; EaD) oferecidos pela Universidade e a estrutura do Campus Soane Nazar\u00e9 de Andrade. Cerca de 4 mil estudantes visitam a Uesc nesses dois dias do Circuito.<\/p>\n<p style=\"font-weight:400;\">A abertura do Circuito das Profiss\u00f5es aconteceu na manh\u00e3 desta quinta-feira, durante solenidade realizada no audit\u00f3rio do Centro de Arte e Cultura, com a presen\u00e7a do reitor da Uesc, professor Alessandro Fernandes de Santana, do vice-reitor, professor Mauricio de Santana Moureau; as pr\u00f3-reitoras de Gradua\u00e7\u00e3o e de Pesquisa e P\u00f3s-Gradua\u00e7\u00e3o, professoras Marcia Morel e  Fernanda Gaiotto; os pr\u00f3-reitores de Extens\u00e3o e de Administra\u00e7\u00e3o e Finan\u00e7as, professor  Cristiano Bahia e Paulo C\u00e9sar Craveiro; a gerente Acad\u00eamica, professora Ludmila Scarano Coimbra, e o representante do Diret\u00f3rio Central  dos Estudantes (DCE), Jefersson Evangelista. Houve a exibi\u00e7\u00e3o de um v\u00eddeo institucional e apresenta\u00e7\u00e3o do Coral da Uesc.<\/p>\n<figure id=\"attachment_3122\" aria-describedby=\"caption-attachment-3122\" style=\"width: 640px\" class=\"wp-caption aligncenter\"><img fetchpriority=\"high\" decoding=\"async\" class=\"wp-image-3122 size-large\" src=\"https:\/\/cacaunews.com\/wp-content\/uploads\/2023\/10\/05-10-23-circuito-das-profissoes-Uesc-Foto-Jonildo-Gloria-1-1024x622.jpeg\" alt=\"\" width=\"640\" height=\"389\" srcset=\"https:\/\/cacaunews.com\/wp-content\/uploads\/2023\/10\/05-10-23-circuito-das-profissoes-Uesc-Foto-Jonildo-Gloria-1-1024x622.jpeg 1024w, https:\/\/cacaunews.com\/wp-content\/uploads\/2023\/10\/05-10-23-circuito-das-profissoes-Uesc-Foto-Jonildo-Gloria-1-300x182.jpeg 300w, https:\/\/cacaunews.com\/wp-content\/uploads\/2023\/10\/05-10-23-circuito-das-profissoes-Uesc-Foto-Jonildo-Gloria-1-768x467.jpeg 768w, https:\/\/cacaunews.com\/wp-content\/uploads\/2023\/10\/05-10-23-circuito-das-profissoes-Uesc-Foto-Jonildo-Gloria-1-1536x933.jpeg 1536w, https:\/\/cacaunews.com\/wp-content\/uploads\/2023\/10\/05-10-23-circuito-das-profissoes-Uesc-Foto-Jonildo-Gloria-1.jpeg 1600w\" sizes=\"(max-width: 640px) 100vw, 640px\" \/><figcaption id=\"caption-attachment-3122\" class=\"wp-caption-text\">Foto: Jonildo Gl\u00f3ria.<\/figcaption><\/figure>\n<p style=\"font-weight:400;\">O retiro Alessandro Fernandes manifestou o prazer de ver o audit\u00f3rio lotado pelos estudantes, ressaltou o papel da Uesc no contexto da transforma\u00e7\u00e3o das pessoas e no desenvolvimento regional e disse esperar que, em breve, os visitantes possam comparecer ao mesmo audit\u00f3rio para a solenidade de suas respectivas formaturas, momento em que foi bastante aplaudido. Na oportunidade, agradeceu e pediu aplauso para toda a equipe envolvida na organiza\u00e7\u00e3o do evento, cujo empenho que traduz o compromisso institucional.<\/p>\n<p style=\"font-weight:400;\">O Circuito das Profiss\u00f5es \u00e9 um evento que mobiliza todos os colegiados dos cursos de gradua\u00e7\u00e3o e seus alunos, professores e servidores t\u00e9cnicos administrativos, na recep\u00e7\u00e3o aos estudantes e seus monitores. Vinte e oito estantes foram montados em frente aos pavilh\u00f5es Jorge Amado e Adonias Filho para a apresenta\u00e7\u00e3o de atividades vinculadas aos cursos da Uesc. Al\u00e9m disso, os laborat\u00f3rios e outras unidades da Universidade s\u00e3o preparados para receber a visita dos estudantes.<\/p>\n<p style=\"font-weight:400;\">O evento inclui ainda apresenta\u00e7\u00f5es art\u00edstico-culturais, estandes para informa\u00e7\u00f5es sobre as formas de ingresso, pol\u00edticas de perman\u00eancia e sobre as a\u00e7\u00f5es do N\u00facleo de Acessibilidade e Atendimento Educacional Especializado (NAAEE). Os visitantes podem vivenciar as experi\u00eancias promovidas por cada curso em seus stands, como karaok\u00ea, jogos, rodas de conversa, oficinas, visitas guiadas, exposi\u00e7\u00e3o de maquetes e maquin\u00e1rios, experi\u00eancias cient\u00edficas e mostras audiovisuais.<\/p>\n<p style=\"font-weight:400;\">Cerca de 30 escolas de seis diferentes N\u00facleos de Tecnologia Educacional (NTE) regional se inscreveram para o Circuito, oriundas dos munic\u00edpios de Camacan, Coaraci, Gandu, Gongogi, Ibicara\u00ed, Ibirapitanga, Igrapi\u00fana, Ilh\u00e9us, Itabuna, Itacar\u00e9, Itap\u00e9, Itapetinga, Itoror\u00f3, Ubat\u00e3, Una, Uru\u00e7uca. Al\u00e9m destas outras institui\u00e7\u00f5es de ensino m\u00e9dio  publicas e privadas participam com os seus alunos, do evento.<\/p>\n<p>Ascom\/UESC.<\/p>\n<figure id=\"attachment_3121\" aria-describedby=\"caption-attachment-3121\" style=\"width: 640px\" class=\"wp-caption aligncenter\"><img decoding=\"async\" class=\"wp-image-3121 size-large\" src=\"https:\/\/cacaunews.com\/wp-content\/uploads\/2023\/10\/05-10-23-circuito-das-profissoes-Uesc-Foto-Jonildo-Gloria-2-1024x465.jpeg\" alt=\"\" width=\"640\" height=\"291\" srcset=\"https:\/\/cacaunews.com\/wp-content\/uploads\/2023\/10\/05-10-23-circuito-das-profissoes-Uesc-Foto-Jonildo-Gloria-2-1024x465.jpeg 1024w, https:\/\/cacaunews.com\/wp-content\/uploads\/2023\/10\/05-10-23-circuito-das-profissoes-Uesc-Foto-Jonildo-Gloria-2-300x136.jpeg 300w, https:\/\/cacaunews.com\/wp-content\/uploads\/2023\/10\/05-10-23-circuito-das-profissoes-Uesc-Foto-Jonildo-Gloria-2-768x349.jpeg 768w, https:\/\/cacaunews.com\/wp-content\/uploads\/2023\/10\/05-10-23-circuito-das-profissoes-Uesc-Foto-Jonildo-Gloria-2-1536x697.jpeg 1536w, https:\/\/cacaunews.com\/wp-content\/uploads\/2023\/10\/05-10-23-circuito-das-profissoes-Uesc-Foto-Jonildo-Gloria-2.jpeg 1575w\" sizes=\"(max-width: 640px) 100vw, 640px\" \/><figcaption id=\"caption-attachment-3121\" class=\"wp-caption-text\">Foto: Jonildo Gl\u00f3ria.<\/figcaption><\/figure>\n<figure id=\"attachment_3120\" aria-describedby=\"caption-attachment-3120\" style=\"width: 640px\" class=\"wp-caption aligncenter\"><img decoding=\"async\" class=\"wp-image-3120 size-large\" src=\"https:\/\/cacaunews.com\/wp-content\/uploads\/2023\/10\/05-10-23-circuito-das-profissoes-Uesc-Foto-Jonildo-Gloria-4-1024x682.jpeg\" alt=\"\" width=\"640\" height=\"426\" srcset=\"https:\/\/cacaunews.com\/wp-content\/uploads\/2023\/10\/05-10-23-circuito-das-profissoes-Uesc-Foto-Jonildo-Gloria-4-1024x682.jpeg 1024w, https:\/\/cacaunews.com\/wp-content\/uploads\/2023\/10\/05-10-23-circuito-das-profissoes-Uesc-Foto-Jonildo-Gloria-4-300x200.jpeg 300w, https:\/\/cacaunews.com\/wp-content\/uploads\/2023\/10\/05-10-23-circuito-das-profissoes-Uesc-Foto-Jonildo-Gloria-4-768x512.jpeg 768w, https:\/\/cacaunews.com\/wp-content\/uploads\/2023\/10\/05-10-23-circuito-das-profissoes-Uesc-Foto-Jonildo-Gloria-4-1536x1023.jpeg 1536w, https:\/\/cacaunews.com\/wp-content\/uploads\/2023\/10\/05-10-23-circuito-das-profissoes-Uesc-Foto-Jonildo-Gloria-4.jpeg 1600w\" sizes=\"(max-width: 640px) 100vw, 640px\" \/><figcaption id=\"caption-attachment-3120\" class=\"wp-caption-text\">Foto: Jonildo Gl\u00f3ria.<\/figcaption><\/figure>\n","protected":false},"excerpt":{"rendered":"<p>A Universidade Estadual de Santa Cruz (Uesc) realizou, nestes dias 5 e 6 de outubro,&#8230;<\/p>\n","protected":false},"author":1,"featured_media":3124,"comment_status":"open","ping_status":"open","sticky":false,"template":"","format":"standard","meta":{"footnotes":""},"categories":[4,11],"tags":[33,1226,37,352],"yoast_head":"<!-- This site is optimized with the Yoast SEO plugin v21.7 - https:\/\/yoast.com\/wordpress\/plugins\/seo\/ -->\n<title>Circuito das Profiss\u00f5es 2023 - Cerca de 4 Mil Estudantes Participam do Evento. - Cacau News<\/title>\n<meta name=\"robots\" content=\"index, follow, max-snippet:-1, max-image-preview:large, max-video-preview:-1\" \/>\n<link rel=\"canonical\" href=\"https:\/\/cacaunews.com\/?p=3119\" \/>\n<meta property=\"og:locale\" content=\"pt_BR\" \/>\n<meta property=\"og:type\" content=\"article\" \/>\n<meta property=\"og:title\" content=\"Circuito das Profiss\u00f5es 2023 - Cerca de 4 Mil Estudantes Participam do Evento. - Cacau News\" \/>\n<meta property=\"og:description\" content=\"A Universidade Estadual de Santa Cruz (Uesc) realizou, nestes dias 5 e 6 de outubro,...\" \/>\n<meta property=\"og:url\" content=\"https:\/\/cacaunews.com\/?p=3119\" \/>\n<meta property=\"og:site_name\" content=\"Cacau News\" \/>\n<meta property=\"article:published_time\" content=\"2023-10-07T00:39:21+00:00\" \/>\n<meta property=\"article:modified_time\" content=\"2023-10-07T00:38:38+00:00\" \/>\n<meta property=\"og:image\" content=\"https:\/\/cacaunews.com\/wp-content\/uploads\/2023\/10\/05-10-23-circuito-das-profissoes-Uesc-Foto-Jonildo-Gloria-3.jpeg\" \/>\n\t<meta property=\"og:image:width\" content=\"1600\" \/>\n\t<meta property=\"og:image:height\" content=\"755\" \/>\n\t<meta property=\"og:image:type\" content=\"image\/jpeg\" \/>\n<meta name=\"author\" content=\"Reda\u00e7\u00e3o Cacau News\" \/>\n<meta name=\"twitter:card\" content=\"summary_large_image\" \/>\n<meta name=\"twitter:label1\" content=\"Escrito por\" \/>\n\t<meta name=\"twitter:data1\" content=\"Reda\u00e7\u00e3o Cacau News\" \/>\n\t<meta name=\"twitter:label2\" content=\"Est. tempo de leitura\" \/>\n\t<meta name=\"twitter:data2\" content=\"4 minutos\" \/>\n<script type=\"application\/ld+json\" class=\"yoast-schema-graph\">{\"@context\":\"https:\/\/schema.org\",\"@graph\":[{\"@type\":\"Article\",\"@id\":\"https:\/\/cacaunews.com\/?p=3119#article\",\"isPartOf\":{\"@id\":\"https:\/\/cacaunews.com\/?p=3119\"},\"author\":{\"name\":\"Reda\u00e7\u00e3o Cacau News\",\"@id\":\"https:\/\/cacaunews.com\/#\/schema\/person\/ea69703103e606ad347ccd64bd72ef79\"},\"headline\":\"Circuito das Profiss\u00f5es 2023 &#8211; Cerca de 4 Mil Estudantes Participam do Evento.\",\"datePublished\":\"2023-10-07T00:39:21+00:00\",\"dateModified\":\"2023-10-07T00:38:38+00:00\",\"mainEntityOfPage\":{\"@id\":\"https:\/\/cacaunews.com\/?p=3119\"},\"wordCount\":554,\"commentCount\":0,\"publisher\":{\"@id\":\"https:\/\/cacaunews.com\/#organization\"},\"keywords\":[\"educa\u00e7\u00e3o\",\"feira das profiss\u00f5es\",\"ilheus\",\"UESC\"],\"articleSection\":[\"Internet\",\"Jornalismo\"],\"inLanguage\":\"pt-BR\",\"potentialAction\":[{\"@type\":\"CommentAction\",\"name\":\"Comment\",\"target\":[\"https:\/\/cacaunews.com\/?p=3119#respond\"]}]},{\"@type\":\"WebPage\",\"@id\":\"https:\/\/cacaunews.com\/?p=3119\",\"url\":\"https:\/\/cacaunews.com\/?p=3119\",\"name\":\"Circuito das Profiss\u00f5es 2023 - Cerca de 4 Mil Estudantes Participam do Evento. - Cacau News\",\"isPartOf\":{\"@id\":\"https:\/\/cacaunews.com\/#website\"},\"datePublished\":\"2023-10-07T00:39:21+00:00\",\"dateModified\":\"2023-10-07T00:38:38+00:00\",\"breadcrumb\":{\"@id\":\"https:\/\/cacaunews.com\/?p=3119#breadcrumb\"},\"inLanguage\":\"pt-BR\",\"potentialAction\":[{\"@type\":\"ReadAction\",\"target\":[\"https:\/\/cacaunews.com\/?p=3119\"]}]},{\"@type\":\"BreadcrumbList\",\"@id\":\"https:\/\/cacaunews.com\/?p=3119#breadcrumb\",\"itemListElement\":[{\"@type\":\"ListItem\",\"position\":1,\"name\":\"In\u00edcio\",\"item\":\"https:\/\/cacaunews.com\/\"},{\"@type\":\"ListItem\",\"position\":2,\"name\":\"Circuito das Profiss\u00f5es 2023 &#8211; Cerca de 4 Mil Estudantes Participam do Evento.\"}]},{\"@type\":\"WebSite\",\"@id\":\"https:\/\/cacaunews.com\/#website\",\"url\":\"https:\/\/cacaunews.com\/\",\"name\":\"Cacau News\",\"description\":\"A Informa\u00e7\u00e3o que voc\u00ea precisa!\",\"publisher\":{\"@id\":\"https:\/\/cacaunews.com\/#organization\"},\"potentialAction\":[{\"@type\":\"SearchAction\",\"target\":{\"@type\":\"EntryPoint\",\"urlTemplate\":\"https:\/\/cacaunews.com\/?s={search_term_string}\"},\"query-input\":\"required name=search_term_string\"}],\"inLanguage\":\"pt-BR\"},{\"@type\":\"Organization\",\"@id\":\"https:\/\/cacaunews.com\/#organization\",\"name\":\"Cacau News\",\"url\":\"https:\/\/cacaunews.com\/\",\"logo\":{\"@type\":\"ImageObject\",\"inLanguage\":\"pt-BR\",\"@id\":\"https:\/\/cacaunews.com\/#\/schema\/logo\/image\/\",\"url\":\"https:\/\/cacaunews.com\/wp-content\/uploads\/2025\/01\/cropped-LOGO-NOVA.png\",\"contentUrl\":\"https:\/\/cacaunews.com\/wp-content\/uploads\/2025\/01\/cropped-LOGO-NOVA.png\",\"width\":813,\"height\":813,\"caption\":\"Cacau News\"},\"image\":{\"@id\":\"https:\/\/cacaunews.com\/#\/schema\/logo\/image\/\"},\"sameAs\":[\"https:\/\/www.instagram.com\/cacaunews.online\/\",\"https:\/\/youtube.com\/@cacaunews?si=0VXLnjl08SrWbVG9\"]},{\"@type\":\"Person\",\"@id\":\"https:\/\/cacaunews.com\/#\/schema\/person\/ea69703103e606ad347ccd64bd72ef79\",\"name\":\"Reda\u00e7\u00e3o Cacau News\",\"image\":{\"@type\":\"ImageObject\",\"inLanguage\":\"pt-BR\",\"@id\":\"https:\/\/cacaunews.com\/#\/schema\/person\/image\/\",\"url\":\"https:\/\/secure.gravatar.com\/avatar\/d79227a2a7b6cc42e8d7a8f7c284cd3a?s=96&d=mm&r=g\",\"contentUrl\":\"https:\/\/secure.gravatar.com\/avatar\/d79227a2a7b6cc42e8d7a8f7c284cd3a?s=96&d=mm&r=g\",\"caption\":\"Reda\u00e7\u00e3o Cacau News\"},\"sameAs\":[\"https:\/\/cacaunews.com\"],\"url\":\"https:\/\/cacaunews.com\/?author=1\"}]}<\/script>\n<!-- \/ Yoast SEO plugin. -->","yoast_head_json":{"title":"Circuito das Profiss\u00f5es 2023 - Cerca de 4 Mil Estudantes Participam do Evento. - Cacau News","robots":{"index":"index","follow":"follow","max-snippet":"max-snippet:-1","max-image-preview":"max-image-preview:large","max-video-preview":"max-video-preview:-1"},"canonical":"https:\/\/cacaunews.com\/?p=3119","og_locale":"pt_BR","og_type":"article","og_title":"Circuito das Profiss\u00f5es 2023 - Cerca de 4 Mil Estudantes Participam do Evento. - Cacau News","og_description":"A Universidade Estadual de Santa Cruz (Uesc) realizou, nestes dias 5 e 6 de outubro,...","og_url":"https:\/\/cacaunews.com\/?p=3119","og_site_name":"Cacau News","article_published_time":"2023-10-07T00:39:21+00:00","article_modified_time":"2023-10-07T00:38:38+00:00","og_image":[{"width":1600,"height":755,"url":"https:\/\/cacaunews.com\/wp-content\/uploads\/2023\/10\/05-10-23-circuito-das-profissoes-Uesc-Foto-Jonildo-Gloria-3.jpeg","type":"image\/jpeg"}],"author":"Reda\u00e7\u00e3o Cacau News","twitter_card":"summary_large_image","twitter_misc":{"Escrito por":"Reda\u00e7\u00e3o Cacau News","Est. tempo de leitura":"4 minutos"},"schema":{"@context":"https:\/\/schema.org","@graph":[{"@type":"Article","@id":"https:\/\/cacaunews.com\/?p=3119#article","isPartOf":{"@id":"https:\/\/cacaunews.com\/?p=3119"},"author":{"name":"Reda\u00e7\u00e3o Cacau News","@id":"https:\/\/cacaunews.com\/#\/schema\/person\/ea69703103e606ad347ccd64bd72ef79"},"headline":"Circuito das Profiss\u00f5es 2023 &#8211; Cerca de 4 Mil Estudantes Participam do Evento.","datePublished":"2023-10-07T00:39:21+00:00","dateModified":"2023-10-07T00:38:38+00:00","mainEntityOfPage":{"@id":"https:\/\/cacaunews.com\/?p=3119"},"wordCount":554,"commentCount":0,"publisher":{"@id":"https:\/\/cacaunews.com\/#organization"},"keywords":["educa\u00e7\u00e3o","feira das profiss\u00f5es","ilheus","UESC"],"articleSection":["Internet","Jornalismo"],"inLanguage":"pt-BR","potentialAction":[{"@type":"CommentAction","name":"Comment","target":["https:\/\/cacaunews.com\/?p=3119#respond"]}]},{"@type":"WebPage","@id":"https:\/\/cacaunews.com\/?p=3119","url":"https:\/\/cacaunews.com\/?p=3119","name":"Circuito das Profiss\u00f5es 2023 - Cerca de 4 Mil Estudantes Participam do Evento. - Cacau News","isPartOf":{"@id":"https:\/\/cacaunews.com\/#website"},"datePublished":"2023-10-07T00:39:21+00:00","dateModified":"2023-10-07T00:38:38+00:00","breadcrumb":{"@id":"https:\/\/cacaunews.com\/?p=3119#breadcrumb"},"inLanguage":"pt-BR","potentialAction":[{"@type":"ReadAction","target":["https:\/\/cacaunews.com\/?p=3119"]}]},{"@type":"BreadcrumbList","@id":"https:\/\/cacaunews.com\/?p=3119#breadcrumb","itemListElement":[{"@type":"ListItem","position":1,"name":"In\u00edcio","item":"https:\/\/cacaunews.com\/"},{"@type":"ListItem","position":2,"name":"Circuito das Profiss\u00f5es 2023 &#8211; Cerca de 4 Mil Estudantes Participam do Evento."}]},{"@type":"WebSite","@id":"https:\/\/cacaunews.com\/#website","url":"https:\/\/cacaunews.com\/","name":"Cacau News","description":"A Informa\u00e7\u00e3o que voc\u00ea precisa!","publisher":{"@id":"https:\/\/cacaunews.com\/#organization"},"potentialAction":[{"@type":"SearchAction","target":{"@type":"EntryPoint","urlTemplate":"https:\/\/cacaunews.com\/?s={search_term_string}"},"query-input":"required name=search_term_string"}],"inLanguage":"pt-BR"},{"@type":"Organization","@id":"https:\/\/cacaunews.com\/#organization","name":"Cacau News","url":"https:\/\/cacaunews.com\/","logo":{"@type":"ImageObject","inLanguage":"pt-BR","@id":"https:\/\/cacaunews.com\/#\/schema\/logo\/image\/","url":"https:\/\/cacaunews.com\/wp-content\/uploads\/2025\/01\/cropped-LOGO-NOVA.png","contentUrl":"https:\/\/cacaunews.com\/wp-content\/uploads\/2025\/01\/cropped-LOGO-NOVA.png","width":813,"height":813,"caption":"Cacau News"},"image":{"@id":"https:\/\/cacaunews.com\/#\/schema\/logo\/image\/"},"sameAs":["https:\/\/www.instagram.com\/cacaunews.online\/","https:\/\/youtube.com\/@cacaunews?si=0VXLnjl08SrWbVG9"]},{"@type":"Person","@id":"https:\/\/cacaunews.com\/#\/schema\/person\/ea69703103e606ad347ccd64bd72ef79","name":"Reda\u00e7\u00e3o Cacau News","image":{"@type":"ImageObject","inLanguage":"pt-BR","@id":"https:\/\/cacaunews.com\/#\/schema\/person\/image\/","url":"https:\/\/secure.gravatar.com\/avatar\/d79227a2a7b6cc42e8d7a8f7c284cd3a?s=96&d=mm&r=g","contentUrl":"https:\/\/secure.gravatar.com\/avatar\/d79227a2a7b6cc42e8d7a8f7c284cd3a?s=96&d=mm&r=g","caption":"Reda\u00e7\u00e3o Cacau News"},"sameAs":["https:\/\/cacaunews.com"],"url":"https:\/\/cacaunews.com\/?author=1"}]}},"jetpack_sharing_enabled":true,"jetpack_featured_media_url":"https:\/\/cacaunews.com\/wp-content\/uploads\/2023\/10\/05-10-23-circuito-das-profissoes-Uesc-Foto-Jonildo-Gloria-3.jpeg","_links":{"self":[{"href":"https:\/\/cacaunews.com\/index.php?rest_route=\/wp\/v2\/posts\/3119"}],"collection":[{"href":"https:\/\/cacaunews.com\/index.php?rest_route=\/wp\/v2\/posts"}],"about":[{"href":"https:\/\/cacaunews.com\/index.php?rest_route=\/wp\/v2\/types\/post"}],"author":[{"embeddable":true,"href":"https:\/\/cacaunews.com\/index.php?rest_route=\/wp\/v2\/users\/1"}],"replies":[{"embeddable":true,"href":"https:\/\/cacaunews.com\/index.php?rest_route=%2Fwp%2Fv2%2Fcomments&post=3119"}],"version-history":[{"count":2,"href":"https:\/\/cacaunews.com\/index.php?rest_route=\/wp\/v2\/posts\/3119\/revisions"}],"predecessor-version":[{"id":3134,"href":"https:\/\/cacaunews.com\/index.php?rest_route=\/wp\/v2\/posts\/3119\/revisions\/3134"}],"wp:featuredmedia":[{"embeddable":true,"href":"https:\/\/cacaunews.com\/index.php?rest_route=\/wp\/v2\/media\/3124"}],"wp:attachment":[{"href":"https:\/\/cacaunews.com\/index.php?rest_route=%2Fwp%2Fv2%2Fmedia&parent=3119"}],"wp:term":[{"taxonomy":"category","embeddable":true,"href":"https:\/\/cacaunews.com\/index.php?rest_route=%2Fwp%2Fv2%2Fcategories&post=3119"},{"taxonomy":"post_tag","embeddable":true,"href":"https:\/\/cacaunews.com\/index.php?rest_route=%2Fwp%2Fv2%2Ftags&post=3119"}],"curies":[{"name":"wp","href":"https:\/\/api.w.org\/{rel}","templated":true}]}}