{"id":3145,"date":"2023-10-08T16:07:48","date_gmt":"2023-10-08T16:07:48","guid":{"rendered":"https:\/\/cacaunews.com\/?p=3145"},"modified":"2023-10-08T16:06:58","modified_gmt":"2023-10-08T16:06:58","slug":"em-nota-oficial-deputado-pancadinha-fala-da-importanciade-evento-infantil-ser-realizado-no-centro-da-cidade","status":"publish","type":"post","link":"https:\/\/cacaunews.com\/?p=3145","title":{"rendered":"Em nota oficial, Deputado Pancadinha fala da import\u00e2ncia<br>de evento infantil ser realizado no Centro da cidade."},"content":{"rendered":"\n<p>Acontece em Itabuna hoje, na Avenida Beira Rio, a partir das 13h, o evento infantil chamado Planeta das Crian\u00e7as, realizado pelo Projeto Social Al\u00f4 Comunidade, e com o apoio do Deputado Estadual Pancadinha. Para ele, a realiza\u00e7\u00e3o do mesmo no Centro da cidade traz a perspectiva de pertencimento.<\/p>\n\n\n\n<p> \u201c<em>Sou nascido e criado em comunidade, e sei da import\u00e2ncia do dia de hoje para as crian\u00e7as. Evitar a separa\u00e7\u00e3o, desde a inf\u00e2ncia. Fazer a crian\u00e7a entender que ela nasceu na cidade e faz parte dela, que ela pode ocupar qualquer espa\u00e7o que tiver vontade. \u00c9 uma inje\u00e7\u00e3o na autoestima, que vai refletir em uma adolesc\u00eancia saud\u00e1vel, e consequentemente em uma vida melhor<\/em>\u201d, explica.  <\/p>\n\n\n\n<p><br>O Deputado aproveita a oportunidade para agradecer ao suporte de todos os \u00f3rg\u00e3os competentes e libera\u00e7\u00e3o do evento realizado, com o seu apoio irrestrito. \u201cEstaremos l\u00e1 para uma tarde especial e de muitas alegrias. S\u00e3o muitas pessoas envolvidas, empregos gerados no evento, e tudo o que pensamos em fazer \u00e9 para beneficiar a nossa cidade e regi\u00e3o\u201d, finaliza. <\/p>\n","protected":false},"excerpt":{"rendered":"<p>Acontece em Itabuna hoje, na Avenida Beira Rio, a partir das 13h, o evento infantil&#8230;<\/p>\n","protected":false},"author":1,"featured_media":3144,"comment_status":"open","ping_status":"open","sticky":false,"template":"","format":"standard","meta":{"footnotes":""},"categories":[18,11,5],"tags":[1234,27,1235,29],"yoast_head":"<!-- This site is optimized with the Yoast SEO plugin v21.7 - https:\/\/yoast.com\/wordpress\/plugins\/seo\/ -->\n<title>Em nota oficial, Deputado Pancadinha fala da import\u00e2nciade evento infantil ser realizado no Centro da cidade. - Cacau News<\/title>\n<meta name=\"robots\" content=\"index, follow, max-snippet:-1, max-image-preview:large, max-video-preview:-1\" \/>\n<link rel=\"canonical\" href=\"https:\/\/cacaunews.com\/?p=3145\" \/>\n<meta property=\"og:locale\" content=\"pt_BR\" \/>\n<meta property=\"og:type\" content=\"article\" \/>\n<meta property=\"og:title\" content=\"Em nota oficial, Deputado Pancadinha fala da import\u00e2nciade evento infantil ser realizado no Centro da cidade. - Cacau News\" \/>\n<meta property=\"og:description\" content=\"Acontece em Itabuna hoje, na Avenida Beira Rio, a partir das 13h, o evento infantil...\" \/>\n<meta property=\"og:url\" content=\"https:\/\/cacaunews.com\/?p=3145\" \/>\n<meta property=\"og:site_name\" content=\"Cacau News\" \/>\n<meta property=\"article:published_time\" content=\"2023-10-08T16:07:48+00:00\" \/>\n<meta property=\"article:modified_time\" content=\"2023-10-08T16:06:58+00:00\" \/>\n<meta property=\"og:image\" content=\"https:\/\/cacaunews.com\/wp-content\/uploads\/2023\/10\/IMG-20231008-WA0264.jpg\" \/>\n\t<meta property=\"og:image:width\" content=\"800\" \/>\n\t<meta property=\"og:image:height\" content=\"450\" \/>\n\t<meta property=\"og:image:type\" content=\"image\/jpeg\" \/>\n<meta name=\"author\" content=\"Reda\u00e7\u00e3o Cacau News\" \/>\n<meta name=\"twitter:card\" content=\"summary_large_image\" \/>\n<meta name=\"twitter:label1\" content=\"Escrito por\" \/>\n\t<meta name=\"twitter:data1\" content=\"Reda\u00e7\u00e3o Cacau News\" \/>\n\t<meta name=\"twitter:label2\" content=\"Est. tempo de leitura\" \/>\n\t<meta name=\"twitter:data2\" content=\"1 minuto\" \/>\n<script type=\"application\/ld+json\" class=\"yoast-schema-graph\">{\"@context\":\"https:\/\/schema.org\",\"@graph\":[{\"@type\":\"Article\",\"@id\":\"https:\/\/cacaunews.com\/?p=3145#article\",\"isPartOf\":{\"@id\":\"https:\/\/cacaunews.com\/?p=3145\"},\"author\":{\"name\":\"Reda\u00e7\u00e3o Cacau News\",\"@id\":\"https:\/\/cacaunews.com\/#\/schema\/person\/ea69703103e606ad347ccd64bd72ef79\"},\"headline\":\"Em nota oficial, Deputado Pancadinha fala da import\u00e2ncia de evento infantil ser realizado no Centro da cidade.\",\"datePublished\":\"2023-10-08T16:07:48+00:00\",\"dateModified\":\"2023-10-08T16:06:58+00:00\",\"mainEntityOfPage\":{\"@id\":\"https:\/\/cacaunews.com\/?p=3145\"},\"wordCount\":200,\"commentCount\":0,\"publisher\":{\"@id\":\"https:\/\/cacaunews.com\/#organization\"},\"keywords\":[\"dia das crian\u00e7as\",\"itabuna\",\"nota oficial\",\"pancadinha\"],\"articleSection\":[\"cidades\",\"Jornalismo\",\"Politica\"],\"inLanguage\":\"pt-BR\",\"potentialAction\":[{\"@type\":\"CommentAction\",\"name\":\"Comment\",\"target\":[\"https:\/\/cacaunews.com\/?p=3145#respond\"]}]},{\"@type\":\"WebPage\",\"@id\":\"https:\/\/cacaunews.com\/?p=3145\",\"url\":\"https:\/\/cacaunews.com\/?p=3145\",\"name\":\"Em nota oficial, Deputado Pancadinha fala da import\u00e2ncia de evento infantil ser realizado no Centro da cidade. - Cacau News\",\"isPartOf\":{\"@id\":\"https:\/\/cacaunews.com\/#website\"},\"datePublished\":\"2023-10-08T16:07:48+00:00\",\"dateModified\":\"2023-10-08T16:06:58+00:00\",\"breadcrumb\":{\"@id\":\"https:\/\/cacaunews.com\/?p=3145#breadcrumb\"},\"inLanguage\":\"pt-BR\",\"potentialAction\":[{\"@type\":\"ReadAction\",\"target\":[\"https:\/\/cacaunews.com\/?p=3145\"]}]},{\"@type\":\"BreadcrumbList\",\"@id\":\"https:\/\/cacaunews.com\/?p=3145#breadcrumb\",\"itemListElement\":[{\"@type\":\"ListItem\",\"position\":1,\"name\":\"In\u00edcio\",\"item\":\"https:\/\/cacaunews.com\/\"},{\"@type\":\"ListItem\",\"position\":2,\"name\":\"Em nota oficial, Deputado Pancadinha fala da import\u00e2nciade evento infantil ser realizado no Centro da cidade.\"}]},{\"@type\":\"WebSite\",\"@id\":\"https:\/\/cacaunews.com\/#website\",\"url\":\"https:\/\/cacaunews.com\/\",\"name\":\"Cacau News\",\"description\":\"A Informa\u00e7\u00e3o que voc\u00ea precisa!\",\"publisher\":{\"@id\":\"https:\/\/cacaunews.com\/#organization\"},\"potentialAction\":[{\"@type\":\"SearchAction\",\"target\":{\"@type\":\"EntryPoint\",\"urlTemplate\":\"https:\/\/cacaunews.com\/?s={search_term_string}\"},\"query-input\":\"required name=search_term_string\"}],\"inLanguage\":\"pt-BR\"},{\"@type\":\"Organization\",\"@id\":\"https:\/\/cacaunews.com\/#organization\",\"name\":\"Cacau News\",\"url\":\"https:\/\/cacaunews.com\/\",\"logo\":{\"@type\":\"ImageObject\",\"inLanguage\":\"pt-BR\",\"@id\":\"https:\/\/cacaunews.com\/#\/schema\/logo\/image\/\",\"url\":\"https:\/\/cacaunews.com\/wp-content\/uploads\/2025\/01\/cropped-LOGO-NOVA.png\",\"contentUrl\":\"https:\/\/cacaunews.com\/wp-content\/uploads\/2025\/01\/cropped-LOGO-NOVA.png\",\"width\":813,\"height\":813,\"caption\":\"Cacau News\"},\"image\":{\"@id\":\"https:\/\/cacaunews.com\/#\/schema\/logo\/image\/\"},\"sameAs\":[\"https:\/\/www.instagram.com\/cacaunews.online\/\",\"https:\/\/youtube.com\/@cacaunews?si=0VXLnjl08SrWbVG9\"]},{\"@type\":\"Person\",\"@id\":\"https:\/\/cacaunews.com\/#\/schema\/person\/ea69703103e606ad347ccd64bd72ef79\",\"name\":\"Reda\u00e7\u00e3o Cacau News\",\"image\":{\"@type\":\"ImageObject\",\"inLanguage\":\"pt-BR\",\"@id\":\"https:\/\/cacaunews.com\/#\/schema\/person\/image\/\",\"url\":\"https:\/\/secure.gravatar.com\/avatar\/d79227a2a7b6cc42e8d7a8f7c284cd3a?s=96&d=mm&r=g\",\"contentUrl\":\"https:\/\/secure.gravatar.com\/avatar\/d79227a2a7b6cc42e8d7a8f7c284cd3a?s=96&d=mm&r=g\",\"caption\":\"Reda\u00e7\u00e3o Cacau News\"},\"sameAs\":[\"https:\/\/cacaunews.com\"],\"url\":\"https:\/\/cacaunews.com\/?author=1\"}]}<\/script>\n<!-- \/ Yoast SEO plugin. -->","yoast_head_json":{"title":"Em nota oficial, Deputado Pancadinha fala da import\u00e2nciade evento infantil ser realizado no Centro da cidade. - Cacau News","robots":{"index":"index","follow":"follow","max-snippet":"max-snippet:-1","max-image-preview":"max-image-preview:large","max-video-preview":"max-video-preview:-1"},"canonical":"https:\/\/cacaunews.com\/?p=3145","og_locale":"pt_BR","og_type":"article","og_title":"Em nota oficial, Deputado Pancadinha fala da import\u00e2nciade evento infantil ser realizado no Centro da cidade. - Cacau News","og_description":"Acontece em Itabuna hoje, na Avenida Beira Rio, a partir das 13h, o evento infantil...","og_url":"https:\/\/cacaunews.com\/?p=3145","og_site_name":"Cacau News","article_published_time":"2023-10-08T16:07:48+00:00","article_modified_time":"2023-10-08T16:06:58+00:00","og_image":[{"width":800,"height":450,"url":"https:\/\/cacaunews.com\/wp-content\/uploads\/2023\/10\/IMG-20231008-WA0264.jpg","type":"image\/jpeg"}],"author":"Reda\u00e7\u00e3o Cacau News","twitter_card":"summary_large_image","twitter_misc":{"Escrito por":"Reda\u00e7\u00e3o Cacau News","Est. tempo de leitura":"1 minuto"},"schema":{"@context":"https:\/\/schema.org","@graph":[{"@type":"Article","@id":"https:\/\/cacaunews.com\/?p=3145#article","isPartOf":{"@id":"https:\/\/cacaunews.com\/?p=3145"},"author":{"name":"Reda\u00e7\u00e3o Cacau News","@id":"https:\/\/cacaunews.com\/#\/schema\/person\/ea69703103e606ad347ccd64bd72ef79"},"headline":"Em nota oficial, Deputado Pancadinha fala da import\u00e2ncia de evento infantil ser realizado no Centro da cidade.","datePublished":"2023-10-08T16:07:48+00:00","dateModified":"2023-10-08T16:06:58+00:00","mainEntityOfPage":{"@id":"https:\/\/cacaunews.com\/?p=3145"},"wordCount":200,"commentCount":0,"publisher":{"@id":"https:\/\/cacaunews.com\/#organization"},"keywords":["dia das crian\u00e7as","itabuna","nota oficial","pancadinha"],"articleSection":["cidades","Jornalismo","Politica"],"inLanguage":"pt-BR","potentialAction":[{"@type":"CommentAction","name":"Comment","target":["https:\/\/cacaunews.com\/?p=3145#respond"]}]},{"@type":"WebPage","@id":"https:\/\/cacaunews.com\/?p=3145","url":"https:\/\/cacaunews.com\/?p=3145","name":"Em nota oficial, Deputado Pancadinha fala da import\u00e2ncia de evento infantil ser realizado no Centro da cidade. - Cacau News","isPartOf":{"@id":"https:\/\/cacaunews.com\/#website"},"datePublished":"2023-10-08T16:07:48+00:00","dateModified":"2023-10-08T16:06:58+00:00","breadcrumb":{"@id":"https:\/\/cacaunews.com\/?p=3145#breadcrumb"},"inLanguage":"pt-BR","potentialAction":[{"@type":"ReadAction","target":["https:\/\/cacaunews.com\/?p=3145"]}]},{"@type":"BreadcrumbList","@id":"https:\/\/cacaunews.com\/?p=3145#breadcrumb","itemListElement":[{"@type":"ListItem","position":1,"name":"In\u00edcio","item":"https:\/\/cacaunews.com\/"},{"@type":"ListItem","position":2,"name":"Em nota oficial, Deputado Pancadinha fala da import\u00e2nciade evento infantil ser realizado no Centro da cidade."}]},{"@type":"WebSite","@id":"https:\/\/cacaunews.com\/#website","url":"https:\/\/cacaunews.com\/","name":"Cacau News","description":"A Informa\u00e7\u00e3o que voc\u00ea precisa!","publisher":{"@id":"https:\/\/cacaunews.com\/#organization"},"potentialAction":[{"@type":"SearchAction","target":{"@type":"EntryPoint","urlTemplate":"https:\/\/cacaunews.com\/?s={search_term_string}"},"query-input":"required name=search_term_string"}],"inLanguage":"pt-BR"},{"@type":"Organization","@id":"https:\/\/cacaunews.com\/#organization","name":"Cacau News","url":"https:\/\/cacaunews.com\/","logo":{"@type":"ImageObject","inLanguage":"pt-BR","@id":"https:\/\/cacaunews.com\/#\/schema\/logo\/image\/","url":"https:\/\/cacaunews.com\/wp-content\/uploads\/2025\/01\/cropped-LOGO-NOVA.png","contentUrl":"https:\/\/cacaunews.com\/wp-content\/uploads\/2025\/01\/cropped-LOGO-NOVA.png","width":813,"height":813,"caption":"Cacau News"},"image":{"@id":"https:\/\/cacaunews.com\/#\/schema\/logo\/image\/"},"sameAs":["https:\/\/www.instagram.com\/cacaunews.online\/","https:\/\/youtube.com\/@cacaunews?si=0VXLnjl08SrWbVG9"]},{"@type":"Person","@id":"https:\/\/cacaunews.com\/#\/schema\/person\/ea69703103e606ad347ccd64bd72ef79","name":"Reda\u00e7\u00e3o Cacau News","image":{"@type":"ImageObject","inLanguage":"pt-BR","@id":"https:\/\/cacaunews.com\/#\/schema\/person\/image\/","url":"https:\/\/secure.gravatar.com\/avatar\/d79227a2a7b6cc42e8d7a8f7c284cd3a?s=96&d=mm&r=g","contentUrl":"https:\/\/secure.gravatar.com\/avatar\/d79227a2a7b6cc42e8d7a8f7c284cd3a?s=96&d=mm&r=g","caption":"Reda\u00e7\u00e3o Cacau News"},"sameAs":["https:\/\/cacaunews.com"],"url":"https:\/\/cacaunews.com\/?author=1"}]}},"jetpack_sharing_enabled":true,"jetpack_featured_media_url":"https:\/\/cacaunews.com\/wp-content\/uploads\/2023\/10\/IMG-20231008-WA0264.jpg","_links":{"self":[{"href":"https:\/\/cacaunews.com\/index.php?rest_route=\/wp\/v2\/posts\/3145"}],"collection":[{"href":"https:\/\/cacaunews.com\/index.php?rest_route=\/wp\/v2\/posts"}],"about":[{"href":"https:\/\/cacaunews.com\/index.php?rest_route=\/wp\/v2\/types\/post"}],"author":[{"embeddable":true,"href":"https:\/\/cacaunews.com\/index.php?rest_route=\/wp\/v2\/users\/1"}],"replies":[{"embeddable":true,"href":"https:\/\/cacaunews.com\/index.php?rest_route=%2Fwp%2Fv2%2Fcomments&post=3145"}],"version-history":[{"count":1,"href":"https:\/\/cacaunews.com\/index.php?rest_route=\/wp\/v2\/posts\/3145\/revisions"}],"predecessor-version":[{"id":3146,"href":"https:\/\/cacaunews.com\/index.php?rest_route=\/wp\/v2\/posts\/3145\/revisions\/3146"}],"wp:featuredmedia":[{"embeddable":true,"href":"https:\/\/cacaunews.com\/index.php?rest_route=\/wp\/v2\/media\/3144"}],"wp:attachment":[{"href":"https:\/\/cacaunews.com\/index.php?rest_route=%2Fwp%2Fv2%2Fmedia&parent=3145"}],"wp:term":[{"taxonomy":"category","embeddable":true,"href":"https:\/\/cacaunews.com\/index.php?rest_route=%2Fwp%2Fv2%2Fcategories&post=3145"},{"taxonomy":"post_tag","embeddable":true,"href":"https:\/\/cacaunews.com\/index.php?rest_route=%2Fwp%2Fv2%2Ftags&post=3145"}],"curies":[{"name":"wp","href":"https:\/\/api.w.org\/{rel}","templated":true}]}}