{"id":3162,"date":"2023-10-10T20:00:04","date_gmt":"2023-10-10T20:00:04","guid":{"rendered":"https:\/\/cacaunews.com\/?p=3162"},"modified":"2023-10-10T20:00:04","modified_gmt":"2023-10-10T20:00:04","slug":"coaraci-miltinho-do-axe-recebe-apoio-de-otto-alencar","status":"publish","type":"post","link":"https:\/\/cacaunews.com\/?p=3162","title":{"rendered":"Coaraci: Miltinho do Ax\u00e9 recebe apoio de Otto Alencar."},"content":{"rendered":"\n<p>Na manh\u00e3 desta ter\u00e7a-feira (10), Miltinho do Ax\u00e9 recebeu o apoio do senador e presidente estadual do PSD, Otto Alencar, para a disputa \u00e0 Prefeitura de Coaraci, munic\u00edpio do sul da Bahia. O apoio foi selado durante encontro com a participa\u00e7\u00e3o do suplente de deputado estadual Marcone Amaral, que foi apoiado em 2022 por Miltinho, e do dirigente do PSD de Itabuna e do n\u00facleo sul-baiano do partido, Alc\u00e2ntara Pellegrini.<\/p>\n\n\n\n<p>Otto destacou qualidades vistas no pr\u00e9-candidato ao declarar o apoio. \u201cAcredito no projeto de Miltinho do Ax\u00e9 para Coaraci. Ele \u00e9 um homem trabalhador e honesto, que conhece as necessidades do munic\u00edpio e tem propostas concretas para melhorar a vida da popula\u00e7\u00e3o\u201d, afirmou o senador baiano.<br>Miltinho acredita que, com o apoio do senador Otto Alencar, seu nome se consolida como das principais pr\u00e9-candidaturas da sucess\u00e3o no munic\u00edpio sul-baiano em 2024. \u201cAgrade\u00e7o ao senador Otto Alencar pelo apoio prestado \u00e0 minha pr\u00e9-candidatura a prefeito de Coaraci. \u00c9 uma honra contar com o apoio de um homem p\u00fablico t\u00e3o respeitado e comprometido com a Bahia\u201d, disse Miltinho do Ax\u00e9. O apoio de Otto assegura o pr\u00e9-candidato em um partido da base governista.<\/p>\n\n\n\n<p>Com Informa\u00e7\u00f5es Pimenta.<\/p>\n","protected":false},"excerpt":{"rendered":"<p>Na manh\u00e3 desta ter\u00e7a-feira (10), Miltinho do Ax\u00e9 recebeu o apoio do senador e presidente&#8230;<\/p>\n","protected":false},"author":1,"featured_media":3161,"comment_status":"open","ping_status":"open","sticky":false,"template":"","format":"standard","meta":{"footnotes":""},"categories":[18,11,5],"tags":[208,1241,1244,1242,1243],"yoast_head":"<!-- This site is optimized with the Yoast SEO plugin v21.7 - https:\/\/yoast.com\/wordpress\/plugins\/seo\/ -->\n<title>Coaraci: Miltinho do Ax\u00e9 recebe apoio de Otto Alencar. - Cacau News<\/title>\n<meta name=\"robots\" content=\"index, follow, max-snippet:-1, max-image-preview:large, max-video-preview:-1\" \/>\n<link rel=\"canonical\" href=\"https:\/\/cacaunews.com\/?p=3162\" \/>\n<meta property=\"og:locale\" content=\"pt_BR\" \/>\n<meta property=\"og:type\" content=\"article\" \/>\n<meta property=\"og:title\" content=\"Coaraci: Miltinho do Ax\u00e9 recebe apoio de Otto Alencar. - Cacau News\" \/>\n<meta property=\"og:description\" content=\"Na manh\u00e3 desta ter\u00e7a-feira (10), Miltinho do Ax\u00e9 recebeu o apoio do senador e presidente...\" \/>\n<meta property=\"og:url\" content=\"https:\/\/cacaunews.com\/?p=3162\" \/>\n<meta property=\"og:site_name\" content=\"Cacau News\" \/>\n<meta property=\"article:published_time\" content=\"2023-10-10T20:00:04+00:00\" \/>\n<meta property=\"og:image\" content=\"https:\/\/cacaunews.com\/wp-content\/uploads\/2023\/10\/miltinhoottoemarcone.jpg\" \/>\n\t<meta property=\"og:image:width\" content=\"798\" \/>\n\t<meta property=\"og:image:height\" content=\"501\" \/>\n\t<meta property=\"og:image:type\" content=\"image\/jpeg\" \/>\n<meta name=\"author\" content=\"Reda\u00e7\u00e3o Cacau News\" \/>\n<meta name=\"twitter:card\" content=\"summary_large_image\" \/>\n<meta name=\"twitter:label1\" content=\"Escrito por\" \/>\n\t<meta name=\"twitter:data1\" content=\"Reda\u00e7\u00e3o Cacau News\" \/>\n\t<meta name=\"twitter:label2\" content=\"Est. tempo de leitura\" \/>\n\t<meta name=\"twitter:data2\" content=\"1 minuto\" \/>\n<script type=\"application\/ld+json\" class=\"yoast-schema-graph\">{\"@context\":\"https:\/\/schema.org\",\"@graph\":[{\"@type\":\"Article\",\"@id\":\"https:\/\/cacaunews.com\/?p=3162#article\",\"isPartOf\":{\"@id\":\"https:\/\/cacaunews.com\/?p=3162\"},\"author\":{\"name\":\"Reda\u00e7\u00e3o Cacau News\",\"@id\":\"https:\/\/cacaunews.com\/#\/schema\/person\/ea69703103e606ad347ccd64bd72ef79\"},\"headline\":\"Coaraci: Miltinho do Ax\u00e9 recebe apoio de Otto Alencar.\",\"datePublished\":\"2023-10-10T20:00:04+00:00\",\"dateModified\":\"2023-10-10T20:00:04+00:00\",\"mainEntityOfPage\":{\"@id\":\"https:\/\/cacaunews.com\/?p=3162\"},\"wordCount\":213,\"commentCount\":0,\"publisher\":{\"@id\":\"https:\/\/cacaunews.com\/#organization\"},\"keywords\":[\"apoio\",\"Coaraci\",\"elei\u00e7\u00f5es 2024\",\"Miltinho do Ax\u00e9\",\"Otto Alencar\"],\"articleSection\":[\"cidades\",\"Jornalismo\",\"Politica\"],\"inLanguage\":\"pt-BR\",\"potentialAction\":[{\"@type\":\"CommentAction\",\"name\":\"Comment\",\"target\":[\"https:\/\/cacaunews.com\/?p=3162#respond\"]}]},{\"@type\":\"WebPage\",\"@id\":\"https:\/\/cacaunews.com\/?p=3162\",\"url\":\"https:\/\/cacaunews.com\/?p=3162\",\"name\":\"Coaraci: Miltinho do Ax\u00e9 recebe apoio de Otto Alencar. - Cacau News\",\"isPartOf\":{\"@id\":\"https:\/\/cacaunews.com\/#website\"},\"datePublished\":\"2023-10-10T20:00:04+00:00\",\"dateModified\":\"2023-10-10T20:00:04+00:00\",\"breadcrumb\":{\"@id\":\"https:\/\/cacaunews.com\/?p=3162#breadcrumb\"},\"inLanguage\":\"pt-BR\",\"potentialAction\":[{\"@type\":\"ReadAction\",\"target\":[\"https:\/\/cacaunews.com\/?p=3162\"]}]},{\"@type\":\"BreadcrumbList\",\"@id\":\"https:\/\/cacaunews.com\/?p=3162#breadcrumb\",\"itemListElement\":[{\"@type\":\"ListItem\",\"position\":1,\"name\":\"In\u00edcio\",\"item\":\"https:\/\/cacaunews.com\/\"},{\"@type\":\"ListItem\",\"position\":2,\"name\":\"Coaraci: Miltinho do Ax\u00e9 recebe apoio de Otto Alencar.\"}]},{\"@type\":\"WebSite\",\"@id\":\"https:\/\/cacaunews.com\/#website\",\"url\":\"https:\/\/cacaunews.com\/\",\"name\":\"Cacau News\",\"description\":\"A Informa\u00e7\u00e3o que voc\u00ea precisa!\",\"publisher\":{\"@id\":\"https:\/\/cacaunews.com\/#organization\"},\"potentialAction\":[{\"@type\":\"SearchAction\",\"target\":{\"@type\":\"EntryPoint\",\"urlTemplate\":\"https:\/\/cacaunews.com\/?s={search_term_string}\"},\"query-input\":\"required name=search_term_string\"}],\"inLanguage\":\"pt-BR\"},{\"@type\":\"Organization\",\"@id\":\"https:\/\/cacaunews.com\/#organization\",\"name\":\"Cacau News\",\"url\":\"https:\/\/cacaunews.com\/\",\"logo\":{\"@type\":\"ImageObject\",\"inLanguage\":\"pt-BR\",\"@id\":\"https:\/\/cacaunews.com\/#\/schema\/logo\/image\/\",\"url\":\"https:\/\/cacaunews.com\/wp-content\/uploads\/2025\/01\/cropped-LOGO-NOVA.png\",\"contentUrl\":\"https:\/\/cacaunews.com\/wp-content\/uploads\/2025\/01\/cropped-LOGO-NOVA.png\",\"width\":813,\"height\":813,\"caption\":\"Cacau News\"},\"image\":{\"@id\":\"https:\/\/cacaunews.com\/#\/schema\/logo\/image\/\"},\"sameAs\":[\"https:\/\/www.instagram.com\/cacaunews.online\/\",\"https:\/\/youtube.com\/@cacaunews?si=0VXLnjl08SrWbVG9\"]},{\"@type\":\"Person\",\"@id\":\"https:\/\/cacaunews.com\/#\/schema\/person\/ea69703103e606ad347ccd64bd72ef79\",\"name\":\"Reda\u00e7\u00e3o Cacau News\",\"image\":{\"@type\":\"ImageObject\",\"inLanguage\":\"pt-BR\",\"@id\":\"https:\/\/cacaunews.com\/#\/schema\/person\/image\/\",\"url\":\"https:\/\/secure.gravatar.com\/avatar\/d79227a2a7b6cc42e8d7a8f7c284cd3a?s=96&d=mm&r=g\",\"contentUrl\":\"https:\/\/secure.gravatar.com\/avatar\/d79227a2a7b6cc42e8d7a8f7c284cd3a?s=96&d=mm&r=g\",\"caption\":\"Reda\u00e7\u00e3o Cacau News\"},\"sameAs\":[\"https:\/\/cacaunews.com\"],\"url\":\"https:\/\/cacaunews.com\/?author=1\"}]}<\/script>\n<!-- \/ Yoast SEO plugin. -->","yoast_head_json":{"title":"Coaraci: Miltinho do Ax\u00e9 recebe apoio de Otto Alencar. - Cacau News","robots":{"index":"index","follow":"follow","max-snippet":"max-snippet:-1","max-image-preview":"max-image-preview:large","max-video-preview":"max-video-preview:-1"},"canonical":"https:\/\/cacaunews.com\/?p=3162","og_locale":"pt_BR","og_type":"article","og_title":"Coaraci: Miltinho do Ax\u00e9 recebe apoio de Otto Alencar. - Cacau News","og_description":"Na manh\u00e3 desta ter\u00e7a-feira (10), Miltinho do Ax\u00e9 recebeu o apoio do senador e presidente...","og_url":"https:\/\/cacaunews.com\/?p=3162","og_site_name":"Cacau News","article_published_time":"2023-10-10T20:00:04+00:00","og_image":[{"width":798,"height":501,"url":"https:\/\/cacaunews.com\/wp-content\/uploads\/2023\/10\/miltinhoottoemarcone.jpg","type":"image\/jpeg"}],"author":"Reda\u00e7\u00e3o Cacau News","twitter_card":"summary_large_image","twitter_misc":{"Escrito por":"Reda\u00e7\u00e3o Cacau News","Est. tempo de leitura":"1 minuto"},"schema":{"@context":"https:\/\/schema.org","@graph":[{"@type":"Article","@id":"https:\/\/cacaunews.com\/?p=3162#article","isPartOf":{"@id":"https:\/\/cacaunews.com\/?p=3162"},"author":{"name":"Reda\u00e7\u00e3o Cacau News","@id":"https:\/\/cacaunews.com\/#\/schema\/person\/ea69703103e606ad347ccd64bd72ef79"},"headline":"Coaraci: Miltinho do Ax\u00e9 recebe apoio de Otto Alencar.","datePublished":"2023-10-10T20:00:04+00:00","dateModified":"2023-10-10T20:00:04+00:00","mainEntityOfPage":{"@id":"https:\/\/cacaunews.com\/?p=3162"},"wordCount":213,"commentCount":0,"publisher":{"@id":"https:\/\/cacaunews.com\/#organization"},"keywords":["apoio","Coaraci","elei\u00e7\u00f5es 2024","Miltinho do Ax\u00e9","Otto Alencar"],"articleSection":["cidades","Jornalismo","Politica"],"inLanguage":"pt-BR","potentialAction":[{"@type":"CommentAction","name":"Comment","target":["https:\/\/cacaunews.com\/?p=3162#respond"]}]},{"@type":"WebPage","@id":"https:\/\/cacaunews.com\/?p=3162","url":"https:\/\/cacaunews.com\/?p=3162","name":"Coaraci: Miltinho do Ax\u00e9 recebe apoio de Otto Alencar. - Cacau News","isPartOf":{"@id":"https:\/\/cacaunews.com\/#website"},"datePublished":"2023-10-10T20:00:04+00:00","dateModified":"2023-10-10T20:00:04+00:00","breadcrumb":{"@id":"https:\/\/cacaunews.com\/?p=3162#breadcrumb"},"inLanguage":"pt-BR","potentialAction":[{"@type":"ReadAction","target":["https:\/\/cacaunews.com\/?p=3162"]}]},{"@type":"BreadcrumbList","@id":"https:\/\/cacaunews.com\/?p=3162#breadcrumb","itemListElement":[{"@type":"ListItem","position":1,"name":"In\u00edcio","item":"https:\/\/cacaunews.com\/"},{"@type":"ListItem","position":2,"name":"Coaraci: Miltinho do Ax\u00e9 recebe apoio de Otto Alencar."}]},{"@type":"WebSite","@id":"https:\/\/cacaunews.com\/#website","url":"https:\/\/cacaunews.com\/","name":"Cacau News","description":"A Informa\u00e7\u00e3o que voc\u00ea precisa!","publisher":{"@id":"https:\/\/cacaunews.com\/#organization"},"potentialAction":[{"@type":"SearchAction","target":{"@type":"EntryPoint","urlTemplate":"https:\/\/cacaunews.com\/?s={search_term_string}"},"query-input":"required name=search_term_string"}],"inLanguage":"pt-BR"},{"@type":"Organization","@id":"https:\/\/cacaunews.com\/#organization","name":"Cacau News","url":"https:\/\/cacaunews.com\/","logo":{"@type":"ImageObject","inLanguage":"pt-BR","@id":"https:\/\/cacaunews.com\/#\/schema\/logo\/image\/","url":"https:\/\/cacaunews.com\/wp-content\/uploads\/2025\/01\/cropped-LOGO-NOVA.png","contentUrl":"https:\/\/cacaunews.com\/wp-content\/uploads\/2025\/01\/cropped-LOGO-NOVA.png","width":813,"height":813,"caption":"Cacau News"},"image":{"@id":"https:\/\/cacaunews.com\/#\/schema\/logo\/image\/"},"sameAs":["https:\/\/www.instagram.com\/cacaunews.online\/","https:\/\/youtube.com\/@cacaunews?si=0VXLnjl08SrWbVG9"]},{"@type":"Person","@id":"https:\/\/cacaunews.com\/#\/schema\/person\/ea69703103e606ad347ccd64bd72ef79","name":"Reda\u00e7\u00e3o Cacau News","image":{"@type":"ImageObject","inLanguage":"pt-BR","@id":"https:\/\/cacaunews.com\/#\/schema\/person\/image\/","url":"https:\/\/secure.gravatar.com\/avatar\/d79227a2a7b6cc42e8d7a8f7c284cd3a?s=96&d=mm&r=g","contentUrl":"https:\/\/secure.gravatar.com\/avatar\/d79227a2a7b6cc42e8d7a8f7c284cd3a?s=96&d=mm&r=g","caption":"Reda\u00e7\u00e3o Cacau News"},"sameAs":["https:\/\/cacaunews.com"],"url":"https:\/\/cacaunews.com\/?author=1"}]}},"jetpack_sharing_enabled":true,"jetpack_featured_media_url":"https:\/\/cacaunews.com\/wp-content\/uploads\/2023\/10\/miltinhoottoemarcone.jpg","_links":{"self":[{"href":"https:\/\/cacaunews.com\/index.php?rest_route=\/wp\/v2\/posts\/3162"}],"collection":[{"href":"https:\/\/cacaunews.com\/index.php?rest_route=\/wp\/v2\/posts"}],"about":[{"href":"https:\/\/cacaunews.com\/index.php?rest_route=\/wp\/v2\/types\/post"}],"author":[{"embeddable":true,"href":"https:\/\/cacaunews.com\/index.php?rest_route=\/wp\/v2\/users\/1"}],"replies":[{"embeddable":true,"href":"https:\/\/cacaunews.com\/index.php?rest_route=%2Fwp%2Fv2%2Fcomments&post=3162"}],"version-history":[{"count":0,"href":"https:\/\/cacaunews.com\/index.php?rest_route=\/wp\/v2\/posts\/3162\/revisions"}],"wp:featuredmedia":[{"embeddable":true,"href":"https:\/\/cacaunews.com\/index.php?rest_route=\/wp\/v2\/media\/3161"}],"wp:attachment":[{"href":"https:\/\/cacaunews.com\/index.php?rest_route=%2Fwp%2Fv2%2Fmedia&parent=3162"}],"wp:term":[{"taxonomy":"category","embeddable":true,"href":"https:\/\/cacaunews.com\/index.php?rest_route=%2Fwp%2Fv2%2Fcategories&post=3162"},{"taxonomy":"post_tag","embeddable":true,"href":"https:\/\/cacaunews.com\/index.php?rest_route=%2Fwp%2Fv2%2Ftags&post=3162"}],"curies":[{"name":"wp","href":"https:\/\/api.w.org\/{rel}","templated":true}]}}