{"id":3177,"date":"2023-10-11T14:12:36","date_gmt":"2023-10-11T14:12:36","guid":{"rendered":"https:\/\/cacaunews.com\/?p=3177"},"modified":"2023-10-11T14:12:46","modified_gmt":"2023-10-11T14:12:46","slug":"itabuna-aberta-as-inscricoes-do-processo-seletivo-para-diretor-e-vice-diretor-da-rede-municipal-de-ensino","status":"publish","type":"post","link":"https:\/\/cacaunews.com\/?p=3177","title":{"rendered":"Itabuna: Aberta as inscri\u00e7\u00f5es do Processo Seletivo para diretor e vice-diretor da Rede Municipal de Ensino."},"content":{"rendered":"\n<p>A Prefeitura de Itabuna, por meio da Secretaria Municipal da Educa\u00e7\u00e3o (SEDUC), abriu inscri\u00e7\u00f5es para o Processo de Sele\u00e7\u00e3o P\u00fablica para os cargos de diretor e vice-diretor das escolas da Rede Municipal de Ensino. Podem se inscrever servidor p\u00fablico municipal efetivo integrante do Quadro Permanente de Pessoal do Magist\u00e9rio P\u00fablico Municipal, com forma\u00e7\u00e3o m\u00ednima no curso de gradua\u00e7\u00e3o em Pedagogia ou em n\u00edvel de p\u00f3s-gradua\u00e7\u00e3o em Gest\u00e3o Escolar conclu\u00edda.<br><br>As inscri\u00e7\u00f5es podem ser feitas at\u00e9 a pr\u00f3xima ter\u00e7a-feira, dia 17, mediante de ficha de inscri\u00e7\u00e3o que, depois de preenchida adequadamente, deve ser entregue na Secretaria Municipal da Educa\u00e7\u00e3o.<br><br>Al\u00e9m disso, junto com a ficha, o candidato dever\u00e1 entregar tamb\u00e9m fotoc\u00f3pias de documento de identifica\u00e7\u00e3o com foto (RG), CPF e comprovante de resid\u00eancia, al\u00e9m de diploma de licenciatura em Pedagogia ou em n\u00edvel de p\u00f3s-gradua\u00e7\u00e3o.<br><br>Tamb\u00e9m dever\u00e1 entregar declara\u00e7\u00e3o de tr\u00eas anos de efetivo exerc\u00edcio docente na Rede Municipal de Ensino, emitida pela gest\u00e3o da Unidade Escolar em que est\u00e1 lotado.<br>Segundo o diretor-financeiro da Secretaria Municipal da Educa\u00e7\u00e3o, F\u00e1bio Bittencourt Peixoto de Melo que a prova escrita ser\u00e1 realizada em novembro no Instituto Municipal de Educa\u00e7\u00e3o Aziz Maron (IMEAM), situado \u00e0 Rua Adelino Kfoury Silveira, centro, mas a data ser\u00e1 divulgada posteriormente pela empresa respons\u00e1vel pela organiza\u00e7\u00e3o do processo seletivo.<br><br>.Ainda segundo F\u00e1bio Melo, as provas ser\u00e3o realizadas por etapas, sendo que a prova escrita \u00e9 de car\u00e1ter eliminat\u00f3rio. O candidato dever\u00e1 obter o m\u00ednimo de 60% de acerto.<br>A segunda e a terceira etapas se constituem na elabora\u00e7\u00e3o e entrega do Plano de Gest\u00e3o Escolar para a Comiss\u00e3o Municipal de Gest\u00e3o Escolar, em conformidade com as orienta\u00e7\u00f5es t\u00e9cnicas e prazo estabelecido no Edital, que foi publicado na edi\u00e7\u00e3o eletr\u00f4nica n\u00ba 5996, na segunda-feira, dia 9, bem como os demais requisitos do Processo de Sele\u00e7\u00e3o P\u00fablica.<br><br>A \u00faltima etapa ser\u00e1 a apresenta\u00e7\u00e3o e posterior vota\u00e7\u00e3o do Plano de Gest\u00e3o Escolar, pelos candidatos, para a Comunidade Escolar (professores, servidores, pais ou respons\u00e1veis e discentes acima de 12 anos, matriculados na Unidade Escolar).<br>A homologa\u00e7\u00e3o das inscri\u00e7\u00f5es ser\u00e1 divulgada atrav\u00e9s da publica\u00e7\u00e3o com a lista dos candidatos tamb\u00e9m no Di\u00e1rio Oficial do Munic\u00edpio. Os futuros diretor e vice-diretores aprovados ter\u00e3o carga hor\u00e1ria de 40 horas semanais (diretor) e 20 horas semanais para de vice-diretor.<\/p>\n\n\n\n<p>Ascom.<\/p>\n","protected":false},"excerpt":{"rendered":"<p>A Prefeitura de Itabuna, por meio da Secretaria Municipal da Educa\u00e7\u00e3o (SEDUC), abriu inscri\u00e7\u00f5es para&#8230;<\/p>\n","protected":false},"author":1,"featured_media":2595,"comment_status":"open","ping_status":"open","sticky":false,"template":"","format":"standard","meta":{"footnotes":""},"categories":[18,4,11],"tags":[1249,33,27,304,1250],"yoast_head":"<!-- This site is optimized with the Yoast SEO plugin v21.7 - https:\/\/yoast.com\/wordpress\/plugins\/seo\/ -->\n<title>Itabuna: Aberta as inscri\u00e7\u00f5es do Processo Seletivo para diretor e vice-diretor da Rede Municipal de Ensino. - Cacau News<\/title>\n<meta name=\"robots\" content=\"index, follow, max-snippet:-1, max-image-preview:large, max-video-preview:-1\" \/>\n<link rel=\"canonical\" href=\"https:\/\/cacaunews.com\/?p=3177\" \/>\n<meta property=\"og:locale\" content=\"pt_BR\" \/>\n<meta property=\"og:type\" content=\"article\" \/>\n<meta property=\"og:title\" content=\"Itabuna: Aberta as inscri\u00e7\u00f5es do Processo Seletivo para diretor e vice-diretor da Rede Municipal de Ensino. - Cacau News\" \/>\n<meta property=\"og:description\" content=\"A Prefeitura de Itabuna, por meio da Secretaria Municipal da Educa\u00e7\u00e3o (SEDUC), abriu inscri\u00e7\u00f5es para...\" \/>\n<meta property=\"og:url\" content=\"https:\/\/cacaunews.com\/?p=3177\" \/>\n<meta property=\"og:site_name\" content=\"Cacau News\" \/>\n<meta property=\"article:published_time\" content=\"2023-10-11T14:12:36+00:00\" \/>\n<meta property=\"article:modified_time\" content=\"2023-10-11T14:12:46+00:00\" \/>\n<meta property=\"og:image\" content=\"https:\/\/cacaunews.com\/wp-content\/uploads\/2023\/08\/A8C94070-0152-4AD8-8B9E-8041DCF338DD.jpeg\" \/>\n\t<meta property=\"og:image:width\" content=\"935\" \/>\n\t<meta property=\"og:image:height\" content=\"506\" \/>\n\t<meta property=\"og:image:type\" content=\"image\/jpeg\" \/>\n<meta name=\"author\" content=\"Reda\u00e7\u00e3o Cacau News\" \/>\n<meta name=\"twitter:card\" content=\"summary_large_image\" \/>\n<meta name=\"twitter:label1\" content=\"Escrito por\" \/>\n\t<meta name=\"twitter:data1\" content=\"Reda\u00e7\u00e3o Cacau News\" \/>\n\t<meta name=\"twitter:label2\" content=\"Est. tempo de leitura\" \/>\n\t<meta name=\"twitter:data2\" content=\"2 minutos\" \/>\n<script type=\"application\/ld+json\" class=\"yoast-schema-graph\">{\"@context\":\"https:\/\/schema.org\",\"@graph\":[{\"@type\":\"Article\",\"@id\":\"https:\/\/cacaunews.com\/?p=3177#article\",\"isPartOf\":{\"@id\":\"https:\/\/cacaunews.com\/?p=3177\"},\"author\":{\"name\":\"Reda\u00e7\u00e3o Cacau News\",\"@id\":\"https:\/\/cacaunews.com\/#\/schema\/person\/ea69703103e606ad347ccd64bd72ef79\"},\"headline\":\"Itabuna: Aberta as inscri\u00e7\u00f5es do Processo Seletivo para diretor e vice-diretor da Rede Municipal de Ensino.\",\"datePublished\":\"2023-10-11T14:12:36+00:00\",\"dateModified\":\"2023-10-11T14:12:46+00:00\",\"mainEntityOfPage\":{\"@id\":\"https:\/\/cacaunews.com\/?p=3177\"},\"wordCount\":448,\"commentCount\":0,\"publisher\":{\"@id\":\"https:\/\/cacaunews.com\/#organization\"},\"keywords\":[\"diretor\",\"educa\u00e7\u00e3o\",\"itabuna\",\"processo seletivo\",\"vice-diretor\"],\"articleSection\":[\"cidades\",\"Internet\",\"Jornalismo\"],\"inLanguage\":\"pt-BR\",\"potentialAction\":[{\"@type\":\"CommentAction\",\"name\":\"Comment\",\"target\":[\"https:\/\/cacaunews.com\/?p=3177#respond\"]}]},{\"@type\":\"WebPage\",\"@id\":\"https:\/\/cacaunews.com\/?p=3177\",\"url\":\"https:\/\/cacaunews.com\/?p=3177\",\"name\":\"Itabuna: Aberta as inscri\u00e7\u00f5es do Processo Seletivo para diretor e vice-diretor da Rede Municipal de Ensino. - Cacau News\",\"isPartOf\":{\"@id\":\"https:\/\/cacaunews.com\/#website\"},\"datePublished\":\"2023-10-11T14:12:36+00:00\",\"dateModified\":\"2023-10-11T14:12:46+00:00\",\"breadcrumb\":{\"@id\":\"https:\/\/cacaunews.com\/?p=3177#breadcrumb\"},\"inLanguage\":\"pt-BR\",\"potentialAction\":[{\"@type\":\"ReadAction\",\"target\":[\"https:\/\/cacaunews.com\/?p=3177\"]}]},{\"@type\":\"BreadcrumbList\",\"@id\":\"https:\/\/cacaunews.com\/?p=3177#breadcrumb\",\"itemListElement\":[{\"@type\":\"ListItem\",\"position\":1,\"name\":\"In\u00edcio\",\"item\":\"https:\/\/cacaunews.com\/\"},{\"@type\":\"ListItem\",\"position\":2,\"name\":\"Itabuna: Aberta as inscri\u00e7\u00f5es do Processo Seletivo para diretor e vice-diretor da Rede Municipal de Ensino.\"}]},{\"@type\":\"WebSite\",\"@id\":\"https:\/\/cacaunews.com\/#website\",\"url\":\"https:\/\/cacaunews.com\/\",\"name\":\"Cacau News\",\"description\":\"A Informa\u00e7\u00e3o que voc\u00ea precisa!\",\"publisher\":{\"@id\":\"https:\/\/cacaunews.com\/#organization\"},\"potentialAction\":[{\"@type\":\"SearchAction\",\"target\":{\"@type\":\"EntryPoint\",\"urlTemplate\":\"https:\/\/cacaunews.com\/?s={search_term_string}\"},\"query-input\":\"required name=search_term_string\"}],\"inLanguage\":\"pt-BR\"},{\"@type\":\"Organization\",\"@id\":\"https:\/\/cacaunews.com\/#organization\",\"name\":\"Cacau News\",\"url\":\"https:\/\/cacaunews.com\/\",\"logo\":{\"@type\":\"ImageObject\",\"inLanguage\":\"pt-BR\",\"@id\":\"https:\/\/cacaunews.com\/#\/schema\/logo\/image\/\",\"url\":\"https:\/\/cacaunews.com\/wp-content\/uploads\/2025\/01\/cropped-LOGO-NOVA.png\",\"contentUrl\":\"https:\/\/cacaunews.com\/wp-content\/uploads\/2025\/01\/cropped-LOGO-NOVA.png\",\"width\":813,\"height\":813,\"caption\":\"Cacau News\"},\"image\":{\"@id\":\"https:\/\/cacaunews.com\/#\/schema\/logo\/image\/\"},\"sameAs\":[\"https:\/\/www.instagram.com\/cacaunews.online\/\",\"https:\/\/youtube.com\/@cacaunews?si=0VXLnjl08SrWbVG9\"]},{\"@type\":\"Person\",\"@id\":\"https:\/\/cacaunews.com\/#\/schema\/person\/ea69703103e606ad347ccd64bd72ef79\",\"name\":\"Reda\u00e7\u00e3o Cacau News\",\"image\":{\"@type\":\"ImageObject\",\"inLanguage\":\"pt-BR\",\"@id\":\"https:\/\/cacaunews.com\/#\/schema\/person\/image\/\",\"url\":\"https:\/\/secure.gravatar.com\/avatar\/d79227a2a7b6cc42e8d7a8f7c284cd3a?s=96&d=mm&r=g\",\"contentUrl\":\"https:\/\/secure.gravatar.com\/avatar\/d79227a2a7b6cc42e8d7a8f7c284cd3a?s=96&d=mm&r=g\",\"caption\":\"Reda\u00e7\u00e3o Cacau News\"},\"sameAs\":[\"https:\/\/cacaunews.com\"],\"url\":\"https:\/\/cacaunews.com\/?author=1\"}]}<\/script>\n<!-- \/ Yoast SEO plugin. -->","yoast_head_json":{"title":"Itabuna: Aberta as inscri\u00e7\u00f5es do Processo Seletivo para diretor e vice-diretor da Rede Municipal de Ensino. - Cacau News","robots":{"index":"index","follow":"follow","max-snippet":"max-snippet:-1","max-image-preview":"max-image-preview:large","max-video-preview":"max-video-preview:-1"},"canonical":"https:\/\/cacaunews.com\/?p=3177","og_locale":"pt_BR","og_type":"article","og_title":"Itabuna: Aberta as inscri\u00e7\u00f5es do Processo Seletivo para diretor e vice-diretor da Rede Municipal de Ensino. - Cacau News","og_description":"A Prefeitura de Itabuna, por meio da Secretaria Municipal da Educa\u00e7\u00e3o (SEDUC), abriu inscri\u00e7\u00f5es para...","og_url":"https:\/\/cacaunews.com\/?p=3177","og_site_name":"Cacau News","article_published_time":"2023-10-11T14:12:36+00:00","article_modified_time":"2023-10-11T14:12:46+00:00","og_image":[{"width":935,"height":506,"url":"https:\/\/cacaunews.com\/wp-content\/uploads\/2023\/08\/A8C94070-0152-4AD8-8B9E-8041DCF338DD.jpeg","type":"image\/jpeg"}],"author":"Reda\u00e7\u00e3o Cacau News","twitter_card":"summary_large_image","twitter_misc":{"Escrito por":"Reda\u00e7\u00e3o Cacau News","Est. tempo de leitura":"2 minutos"},"schema":{"@context":"https:\/\/schema.org","@graph":[{"@type":"Article","@id":"https:\/\/cacaunews.com\/?p=3177#article","isPartOf":{"@id":"https:\/\/cacaunews.com\/?p=3177"},"author":{"name":"Reda\u00e7\u00e3o Cacau News","@id":"https:\/\/cacaunews.com\/#\/schema\/person\/ea69703103e606ad347ccd64bd72ef79"},"headline":"Itabuna: Aberta as inscri\u00e7\u00f5es do Processo Seletivo para diretor e vice-diretor da Rede Municipal de Ensino.","datePublished":"2023-10-11T14:12:36+00:00","dateModified":"2023-10-11T14:12:46+00:00","mainEntityOfPage":{"@id":"https:\/\/cacaunews.com\/?p=3177"},"wordCount":448,"commentCount":0,"publisher":{"@id":"https:\/\/cacaunews.com\/#organization"},"keywords":["diretor","educa\u00e7\u00e3o","itabuna","processo seletivo","vice-diretor"],"articleSection":["cidades","Internet","Jornalismo"],"inLanguage":"pt-BR","potentialAction":[{"@type":"CommentAction","name":"Comment","target":["https:\/\/cacaunews.com\/?p=3177#respond"]}]},{"@type":"WebPage","@id":"https:\/\/cacaunews.com\/?p=3177","url":"https:\/\/cacaunews.com\/?p=3177","name":"Itabuna: Aberta as inscri\u00e7\u00f5es do Processo Seletivo para diretor e vice-diretor da Rede Municipal de Ensino. - Cacau News","isPartOf":{"@id":"https:\/\/cacaunews.com\/#website"},"datePublished":"2023-10-11T14:12:36+00:00","dateModified":"2023-10-11T14:12:46+00:00","breadcrumb":{"@id":"https:\/\/cacaunews.com\/?p=3177#breadcrumb"},"inLanguage":"pt-BR","potentialAction":[{"@type":"ReadAction","target":["https:\/\/cacaunews.com\/?p=3177"]}]},{"@type":"BreadcrumbList","@id":"https:\/\/cacaunews.com\/?p=3177#breadcrumb","itemListElement":[{"@type":"ListItem","position":1,"name":"In\u00edcio","item":"https:\/\/cacaunews.com\/"},{"@type":"ListItem","position":2,"name":"Itabuna: Aberta as inscri\u00e7\u00f5es do Processo Seletivo para diretor e vice-diretor da Rede Municipal de Ensino."}]},{"@type":"WebSite","@id":"https:\/\/cacaunews.com\/#website","url":"https:\/\/cacaunews.com\/","name":"Cacau News","description":"A Informa\u00e7\u00e3o que voc\u00ea precisa!","publisher":{"@id":"https:\/\/cacaunews.com\/#organization"},"potentialAction":[{"@type":"SearchAction","target":{"@type":"EntryPoint","urlTemplate":"https:\/\/cacaunews.com\/?s={search_term_string}"},"query-input":"required name=search_term_string"}],"inLanguage":"pt-BR"},{"@type":"Organization","@id":"https:\/\/cacaunews.com\/#organization","name":"Cacau News","url":"https:\/\/cacaunews.com\/","logo":{"@type":"ImageObject","inLanguage":"pt-BR","@id":"https:\/\/cacaunews.com\/#\/schema\/logo\/image\/","url":"https:\/\/cacaunews.com\/wp-content\/uploads\/2025\/01\/cropped-LOGO-NOVA.png","contentUrl":"https:\/\/cacaunews.com\/wp-content\/uploads\/2025\/01\/cropped-LOGO-NOVA.png","width":813,"height":813,"caption":"Cacau News"},"image":{"@id":"https:\/\/cacaunews.com\/#\/schema\/logo\/image\/"},"sameAs":["https:\/\/www.instagram.com\/cacaunews.online\/","https:\/\/youtube.com\/@cacaunews?si=0VXLnjl08SrWbVG9"]},{"@type":"Person","@id":"https:\/\/cacaunews.com\/#\/schema\/person\/ea69703103e606ad347ccd64bd72ef79","name":"Reda\u00e7\u00e3o Cacau News","image":{"@type":"ImageObject","inLanguage":"pt-BR","@id":"https:\/\/cacaunews.com\/#\/schema\/person\/image\/","url":"https:\/\/secure.gravatar.com\/avatar\/d79227a2a7b6cc42e8d7a8f7c284cd3a?s=96&d=mm&r=g","contentUrl":"https:\/\/secure.gravatar.com\/avatar\/d79227a2a7b6cc42e8d7a8f7c284cd3a?s=96&d=mm&r=g","caption":"Reda\u00e7\u00e3o Cacau News"},"sameAs":["https:\/\/cacaunews.com"],"url":"https:\/\/cacaunews.com\/?author=1"}]}},"jetpack_sharing_enabled":true,"jetpack_featured_media_url":"https:\/\/cacaunews.com\/wp-content\/uploads\/2023\/08\/A8C94070-0152-4AD8-8B9E-8041DCF338DD.jpeg","_links":{"self":[{"href":"https:\/\/cacaunews.com\/index.php?rest_route=\/wp\/v2\/posts\/3177"}],"collection":[{"href":"https:\/\/cacaunews.com\/index.php?rest_route=\/wp\/v2\/posts"}],"about":[{"href":"https:\/\/cacaunews.com\/index.php?rest_route=\/wp\/v2\/types\/post"}],"author":[{"embeddable":true,"href":"https:\/\/cacaunews.com\/index.php?rest_route=\/wp\/v2\/users\/1"}],"replies":[{"embeddable":true,"href":"https:\/\/cacaunews.com\/index.php?rest_route=%2Fwp%2Fv2%2Fcomments&post=3177"}],"version-history":[{"count":1,"href":"https:\/\/cacaunews.com\/index.php?rest_route=\/wp\/v2\/posts\/3177\/revisions"}],"predecessor-version":[{"id":3178,"href":"https:\/\/cacaunews.com\/index.php?rest_route=\/wp\/v2\/posts\/3177\/revisions\/3178"}],"wp:featuredmedia":[{"embeddable":true,"href":"https:\/\/cacaunews.com\/index.php?rest_route=\/wp\/v2\/media\/2595"}],"wp:attachment":[{"href":"https:\/\/cacaunews.com\/index.php?rest_route=%2Fwp%2Fv2%2Fmedia&parent=3177"}],"wp:term":[{"taxonomy":"category","embeddable":true,"href":"https:\/\/cacaunews.com\/index.php?rest_route=%2Fwp%2Fv2%2Fcategories&post=3177"},{"taxonomy":"post_tag","embeddable":true,"href":"https:\/\/cacaunews.com\/index.php?rest_route=%2Fwp%2Fv2%2Ftags&post=3177"}],"curies":[{"name":"wp","href":"https:\/\/api.w.org\/{rel}","templated":true}]}}