{"id":3189,"date":"2023-10-13T14:49:04","date_gmt":"2023-10-13T14:49:04","guid":{"rendered":"https:\/\/cacaunews.com\/?p=3189"},"modified":"2023-10-13T14:48:07","modified_gmt":"2023-10-13T14:48:07","slug":"itabuna-instituto-ame-vidas-realiza-festa-para-criancas-carentes","status":"publish","type":"post","link":"https:\/\/cacaunews.com\/?p=3189","title":{"rendered":"Itabuna: Instituto Ame Vidas realiza festa para crian\u00e7as carentes."},"content":{"rendered":"<p>Em atividade h\u00e1 mais de dez anos o Instituto Ame Vidas, com sede no bairro Nova Itabuna, realizou no dia de ontem (12) uma festa em comemora\u00e7\u00e3o ao Dia das Crian\u00e7as, com distribui\u00e7\u00e3o de presentes e muitas brincadeiras centenas de crian\u00e7as do bairro e adjac\u00eancia puderam desfrutar de um dia de muita divers\u00e3o no Clube dos Banc\u00e1rios.<\/p>\n<figure style=\"width: 580px\" class=\"wp-caption alignnone\"><img fetchpriority=\"high\" decoding=\"async\" class=\"size-large wp-image-3192\" src=\"https:\/\/cacaunews.com\/wp-content\/uploads\/2023\/10\/IMG-20231013-WA0081.jpg\" width=\"580\" height=\"1024\"><figcaption class=\"wp-caption-text\">Foto: Divulga\u00e7\u00e3o.<\/figcaption><\/figure>\n<p>Ascendino Ferreira \u00e9 Diretor fundador do Instituto e falou da satisfa\u00e7\u00e3o em poder realizar a a\u00e7\u00e3o &#8220;percebo que as crian\u00e7as de nosso bairro e dos bairros vizinhos precisam de nossa aten\u00e7\u00e3o, e muitas delas, no seu pr\u00f3prio dia, n\u00e3o tem nem um presente para se alegrar, foi pensando nisso e na satisfa\u00e7\u00e3o contida no sorriso das crian\u00e7as que realizamos hoje esta a\u00e7\u00e3o&#8221; disse.<\/p>\n","protected":false},"excerpt":{"rendered":"<p>Em atividade h\u00e1 mais de dez anos o Instituto Ame Vidas, com sede no bairro&#8230;<\/p>\n","protected":false},"author":1,"featured_media":3191,"comment_status":"open","ping_status":"open","sticky":false,"template":"","format":"standard","meta":{"footnotes":""},"categories":[18,11,19],"tags":[1256,1255,1234,27],"yoast_head":"<!-- This site is optimized with the Yoast SEO plugin v21.7 - https:\/\/yoast.com\/wordpress\/plugins\/seo\/ -->\n<title>Itabuna: Instituto Ame Vidas realiza festa para crian\u00e7as carentes. - Cacau News<\/title>\n<meta name=\"robots\" content=\"index, follow, max-snippet:-1, max-image-preview:large, max-video-preview:-1\" \/>\n<link rel=\"canonical\" href=\"https:\/\/cacaunews.com\/?p=3189\" \/>\n<meta property=\"og:locale\" content=\"pt_BR\" \/>\n<meta property=\"og:type\" content=\"article\" \/>\n<meta property=\"og:title\" content=\"Itabuna: Instituto Ame Vidas realiza festa para crian\u00e7as carentes. - Cacau News\" \/>\n<meta property=\"og:description\" content=\"Em atividade h\u00e1 mais de dez anos o Instituto Ame Vidas, com sede no bairro...\" \/>\n<meta property=\"og:url\" content=\"https:\/\/cacaunews.com\/?p=3189\" \/>\n<meta property=\"og:site_name\" content=\"Cacau News\" \/>\n<meta property=\"article:published_time\" content=\"2023-10-13T14:49:04+00:00\" \/>\n<meta property=\"article:modified_time\" content=\"2023-10-13T14:48:07+00:00\" \/>\n<meta property=\"og:image\" content=\"https:\/\/cacaunews.com\/wp-content\/uploads\/2023\/10\/image_editor_output_image-1022159709-1697207914875.jpg\" \/>\n\t<meta property=\"og:image:width\" content=\"883\" \/>\n\t<meta property=\"og:image:height\" content=\"934\" \/>\n\t<meta property=\"og:image:type\" content=\"image\/jpeg\" \/>\n<meta name=\"author\" content=\"Reda\u00e7\u00e3o Cacau News\" \/>\n<meta name=\"twitter:card\" content=\"summary_large_image\" \/>\n<meta name=\"twitter:label1\" content=\"Escrito por\" \/>\n\t<meta name=\"twitter:data1\" content=\"Reda\u00e7\u00e3o Cacau News\" \/>\n\t<meta name=\"twitter:label2\" content=\"Est. tempo de leitura\" \/>\n\t<meta name=\"twitter:data2\" content=\"1 minuto\" \/>\n<script type=\"application\/ld+json\" class=\"yoast-schema-graph\">{\"@context\":\"https:\/\/schema.org\",\"@graph\":[{\"@type\":\"Article\",\"@id\":\"https:\/\/cacaunews.com\/?p=3189#article\",\"isPartOf\":{\"@id\":\"https:\/\/cacaunews.com\/?p=3189\"},\"author\":{\"name\":\"Reda\u00e7\u00e3o Cacau News\",\"@id\":\"https:\/\/cacaunews.com\/#\/schema\/person\/ea69703103e606ad347ccd64bd72ef79\"},\"headline\":\"Itabuna: Instituto Ame Vidas realiza festa para crian\u00e7as carentes.\",\"datePublished\":\"2023-10-13T14:49:04+00:00\",\"dateModified\":\"2023-10-13T14:48:07+00:00\",\"mainEntityOfPage\":{\"@id\":\"https:\/\/cacaunews.com\/?p=3189\"},\"wordCount\":150,\"commentCount\":0,\"publisher\":{\"@id\":\"https:\/\/cacaunews.com\/#organization\"},\"keywords\":[\"a\u00e7\u00e3o social\",\"ame vidas\",\"dia das crian\u00e7as\",\"itabuna\"],\"articleSection\":[\"cidades\",\"Jornalismo\",\"Social\"],\"inLanguage\":\"pt-BR\",\"potentialAction\":[{\"@type\":\"CommentAction\",\"name\":\"Comment\",\"target\":[\"https:\/\/cacaunews.com\/?p=3189#respond\"]}]},{\"@type\":\"WebPage\",\"@id\":\"https:\/\/cacaunews.com\/?p=3189\",\"url\":\"https:\/\/cacaunews.com\/?p=3189\",\"name\":\"Itabuna: Instituto Ame Vidas realiza festa para crian\u00e7as carentes. - Cacau News\",\"isPartOf\":{\"@id\":\"https:\/\/cacaunews.com\/#website\"},\"datePublished\":\"2023-10-13T14:49:04+00:00\",\"dateModified\":\"2023-10-13T14:48:07+00:00\",\"breadcrumb\":{\"@id\":\"https:\/\/cacaunews.com\/?p=3189#breadcrumb\"},\"inLanguage\":\"pt-BR\",\"potentialAction\":[{\"@type\":\"ReadAction\",\"target\":[\"https:\/\/cacaunews.com\/?p=3189\"]}]},{\"@type\":\"BreadcrumbList\",\"@id\":\"https:\/\/cacaunews.com\/?p=3189#breadcrumb\",\"itemListElement\":[{\"@type\":\"ListItem\",\"position\":1,\"name\":\"In\u00edcio\",\"item\":\"https:\/\/cacaunews.com\/\"},{\"@type\":\"ListItem\",\"position\":2,\"name\":\"Itabuna: Instituto Ame Vidas realiza festa para crian\u00e7as carentes.\"}]},{\"@type\":\"WebSite\",\"@id\":\"https:\/\/cacaunews.com\/#website\",\"url\":\"https:\/\/cacaunews.com\/\",\"name\":\"Cacau News\",\"description\":\"A Informa\u00e7\u00e3o que voc\u00ea precisa!\",\"publisher\":{\"@id\":\"https:\/\/cacaunews.com\/#organization\"},\"potentialAction\":[{\"@type\":\"SearchAction\",\"target\":{\"@type\":\"EntryPoint\",\"urlTemplate\":\"https:\/\/cacaunews.com\/?s={search_term_string}\"},\"query-input\":\"required name=search_term_string\"}],\"inLanguage\":\"pt-BR\"},{\"@type\":\"Organization\",\"@id\":\"https:\/\/cacaunews.com\/#organization\",\"name\":\"Cacau News\",\"url\":\"https:\/\/cacaunews.com\/\",\"logo\":{\"@type\":\"ImageObject\",\"inLanguage\":\"pt-BR\",\"@id\":\"https:\/\/cacaunews.com\/#\/schema\/logo\/image\/\",\"url\":\"https:\/\/cacaunews.com\/wp-content\/uploads\/2025\/01\/cropped-LOGO-NOVA.png\",\"contentUrl\":\"https:\/\/cacaunews.com\/wp-content\/uploads\/2025\/01\/cropped-LOGO-NOVA.png\",\"width\":813,\"height\":813,\"caption\":\"Cacau News\"},\"image\":{\"@id\":\"https:\/\/cacaunews.com\/#\/schema\/logo\/image\/\"},\"sameAs\":[\"https:\/\/www.instagram.com\/cacaunews.online\/\",\"https:\/\/youtube.com\/@cacaunews?si=0VXLnjl08SrWbVG9\"]},{\"@type\":\"Person\",\"@id\":\"https:\/\/cacaunews.com\/#\/schema\/person\/ea69703103e606ad347ccd64bd72ef79\",\"name\":\"Reda\u00e7\u00e3o Cacau News\",\"image\":{\"@type\":\"ImageObject\",\"inLanguage\":\"pt-BR\",\"@id\":\"https:\/\/cacaunews.com\/#\/schema\/person\/image\/\",\"url\":\"https:\/\/secure.gravatar.com\/avatar\/d79227a2a7b6cc42e8d7a8f7c284cd3a?s=96&d=mm&r=g\",\"contentUrl\":\"https:\/\/secure.gravatar.com\/avatar\/d79227a2a7b6cc42e8d7a8f7c284cd3a?s=96&d=mm&r=g\",\"caption\":\"Reda\u00e7\u00e3o Cacau News\"},\"sameAs\":[\"https:\/\/cacaunews.com\"],\"url\":\"https:\/\/cacaunews.com\/?author=1\"}]}<\/script>\n<!-- \/ Yoast SEO plugin. -->","yoast_head_json":{"title":"Itabuna: Instituto Ame Vidas realiza festa para crian\u00e7as carentes. - Cacau News","robots":{"index":"index","follow":"follow","max-snippet":"max-snippet:-1","max-image-preview":"max-image-preview:large","max-video-preview":"max-video-preview:-1"},"canonical":"https:\/\/cacaunews.com\/?p=3189","og_locale":"pt_BR","og_type":"article","og_title":"Itabuna: Instituto Ame Vidas realiza festa para crian\u00e7as carentes. - Cacau News","og_description":"Em atividade h\u00e1 mais de dez anos o Instituto Ame Vidas, com sede no bairro...","og_url":"https:\/\/cacaunews.com\/?p=3189","og_site_name":"Cacau News","article_published_time":"2023-10-13T14:49:04+00:00","article_modified_time":"2023-10-13T14:48:07+00:00","og_image":[{"width":883,"height":934,"url":"https:\/\/cacaunews.com\/wp-content\/uploads\/2023\/10\/image_editor_output_image-1022159709-1697207914875.jpg","type":"image\/jpeg"}],"author":"Reda\u00e7\u00e3o Cacau News","twitter_card":"summary_large_image","twitter_misc":{"Escrito por":"Reda\u00e7\u00e3o Cacau News","Est. tempo de leitura":"1 minuto"},"schema":{"@context":"https:\/\/schema.org","@graph":[{"@type":"Article","@id":"https:\/\/cacaunews.com\/?p=3189#article","isPartOf":{"@id":"https:\/\/cacaunews.com\/?p=3189"},"author":{"name":"Reda\u00e7\u00e3o Cacau News","@id":"https:\/\/cacaunews.com\/#\/schema\/person\/ea69703103e606ad347ccd64bd72ef79"},"headline":"Itabuna: Instituto Ame Vidas realiza festa para crian\u00e7as carentes.","datePublished":"2023-10-13T14:49:04+00:00","dateModified":"2023-10-13T14:48:07+00:00","mainEntityOfPage":{"@id":"https:\/\/cacaunews.com\/?p=3189"},"wordCount":150,"commentCount":0,"publisher":{"@id":"https:\/\/cacaunews.com\/#organization"},"keywords":["a\u00e7\u00e3o social","ame vidas","dia das crian\u00e7as","itabuna"],"articleSection":["cidades","Jornalismo","Social"],"inLanguage":"pt-BR","potentialAction":[{"@type":"CommentAction","name":"Comment","target":["https:\/\/cacaunews.com\/?p=3189#respond"]}]},{"@type":"WebPage","@id":"https:\/\/cacaunews.com\/?p=3189","url":"https:\/\/cacaunews.com\/?p=3189","name":"Itabuna: Instituto Ame Vidas realiza festa para crian\u00e7as carentes. - Cacau News","isPartOf":{"@id":"https:\/\/cacaunews.com\/#website"},"datePublished":"2023-10-13T14:49:04+00:00","dateModified":"2023-10-13T14:48:07+00:00","breadcrumb":{"@id":"https:\/\/cacaunews.com\/?p=3189#breadcrumb"},"inLanguage":"pt-BR","potentialAction":[{"@type":"ReadAction","target":["https:\/\/cacaunews.com\/?p=3189"]}]},{"@type":"BreadcrumbList","@id":"https:\/\/cacaunews.com\/?p=3189#breadcrumb","itemListElement":[{"@type":"ListItem","position":1,"name":"In\u00edcio","item":"https:\/\/cacaunews.com\/"},{"@type":"ListItem","position":2,"name":"Itabuna: Instituto Ame Vidas realiza festa para crian\u00e7as carentes."}]},{"@type":"WebSite","@id":"https:\/\/cacaunews.com\/#website","url":"https:\/\/cacaunews.com\/","name":"Cacau News","description":"A Informa\u00e7\u00e3o que voc\u00ea precisa!","publisher":{"@id":"https:\/\/cacaunews.com\/#organization"},"potentialAction":[{"@type":"SearchAction","target":{"@type":"EntryPoint","urlTemplate":"https:\/\/cacaunews.com\/?s={search_term_string}"},"query-input":"required name=search_term_string"}],"inLanguage":"pt-BR"},{"@type":"Organization","@id":"https:\/\/cacaunews.com\/#organization","name":"Cacau News","url":"https:\/\/cacaunews.com\/","logo":{"@type":"ImageObject","inLanguage":"pt-BR","@id":"https:\/\/cacaunews.com\/#\/schema\/logo\/image\/","url":"https:\/\/cacaunews.com\/wp-content\/uploads\/2025\/01\/cropped-LOGO-NOVA.png","contentUrl":"https:\/\/cacaunews.com\/wp-content\/uploads\/2025\/01\/cropped-LOGO-NOVA.png","width":813,"height":813,"caption":"Cacau News"},"image":{"@id":"https:\/\/cacaunews.com\/#\/schema\/logo\/image\/"},"sameAs":["https:\/\/www.instagram.com\/cacaunews.online\/","https:\/\/youtube.com\/@cacaunews?si=0VXLnjl08SrWbVG9"]},{"@type":"Person","@id":"https:\/\/cacaunews.com\/#\/schema\/person\/ea69703103e606ad347ccd64bd72ef79","name":"Reda\u00e7\u00e3o Cacau News","image":{"@type":"ImageObject","inLanguage":"pt-BR","@id":"https:\/\/cacaunews.com\/#\/schema\/person\/image\/","url":"https:\/\/secure.gravatar.com\/avatar\/d79227a2a7b6cc42e8d7a8f7c284cd3a?s=96&d=mm&r=g","contentUrl":"https:\/\/secure.gravatar.com\/avatar\/d79227a2a7b6cc42e8d7a8f7c284cd3a?s=96&d=mm&r=g","caption":"Reda\u00e7\u00e3o Cacau News"},"sameAs":["https:\/\/cacaunews.com"],"url":"https:\/\/cacaunews.com\/?author=1"}]}},"jetpack_sharing_enabled":true,"jetpack_featured_media_url":"https:\/\/cacaunews.com\/wp-content\/uploads\/2023\/10\/image_editor_output_image-1022159709-1697207914875.jpg","_links":{"self":[{"href":"https:\/\/cacaunews.com\/index.php?rest_route=\/wp\/v2\/posts\/3189"}],"collection":[{"href":"https:\/\/cacaunews.com\/index.php?rest_route=\/wp\/v2\/posts"}],"about":[{"href":"https:\/\/cacaunews.com\/index.php?rest_route=\/wp\/v2\/types\/post"}],"author":[{"embeddable":true,"href":"https:\/\/cacaunews.com\/index.php?rest_route=\/wp\/v2\/users\/1"}],"replies":[{"embeddable":true,"href":"https:\/\/cacaunews.com\/index.php?rest_route=%2Fwp%2Fv2%2Fcomments&post=3189"}],"version-history":[{"count":4,"href":"https:\/\/cacaunews.com\/index.php?rest_route=\/wp\/v2\/posts\/3189\/revisions"}],"predecessor-version":[{"id":3198,"href":"https:\/\/cacaunews.com\/index.php?rest_route=\/wp\/v2\/posts\/3189\/revisions\/3198"}],"wp:featuredmedia":[{"embeddable":true,"href":"https:\/\/cacaunews.com\/index.php?rest_route=\/wp\/v2\/media\/3191"}],"wp:attachment":[{"href":"https:\/\/cacaunews.com\/index.php?rest_route=%2Fwp%2Fv2%2Fmedia&parent=3189"}],"wp:term":[{"taxonomy":"category","embeddable":true,"href":"https:\/\/cacaunews.com\/index.php?rest_route=%2Fwp%2Fv2%2Fcategories&post=3189"},{"taxonomy":"post_tag","embeddable":true,"href":"https:\/\/cacaunews.com\/index.php?rest_route=%2Fwp%2Fv2%2Ftags&post=3189"}],"curies":[{"name":"wp","href":"https:\/\/api.w.org\/{rel}","templated":true}]}}