{"id":3249,"date":"2023-10-17T14:29:47","date_gmt":"2023-10-17T14:29:47","guid":{"rendered":"https:\/\/cacaunews.com\/?p=3249"},"modified":"2023-10-17T14:43:33","modified_gmt":"2023-10-17T14:43:33","slug":"itacare-decima-edicao-do-festival-gastronomico-e-apresentada","status":"publish","type":"post","link":"https:\/\/cacaunews.com\/?p=3249","title":{"rendered":"Itacar\u00e9: D\u00e9cima edi\u00e7\u00e3o do Festival  Gastron\u00f4mico \u00e9 apresentada."},"content":{"rendered":"\n<p>A Prefeitura de Itacar\u00e9, atrav\u00e9s da Secretaria de Turismo e Cultura, na presen\u00e7a do Comtur, Sindicato Patronal de Hospedagem e Alimenta\u00e7\u00e3o, Trade Tur\u00edstico e empres\u00e1rios locais, apresentou, nesta segunda-feira (16), a d\u00e9cima Edi\u00e7\u00e3o do Festival Sabores de Itacar\u00e9 Ess\u00eancias, no audit\u00f3rio do Ecoporan Hotel.<br \/><br \/>Para comemorar os dez anos de Festival, o tema escolhido foi Ess\u00eancias, trazendo no seu quadro de significados entre ess\u00eancia e fragr\u00e2ncia, o tema abordar\u00e1 a culin\u00e1ria tradicional e atual, envolvendo as rela\u00e7\u00f5es de origens dos pratos, pessoas e hist\u00f3rias desses para\u00edsos denominados Itacar\u00e9 e Bahia.<br \/><br \/>O Festival ser\u00e1 realizado de 30 de novembro a 02 de dezembro. Com pratos incr\u00edveis, diversos e inconfund\u00edveis em sabores, cores, cultura, saberes e sentidos, que colocam o munic\u00edpio no palco nacional da gastronomia. Ainda na reuni\u00e3o foi divulgada a data das inscri\u00e7\u00f5es dos pratos e restaurantes, que vai de 16 de outubro a 02 de novembro.<\/p>\n\n\n\n<p>Durante o encontro o secret\u00e1rio de Turismo e Cultura, Marcos Japu e a presidente do COMTUR, Cida Aguilar, refor\u00e7aram e fizeram um balan\u00e7o geral da participa\u00e7\u00e3o de Itacar\u00e9 na Abav Expo 2023, no Rio de Janeiro, relataram os encaminhamentos p\u00f3s ABAV, j\u00e1 desdobrando nos \u00faltimos finais de semanas da cidade com muitos turistas, a exemplo, o feriad\u00e3o de 7 de setembro e agora o feriado de 12 de outubro.<\/p>\n\n\n\n<figure class=\"wp-block-image size-large\"><img fetchpriority=\"high\" decoding=\"async\" width=\"1024\" height=\"768\" src=\"https:\/\/cacaunews.com\/wp-content\/uploads\/2023\/10\/IMG-20231017-WA0009.jpg\" alt=\"\" class=\"wp-image-3250\" srcset=\"https:\/\/cacaunews.com\/wp-content\/uploads\/2023\/10\/IMG-20231017-WA0009.jpg 1024w, https:\/\/cacaunews.com\/wp-content\/uploads\/2023\/10\/IMG-20231017-WA0009-300x225.jpg 300w, https:\/\/cacaunews.com\/wp-content\/uploads\/2023\/10\/IMG-20231017-WA0009-768x576.jpg 768w\" sizes=\"(max-width: 1024px) 100vw, 1024px\" \/><figcaption class=\"wp-element-caption\">Foto: Divulga\u00e7\u00e3o.<\/figcaption><\/figure>\n\n\n\n<p>Confirmando o sucesso destas a\u00e7\u00f5es, a cidade esteve com 100% de ocupa\u00e7\u00e3o hoteleira nestes feriados, segundo Liane Reis, Sindicato Patronal de Hospedagem e Alimenta\u00e7\u00e3o de Itacar\u00e9 e Cida Aguilar (COMTUR).<br><br>De forma un\u00e2nime, Marcos Japu, Liane Reis, Cida Aguilar e Alberto Pereira, presidente do Conselho de Seguran\u00e7a e vice-presidente do Comtur, ressaltaram os resultados positivos do \u00faltimo final de semana, focando a qualidade de servi\u00e7os p\u00fablicos como limpeza p\u00fablica, seguran\u00e7a nas praias e nas ruas, tr\u00e2nsito flu\u00eddo, entre outros.<\/p>\n\n\n\n<p>Ascom.<\/p>\n","protected":false},"excerpt":{"rendered":"<p>A Prefeitura de Itacar\u00e9, atrav\u00e9s da Secretaria de Turismo e Cultura, na presen\u00e7a do Comtur,&#8230;<\/p>\n","protected":false},"author":1,"featured_media":3248,"comment_status":"open","ping_status":"open","sticky":false,"template":"","format":"standard","meta":{"footnotes":""},"categories":[18,31,11],"tags":[77,1274,1273,99],"yoast_head":"<!-- This site is optimized with the Yoast SEO plugin v21.7 - https:\/\/yoast.com\/wordpress\/plugins\/seo\/ -->\n<title>Itacar\u00e9: D\u00e9cima edi\u00e7\u00e3o do Festival Gastron\u00f4mico \u00e9 apresentada. - Cacau News<\/title>\n<meta name=\"robots\" content=\"index, follow, max-snippet:-1, max-image-preview:large, max-video-preview:-1\" \/>\n<link rel=\"canonical\" href=\"https:\/\/cacaunews.com\/?p=3249\" \/>\n<meta property=\"og:locale\" content=\"pt_BR\" \/>\n<meta property=\"og:type\" content=\"article\" \/>\n<meta property=\"og:title\" content=\"Itacar\u00e9: D\u00e9cima edi\u00e7\u00e3o do Festival Gastron\u00f4mico \u00e9 apresentada. - Cacau News\" \/>\n<meta property=\"og:description\" content=\"A Prefeitura de Itacar\u00e9, atrav\u00e9s da Secretaria de Turismo e Cultura, na presen\u00e7a do Comtur,...\" \/>\n<meta property=\"og:url\" content=\"https:\/\/cacaunews.com\/?p=3249\" \/>\n<meta property=\"og:site_name\" content=\"Cacau News\" \/>\n<meta property=\"article:published_time\" content=\"2023-10-17T14:29:47+00:00\" \/>\n<meta property=\"article:modified_time\" content=\"2023-10-17T14:43:33+00:00\" \/>\n<meta property=\"og:image\" content=\"https:\/\/cacaunews.com\/wp-content\/uploads\/2023\/10\/IMG-20231017-WA0008-1.jpg\" \/>\n\t<meta property=\"og:image:width\" content=\"750\" \/>\n\t<meta property=\"og:image:height\" content=\"430\" \/>\n\t<meta property=\"og:image:type\" content=\"image\/jpeg\" \/>\n<meta name=\"author\" content=\"Reda\u00e7\u00e3o Cacau News\" \/>\n<meta name=\"twitter:card\" content=\"summary_large_image\" \/>\n<meta name=\"twitter:label1\" content=\"Escrito por\" \/>\n\t<meta name=\"twitter:data1\" content=\"Reda\u00e7\u00e3o Cacau News\" \/>\n\t<meta name=\"twitter:label2\" content=\"Est. tempo de leitura\" \/>\n\t<meta name=\"twitter:data2\" content=\"2 minutos\" \/>\n<script type=\"application\/ld+json\" class=\"yoast-schema-graph\">{\"@context\":\"https:\/\/schema.org\",\"@graph\":[{\"@type\":\"Article\",\"@id\":\"https:\/\/cacaunews.com\/?p=3249#article\",\"isPartOf\":{\"@id\":\"https:\/\/cacaunews.com\/?p=3249\"},\"author\":{\"name\":\"Reda\u00e7\u00e3o Cacau News\",\"@id\":\"https:\/\/cacaunews.com\/#\/schema\/person\/ea69703103e606ad347ccd64bd72ef79\"},\"headline\":\"Itacar\u00e9: D\u00e9cima edi\u00e7\u00e3o do Festival Gastron\u00f4mico \u00e9 apresentada.\",\"datePublished\":\"2023-10-17T14:29:47+00:00\",\"dateModified\":\"2023-10-17T14:43:33+00:00\",\"mainEntityOfPage\":{\"@id\":\"https:\/\/cacaunews.com\/?p=3249\"},\"wordCount\":338,\"commentCount\":0,\"publisher\":{\"@id\":\"https:\/\/cacaunews.com\/#organization\"},\"keywords\":[\"an\u00fancio\",\"festival turismo\",\"gastronomia\",\"itacar\u00e9\"],\"articleSection\":[\"cidades\",\"Cultura\",\"Jornalismo\"],\"inLanguage\":\"pt-BR\",\"potentialAction\":[{\"@type\":\"CommentAction\",\"name\":\"Comment\",\"target\":[\"https:\/\/cacaunews.com\/?p=3249#respond\"]}]},{\"@type\":\"WebPage\",\"@id\":\"https:\/\/cacaunews.com\/?p=3249\",\"url\":\"https:\/\/cacaunews.com\/?p=3249\",\"name\":\"Itacar\u00e9: D\u00e9cima edi\u00e7\u00e3o do Festival Gastron\u00f4mico \u00e9 apresentada. - Cacau News\",\"isPartOf\":{\"@id\":\"https:\/\/cacaunews.com\/#website\"},\"datePublished\":\"2023-10-17T14:29:47+00:00\",\"dateModified\":\"2023-10-17T14:43:33+00:00\",\"breadcrumb\":{\"@id\":\"https:\/\/cacaunews.com\/?p=3249#breadcrumb\"},\"inLanguage\":\"pt-BR\",\"potentialAction\":[{\"@type\":\"ReadAction\",\"target\":[\"https:\/\/cacaunews.com\/?p=3249\"]}]},{\"@type\":\"BreadcrumbList\",\"@id\":\"https:\/\/cacaunews.com\/?p=3249#breadcrumb\",\"itemListElement\":[{\"@type\":\"ListItem\",\"position\":1,\"name\":\"In\u00edcio\",\"item\":\"https:\/\/cacaunews.com\/\"},{\"@type\":\"ListItem\",\"position\":2,\"name\":\"Itacar\u00e9: D\u00e9cima edi\u00e7\u00e3o do Festival Gastron\u00f4mico \u00e9 apresentada.\"}]},{\"@type\":\"WebSite\",\"@id\":\"https:\/\/cacaunews.com\/#website\",\"url\":\"https:\/\/cacaunews.com\/\",\"name\":\"Cacau News\",\"description\":\"A Informa\u00e7\u00e3o que voc\u00ea precisa!\",\"publisher\":{\"@id\":\"https:\/\/cacaunews.com\/#organization\"},\"potentialAction\":[{\"@type\":\"SearchAction\",\"target\":{\"@type\":\"EntryPoint\",\"urlTemplate\":\"https:\/\/cacaunews.com\/?s={search_term_string}\"},\"query-input\":\"required name=search_term_string\"}],\"inLanguage\":\"pt-BR\"},{\"@type\":\"Organization\",\"@id\":\"https:\/\/cacaunews.com\/#organization\",\"name\":\"Cacau News\",\"url\":\"https:\/\/cacaunews.com\/\",\"logo\":{\"@type\":\"ImageObject\",\"inLanguage\":\"pt-BR\",\"@id\":\"https:\/\/cacaunews.com\/#\/schema\/logo\/image\/\",\"url\":\"https:\/\/cacaunews.com\/wp-content\/uploads\/2025\/01\/cropped-LOGO-NOVA.png\",\"contentUrl\":\"https:\/\/cacaunews.com\/wp-content\/uploads\/2025\/01\/cropped-LOGO-NOVA.png\",\"width\":813,\"height\":813,\"caption\":\"Cacau News\"},\"image\":{\"@id\":\"https:\/\/cacaunews.com\/#\/schema\/logo\/image\/\"},\"sameAs\":[\"https:\/\/www.instagram.com\/cacaunews.online\/\",\"https:\/\/youtube.com\/@cacaunews?si=0VXLnjl08SrWbVG9\"]},{\"@type\":\"Person\",\"@id\":\"https:\/\/cacaunews.com\/#\/schema\/person\/ea69703103e606ad347ccd64bd72ef79\",\"name\":\"Reda\u00e7\u00e3o Cacau News\",\"image\":{\"@type\":\"ImageObject\",\"inLanguage\":\"pt-BR\",\"@id\":\"https:\/\/cacaunews.com\/#\/schema\/person\/image\/\",\"url\":\"https:\/\/secure.gravatar.com\/avatar\/d79227a2a7b6cc42e8d7a8f7c284cd3a?s=96&d=mm&r=g\",\"contentUrl\":\"https:\/\/secure.gravatar.com\/avatar\/d79227a2a7b6cc42e8d7a8f7c284cd3a?s=96&d=mm&r=g\",\"caption\":\"Reda\u00e7\u00e3o Cacau News\"},\"sameAs\":[\"https:\/\/cacaunews.com\"],\"url\":\"https:\/\/cacaunews.com\/?author=1\"}]}<\/script>\n<!-- \/ Yoast SEO plugin. -->","yoast_head_json":{"title":"Itacar\u00e9: D\u00e9cima edi\u00e7\u00e3o do Festival Gastron\u00f4mico \u00e9 apresentada. - Cacau News","robots":{"index":"index","follow":"follow","max-snippet":"max-snippet:-1","max-image-preview":"max-image-preview:large","max-video-preview":"max-video-preview:-1"},"canonical":"https:\/\/cacaunews.com\/?p=3249","og_locale":"pt_BR","og_type":"article","og_title":"Itacar\u00e9: D\u00e9cima edi\u00e7\u00e3o do Festival Gastron\u00f4mico \u00e9 apresentada. - Cacau News","og_description":"A Prefeitura de Itacar\u00e9, atrav\u00e9s da Secretaria de Turismo e Cultura, na presen\u00e7a do Comtur,...","og_url":"https:\/\/cacaunews.com\/?p=3249","og_site_name":"Cacau News","article_published_time":"2023-10-17T14:29:47+00:00","article_modified_time":"2023-10-17T14:43:33+00:00","og_image":[{"width":750,"height":430,"url":"https:\/\/cacaunews.com\/wp-content\/uploads\/2023\/10\/IMG-20231017-WA0008-1.jpg","type":"image\/jpeg"}],"author":"Reda\u00e7\u00e3o Cacau News","twitter_card":"summary_large_image","twitter_misc":{"Escrito por":"Reda\u00e7\u00e3o Cacau News","Est. tempo de leitura":"2 minutos"},"schema":{"@context":"https:\/\/schema.org","@graph":[{"@type":"Article","@id":"https:\/\/cacaunews.com\/?p=3249#article","isPartOf":{"@id":"https:\/\/cacaunews.com\/?p=3249"},"author":{"name":"Reda\u00e7\u00e3o Cacau News","@id":"https:\/\/cacaunews.com\/#\/schema\/person\/ea69703103e606ad347ccd64bd72ef79"},"headline":"Itacar\u00e9: D\u00e9cima edi\u00e7\u00e3o do Festival Gastron\u00f4mico \u00e9 apresentada.","datePublished":"2023-10-17T14:29:47+00:00","dateModified":"2023-10-17T14:43:33+00:00","mainEntityOfPage":{"@id":"https:\/\/cacaunews.com\/?p=3249"},"wordCount":338,"commentCount":0,"publisher":{"@id":"https:\/\/cacaunews.com\/#organization"},"keywords":["an\u00fancio","festival turismo","gastronomia","itacar\u00e9"],"articleSection":["cidades","Cultura","Jornalismo"],"inLanguage":"pt-BR","potentialAction":[{"@type":"CommentAction","name":"Comment","target":["https:\/\/cacaunews.com\/?p=3249#respond"]}]},{"@type":"WebPage","@id":"https:\/\/cacaunews.com\/?p=3249","url":"https:\/\/cacaunews.com\/?p=3249","name":"Itacar\u00e9: D\u00e9cima edi\u00e7\u00e3o do Festival Gastron\u00f4mico \u00e9 apresentada. - Cacau News","isPartOf":{"@id":"https:\/\/cacaunews.com\/#website"},"datePublished":"2023-10-17T14:29:47+00:00","dateModified":"2023-10-17T14:43:33+00:00","breadcrumb":{"@id":"https:\/\/cacaunews.com\/?p=3249#breadcrumb"},"inLanguage":"pt-BR","potentialAction":[{"@type":"ReadAction","target":["https:\/\/cacaunews.com\/?p=3249"]}]},{"@type":"BreadcrumbList","@id":"https:\/\/cacaunews.com\/?p=3249#breadcrumb","itemListElement":[{"@type":"ListItem","position":1,"name":"In\u00edcio","item":"https:\/\/cacaunews.com\/"},{"@type":"ListItem","position":2,"name":"Itacar\u00e9: D\u00e9cima edi\u00e7\u00e3o do Festival Gastron\u00f4mico \u00e9 apresentada."}]},{"@type":"WebSite","@id":"https:\/\/cacaunews.com\/#website","url":"https:\/\/cacaunews.com\/","name":"Cacau News","description":"A Informa\u00e7\u00e3o que voc\u00ea precisa!","publisher":{"@id":"https:\/\/cacaunews.com\/#organization"},"potentialAction":[{"@type":"SearchAction","target":{"@type":"EntryPoint","urlTemplate":"https:\/\/cacaunews.com\/?s={search_term_string}"},"query-input":"required name=search_term_string"}],"inLanguage":"pt-BR"},{"@type":"Organization","@id":"https:\/\/cacaunews.com\/#organization","name":"Cacau News","url":"https:\/\/cacaunews.com\/","logo":{"@type":"ImageObject","inLanguage":"pt-BR","@id":"https:\/\/cacaunews.com\/#\/schema\/logo\/image\/","url":"https:\/\/cacaunews.com\/wp-content\/uploads\/2025\/01\/cropped-LOGO-NOVA.png","contentUrl":"https:\/\/cacaunews.com\/wp-content\/uploads\/2025\/01\/cropped-LOGO-NOVA.png","width":813,"height":813,"caption":"Cacau News"},"image":{"@id":"https:\/\/cacaunews.com\/#\/schema\/logo\/image\/"},"sameAs":["https:\/\/www.instagram.com\/cacaunews.online\/","https:\/\/youtube.com\/@cacaunews?si=0VXLnjl08SrWbVG9"]},{"@type":"Person","@id":"https:\/\/cacaunews.com\/#\/schema\/person\/ea69703103e606ad347ccd64bd72ef79","name":"Reda\u00e7\u00e3o Cacau News","image":{"@type":"ImageObject","inLanguage":"pt-BR","@id":"https:\/\/cacaunews.com\/#\/schema\/person\/image\/","url":"https:\/\/secure.gravatar.com\/avatar\/d79227a2a7b6cc42e8d7a8f7c284cd3a?s=96&d=mm&r=g","contentUrl":"https:\/\/secure.gravatar.com\/avatar\/d79227a2a7b6cc42e8d7a8f7c284cd3a?s=96&d=mm&r=g","caption":"Reda\u00e7\u00e3o Cacau News"},"sameAs":["https:\/\/cacaunews.com"],"url":"https:\/\/cacaunews.com\/?author=1"}]}},"jetpack_sharing_enabled":true,"jetpack_featured_media_url":"https:\/\/cacaunews.com\/wp-content\/uploads\/2023\/10\/IMG-20231017-WA0008-1.jpg","_links":{"self":[{"href":"https:\/\/cacaunews.com\/index.php?rest_route=\/wp\/v2\/posts\/3249"}],"collection":[{"href":"https:\/\/cacaunews.com\/index.php?rest_route=\/wp\/v2\/posts"}],"about":[{"href":"https:\/\/cacaunews.com\/index.php?rest_route=\/wp\/v2\/types\/post"}],"author":[{"embeddable":true,"href":"https:\/\/cacaunews.com\/index.php?rest_route=\/wp\/v2\/users\/1"}],"replies":[{"embeddable":true,"href":"https:\/\/cacaunews.com\/index.php?rest_route=%2Fwp%2Fv2%2Fcomments&post=3249"}],"version-history":[{"count":3,"href":"https:\/\/cacaunews.com\/index.php?rest_route=\/wp\/v2\/posts\/3249\/revisions"}],"predecessor-version":[{"id":3254,"href":"https:\/\/cacaunews.com\/index.php?rest_route=\/wp\/v2\/posts\/3249\/revisions\/3254"}],"wp:featuredmedia":[{"embeddable":true,"href":"https:\/\/cacaunews.com\/index.php?rest_route=\/wp\/v2\/media\/3248"}],"wp:attachment":[{"href":"https:\/\/cacaunews.com\/index.php?rest_route=%2Fwp%2Fv2%2Fmedia&parent=3249"}],"wp:term":[{"taxonomy":"category","embeddable":true,"href":"https:\/\/cacaunews.com\/index.php?rest_route=%2Fwp%2Fv2%2Fcategories&post=3249"},{"taxonomy":"post_tag","embeddable":true,"href":"https:\/\/cacaunews.com\/index.php?rest_route=%2Fwp%2Fv2%2Ftags&post=3249"}],"curies":[{"name":"wp","href":"https:\/\/api.w.org\/{rel}","templated":true}]}}