{"id":3313,"date":"2023-10-23T13:26:50","date_gmt":"2023-10-23T13:26:50","guid":{"rendered":"https:\/\/cacaunews.com\/?p=3313"},"modified":"2023-10-23T14:54:19","modified_gmt":"2023-10-23T14:54:19","slug":"itabuna-participantes-da-iv-conferencia-de-cultura-aprovam-mocao-de-repudio-ao-prefeito-e-ao-presidente-da-ficc","status":"publish","type":"post","link":"https:\/\/cacaunews.com\/?p=3313","title":{"rendered":"Itabuna: Participantes da IV Confer\u00eancia de Cultura, aprovam mo\u00e7\u00e3o de rep\u00fadio ao prefeito e ao presidente da FICC."},"content":{"rendered":"\n<p>A IV Confer\u00eancia Municipal de Cultura aconteceu no \u00faltimo fim de semana no Centro de Cultura Adonias Filho, e reuniu diversos artistas e produtores culturais do munic\u00edpio. <\/p>\n\n\n\n<p>Durante a plen\u00e1ria os conferencistas aprovaram, por unanimidade, uma mo\u00e7\u00e3o de rep\u00fadio ao prefeito Augusto Castro e ao presidente Aldo Rebou\u00e7as da Funda\u00e7\u00e3o Itabunense de Cultura e Cidadania &#8211; FICC.<\/p>\n\n\n\n<p>No texto da mo\u00e7\u00e3o os agentes culturais informam os motivos que levaram os mesmos a emitirem o documento: &#8221; <em>O rep\u00fadio ora aprovado pela Plen\u00e1ria desta IV Confer\u00eancia de Cultura do Municipio de Itabuna se d\u00e1 em raz\u00e3o do desrespeito e descaso para com todos os agentes culturais, bem como em face das autoridades que se fizeram presentes, e pela forma da organiza\u00e7\u00e3o, divulga\u00e7\u00e3o e aus\u00eancias injustificadas na abertura da Confer\u00eancia, o que causou vergonha e embara\u00e7o a muitos dos conferencistas presentes<\/em>&#8220;.<br \/><br \/>Completam: &#8220;<em>De igual modo, o rep\u00fadio expressa a repulsa dos conferencistas pela forma como a FICC vem sendo conduzida, deixando de ser uma institui\u00e7\u00e3o de fomento \u00e0 cultura para se transformar numa incubadora de eventos privados; com pouca transpar\u00eancia; com gastos exorbitantes; pelo descumprimento da legisla\u00e7\u00e3o municipal atinente \u00e0 cultura; pelo desrespeito para com o patrim\u00f4nio cultural do municipio, como a abandono da pr\u00f3pria sede da FICC, da Casa de Jorge Amado, e da inexist\u00eancia de tombamento de pr\u00e9dios hist\u00f3ricos<\/em>&#8220;.<\/p>\n\n\n\n<figure class=\"wp-block-image size-large\"><img fetchpriority=\"high\" decoding=\"async\" width=\"860\" height=\"1024\" src=\"https:\/\/cacaunews.com\/wp-content\/uploads\/2023\/10\/IMG-20231023-WA0030-860x1024.jpg\" alt=\"\" class=\"wp-image-3311\" srcset=\"https:\/\/cacaunews.com\/wp-content\/uploads\/2023\/10\/IMG-20231023-WA0030-860x1024.jpg 860w, https:\/\/cacaunews.com\/wp-content\/uploads\/2023\/10\/IMG-20231023-WA0030-252x300.jpg 252w, https:\/\/cacaunews.com\/wp-content\/uploads\/2023\/10\/IMG-20231023-WA0030-768x915.jpg 768w, https:\/\/cacaunews.com\/wp-content\/uploads\/2023\/10\/IMG-20231023-WA0030-1289x1536.jpg 1289w, https:\/\/cacaunews.com\/wp-content\/uploads\/2023\/10\/IMG-20231023-WA0030-1024x1220.jpg 1024w, https:\/\/cacaunews.com\/wp-content\/uploads\/2023\/10\/IMG-20231023-WA0030.jpg 1343w\" sizes=\"(max-width: 860px) 100vw, 860px\" \/><\/figure>\n\n\n\n<p><\/p>\n","protected":false},"excerpt":{"rendered":"<p>A IV Confer\u00eancia Municipal de Cultura aconteceu no \u00faltimo fim de semana no Centro de&#8230;<\/p>\n","protected":false},"author":1,"featured_media":3312,"comment_status":"open","ping_status":"open","sticky":false,"template":"","format":"standard","meta":{"footnotes":""},"categories":[18,31,11],"tags":[1299,374,1298,34,27,622,785],"yoast_head":"<!-- This site is optimized with the Yoast SEO plugin v21.7 - https:\/\/yoast.com\/wordpress\/plugins\/seo\/ -->\n<title>Itabuna: Participantes da IV Confer\u00eancia de Cultura, aprovam mo\u00e7\u00e3o de rep\u00fadio ao prefeito e ao presidente da FICC. - Cacau News<\/title>\n<meta name=\"robots\" content=\"index, follow, max-snippet:-1, max-image-preview:large, max-video-preview:-1\" \/>\n<link rel=\"canonical\" href=\"https:\/\/cacaunews.com\/?p=3313\" \/>\n<meta property=\"og:locale\" content=\"pt_BR\" \/>\n<meta property=\"og:type\" content=\"article\" \/>\n<meta property=\"og:title\" content=\"Itabuna: Participantes da IV Confer\u00eancia de Cultura, aprovam mo\u00e7\u00e3o de rep\u00fadio ao prefeito e ao presidente da FICC. - Cacau News\" \/>\n<meta property=\"og:description\" content=\"A IV Confer\u00eancia Municipal de Cultura aconteceu no \u00faltimo fim de semana no Centro de...\" \/>\n<meta property=\"og:url\" content=\"https:\/\/cacaunews.com\/?p=3313\" \/>\n<meta property=\"og:site_name\" content=\"Cacau News\" \/>\n<meta property=\"article:published_time\" content=\"2023-10-23T13:26:50+00:00\" \/>\n<meta property=\"article:modified_time\" content=\"2023-10-23T14:54:19+00:00\" \/>\n<meta property=\"og:image\" content=\"https:\/\/cacaunews.com\/wp-content\/uploads\/2023\/10\/IMG_20231023_102956.jpg\" \/>\n\t<meta property=\"og:image:width\" content=\"1080\" \/>\n\t<meta property=\"og:image:height\" content=\"582\" \/>\n\t<meta property=\"og:image:type\" content=\"image\/jpeg\" \/>\n<meta name=\"author\" content=\"Reda\u00e7\u00e3o Cacau News\" \/>\n<meta name=\"twitter:card\" content=\"summary_large_image\" \/>\n<meta name=\"twitter:label1\" content=\"Escrito por\" \/>\n\t<meta name=\"twitter:data1\" content=\"Reda\u00e7\u00e3o Cacau News\" \/>\n\t<meta name=\"twitter:label2\" content=\"Est. tempo de leitura\" \/>\n\t<meta name=\"twitter:data2\" content=\"1 minuto\" \/>\n<script type=\"application\/ld+json\" class=\"yoast-schema-graph\">{\"@context\":\"https:\/\/schema.org\",\"@graph\":[{\"@type\":\"Article\",\"@id\":\"https:\/\/cacaunews.com\/?p=3313#article\",\"isPartOf\":{\"@id\":\"https:\/\/cacaunews.com\/?p=3313\"},\"author\":{\"name\":\"Reda\u00e7\u00e3o Cacau News\",\"@id\":\"https:\/\/cacaunews.com\/#\/schema\/person\/ea69703103e606ad347ccd64bd72ef79\"},\"headline\":\"Itabuna: Participantes da IV Confer\u00eancia de Cultura, aprovam mo\u00e7\u00e3o de rep\u00fadio ao prefeito e ao presidente da FICC.\",\"datePublished\":\"2023-10-23T13:26:50+00:00\",\"dateModified\":\"2023-10-23T14:54:19+00:00\",\"mainEntityOfPage\":{\"@id\":\"https:\/\/cacaunews.com\/?p=3313\"},\"wordCount\":263,\"commentCount\":0,\"publisher\":{\"@id\":\"https:\/\/cacaunews.com\/#organization\"},\"keywords\":[\"Aldo Rebou\u00e7as\",\"augusto castro\",\"confer\u00eancia\",\"cultura\",\"itabuna\",\"mo\u00e7\u00e3o\",\"rep\u00fadio\"],\"articleSection\":[\"cidades\",\"Cultura\",\"Jornalismo\"],\"inLanguage\":\"pt-BR\",\"potentialAction\":[{\"@type\":\"CommentAction\",\"name\":\"Comment\",\"target\":[\"https:\/\/cacaunews.com\/?p=3313#respond\"]}]},{\"@type\":\"WebPage\",\"@id\":\"https:\/\/cacaunews.com\/?p=3313\",\"url\":\"https:\/\/cacaunews.com\/?p=3313\",\"name\":\"Itabuna: Participantes da IV Confer\u00eancia de Cultura, aprovam mo\u00e7\u00e3o de rep\u00fadio ao prefeito e ao presidente da FICC. - Cacau News\",\"isPartOf\":{\"@id\":\"https:\/\/cacaunews.com\/#website\"},\"datePublished\":\"2023-10-23T13:26:50+00:00\",\"dateModified\":\"2023-10-23T14:54:19+00:00\",\"breadcrumb\":{\"@id\":\"https:\/\/cacaunews.com\/?p=3313#breadcrumb\"},\"inLanguage\":\"pt-BR\",\"potentialAction\":[{\"@type\":\"ReadAction\",\"target\":[\"https:\/\/cacaunews.com\/?p=3313\"]}]},{\"@type\":\"BreadcrumbList\",\"@id\":\"https:\/\/cacaunews.com\/?p=3313#breadcrumb\",\"itemListElement\":[{\"@type\":\"ListItem\",\"position\":1,\"name\":\"In\u00edcio\",\"item\":\"https:\/\/cacaunews.com\/\"},{\"@type\":\"ListItem\",\"position\":2,\"name\":\"Itabuna: Participantes da IV Confer\u00eancia de Cultura, aprovam mo\u00e7\u00e3o de rep\u00fadio ao prefeito e ao presidente da FICC.\"}]},{\"@type\":\"WebSite\",\"@id\":\"https:\/\/cacaunews.com\/#website\",\"url\":\"https:\/\/cacaunews.com\/\",\"name\":\"Cacau News\",\"description\":\"A Informa\u00e7\u00e3o que voc\u00ea precisa!\",\"publisher\":{\"@id\":\"https:\/\/cacaunews.com\/#organization\"},\"potentialAction\":[{\"@type\":\"SearchAction\",\"target\":{\"@type\":\"EntryPoint\",\"urlTemplate\":\"https:\/\/cacaunews.com\/?s={search_term_string}\"},\"query-input\":\"required name=search_term_string\"}],\"inLanguage\":\"pt-BR\"},{\"@type\":\"Organization\",\"@id\":\"https:\/\/cacaunews.com\/#organization\",\"name\":\"Cacau News\",\"url\":\"https:\/\/cacaunews.com\/\",\"logo\":{\"@type\":\"ImageObject\",\"inLanguage\":\"pt-BR\",\"@id\":\"https:\/\/cacaunews.com\/#\/schema\/logo\/image\/\",\"url\":\"https:\/\/cacaunews.com\/wp-content\/uploads\/2025\/01\/cropped-LOGO-NOVA.png\",\"contentUrl\":\"https:\/\/cacaunews.com\/wp-content\/uploads\/2025\/01\/cropped-LOGO-NOVA.png\",\"width\":813,\"height\":813,\"caption\":\"Cacau News\"},\"image\":{\"@id\":\"https:\/\/cacaunews.com\/#\/schema\/logo\/image\/\"},\"sameAs\":[\"https:\/\/www.instagram.com\/cacaunews.online\/\",\"https:\/\/youtube.com\/@cacaunews?si=0VXLnjl08SrWbVG9\"]},{\"@type\":\"Person\",\"@id\":\"https:\/\/cacaunews.com\/#\/schema\/person\/ea69703103e606ad347ccd64bd72ef79\",\"name\":\"Reda\u00e7\u00e3o Cacau News\",\"image\":{\"@type\":\"ImageObject\",\"inLanguage\":\"pt-BR\",\"@id\":\"https:\/\/cacaunews.com\/#\/schema\/person\/image\/\",\"url\":\"https:\/\/secure.gravatar.com\/avatar\/d79227a2a7b6cc42e8d7a8f7c284cd3a?s=96&d=mm&r=g\",\"contentUrl\":\"https:\/\/secure.gravatar.com\/avatar\/d79227a2a7b6cc42e8d7a8f7c284cd3a?s=96&d=mm&r=g\",\"caption\":\"Reda\u00e7\u00e3o Cacau News\"},\"sameAs\":[\"https:\/\/cacaunews.com\"],\"url\":\"https:\/\/cacaunews.com\/?author=1\"}]}<\/script>\n<!-- \/ Yoast SEO plugin. -->","yoast_head_json":{"title":"Itabuna: Participantes da IV Confer\u00eancia de Cultura, aprovam mo\u00e7\u00e3o de rep\u00fadio ao prefeito e ao presidente da FICC. - Cacau News","robots":{"index":"index","follow":"follow","max-snippet":"max-snippet:-1","max-image-preview":"max-image-preview:large","max-video-preview":"max-video-preview:-1"},"canonical":"https:\/\/cacaunews.com\/?p=3313","og_locale":"pt_BR","og_type":"article","og_title":"Itabuna: Participantes da IV Confer\u00eancia de Cultura, aprovam mo\u00e7\u00e3o de rep\u00fadio ao prefeito e ao presidente da FICC. - Cacau News","og_description":"A IV Confer\u00eancia Municipal de Cultura aconteceu no \u00faltimo fim de semana no Centro de...","og_url":"https:\/\/cacaunews.com\/?p=3313","og_site_name":"Cacau News","article_published_time":"2023-10-23T13:26:50+00:00","article_modified_time":"2023-10-23T14:54:19+00:00","og_image":[{"width":1080,"height":582,"url":"https:\/\/cacaunews.com\/wp-content\/uploads\/2023\/10\/IMG_20231023_102956.jpg","type":"image\/jpeg"}],"author":"Reda\u00e7\u00e3o Cacau News","twitter_card":"summary_large_image","twitter_misc":{"Escrito por":"Reda\u00e7\u00e3o Cacau News","Est. tempo de leitura":"1 minuto"},"schema":{"@context":"https:\/\/schema.org","@graph":[{"@type":"Article","@id":"https:\/\/cacaunews.com\/?p=3313#article","isPartOf":{"@id":"https:\/\/cacaunews.com\/?p=3313"},"author":{"name":"Reda\u00e7\u00e3o Cacau News","@id":"https:\/\/cacaunews.com\/#\/schema\/person\/ea69703103e606ad347ccd64bd72ef79"},"headline":"Itabuna: Participantes da IV Confer\u00eancia de Cultura, aprovam mo\u00e7\u00e3o de rep\u00fadio ao prefeito e ao presidente da FICC.","datePublished":"2023-10-23T13:26:50+00:00","dateModified":"2023-10-23T14:54:19+00:00","mainEntityOfPage":{"@id":"https:\/\/cacaunews.com\/?p=3313"},"wordCount":263,"commentCount":0,"publisher":{"@id":"https:\/\/cacaunews.com\/#organization"},"keywords":["Aldo Rebou\u00e7as","augusto castro","confer\u00eancia","cultura","itabuna","mo\u00e7\u00e3o","rep\u00fadio"],"articleSection":["cidades","Cultura","Jornalismo"],"inLanguage":"pt-BR","potentialAction":[{"@type":"CommentAction","name":"Comment","target":["https:\/\/cacaunews.com\/?p=3313#respond"]}]},{"@type":"WebPage","@id":"https:\/\/cacaunews.com\/?p=3313","url":"https:\/\/cacaunews.com\/?p=3313","name":"Itabuna: Participantes da IV Confer\u00eancia de Cultura, aprovam mo\u00e7\u00e3o de rep\u00fadio ao prefeito e ao presidente da FICC. - Cacau News","isPartOf":{"@id":"https:\/\/cacaunews.com\/#website"},"datePublished":"2023-10-23T13:26:50+00:00","dateModified":"2023-10-23T14:54:19+00:00","breadcrumb":{"@id":"https:\/\/cacaunews.com\/?p=3313#breadcrumb"},"inLanguage":"pt-BR","potentialAction":[{"@type":"ReadAction","target":["https:\/\/cacaunews.com\/?p=3313"]}]},{"@type":"BreadcrumbList","@id":"https:\/\/cacaunews.com\/?p=3313#breadcrumb","itemListElement":[{"@type":"ListItem","position":1,"name":"In\u00edcio","item":"https:\/\/cacaunews.com\/"},{"@type":"ListItem","position":2,"name":"Itabuna: Participantes da IV Confer\u00eancia de Cultura, aprovam mo\u00e7\u00e3o de rep\u00fadio ao prefeito e ao presidente da FICC."}]},{"@type":"WebSite","@id":"https:\/\/cacaunews.com\/#website","url":"https:\/\/cacaunews.com\/","name":"Cacau News","description":"A Informa\u00e7\u00e3o que voc\u00ea precisa!","publisher":{"@id":"https:\/\/cacaunews.com\/#organization"},"potentialAction":[{"@type":"SearchAction","target":{"@type":"EntryPoint","urlTemplate":"https:\/\/cacaunews.com\/?s={search_term_string}"},"query-input":"required name=search_term_string"}],"inLanguage":"pt-BR"},{"@type":"Organization","@id":"https:\/\/cacaunews.com\/#organization","name":"Cacau News","url":"https:\/\/cacaunews.com\/","logo":{"@type":"ImageObject","inLanguage":"pt-BR","@id":"https:\/\/cacaunews.com\/#\/schema\/logo\/image\/","url":"https:\/\/cacaunews.com\/wp-content\/uploads\/2025\/01\/cropped-LOGO-NOVA.png","contentUrl":"https:\/\/cacaunews.com\/wp-content\/uploads\/2025\/01\/cropped-LOGO-NOVA.png","width":813,"height":813,"caption":"Cacau News"},"image":{"@id":"https:\/\/cacaunews.com\/#\/schema\/logo\/image\/"},"sameAs":["https:\/\/www.instagram.com\/cacaunews.online\/","https:\/\/youtube.com\/@cacaunews?si=0VXLnjl08SrWbVG9"]},{"@type":"Person","@id":"https:\/\/cacaunews.com\/#\/schema\/person\/ea69703103e606ad347ccd64bd72ef79","name":"Reda\u00e7\u00e3o Cacau News","image":{"@type":"ImageObject","inLanguage":"pt-BR","@id":"https:\/\/cacaunews.com\/#\/schema\/person\/image\/","url":"https:\/\/secure.gravatar.com\/avatar\/d79227a2a7b6cc42e8d7a8f7c284cd3a?s=96&d=mm&r=g","contentUrl":"https:\/\/secure.gravatar.com\/avatar\/d79227a2a7b6cc42e8d7a8f7c284cd3a?s=96&d=mm&r=g","caption":"Reda\u00e7\u00e3o Cacau News"},"sameAs":["https:\/\/cacaunews.com"],"url":"https:\/\/cacaunews.com\/?author=1"}]}},"jetpack_sharing_enabled":true,"jetpack_featured_media_url":"https:\/\/cacaunews.com\/wp-content\/uploads\/2023\/10\/IMG_20231023_102956.jpg","_links":{"self":[{"href":"https:\/\/cacaunews.com\/index.php?rest_route=\/wp\/v2\/posts\/3313"}],"collection":[{"href":"https:\/\/cacaunews.com\/index.php?rest_route=\/wp\/v2\/posts"}],"about":[{"href":"https:\/\/cacaunews.com\/index.php?rest_route=\/wp\/v2\/types\/post"}],"author":[{"embeddable":true,"href":"https:\/\/cacaunews.com\/index.php?rest_route=\/wp\/v2\/users\/1"}],"replies":[{"embeddable":true,"href":"https:\/\/cacaunews.com\/index.php?rest_route=%2Fwp%2Fv2%2Fcomments&post=3313"}],"version-history":[{"count":1,"href":"https:\/\/cacaunews.com\/index.php?rest_route=\/wp\/v2\/posts\/3313\/revisions"}],"predecessor-version":[{"id":3314,"href":"https:\/\/cacaunews.com\/index.php?rest_route=\/wp\/v2\/posts\/3313\/revisions\/3314"}],"wp:featuredmedia":[{"embeddable":true,"href":"https:\/\/cacaunews.com\/index.php?rest_route=\/wp\/v2\/media\/3312"}],"wp:attachment":[{"href":"https:\/\/cacaunews.com\/index.php?rest_route=%2Fwp%2Fv2%2Fmedia&parent=3313"}],"wp:term":[{"taxonomy":"category","embeddable":true,"href":"https:\/\/cacaunews.com\/index.php?rest_route=%2Fwp%2Fv2%2Fcategories&post=3313"},{"taxonomy":"post_tag","embeddable":true,"href":"https:\/\/cacaunews.com\/index.php?rest_route=%2Fwp%2Fv2%2Ftags&post=3313"}],"curies":[{"name":"wp","href":"https:\/\/api.w.org\/{rel}","templated":true}]}}