{"id":3335,"date":"2023-10-24T18:00:04","date_gmt":"2023-10-24T18:00:04","guid":{"rendered":"https:\/\/cacaunews.com\/?p=3335"},"modified":"2023-10-24T18:00:04","modified_gmt":"2023-10-24T18:00:04","slug":"sebrae-participa-do-iii-congresso-internacional-de-educacao-empreendedora-e-cidadania-em-ilheus","status":"publish","type":"post","link":"https:\/\/cacaunews.com\/?p=3335","title":{"rendered":"Sebrae participa do III Congresso Internacional de Educa\u00e7\u00e3o Empreendedora e Cidadania em Ilh\u00e9us."},"content":{"rendered":"\n<p><em>O tema desta edi\u00e7\u00e3o versar\u00e1 sobre Um Encontro Essencial para o Futuro do Empreendedorismo<\/em>.<br><br>De 26 a 28 de outubro de 2023, a cidade de Ilh\u00e9us, Bahia, ser\u00e1 o epicentro das discuss\u00f5es sobre educa\u00e7\u00e3o empreendedora e cidadania, durante o III Congresso Internacional de Educa\u00e7\u00e3o Empreendedora e Cidadania (CiEECi), sediado na Universidade Estadual de Santa Cruz (Uesc). O evento \u00e9 correalizado pelo Sebrae e organizado pela Uesc, em parceria com a Universidade Aberta (UAb) de Portugal. Al\u00e9m disso, diversas institui\u00e7\u00f5es colaboradoras, tais como o Cepedi, Senac, Uesb, UFSB, Faculdade de Ilh\u00e9us e Broto Biotec, apoiam o encontro.<br><br>As inscri\u00e7\u00f5es para o III Congresso Internacional de Educa\u00e7\u00e3o Empreendedora e Cidadania s\u00e3o gratuitas e podem ser realizadas, at\u00e9 dia 22 de outubro de 2023, pela internet (https:\/\/cieeci.com\/). Para aqueles que desejam participar sem apresentar comunica\u00e7\u00f5es, o evento oferece uma oportunidade \u00fanica de aprendizado e networking em um ambiente prop\u00edcio para o desenvolvimento pessoal e profissional.<br><br>O CiEECi \u00e9 uma oportunidade \u00fanica para acad\u00eamicos, empreendedores e formuladores de pol\u00edticas p\u00fablicas se reunirem e compartilharem conhecimentos sobre educa\u00e7\u00e3o empreendedora e cidadania. O encontro \u00e9 uma resposta \u00e0 crescente import\u00e2ncia do empreendedorismo no Brasil, respons\u00e1vel por 30% do Produto Interno Bruto (PIB) e que gera 55% dos empregos. Nesse contexto, o congresso busca fornecer reflex\u00f5es e insights que contribuiam para o desenvolvimento de pol\u00edticas p\u00fablicas e pr\u00e1ticas de est\u00edmulo ao empreendedorismo.<br><br>O programa do CiEECi \u00e9 rico em conte\u00fado e aborda as tend\u00eancias atuais e pesquisas em educa\u00e7\u00e3o para o empreendedorismo no ensino superior. O congresso contar\u00e1 com uma s\u00e9rie de atividades, incluindo confer\u00eancias, comunica\u00e7\u00f5es, palestras, mostras de jovens empreendedores, apresenta\u00e7\u00f5es de startups e publica\u00e7\u00f5es relevantes para a \u00e1rea. Os participantes ter\u00e3o a oportunidade de compartilhar experi\u00eancias, aprender com especialistas e discutir estrat\u00e9gias inovadoras.<br><br><strong>Servi\u00e7o:<\/strong><br><br>O qu\u00ea: III Congresso Internacional de Educa\u00e7\u00e3o Empreendedora e Cidadania<br>Quando: de 26 a 28 de outubro de 2023<br>Hora: A partir das 8 horas<br>Local: Universidade Estadual de Santa Cruz, em Ilh\u00e9us<br>Inscri\u00e7\u00e3o (gratuita): <a href=\"https:\/\/cieeci.com\/\">https:\/\/cieeci.com\/<\/a><\/p>\n","protected":false},"excerpt":{"rendered":"<p>O tema desta edi\u00e7\u00e3o versar\u00e1 sobre Um Encontro Essencial para o Futuro do Empreendedorismo. De&#8230;<\/p>\n","protected":false},"author":1,"featured_media":3334,"comment_status":"open","ping_status":"open","sticky":false,"template":"","format":"standard","meta":{"footnotes":""},"categories":[11],"tags":[1310,33,46,45],"yoast_head":"<!-- This site is optimized with the Yoast SEO plugin v21.7 - https:\/\/yoast.com\/wordpress\/plugins\/seo\/ -->\n<title>Sebrae participa do III Congresso Internacional de Educa\u00e7\u00e3o Empreendedora e Cidadania em Ilh\u00e9us. - Cacau News<\/title>\n<meta name=\"robots\" content=\"index, follow, max-snippet:-1, max-image-preview:large, max-video-preview:-1\" \/>\n<link rel=\"canonical\" href=\"https:\/\/cacaunews.com\/?p=3335\" \/>\n<meta property=\"og:locale\" content=\"pt_BR\" \/>\n<meta property=\"og:type\" content=\"article\" \/>\n<meta property=\"og:title\" content=\"Sebrae participa do III Congresso Internacional de Educa\u00e7\u00e3o Empreendedora e Cidadania em Ilh\u00e9us. - Cacau News\" \/>\n<meta property=\"og:description\" content=\"O tema desta edi\u00e7\u00e3o versar\u00e1 sobre Um Encontro Essencial para o Futuro do Empreendedorismo. De...\" \/>\n<meta property=\"og:url\" content=\"https:\/\/cacaunews.com\/?p=3335\" \/>\n<meta property=\"og:site_name\" content=\"Cacau News\" \/>\n<meta property=\"article:published_time\" content=\"2023-10-24T18:00:04+00:00\" \/>\n<meta property=\"og:image\" content=\"https:\/\/cacaunews.com\/wp-content\/uploads\/2023\/10\/IMG-20231024-WA0177.jpg\" \/>\n\t<meta property=\"og:image:width\" content=\"1600\" \/>\n\t<meta property=\"og:image:height\" content=\"680\" \/>\n\t<meta property=\"og:image:type\" content=\"image\/jpeg\" \/>\n<meta name=\"author\" content=\"Reda\u00e7\u00e3o Cacau News\" \/>\n<meta name=\"twitter:card\" content=\"summary_large_image\" \/>\n<meta name=\"twitter:label1\" content=\"Escrito por\" \/>\n\t<meta name=\"twitter:data1\" content=\"Reda\u00e7\u00e3o Cacau News\" \/>\n\t<meta name=\"twitter:label2\" content=\"Est. tempo de leitura\" \/>\n\t<meta name=\"twitter:data2\" content=\"2 minutos\" \/>\n<script type=\"application\/ld+json\" class=\"yoast-schema-graph\">{\"@context\":\"https:\/\/schema.org\",\"@graph\":[{\"@type\":\"Article\",\"@id\":\"https:\/\/cacaunews.com\/?p=3335#article\",\"isPartOf\":{\"@id\":\"https:\/\/cacaunews.com\/?p=3335\"},\"author\":{\"name\":\"Reda\u00e7\u00e3o Cacau News\",\"@id\":\"https:\/\/cacaunews.com\/#\/schema\/person\/ea69703103e606ad347ccd64bd72ef79\"},\"headline\":\"Sebrae participa do III Congresso Internacional de Educa\u00e7\u00e3o Empreendedora e Cidadania em Ilh\u00e9us.\",\"datePublished\":\"2023-10-24T18:00:04+00:00\",\"dateModified\":\"2023-10-24T18:00:04+00:00\",\"mainEntityOfPage\":{\"@id\":\"https:\/\/cacaunews.com\/?p=3335\"},\"wordCount\":364,\"commentCount\":0,\"publisher\":{\"@id\":\"https:\/\/cacaunews.com\/#organization\"},\"keywords\":[\"congresso internacional\",\"educa\u00e7\u00e3o\",\"empreendedorismo\",\"sebrae\"],\"articleSection\":[\"Jornalismo\"],\"inLanguage\":\"pt-BR\",\"potentialAction\":[{\"@type\":\"CommentAction\",\"name\":\"Comment\",\"target\":[\"https:\/\/cacaunews.com\/?p=3335#respond\"]}]},{\"@type\":\"WebPage\",\"@id\":\"https:\/\/cacaunews.com\/?p=3335\",\"url\":\"https:\/\/cacaunews.com\/?p=3335\",\"name\":\"Sebrae participa do III Congresso Internacional de Educa\u00e7\u00e3o Empreendedora e Cidadania em Ilh\u00e9us. - Cacau News\",\"isPartOf\":{\"@id\":\"https:\/\/cacaunews.com\/#website\"},\"datePublished\":\"2023-10-24T18:00:04+00:00\",\"dateModified\":\"2023-10-24T18:00:04+00:00\",\"breadcrumb\":{\"@id\":\"https:\/\/cacaunews.com\/?p=3335#breadcrumb\"},\"inLanguage\":\"pt-BR\",\"potentialAction\":[{\"@type\":\"ReadAction\",\"target\":[\"https:\/\/cacaunews.com\/?p=3335\"]}]},{\"@type\":\"BreadcrumbList\",\"@id\":\"https:\/\/cacaunews.com\/?p=3335#breadcrumb\",\"itemListElement\":[{\"@type\":\"ListItem\",\"position\":1,\"name\":\"In\u00edcio\",\"item\":\"https:\/\/cacaunews.com\/\"},{\"@type\":\"ListItem\",\"position\":2,\"name\":\"Sebrae participa do III Congresso Internacional de Educa\u00e7\u00e3o Empreendedora e Cidadania em Ilh\u00e9us.\"}]},{\"@type\":\"WebSite\",\"@id\":\"https:\/\/cacaunews.com\/#website\",\"url\":\"https:\/\/cacaunews.com\/\",\"name\":\"Cacau News\",\"description\":\"A Informa\u00e7\u00e3o que voc\u00ea precisa!\",\"publisher\":{\"@id\":\"https:\/\/cacaunews.com\/#organization\"},\"potentialAction\":[{\"@type\":\"SearchAction\",\"target\":{\"@type\":\"EntryPoint\",\"urlTemplate\":\"https:\/\/cacaunews.com\/?s={search_term_string}\"},\"query-input\":\"required name=search_term_string\"}],\"inLanguage\":\"pt-BR\"},{\"@type\":\"Organization\",\"@id\":\"https:\/\/cacaunews.com\/#organization\",\"name\":\"Cacau News\",\"url\":\"https:\/\/cacaunews.com\/\",\"logo\":{\"@type\":\"ImageObject\",\"inLanguage\":\"pt-BR\",\"@id\":\"https:\/\/cacaunews.com\/#\/schema\/logo\/image\/\",\"url\":\"https:\/\/cacaunews.com\/wp-content\/uploads\/2025\/01\/cropped-LOGO-NOVA.png\",\"contentUrl\":\"https:\/\/cacaunews.com\/wp-content\/uploads\/2025\/01\/cropped-LOGO-NOVA.png\",\"width\":813,\"height\":813,\"caption\":\"Cacau News\"},\"image\":{\"@id\":\"https:\/\/cacaunews.com\/#\/schema\/logo\/image\/\"},\"sameAs\":[\"https:\/\/www.instagram.com\/cacaunews.online\/\",\"https:\/\/youtube.com\/@cacaunews?si=0VXLnjl08SrWbVG9\"]},{\"@type\":\"Person\",\"@id\":\"https:\/\/cacaunews.com\/#\/schema\/person\/ea69703103e606ad347ccd64bd72ef79\",\"name\":\"Reda\u00e7\u00e3o Cacau News\",\"image\":{\"@type\":\"ImageObject\",\"inLanguage\":\"pt-BR\",\"@id\":\"https:\/\/cacaunews.com\/#\/schema\/person\/image\/\",\"url\":\"https:\/\/secure.gravatar.com\/avatar\/d79227a2a7b6cc42e8d7a8f7c284cd3a?s=96&d=mm&r=g\",\"contentUrl\":\"https:\/\/secure.gravatar.com\/avatar\/d79227a2a7b6cc42e8d7a8f7c284cd3a?s=96&d=mm&r=g\",\"caption\":\"Reda\u00e7\u00e3o Cacau News\"},\"sameAs\":[\"https:\/\/cacaunews.com\"],\"url\":\"https:\/\/cacaunews.com\/?author=1\"}]}<\/script>\n<!-- \/ Yoast SEO plugin. -->","yoast_head_json":{"title":"Sebrae participa do III Congresso Internacional de Educa\u00e7\u00e3o Empreendedora e Cidadania em Ilh\u00e9us. - Cacau News","robots":{"index":"index","follow":"follow","max-snippet":"max-snippet:-1","max-image-preview":"max-image-preview:large","max-video-preview":"max-video-preview:-1"},"canonical":"https:\/\/cacaunews.com\/?p=3335","og_locale":"pt_BR","og_type":"article","og_title":"Sebrae participa do III Congresso Internacional de Educa\u00e7\u00e3o Empreendedora e Cidadania em Ilh\u00e9us. - Cacau News","og_description":"O tema desta edi\u00e7\u00e3o versar\u00e1 sobre Um Encontro Essencial para o Futuro do Empreendedorismo. De...","og_url":"https:\/\/cacaunews.com\/?p=3335","og_site_name":"Cacau News","article_published_time":"2023-10-24T18:00:04+00:00","og_image":[{"width":1600,"height":680,"url":"https:\/\/cacaunews.com\/wp-content\/uploads\/2023\/10\/IMG-20231024-WA0177.jpg","type":"image\/jpeg"}],"author":"Reda\u00e7\u00e3o Cacau News","twitter_card":"summary_large_image","twitter_misc":{"Escrito por":"Reda\u00e7\u00e3o Cacau News","Est. tempo de leitura":"2 minutos"},"schema":{"@context":"https:\/\/schema.org","@graph":[{"@type":"Article","@id":"https:\/\/cacaunews.com\/?p=3335#article","isPartOf":{"@id":"https:\/\/cacaunews.com\/?p=3335"},"author":{"name":"Reda\u00e7\u00e3o Cacau News","@id":"https:\/\/cacaunews.com\/#\/schema\/person\/ea69703103e606ad347ccd64bd72ef79"},"headline":"Sebrae participa do III Congresso Internacional de Educa\u00e7\u00e3o Empreendedora e Cidadania em Ilh\u00e9us.","datePublished":"2023-10-24T18:00:04+00:00","dateModified":"2023-10-24T18:00:04+00:00","mainEntityOfPage":{"@id":"https:\/\/cacaunews.com\/?p=3335"},"wordCount":364,"commentCount":0,"publisher":{"@id":"https:\/\/cacaunews.com\/#organization"},"keywords":["congresso internacional","educa\u00e7\u00e3o","empreendedorismo","sebrae"],"articleSection":["Jornalismo"],"inLanguage":"pt-BR","potentialAction":[{"@type":"CommentAction","name":"Comment","target":["https:\/\/cacaunews.com\/?p=3335#respond"]}]},{"@type":"WebPage","@id":"https:\/\/cacaunews.com\/?p=3335","url":"https:\/\/cacaunews.com\/?p=3335","name":"Sebrae participa do III Congresso Internacional de Educa\u00e7\u00e3o Empreendedora e Cidadania em Ilh\u00e9us. - Cacau News","isPartOf":{"@id":"https:\/\/cacaunews.com\/#website"},"datePublished":"2023-10-24T18:00:04+00:00","dateModified":"2023-10-24T18:00:04+00:00","breadcrumb":{"@id":"https:\/\/cacaunews.com\/?p=3335#breadcrumb"},"inLanguage":"pt-BR","potentialAction":[{"@type":"ReadAction","target":["https:\/\/cacaunews.com\/?p=3335"]}]},{"@type":"BreadcrumbList","@id":"https:\/\/cacaunews.com\/?p=3335#breadcrumb","itemListElement":[{"@type":"ListItem","position":1,"name":"In\u00edcio","item":"https:\/\/cacaunews.com\/"},{"@type":"ListItem","position":2,"name":"Sebrae participa do III Congresso Internacional de Educa\u00e7\u00e3o Empreendedora e Cidadania em Ilh\u00e9us."}]},{"@type":"WebSite","@id":"https:\/\/cacaunews.com\/#website","url":"https:\/\/cacaunews.com\/","name":"Cacau News","description":"A Informa\u00e7\u00e3o que voc\u00ea precisa!","publisher":{"@id":"https:\/\/cacaunews.com\/#organization"},"potentialAction":[{"@type":"SearchAction","target":{"@type":"EntryPoint","urlTemplate":"https:\/\/cacaunews.com\/?s={search_term_string}"},"query-input":"required name=search_term_string"}],"inLanguage":"pt-BR"},{"@type":"Organization","@id":"https:\/\/cacaunews.com\/#organization","name":"Cacau News","url":"https:\/\/cacaunews.com\/","logo":{"@type":"ImageObject","inLanguage":"pt-BR","@id":"https:\/\/cacaunews.com\/#\/schema\/logo\/image\/","url":"https:\/\/cacaunews.com\/wp-content\/uploads\/2025\/01\/cropped-LOGO-NOVA.png","contentUrl":"https:\/\/cacaunews.com\/wp-content\/uploads\/2025\/01\/cropped-LOGO-NOVA.png","width":813,"height":813,"caption":"Cacau News"},"image":{"@id":"https:\/\/cacaunews.com\/#\/schema\/logo\/image\/"},"sameAs":["https:\/\/www.instagram.com\/cacaunews.online\/","https:\/\/youtube.com\/@cacaunews?si=0VXLnjl08SrWbVG9"]},{"@type":"Person","@id":"https:\/\/cacaunews.com\/#\/schema\/person\/ea69703103e606ad347ccd64bd72ef79","name":"Reda\u00e7\u00e3o Cacau News","image":{"@type":"ImageObject","inLanguage":"pt-BR","@id":"https:\/\/cacaunews.com\/#\/schema\/person\/image\/","url":"https:\/\/secure.gravatar.com\/avatar\/d79227a2a7b6cc42e8d7a8f7c284cd3a?s=96&d=mm&r=g","contentUrl":"https:\/\/secure.gravatar.com\/avatar\/d79227a2a7b6cc42e8d7a8f7c284cd3a?s=96&d=mm&r=g","caption":"Reda\u00e7\u00e3o Cacau News"},"sameAs":["https:\/\/cacaunews.com"],"url":"https:\/\/cacaunews.com\/?author=1"}]}},"jetpack_sharing_enabled":true,"jetpack_featured_media_url":"https:\/\/cacaunews.com\/wp-content\/uploads\/2023\/10\/IMG-20231024-WA0177.jpg","_links":{"self":[{"href":"https:\/\/cacaunews.com\/index.php?rest_route=\/wp\/v2\/posts\/3335"}],"collection":[{"href":"https:\/\/cacaunews.com\/index.php?rest_route=\/wp\/v2\/posts"}],"about":[{"href":"https:\/\/cacaunews.com\/index.php?rest_route=\/wp\/v2\/types\/post"}],"author":[{"embeddable":true,"href":"https:\/\/cacaunews.com\/index.php?rest_route=\/wp\/v2\/users\/1"}],"replies":[{"embeddable":true,"href":"https:\/\/cacaunews.com\/index.php?rest_route=%2Fwp%2Fv2%2Fcomments&post=3335"}],"version-history":[{"count":0,"href":"https:\/\/cacaunews.com\/index.php?rest_route=\/wp\/v2\/posts\/3335\/revisions"}],"wp:featuredmedia":[{"embeddable":true,"href":"https:\/\/cacaunews.com\/index.php?rest_route=\/wp\/v2\/media\/3334"}],"wp:attachment":[{"href":"https:\/\/cacaunews.com\/index.php?rest_route=%2Fwp%2Fv2%2Fmedia&parent=3335"}],"wp:term":[{"taxonomy":"category","embeddable":true,"href":"https:\/\/cacaunews.com\/index.php?rest_route=%2Fwp%2Fv2%2Fcategories&post=3335"},{"taxonomy":"post_tag","embeddable":true,"href":"https:\/\/cacaunews.com\/index.php?rest_route=%2Fwp%2Fv2%2Ftags&post=3335"}],"curies":[{"name":"wp","href":"https:\/\/api.w.org\/{rel}","templated":true}]}}