{"id":3338,"date":"2023-10-25T11:17:46","date_gmt":"2023-10-25T11:17:46","guid":{"rendered":"https:\/\/cacaunews.com\/?p=3338"},"modified":"2023-10-25T11:19:00","modified_gmt":"2023-10-25T11:19:00","slug":"secult-ba-prorroga-inscricoes-para-editais-da-paulo-gustavo-bahia-ate-dia-30-de-outubro","status":"publish","type":"post","link":"https:\/\/cacaunews.com\/?p=3338","title":{"rendered":"Secult-BA prorroga inscri\u00e7\u00f5es para editais da Paulo Gustavo Bahia at\u00e9 dia 30 de outubro."},"content":{"rendered":"\n<p>A Secretaria de Cultura do Estado da Bahia (Secult-BA) prorrogou o prazo para inscri\u00e7\u00e3o de projetos nos 26 editais da Paulo Gustavo Bahia (PGBA) para \u00e0s 11h59 do dia 30 de outubro (segunda-feira). De acordo com o secret\u00e1rio de Cultura da Bahia, Bruno Monteiro, a Secult-BA fez todas as adapta\u00e7\u00f5es necess\u00e1rias ao cronograma e \u00e0 equipe t\u00e9cnica para ampliar o prazo e atender a solicita\u00e7\u00e3o da sociedade civil. \u201cO nosso governo est\u00e1 comprometido no di\u00e1logo com a sociedade baiana e, com muita sensibilidade, discutimos as demandas do setor cultural com as nossas as equipes e pudemos, de forma respons\u00e1vel, fazer todas as adequa\u00e7\u00f5es necess\u00e1rias para prorrogar as inscri\u00e7\u00f5es dos 26 editais da Paulo Gustavo Bahia, garantindo maior participa\u00e7\u00e3o e o maior recebimento de propostas\u201d, diz.<br \/><br \/>As inscri\u00e7\u00f5es para os editais da PGBA iniciaram no dia 26 de setembro, depois de uma semana de disponibilizados para consulta no site da secretaria (<a href=\"http:\/\/www.cultura.ba.gov.br\" target=\"_blank\" rel=\"noreferrer noopener\">www.cultura.ba.gov.br<\/a>).<br \/><br \/>Com a prorroga\u00e7\u00e3o das inscri\u00e7\u00f5es, os plant\u00f5es presenciais de atendimento para quem tem d\u00favidas ou necessita de algum apoio tamb\u00e9m foram ampliados e seguem at\u00e9 segunda-feira (30). Especialmente na segunda, o atendimento ser\u00e1 das 9h \u00e0s 12h. Nos demais dias, o atendimento \u00e9 at\u00e9 as 18h.<br \/><br \/>Quem n\u00e3o puder ir presencialmente em um dos postos de atendimento pode ligar para o telefone (71) 3103-3256 ou acessar o canal do Youtube da secretaria, onde est\u00e1 dispon\u00edvel o v\u00eddeo Como Inscrever um Projeto | Paulo Gustavo Bahia 2023 e demais conte\u00fados de orienta\u00e7\u00e3o.<br \/><br \/>Veja as cidades, locais e endere\u00e7os dos plant\u00f5es abaixo.<br \/><br \/><strong>Salvador<\/strong><br \/>Sede da Secult-BA, na rua Conselheiro Sp\u00ednola, s\/n, Barris<br \/>(71) 3103-3256<\/p>\n\n\n\n<p><strong>Alagoinhas<\/strong><br \/>Centro de Cultura de Alagoinhas, na Rua Coronel Filadelfo Neves, s\/n<br \/>(75) 3421-5608<\/p>\n\n\n\n<p><strong>Feira de Santana<\/strong><br \/>Centro de Cultura Am\u00e9lio Amorim, na Av. Presidente Dutra, n\u00ba 2222. Capuchinhos<\/p>\n\n\n\n<p><strong>Guanambi<\/strong><br \/>Centro de Cultura de Guanambi, na Rua Manoel Bandeira, s\/n, Centro<br \/>(77) 3451 9267<br \/>Itabuna<br \/>Centro de Cultura Adonias Filho, na P. Jos\u00e9 Almeida Alc\u00e2ntara, s\/n, Centro, Jardim do \u00d3<br \/>(73) 3211-6429<br \/><br \/>Jequi\u00e9<br \/>Centro de Cultura ACM, na Pra\u00e7a Duque de Caxias \u2013 s\/n<br \/>(73) 3527-5256<br \/><br \/>Juazeiro<br \/>Centro de Cultura Jo\u00e3o Gilberto, na Rua Jos\u00e9 Petitinga s\/n<br \/>(74) 3611-4322<br \/><br \/>Mutu\u00edpe<br \/>Casa de Cultura de Mutu\u00edpe, na Av. Dr. Bartolomeu Chaves, n\u00ba 95, Centro<br \/>(75) 3635-1457<br \/><br \/>Valen\u00e7a<br \/>Centro de Cultura Ol\u00edvia Barradas, na Rua Maestro Barrinha s\/n \u2013 Gra\u00e7a<br \/>(75) 3641-3594<br \/><br \/>Vit\u00f3ria da Conquista<br \/>Centro de Cultura Camillo de Jesus Lima, na Av. Rosa Cruz, n\u00ba 45, Candeias<br \/>(77) 3424-4725<br \/><br \/>Paulo Gustavo Bahia \u2013 A Lei Paulo Gustavo (LPG) foi criada como lei emergencial para mitigar os impactos da pandemia da COVID-19 junto aos agentes de cultura. A LPG foi regulamentada em um grande ato na Concha Ac\u00fastica do Teatro Castro Alves em Salvador com participa\u00e7\u00e3o do presidente Lula e da ministra da Cultura Margareth Menezes, em maio de 2023. A Bahia foi o primeiro estado a apresentar e aprovar o plano de a\u00e7\u00e3o junto ao Minist\u00e9rio da Cultura (MinC) e fez uma s\u00e9rie de escutas populares, al\u00e9m de cursos de forma\u00e7\u00e3o, nos 27 territ\u00f3rios de identidade para criar os editais e contemplar as demandas das fazedoras e fazedores da cultura baiana.<br \/><br \/>Fonte: Ascom\/Secult-BA<\/p>\n\n\n\n<p><br><strong>Itabuna<\/strong><br>Centro de Cultura Adonias Filho, na P. Jos\u00e9 Almeida Alc\u00e2ntara, s\/n, Centro, Jardim do \u00d3<br>(73) 3211-6429<br><br><strong>Jequi\u00e9<\/strong><br>Centro de Cultura ACM, na Pra\u00e7a Duque de Caxias \u2013 s\/n<br>(73) 3527-5256<br><br><strong>Juazeiro<\/strong><br>Centro de Cultura Jo\u00e3o Gilberto, na Rua Jos\u00e9 Petitinga s\/n<br>(74) 3611-4322<br><br><strong>Mutu\u00edpe<\/strong><br>Casa de Cultura de Mutu\u00edpe, na Av. Dr. Bartolomeu Chaves, n\u00ba 95, Centro<br>(75) 3635-1457<br><br><strong>Valen\u00e7a<\/strong><br>Centro de Cultura Ol\u00edvia Barradas, na Rua Maestro Barrinha s\/n \u2013 Gra\u00e7a<br>(75) 3641-3594<br><br><strong>Vit\u00f3ria da Conquista<\/strong><br>Centro de Cultura Camillo de Jesus Lima, na Av. Rosa Cruz, n\u00ba 45, Candeias<br>(77) 3424-4725<br><br><strong>Paulo Gustavo Bahia<\/strong> \u2013 A Lei Paulo Gustavo (LPG) foi criada como lei emergencial para mitigar os impactos da pandemia da COVID-19 junto aos agentes de cultura. A LPG foi regulamentada em um grande ato na Concha Ac\u00fastica do Teatro Castro Alves em Salvador com participa\u00e7\u00e3o do presidente Lula e da ministra da Cultura Margareth Menezes, em maio de 2023. A Bahia foi o primeiro estado a apresentar e aprovar o plano de a\u00e7\u00e3o junto ao Minist\u00e9rio da Cultura (MinC) e fez uma s\u00e9rie de escutas populares, al\u00e9m de cursos de forma\u00e7\u00e3o, nos 27 territ\u00f3rios de identidade para criar os editais e contemplar as demandas das fazedoras e fazedores da cultura baiana.<br><br>Ascom\/Secult-BA<\/p>\n\n\n\n<p><\/p>\n","protected":false},"excerpt":{"rendered":"<p>A Secretaria de Cultura do Estado da Bahia (Secult-BA) prorrogou o prazo para inscri\u00e7\u00e3o de&#8230;<\/p>\n","protected":false},"author":1,"featured_media":3337,"comment_status":"open","ping_status":"open","sticky":false,"template":"","format":"standard","meta":{"footnotes":""},"categories":[31,4,11],"tags":[39,34,492,1158,563],"yoast_head":"<!-- This site is optimized with the Yoast SEO plugin v21.7 - https:\/\/yoast.com\/wordpress\/plugins\/seo\/ -->\n<title>Secult-BA prorroga inscri\u00e7\u00f5es para editais da Paulo Gustavo Bahia at\u00e9 dia 30 de outubro. - Cacau News<\/title>\n<meta name=\"robots\" content=\"index, follow, max-snippet:-1, max-image-preview:large, max-video-preview:-1\" \/>\n<link rel=\"canonical\" href=\"https:\/\/cacaunews.com\/?p=3338\" \/>\n<meta property=\"og:locale\" content=\"pt_BR\" \/>\n<meta property=\"og:type\" content=\"article\" \/>\n<meta property=\"og:title\" content=\"Secult-BA prorroga inscri\u00e7\u00f5es para editais da Paulo Gustavo Bahia at\u00e9 dia 30 de outubro. - Cacau News\" \/>\n<meta property=\"og:description\" content=\"A Secretaria de Cultura do Estado da Bahia (Secult-BA) prorrogou o prazo para inscri\u00e7\u00e3o de...\" \/>\n<meta property=\"og:url\" content=\"https:\/\/cacaunews.com\/?p=3338\" \/>\n<meta property=\"og:site_name\" content=\"Cacau News\" \/>\n<meta property=\"article:published_time\" content=\"2023-10-25T11:17:46+00:00\" \/>\n<meta property=\"article:modified_time\" content=\"2023-10-25T11:19:00+00:00\" \/>\n<meta property=\"og:image\" content=\"https:\/\/cacaunews.com\/wp-content\/uploads\/2023\/10\/24.10.png\" \/>\n\t<meta property=\"og:image:width\" content=\"1080\" \/>\n\t<meta property=\"og:image:height\" content=\"1350\" \/>\n\t<meta property=\"og:image:type\" content=\"image\/png\" \/>\n<meta name=\"author\" content=\"Reda\u00e7\u00e3o Cacau News\" \/>\n<meta name=\"twitter:card\" content=\"summary_large_image\" \/>\n<meta name=\"twitter:label1\" content=\"Escrito por\" \/>\n\t<meta name=\"twitter:data1\" content=\"Reda\u00e7\u00e3o Cacau News\" \/>\n\t<meta name=\"twitter:label2\" content=\"Est. tempo de leitura\" \/>\n\t<meta name=\"twitter:data2\" content=\"4 minutos\" \/>\n<script type=\"application\/ld+json\" class=\"yoast-schema-graph\">{\"@context\":\"https:\/\/schema.org\",\"@graph\":[{\"@type\":\"Article\",\"@id\":\"https:\/\/cacaunews.com\/?p=3338#article\",\"isPartOf\":{\"@id\":\"https:\/\/cacaunews.com\/?p=3338\"},\"author\":{\"name\":\"Reda\u00e7\u00e3o Cacau News\",\"@id\":\"https:\/\/cacaunews.com\/#\/schema\/person\/ea69703103e606ad347ccd64bd72ef79\"},\"headline\":\"Secult-BA prorroga inscri\u00e7\u00f5es para editais da Paulo Gustavo Bahia at\u00e9 dia 30 de outubro.\",\"datePublished\":\"2023-10-25T11:17:46+00:00\",\"dateModified\":\"2023-10-25T11:19:00+00:00\",\"mainEntityOfPage\":{\"@id\":\"https:\/\/cacaunews.com\/?p=3338\"},\"wordCount\":767,\"commentCount\":0,\"publisher\":{\"@id\":\"https:\/\/cacaunews.com\/#organization\"},\"keywords\":[\"bahia\",\"cultura\",\"lei\",\"Paulo Gustavo\",\"prorroga\u00e7\u00e3o\"],\"articleSection\":[\"Cultura\",\"Internet\",\"Jornalismo\"],\"inLanguage\":\"pt-BR\",\"potentialAction\":[{\"@type\":\"CommentAction\",\"name\":\"Comment\",\"target\":[\"https:\/\/cacaunews.com\/?p=3338#respond\"]}]},{\"@type\":\"WebPage\",\"@id\":\"https:\/\/cacaunews.com\/?p=3338\",\"url\":\"https:\/\/cacaunews.com\/?p=3338\",\"name\":\"Secult-BA prorroga inscri\u00e7\u00f5es para editais da Paulo Gustavo Bahia at\u00e9 dia 30 de outubro. - Cacau News\",\"isPartOf\":{\"@id\":\"https:\/\/cacaunews.com\/#website\"},\"datePublished\":\"2023-10-25T11:17:46+00:00\",\"dateModified\":\"2023-10-25T11:19:00+00:00\",\"breadcrumb\":{\"@id\":\"https:\/\/cacaunews.com\/?p=3338#breadcrumb\"},\"inLanguage\":\"pt-BR\",\"potentialAction\":[{\"@type\":\"ReadAction\",\"target\":[\"https:\/\/cacaunews.com\/?p=3338\"]}]},{\"@type\":\"BreadcrumbList\",\"@id\":\"https:\/\/cacaunews.com\/?p=3338#breadcrumb\",\"itemListElement\":[{\"@type\":\"ListItem\",\"position\":1,\"name\":\"In\u00edcio\",\"item\":\"https:\/\/cacaunews.com\/\"},{\"@type\":\"ListItem\",\"position\":2,\"name\":\"Secult-BA prorroga inscri\u00e7\u00f5es para editais da Paulo Gustavo Bahia at\u00e9 dia 30 de outubro.\"}]},{\"@type\":\"WebSite\",\"@id\":\"https:\/\/cacaunews.com\/#website\",\"url\":\"https:\/\/cacaunews.com\/\",\"name\":\"Cacau News\",\"description\":\"A Informa\u00e7\u00e3o que voc\u00ea precisa!\",\"publisher\":{\"@id\":\"https:\/\/cacaunews.com\/#organization\"},\"potentialAction\":[{\"@type\":\"SearchAction\",\"target\":{\"@type\":\"EntryPoint\",\"urlTemplate\":\"https:\/\/cacaunews.com\/?s={search_term_string}\"},\"query-input\":\"required name=search_term_string\"}],\"inLanguage\":\"pt-BR\"},{\"@type\":\"Organization\",\"@id\":\"https:\/\/cacaunews.com\/#organization\",\"name\":\"Cacau News\",\"url\":\"https:\/\/cacaunews.com\/\",\"logo\":{\"@type\":\"ImageObject\",\"inLanguage\":\"pt-BR\",\"@id\":\"https:\/\/cacaunews.com\/#\/schema\/logo\/image\/\",\"url\":\"https:\/\/cacaunews.com\/wp-content\/uploads\/2025\/01\/cropped-LOGO-NOVA.png\",\"contentUrl\":\"https:\/\/cacaunews.com\/wp-content\/uploads\/2025\/01\/cropped-LOGO-NOVA.png\",\"width\":813,\"height\":813,\"caption\":\"Cacau News\"},\"image\":{\"@id\":\"https:\/\/cacaunews.com\/#\/schema\/logo\/image\/\"},\"sameAs\":[\"https:\/\/www.instagram.com\/cacaunews.online\/\",\"https:\/\/youtube.com\/@cacaunews?si=0VXLnjl08SrWbVG9\"]},{\"@type\":\"Person\",\"@id\":\"https:\/\/cacaunews.com\/#\/schema\/person\/ea69703103e606ad347ccd64bd72ef79\",\"name\":\"Reda\u00e7\u00e3o Cacau News\",\"image\":{\"@type\":\"ImageObject\",\"inLanguage\":\"pt-BR\",\"@id\":\"https:\/\/cacaunews.com\/#\/schema\/person\/image\/\",\"url\":\"https:\/\/secure.gravatar.com\/avatar\/d79227a2a7b6cc42e8d7a8f7c284cd3a?s=96&d=mm&r=g\",\"contentUrl\":\"https:\/\/secure.gravatar.com\/avatar\/d79227a2a7b6cc42e8d7a8f7c284cd3a?s=96&d=mm&r=g\",\"caption\":\"Reda\u00e7\u00e3o Cacau News\"},\"sameAs\":[\"https:\/\/cacaunews.com\"],\"url\":\"https:\/\/cacaunews.com\/?author=1\"}]}<\/script>\n<!-- \/ Yoast SEO plugin. -->","yoast_head_json":{"title":"Secult-BA prorroga inscri\u00e7\u00f5es para editais da Paulo Gustavo Bahia at\u00e9 dia 30 de outubro. - Cacau News","robots":{"index":"index","follow":"follow","max-snippet":"max-snippet:-1","max-image-preview":"max-image-preview:large","max-video-preview":"max-video-preview:-1"},"canonical":"https:\/\/cacaunews.com\/?p=3338","og_locale":"pt_BR","og_type":"article","og_title":"Secult-BA prorroga inscri\u00e7\u00f5es para editais da Paulo Gustavo Bahia at\u00e9 dia 30 de outubro. - Cacau News","og_description":"A Secretaria de Cultura do Estado da Bahia (Secult-BA) prorrogou o prazo para inscri\u00e7\u00e3o de...","og_url":"https:\/\/cacaunews.com\/?p=3338","og_site_name":"Cacau News","article_published_time":"2023-10-25T11:17:46+00:00","article_modified_time":"2023-10-25T11:19:00+00:00","og_image":[{"width":1080,"height":1350,"url":"https:\/\/cacaunews.com\/wp-content\/uploads\/2023\/10\/24.10.png","type":"image\/png"}],"author":"Reda\u00e7\u00e3o Cacau News","twitter_card":"summary_large_image","twitter_misc":{"Escrito por":"Reda\u00e7\u00e3o Cacau News","Est. tempo de leitura":"4 minutos"},"schema":{"@context":"https:\/\/schema.org","@graph":[{"@type":"Article","@id":"https:\/\/cacaunews.com\/?p=3338#article","isPartOf":{"@id":"https:\/\/cacaunews.com\/?p=3338"},"author":{"name":"Reda\u00e7\u00e3o Cacau News","@id":"https:\/\/cacaunews.com\/#\/schema\/person\/ea69703103e606ad347ccd64bd72ef79"},"headline":"Secult-BA prorroga inscri\u00e7\u00f5es para editais da Paulo Gustavo Bahia at\u00e9 dia 30 de outubro.","datePublished":"2023-10-25T11:17:46+00:00","dateModified":"2023-10-25T11:19:00+00:00","mainEntityOfPage":{"@id":"https:\/\/cacaunews.com\/?p=3338"},"wordCount":767,"commentCount":0,"publisher":{"@id":"https:\/\/cacaunews.com\/#organization"},"keywords":["bahia","cultura","lei","Paulo Gustavo","prorroga\u00e7\u00e3o"],"articleSection":["Cultura","Internet","Jornalismo"],"inLanguage":"pt-BR","potentialAction":[{"@type":"CommentAction","name":"Comment","target":["https:\/\/cacaunews.com\/?p=3338#respond"]}]},{"@type":"WebPage","@id":"https:\/\/cacaunews.com\/?p=3338","url":"https:\/\/cacaunews.com\/?p=3338","name":"Secult-BA prorroga inscri\u00e7\u00f5es para editais da Paulo Gustavo Bahia at\u00e9 dia 30 de outubro. - Cacau News","isPartOf":{"@id":"https:\/\/cacaunews.com\/#website"},"datePublished":"2023-10-25T11:17:46+00:00","dateModified":"2023-10-25T11:19:00+00:00","breadcrumb":{"@id":"https:\/\/cacaunews.com\/?p=3338#breadcrumb"},"inLanguage":"pt-BR","potentialAction":[{"@type":"ReadAction","target":["https:\/\/cacaunews.com\/?p=3338"]}]},{"@type":"BreadcrumbList","@id":"https:\/\/cacaunews.com\/?p=3338#breadcrumb","itemListElement":[{"@type":"ListItem","position":1,"name":"In\u00edcio","item":"https:\/\/cacaunews.com\/"},{"@type":"ListItem","position":2,"name":"Secult-BA prorroga inscri\u00e7\u00f5es para editais da Paulo Gustavo Bahia at\u00e9 dia 30 de outubro."}]},{"@type":"WebSite","@id":"https:\/\/cacaunews.com\/#website","url":"https:\/\/cacaunews.com\/","name":"Cacau News","description":"A Informa\u00e7\u00e3o que voc\u00ea precisa!","publisher":{"@id":"https:\/\/cacaunews.com\/#organization"},"potentialAction":[{"@type":"SearchAction","target":{"@type":"EntryPoint","urlTemplate":"https:\/\/cacaunews.com\/?s={search_term_string}"},"query-input":"required name=search_term_string"}],"inLanguage":"pt-BR"},{"@type":"Organization","@id":"https:\/\/cacaunews.com\/#organization","name":"Cacau News","url":"https:\/\/cacaunews.com\/","logo":{"@type":"ImageObject","inLanguage":"pt-BR","@id":"https:\/\/cacaunews.com\/#\/schema\/logo\/image\/","url":"https:\/\/cacaunews.com\/wp-content\/uploads\/2025\/01\/cropped-LOGO-NOVA.png","contentUrl":"https:\/\/cacaunews.com\/wp-content\/uploads\/2025\/01\/cropped-LOGO-NOVA.png","width":813,"height":813,"caption":"Cacau News"},"image":{"@id":"https:\/\/cacaunews.com\/#\/schema\/logo\/image\/"},"sameAs":["https:\/\/www.instagram.com\/cacaunews.online\/","https:\/\/youtube.com\/@cacaunews?si=0VXLnjl08SrWbVG9"]},{"@type":"Person","@id":"https:\/\/cacaunews.com\/#\/schema\/person\/ea69703103e606ad347ccd64bd72ef79","name":"Reda\u00e7\u00e3o Cacau News","image":{"@type":"ImageObject","inLanguage":"pt-BR","@id":"https:\/\/cacaunews.com\/#\/schema\/person\/image\/","url":"https:\/\/secure.gravatar.com\/avatar\/d79227a2a7b6cc42e8d7a8f7c284cd3a?s=96&d=mm&r=g","contentUrl":"https:\/\/secure.gravatar.com\/avatar\/d79227a2a7b6cc42e8d7a8f7c284cd3a?s=96&d=mm&r=g","caption":"Reda\u00e7\u00e3o Cacau News"},"sameAs":["https:\/\/cacaunews.com"],"url":"https:\/\/cacaunews.com\/?author=1"}]}},"jetpack_sharing_enabled":true,"jetpack_featured_media_url":"https:\/\/cacaunews.com\/wp-content\/uploads\/2023\/10\/24.10.png","_links":{"self":[{"href":"https:\/\/cacaunews.com\/index.php?rest_route=\/wp\/v2\/posts\/3338"}],"collection":[{"href":"https:\/\/cacaunews.com\/index.php?rest_route=\/wp\/v2\/posts"}],"about":[{"href":"https:\/\/cacaunews.com\/index.php?rest_route=\/wp\/v2\/types\/post"}],"author":[{"embeddable":true,"href":"https:\/\/cacaunews.com\/index.php?rest_route=\/wp\/v2\/users\/1"}],"replies":[{"embeddable":true,"href":"https:\/\/cacaunews.com\/index.php?rest_route=%2Fwp%2Fv2%2Fcomments&post=3338"}],"version-history":[{"count":1,"href":"https:\/\/cacaunews.com\/index.php?rest_route=\/wp\/v2\/posts\/3338\/revisions"}],"predecessor-version":[{"id":3339,"href":"https:\/\/cacaunews.com\/index.php?rest_route=\/wp\/v2\/posts\/3338\/revisions\/3339"}],"wp:featuredmedia":[{"embeddable":true,"href":"https:\/\/cacaunews.com\/index.php?rest_route=\/wp\/v2\/media\/3337"}],"wp:attachment":[{"href":"https:\/\/cacaunews.com\/index.php?rest_route=%2Fwp%2Fv2%2Fmedia&parent=3338"}],"wp:term":[{"taxonomy":"category","embeddable":true,"href":"https:\/\/cacaunews.com\/index.php?rest_route=%2Fwp%2Fv2%2Fcategories&post=3338"},{"taxonomy":"post_tag","embeddable":true,"href":"https:\/\/cacaunews.com\/index.php?rest_route=%2Fwp%2Fv2%2Ftags&post=3338"}],"curies":[{"name":"wp","href":"https:\/\/api.w.org\/{rel}","templated":true}]}}