{"id":3392,"date":"2023-10-28T11:00:34","date_gmt":"2023-10-28T11:00:34","guid":{"rendered":"https:\/\/cacaunews.com\/?p=3392"},"modified":"2023-10-28T20:31:10","modified_gmt":"2023-10-28T20:31:10","slug":"warley-da-cruz-assessor-do-vereador-manoel-porfirio-e-o-novo-presidente-da-fundacao-marimbeta","status":"publish","type":"post","link":"https:\/\/cacaunews.com\/?p=3392","title":{"rendered":"Warley da Cruz, assessor do vereador Manoel Porf\u00edrio, \u00e9 o novo presidente da Funda\u00e7\u00e3o Marimbeta."},"content":{"rendered":"\n<p> O vereador Manoel Porf\u00edrio (PT) foi o respons\u00e1vel por indicar o novo diretor-presidente da Funda\u00e7\u00e3o Marimbeta. Porf\u00edrio deixou a presid\u00eancia nesta semana e retornou \u00e0 C\u00e2mara de Vereadores.<br><br>Agora, de acordo com a publica\u00e7\u00e3o no Di\u00e1rio Oficial do Munic\u00edpio, quem vai responder pela unidade, interinamente, \u00e9 Warles da Cruz Francisco. Warles atuava, anteriormente, como assessor de acompanhamento de gest\u00e3o. <\/p>\n\n\n\n<p>Com Informa\u00e7\u00f5es Pauta Blog.<\/p>\n","protected":false},"excerpt":{"rendered":"<p>O vereador Manoel Porf\u00edrio (PT) foi o respons\u00e1vel por indicar o novo diretor-presidente da Funda\u00e7\u00e3o&#8230;<\/p>\n","protected":false},"author":1,"featured_media":3391,"comment_status":"open","ping_status":"open","sticky":false,"template":"","format":"standard","meta":{"footnotes":""},"categories":[18,11,5],"tags":[27,1319,95,1332],"yoast_head":"<!-- This site is optimized with the Yoast SEO plugin v21.7 - https:\/\/yoast.com\/wordpress\/plugins\/seo\/ -->\n<title>Warley da Cruz, assessor do vereador Manoel Porf\u00edrio, \u00e9 o novo presidente da Funda\u00e7\u00e3o Marimbeta. - Cacau News<\/title>\n<meta name=\"robots\" content=\"index, follow, max-snippet:-1, max-image-preview:large, max-video-preview:-1\" \/>\n<link rel=\"canonical\" href=\"https:\/\/cacaunews.com\/?p=3392\" \/>\n<meta property=\"og:locale\" content=\"pt_BR\" \/>\n<meta property=\"og:type\" content=\"article\" \/>\n<meta property=\"og:title\" content=\"Warley da Cruz, assessor do vereador Manoel Porf\u00edrio, \u00e9 o novo presidente da Funda\u00e7\u00e3o Marimbeta. - Cacau News\" \/>\n<meta property=\"og:description\" content=\"O vereador Manoel Porf\u00edrio (PT) foi o respons\u00e1vel por indicar o novo diretor-presidente da Funda\u00e7\u00e3o...\" \/>\n<meta property=\"og:url\" content=\"https:\/\/cacaunews.com\/?p=3392\" \/>\n<meta property=\"og:site_name\" content=\"Cacau News\" \/>\n<meta property=\"article:published_time\" content=\"2023-10-28T11:00:34+00:00\" \/>\n<meta property=\"article:modified_time\" content=\"2023-10-28T20:31:10+00:00\" \/>\n<meta property=\"og:image\" content=\"https:\/\/cacaunews.com\/wp-content\/uploads\/2023\/10\/IMG_20231028_173006.jpg\" \/>\n\t<meta property=\"og:image:width\" content=\"999\" \/>\n\t<meta property=\"og:image:height\" content=\"653\" \/>\n\t<meta property=\"og:image:type\" content=\"image\/jpeg\" \/>\n<meta name=\"author\" content=\"Reda\u00e7\u00e3o Cacau News\" \/>\n<meta name=\"twitter:card\" content=\"summary_large_image\" \/>\n<meta name=\"twitter:label1\" content=\"Escrito por\" \/>\n\t<meta name=\"twitter:data1\" content=\"Reda\u00e7\u00e3o Cacau News\" \/>\n<script type=\"application\/ld+json\" class=\"yoast-schema-graph\">{\"@context\":\"https:\/\/schema.org\",\"@graph\":[{\"@type\":\"Article\",\"@id\":\"https:\/\/cacaunews.com\/?p=3392#article\",\"isPartOf\":{\"@id\":\"https:\/\/cacaunews.com\/?p=3392\"},\"author\":{\"name\":\"Reda\u00e7\u00e3o Cacau News\",\"@id\":\"https:\/\/cacaunews.com\/#\/schema\/person\/ea69703103e606ad347ccd64bd72ef79\"},\"headline\":\"Warley da Cruz, assessor do vereador Manoel Porf\u00edrio, \u00e9 o novo presidente da Funda\u00e7\u00e3o Marimbeta.\",\"datePublished\":\"2023-10-28T11:00:34+00:00\",\"dateModified\":\"2023-10-28T20:31:10+00:00\",\"mainEntityOfPage\":{\"@id\":\"https:\/\/cacaunews.com\/?p=3392\"},\"wordCount\":88,\"commentCount\":0,\"publisher\":{\"@id\":\"https:\/\/cacaunews.com\/#organization\"},\"keywords\":[\"itabuna\",\"Marimbeta\",\"presidente\",\"Warley da cruz\"],\"articleSection\":[\"cidades\",\"Jornalismo\",\"Politica\"],\"inLanguage\":\"pt-BR\",\"potentialAction\":[{\"@type\":\"CommentAction\",\"name\":\"Comment\",\"target\":[\"https:\/\/cacaunews.com\/?p=3392#respond\"]}]},{\"@type\":\"WebPage\",\"@id\":\"https:\/\/cacaunews.com\/?p=3392\",\"url\":\"https:\/\/cacaunews.com\/?p=3392\",\"name\":\"Warley da Cruz, assessor do vereador Manoel Porf\u00edrio, \u00e9 o novo presidente da Funda\u00e7\u00e3o Marimbeta. - Cacau News\",\"isPartOf\":{\"@id\":\"https:\/\/cacaunews.com\/#website\"},\"datePublished\":\"2023-10-28T11:00:34+00:00\",\"dateModified\":\"2023-10-28T20:31:10+00:00\",\"breadcrumb\":{\"@id\":\"https:\/\/cacaunews.com\/?p=3392#breadcrumb\"},\"inLanguage\":\"pt-BR\",\"potentialAction\":[{\"@type\":\"ReadAction\",\"target\":[\"https:\/\/cacaunews.com\/?p=3392\"]}]},{\"@type\":\"BreadcrumbList\",\"@id\":\"https:\/\/cacaunews.com\/?p=3392#breadcrumb\",\"itemListElement\":[{\"@type\":\"ListItem\",\"position\":1,\"name\":\"In\u00edcio\",\"item\":\"https:\/\/cacaunews.com\/\"},{\"@type\":\"ListItem\",\"position\":2,\"name\":\"Warley da Cruz, assessor do vereador Manoel Porf\u00edrio, \u00e9 o novo presidente da Funda\u00e7\u00e3o Marimbeta.\"}]},{\"@type\":\"WebSite\",\"@id\":\"https:\/\/cacaunews.com\/#website\",\"url\":\"https:\/\/cacaunews.com\/\",\"name\":\"Cacau News\",\"description\":\"A Informa\u00e7\u00e3o que voc\u00ea precisa!\",\"publisher\":{\"@id\":\"https:\/\/cacaunews.com\/#organization\"},\"potentialAction\":[{\"@type\":\"SearchAction\",\"target\":{\"@type\":\"EntryPoint\",\"urlTemplate\":\"https:\/\/cacaunews.com\/?s={search_term_string}\"},\"query-input\":\"required name=search_term_string\"}],\"inLanguage\":\"pt-BR\"},{\"@type\":\"Organization\",\"@id\":\"https:\/\/cacaunews.com\/#organization\",\"name\":\"Cacau News\",\"url\":\"https:\/\/cacaunews.com\/\",\"logo\":{\"@type\":\"ImageObject\",\"inLanguage\":\"pt-BR\",\"@id\":\"https:\/\/cacaunews.com\/#\/schema\/logo\/image\/\",\"url\":\"https:\/\/cacaunews.com\/wp-content\/uploads\/2025\/01\/cropped-LOGO-NOVA.png\",\"contentUrl\":\"https:\/\/cacaunews.com\/wp-content\/uploads\/2025\/01\/cropped-LOGO-NOVA.png\",\"width\":813,\"height\":813,\"caption\":\"Cacau News\"},\"image\":{\"@id\":\"https:\/\/cacaunews.com\/#\/schema\/logo\/image\/\"},\"sameAs\":[\"https:\/\/www.instagram.com\/cacaunews.online\/\",\"https:\/\/youtube.com\/@cacaunews?si=0VXLnjl08SrWbVG9\"]},{\"@type\":\"Person\",\"@id\":\"https:\/\/cacaunews.com\/#\/schema\/person\/ea69703103e606ad347ccd64bd72ef79\",\"name\":\"Reda\u00e7\u00e3o Cacau News\",\"image\":{\"@type\":\"ImageObject\",\"inLanguage\":\"pt-BR\",\"@id\":\"https:\/\/cacaunews.com\/#\/schema\/person\/image\/\",\"url\":\"https:\/\/secure.gravatar.com\/avatar\/d79227a2a7b6cc42e8d7a8f7c284cd3a?s=96&d=mm&r=g\",\"contentUrl\":\"https:\/\/secure.gravatar.com\/avatar\/d79227a2a7b6cc42e8d7a8f7c284cd3a?s=96&d=mm&r=g\",\"caption\":\"Reda\u00e7\u00e3o Cacau News\"},\"sameAs\":[\"https:\/\/cacaunews.com\"],\"url\":\"https:\/\/cacaunews.com\/?author=1\"}]}<\/script>\n<!-- \/ Yoast SEO plugin. -->","yoast_head_json":{"title":"Warley da Cruz, assessor do vereador Manoel Porf\u00edrio, \u00e9 o novo presidente da Funda\u00e7\u00e3o Marimbeta. - Cacau News","robots":{"index":"index","follow":"follow","max-snippet":"max-snippet:-1","max-image-preview":"max-image-preview:large","max-video-preview":"max-video-preview:-1"},"canonical":"https:\/\/cacaunews.com\/?p=3392","og_locale":"pt_BR","og_type":"article","og_title":"Warley da Cruz, assessor do vereador Manoel Porf\u00edrio, \u00e9 o novo presidente da Funda\u00e7\u00e3o Marimbeta. - Cacau News","og_description":"O vereador Manoel Porf\u00edrio (PT) foi o respons\u00e1vel por indicar o novo diretor-presidente da Funda\u00e7\u00e3o...","og_url":"https:\/\/cacaunews.com\/?p=3392","og_site_name":"Cacau News","article_published_time":"2023-10-28T11:00:34+00:00","article_modified_time":"2023-10-28T20:31:10+00:00","og_image":[{"width":999,"height":653,"url":"https:\/\/cacaunews.com\/wp-content\/uploads\/2023\/10\/IMG_20231028_173006.jpg","type":"image\/jpeg"}],"author":"Reda\u00e7\u00e3o Cacau News","twitter_card":"summary_large_image","twitter_misc":{"Escrito por":"Reda\u00e7\u00e3o Cacau News"},"schema":{"@context":"https:\/\/schema.org","@graph":[{"@type":"Article","@id":"https:\/\/cacaunews.com\/?p=3392#article","isPartOf":{"@id":"https:\/\/cacaunews.com\/?p=3392"},"author":{"name":"Reda\u00e7\u00e3o Cacau News","@id":"https:\/\/cacaunews.com\/#\/schema\/person\/ea69703103e606ad347ccd64bd72ef79"},"headline":"Warley da Cruz, assessor do vereador Manoel Porf\u00edrio, \u00e9 o novo presidente da Funda\u00e7\u00e3o Marimbeta.","datePublished":"2023-10-28T11:00:34+00:00","dateModified":"2023-10-28T20:31:10+00:00","mainEntityOfPage":{"@id":"https:\/\/cacaunews.com\/?p=3392"},"wordCount":88,"commentCount":0,"publisher":{"@id":"https:\/\/cacaunews.com\/#organization"},"keywords":["itabuna","Marimbeta","presidente","Warley da cruz"],"articleSection":["cidades","Jornalismo","Politica"],"inLanguage":"pt-BR","potentialAction":[{"@type":"CommentAction","name":"Comment","target":["https:\/\/cacaunews.com\/?p=3392#respond"]}]},{"@type":"WebPage","@id":"https:\/\/cacaunews.com\/?p=3392","url":"https:\/\/cacaunews.com\/?p=3392","name":"Warley da Cruz, assessor do vereador Manoel Porf\u00edrio, \u00e9 o novo presidente da Funda\u00e7\u00e3o Marimbeta. - Cacau News","isPartOf":{"@id":"https:\/\/cacaunews.com\/#website"},"datePublished":"2023-10-28T11:00:34+00:00","dateModified":"2023-10-28T20:31:10+00:00","breadcrumb":{"@id":"https:\/\/cacaunews.com\/?p=3392#breadcrumb"},"inLanguage":"pt-BR","potentialAction":[{"@type":"ReadAction","target":["https:\/\/cacaunews.com\/?p=3392"]}]},{"@type":"BreadcrumbList","@id":"https:\/\/cacaunews.com\/?p=3392#breadcrumb","itemListElement":[{"@type":"ListItem","position":1,"name":"In\u00edcio","item":"https:\/\/cacaunews.com\/"},{"@type":"ListItem","position":2,"name":"Warley da Cruz, assessor do vereador Manoel Porf\u00edrio, \u00e9 o novo presidente da Funda\u00e7\u00e3o Marimbeta."}]},{"@type":"WebSite","@id":"https:\/\/cacaunews.com\/#website","url":"https:\/\/cacaunews.com\/","name":"Cacau News","description":"A Informa\u00e7\u00e3o que voc\u00ea precisa!","publisher":{"@id":"https:\/\/cacaunews.com\/#organization"},"potentialAction":[{"@type":"SearchAction","target":{"@type":"EntryPoint","urlTemplate":"https:\/\/cacaunews.com\/?s={search_term_string}"},"query-input":"required name=search_term_string"}],"inLanguage":"pt-BR"},{"@type":"Organization","@id":"https:\/\/cacaunews.com\/#organization","name":"Cacau News","url":"https:\/\/cacaunews.com\/","logo":{"@type":"ImageObject","inLanguage":"pt-BR","@id":"https:\/\/cacaunews.com\/#\/schema\/logo\/image\/","url":"https:\/\/cacaunews.com\/wp-content\/uploads\/2025\/01\/cropped-LOGO-NOVA.png","contentUrl":"https:\/\/cacaunews.com\/wp-content\/uploads\/2025\/01\/cropped-LOGO-NOVA.png","width":813,"height":813,"caption":"Cacau News"},"image":{"@id":"https:\/\/cacaunews.com\/#\/schema\/logo\/image\/"},"sameAs":["https:\/\/www.instagram.com\/cacaunews.online\/","https:\/\/youtube.com\/@cacaunews?si=0VXLnjl08SrWbVG9"]},{"@type":"Person","@id":"https:\/\/cacaunews.com\/#\/schema\/person\/ea69703103e606ad347ccd64bd72ef79","name":"Reda\u00e7\u00e3o Cacau News","image":{"@type":"ImageObject","inLanguage":"pt-BR","@id":"https:\/\/cacaunews.com\/#\/schema\/person\/image\/","url":"https:\/\/secure.gravatar.com\/avatar\/d79227a2a7b6cc42e8d7a8f7c284cd3a?s=96&d=mm&r=g","contentUrl":"https:\/\/secure.gravatar.com\/avatar\/d79227a2a7b6cc42e8d7a8f7c284cd3a?s=96&d=mm&r=g","caption":"Reda\u00e7\u00e3o Cacau News"},"sameAs":["https:\/\/cacaunews.com"],"url":"https:\/\/cacaunews.com\/?author=1"}]}},"jetpack_sharing_enabled":true,"jetpack_featured_media_url":"https:\/\/cacaunews.com\/wp-content\/uploads\/2023\/10\/IMG_20231028_173006.jpg","_links":{"self":[{"href":"https:\/\/cacaunews.com\/index.php?rest_route=\/wp\/v2\/posts\/3392"}],"collection":[{"href":"https:\/\/cacaunews.com\/index.php?rest_route=\/wp\/v2\/posts"}],"about":[{"href":"https:\/\/cacaunews.com\/index.php?rest_route=\/wp\/v2\/types\/post"}],"author":[{"embeddable":true,"href":"https:\/\/cacaunews.com\/index.php?rest_route=\/wp\/v2\/users\/1"}],"replies":[{"embeddable":true,"href":"https:\/\/cacaunews.com\/index.php?rest_route=%2Fwp%2Fv2%2Fcomments&post=3392"}],"version-history":[{"count":1,"href":"https:\/\/cacaunews.com\/index.php?rest_route=\/wp\/v2\/posts\/3392\/revisions"}],"predecessor-version":[{"id":3393,"href":"https:\/\/cacaunews.com\/index.php?rest_route=\/wp\/v2\/posts\/3392\/revisions\/3393"}],"wp:featuredmedia":[{"embeddable":true,"href":"https:\/\/cacaunews.com\/index.php?rest_route=\/wp\/v2\/media\/3391"}],"wp:attachment":[{"href":"https:\/\/cacaunews.com\/index.php?rest_route=%2Fwp%2Fv2%2Fmedia&parent=3392"}],"wp:term":[{"taxonomy":"category","embeddable":true,"href":"https:\/\/cacaunews.com\/index.php?rest_route=%2Fwp%2Fv2%2Fcategories&post=3392"},{"taxonomy":"post_tag","embeddable":true,"href":"https:\/\/cacaunews.com\/index.php?rest_route=%2Fwp%2Fv2%2Ftags&post=3392"}],"curies":[{"name":"wp","href":"https:\/\/api.w.org\/{rel}","templated":true}]}}