{"id":3398,"date":"2023-10-27T22:00:11","date_gmt":"2023-10-27T22:00:11","guid":{"rendered":"https:\/\/cacaunews.com\/?p=3398"},"modified":"2023-10-29T03:13:45","modified_gmt":"2023-10-29T03:13:45","slug":"pastor-batista-erivaldo-barros-e-o-mais-novo-cidadao-baiano","status":"publish","type":"post","link":"https:\/\/cacaunews.com\/?p=3398","title":{"rendered":"Pastor Batista Erivaldo Barros \u00e9 o mais novo cidad\u00e3o baiano."},"content":{"rendered":"\n<p>O pastor da Igreja Batista e presidente da Conven\u00e7\u00e3o Batista Baiana, Erivaldo Barros de Oliveira, \u00e9 o mais novo cidad\u00e3o baiano, t\u00edtulo recebido, na manh\u00e3 desta quinta-feira (26), em sess\u00e3o especial no Plen\u00e1rio da Assembleia Legislativa da Bahia (ALBA). Pernambucano de nascimento, o pastor Erivaldo est\u00e1 h\u00e1 dez anos na Bahia, onde vem realizando atividades religiosas e sociais em todo o estado.<br><br>A homenagem foi proposta pelo ex-deputado e atual superintendente de Prote\u00e7\u00e3o e Defesa Civil da Bahia, Heber Santana, e requerida pelo deputado Matheus Ferreira (MDB), que, no ato, foi representado pelo deputado J\u00fanior Muniz (PT). Entremeada de apresenta\u00e7\u00f5es musicais, a sess\u00e3o contou com a participa\u00e7\u00e3o das cantoras Lizandra Gon\u00e7alves e Tirza Almeida, acompanhadas pelo pastor Joas Menezes, no teclado, e Diogo Pimentel, ao violino. Tamb\u00e9m se apresentaram jovens dos projetos sociais Metan\u00f3ia e Cristol\u00e2ndia, e o coro da Uni\u00e3o Feminina Mission\u00e1ria de Salvador.<br><br>Al\u00e9m dos citados, compuseram a mesa, a coordenadora da Unidade de Sa\u00fade do Centro Comunit\u00e1rio Batista Cl\u00e9riston Andrade, l\u00edder do minist\u00e9rio infantil da Igreja Batista da Gra\u00e7a e esposa do homenageado, Ana Estev\u00e3o; o ex-deputado e vice-presidente do Podemos Nacional, Eliel Santana; os capel\u00e3es militares evang\u00e9licos Tenente Coronel Paulo Cezar, e o major da PM Sousa J\u00fanior; a defensora p\u00fablica M\u00f4nica Arag\u00e3o; o secret\u00e1rio-geral da Conven\u00e7\u00e3o Batista Baiana, pastor Genilson Souto; o 2o vice-presidente da Ordem dos Pastores Batistas do Brasil na Bahia, pastor Raian de Jesus S\u00e1tiro; o presidente da Associa\u00e7\u00e3o Batista de Salvador, pastor Robson Leandro; a professora e 1a vice-presidente da Uni\u00e3o Feminina Mission\u00e1ria da Bahia, Ludjana Nascimento Medeiros; e a diretora do Col\u00e9gio Batista Taylor Eg\u00eddio, em Jaguaquara, Sonilda Sampaio Pereira.<\/p>\n\n\n\n<p><strong>PAI NA F\u00c9<\/strong><br><br>A sess\u00e3o teve in\u00edcio com uma leitura b\u00edblica pelo homenageado, seguida de ora\u00e7\u00e3o de gratid\u00e3o pela vida do pastor e da fam\u00edlia e pelos relevantes servi\u00e7os prestados por ele. Em seguida, Junior Muniz ressaltou a alian\u00e7a da Bahia com o pastor Erivaldo, \u201cesposo de Ana Estev\u00e3o, pai de Ana, Marcos e Lucas, mas tamb\u00e9m pai, na f\u00e9, de diversos baianos, que hoje v\u00eam prestar homenagem de boas vindas ao novo baiano\u201d, afirmou o petista. Segundo o parlamentar, a ALBA entregou o t\u00edtulo nesta quinta, mas os baianos o concederam h\u00e1 dez anos, \u201cpara quem vem trazendo a palavra que edifica, que resgata, que tira homens e mulheres da droga e o senhor fez isso percorrendo o estado da Bahia\u201d, destacou.<br><br><br>Proponente do t\u00edtulo, quando deputado estadual, Heber Santana transmitiu abra\u00e7o especial do governador Jer\u00f4nimo Rodrigues e do deputado Matheus Ferreira, falou da alegria de estar na Casa Legislativa e da import\u00e2ncia e merecimento da honraria. Tamb\u00e9m fez um relato sobre a trajet\u00f3ria do religioso, natural do munic\u00edpio pernambucano de Nazar\u00e9 da Mata que, em 2013, assumiu a Secretaria da Conven\u00e7\u00e3o Batista Baiana, na qual ficou at\u00e9 2018, quando assumiu a Igreja Batista da Gra\u00e7a e a presid\u00eancia do Conselho de Administra\u00e7\u00e3o do Centro Comunit\u00e1rio Batista Cl\u00e9riston Andrade. Hoje \u2013 completou o superintendente \u2013 \u00e9 o presidente da Conven\u00e7\u00e3o Batista Baiana, 3o secret\u00e1rio da Diretoria da Conven\u00e7\u00e3o Batista Brasileira e vice-presidente da Comiss\u00e3o Predial Batista.<\/p>\n\n\n\n<p>Sobre a forma\u00e7\u00e3o do l\u00edder religioso, Heber Santana citou os t\u00edtulos de bacharel em Teologia, pelo Semin\u00e1rio Teol\u00f3gico Batista do Brasil; licenciatura em Ci\u00eancias da Religi\u00e3o, pela Universidade do Vale Aracaju; p\u00f3s-gradua\u00e7\u00e3o em Hist\u00f3ria, pela Universidade Federal de Pernambuco; bacharel em Direito, pela Universidade Cat\u00f3lica de Pernambuco; mestrando em Ci\u00eancia e Tecnologia, e mestrando Teologia, pelo Semin\u00e1rio Batista de Carolina do Norte (EUA). \u201cIsto \u00e9 muito importante, mas n\u00e3o \u00e9 tudo\u201d, disse o ex-deputado, justificando que sua indica\u00e7\u00e3o foi o reconhecimento pela postura e servi\u00e7os prestados pelo pastor \u00e0 comunidade baiana. \u201c\u00c9 a marca de quem ama Deus, amando as pessoas. Seja na utiliza\u00e7\u00e3o de todo esse seu conhecimento, cargo ou espa\u00e7o que ele ocupe. \u00c9 ver nele essa diferen\u00e7a de fazer para Deus e, de uma maneira especial, alcan\u00e7ar as pessoas\u201d, explicou.<\/p>\n\n\n\n<p><strong>GRATID\u00c3O<\/strong><br><br>Em sua fala, o pastor Erivaldo, que h\u00e1 cinco anos recebeu o t\u00edtulo de Cidad\u00e3o Soteropolitano pela C\u00e2mara de Vereadores de Salvador, agradeceu a presen\u00e7a da fam\u00edlia, dos amigos e fi\u00e9is, mas reconheceu que o t\u00edtulo n\u00e3o \u00e9 por m\u00e9rito, ou por capacidade, \u201ce sim pela gra\u00e7a, bondade e miseric\u00f3rdia do Senhor\u201d. Segundo o sacerdote, desde que chegou na Bahia, j\u00e1 visitou 411 cidades baianas levando o evangelho.<br><br>\u201cNosso trabalho tem tr\u00eas pilares, que s\u00e3o o do mission\u00e1rio evangelizador, a comunica\u00e7\u00e3o e administra\u00e7\u00e3o. Hoje, somos 643 igrejas e 454 congrega\u00e7\u00f5es, 177 mil batistas espalhados pela Bahia\u201d, informou. Para o homenageado, depois de dez anos de realiza\u00e7\u00f5es como ministro do evangelho, o status de cidad\u00e3o baiano agora n\u00e3o s\u00f3 de fato, e sim de direito. \u201c\u00c9 uma honra ser chamado de baiano, isso muito me orgulha, \u00e9 um privil\u00e9gio indescrit\u00edvel\u201d, comemorou o pastor Erivaldo Barros.<\/p>\n","protected":false},"excerpt":{"rendered":"<p>O pastor da Igreja Batista e presidente da Conven\u00e7\u00e3o Batista Baiana, Erivaldo Barros de Oliveira,&#8230;<\/p>\n","protected":false},"author":1,"featured_media":3397,"comment_status":"open","ping_status":"open","sticky":false,"template":"","format":"standard","meta":{"footnotes":""},"categories":[4,11],"tags":[54,39,1335,1336],"yoast_head":"<!-- This site is optimized with the Yoast SEO plugin v21.7 - https:\/\/yoast.com\/wordpress\/plugins\/seo\/ -->\n<title>Pastor Batista Erivaldo Barros \u00e9 o mais novo cidad\u00e3o baiano. - Cacau News<\/title>\n<meta name=\"robots\" content=\"index, follow, max-snippet:-1, max-image-preview:large, max-video-preview:-1\" \/>\n<link rel=\"canonical\" href=\"https:\/\/cacaunews.com\/?p=3398\" \/>\n<meta property=\"og:locale\" content=\"pt_BR\" \/>\n<meta property=\"og:type\" content=\"article\" \/>\n<meta property=\"og:title\" content=\"Pastor Batista Erivaldo Barros \u00e9 o mais novo cidad\u00e3o baiano. - Cacau News\" \/>\n<meta property=\"og:description\" content=\"O pastor da Igreja Batista e presidente da Conven\u00e7\u00e3o Batista Baiana, Erivaldo Barros de Oliveira,...\" \/>\n<meta property=\"og:url\" content=\"https:\/\/cacaunews.com\/?p=3398\" \/>\n<meta property=\"og:site_name\" content=\"Cacau News\" \/>\n<meta property=\"article:published_time\" content=\"2023-10-27T22:00:11+00:00\" \/>\n<meta property=\"article:modified_time\" content=\"2023-10-29T03:13:45+00:00\" \/>\n<meta property=\"og:image\" content=\"https:\/\/cacaunews.com\/wp-content\/uploads\/2023\/10\/59547-901467-2023-10-26-19-09-14.jpg\" \/>\n\t<meta property=\"og:image:width\" content=\"951\" \/>\n\t<meta property=\"og:image:height\" content=\"535\" \/>\n\t<meta property=\"og:image:type\" content=\"image\/jpeg\" \/>\n<meta name=\"author\" content=\"Reda\u00e7\u00e3o Cacau News\" \/>\n<meta name=\"twitter:card\" content=\"summary_large_image\" \/>\n<meta name=\"twitter:label1\" content=\"Escrito por\" \/>\n\t<meta name=\"twitter:data1\" content=\"Reda\u00e7\u00e3o Cacau News\" \/>\n\t<meta name=\"twitter:label2\" content=\"Est. tempo de leitura\" \/>\n\t<meta name=\"twitter:data2\" content=\"4 minutos\" \/>\n<script type=\"application\/ld+json\" class=\"yoast-schema-graph\">{\"@context\":\"https:\/\/schema.org\",\"@graph\":[{\"@type\":\"Article\",\"@id\":\"https:\/\/cacaunews.com\/?p=3398#article\",\"isPartOf\":{\"@id\":\"https:\/\/cacaunews.com\/?p=3398\"},\"author\":{\"name\":\"Reda\u00e7\u00e3o Cacau News\",\"@id\":\"https:\/\/cacaunews.com\/#\/schema\/person\/ea69703103e606ad347ccd64bd72ef79\"},\"headline\":\"Pastor Batista Erivaldo Barros \u00e9 o mais novo cidad\u00e3o baiano.\",\"datePublished\":\"2023-10-27T22:00:11+00:00\",\"dateModified\":\"2023-10-29T03:13:45+00:00\",\"mainEntityOfPage\":{\"@id\":\"https:\/\/cacaunews.com\/?p=3398\"},\"wordCount\":886,\"commentCount\":0,\"publisher\":{\"@id\":\"https:\/\/cacaunews.com\/#organization\"},\"keywords\":[\"ALBA\",\"bahia\",\"cidad\u00e3o baiano\",\"Erivaldo Barros\"],\"articleSection\":[\"Internet\",\"Jornalismo\"],\"inLanguage\":\"pt-BR\",\"potentialAction\":[{\"@type\":\"CommentAction\",\"name\":\"Comment\",\"target\":[\"https:\/\/cacaunews.com\/?p=3398#respond\"]}]},{\"@type\":\"WebPage\",\"@id\":\"https:\/\/cacaunews.com\/?p=3398\",\"url\":\"https:\/\/cacaunews.com\/?p=3398\",\"name\":\"Pastor Batista Erivaldo Barros \u00e9 o mais novo cidad\u00e3o baiano. - Cacau News\",\"isPartOf\":{\"@id\":\"https:\/\/cacaunews.com\/#website\"},\"datePublished\":\"2023-10-27T22:00:11+00:00\",\"dateModified\":\"2023-10-29T03:13:45+00:00\",\"breadcrumb\":{\"@id\":\"https:\/\/cacaunews.com\/?p=3398#breadcrumb\"},\"inLanguage\":\"pt-BR\",\"potentialAction\":[{\"@type\":\"ReadAction\",\"target\":[\"https:\/\/cacaunews.com\/?p=3398\"]}]},{\"@type\":\"BreadcrumbList\",\"@id\":\"https:\/\/cacaunews.com\/?p=3398#breadcrumb\",\"itemListElement\":[{\"@type\":\"ListItem\",\"position\":1,\"name\":\"In\u00edcio\",\"item\":\"https:\/\/cacaunews.com\/\"},{\"@type\":\"ListItem\",\"position\":2,\"name\":\"Pastor Batista Erivaldo Barros \u00e9 o mais novo cidad\u00e3o baiano.\"}]},{\"@type\":\"WebSite\",\"@id\":\"https:\/\/cacaunews.com\/#website\",\"url\":\"https:\/\/cacaunews.com\/\",\"name\":\"Cacau News\",\"description\":\"A Informa\u00e7\u00e3o que voc\u00ea precisa!\",\"publisher\":{\"@id\":\"https:\/\/cacaunews.com\/#organization\"},\"potentialAction\":[{\"@type\":\"SearchAction\",\"target\":{\"@type\":\"EntryPoint\",\"urlTemplate\":\"https:\/\/cacaunews.com\/?s={search_term_string}\"},\"query-input\":\"required name=search_term_string\"}],\"inLanguage\":\"pt-BR\"},{\"@type\":\"Organization\",\"@id\":\"https:\/\/cacaunews.com\/#organization\",\"name\":\"Cacau News\",\"url\":\"https:\/\/cacaunews.com\/\",\"logo\":{\"@type\":\"ImageObject\",\"inLanguage\":\"pt-BR\",\"@id\":\"https:\/\/cacaunews.com\/#\/schema\/logo\/image\/\",\"url\":\"https:\/\/cacaunews.com\/wp-content\/uploads\/2025\/01\/cropped-LOGO-NOVA.png\",\"contentUrl\":\"https:\/\/cacaunews.com\/wp-content\/uploads\/2025\/01\/cropped-LOGO-NOVA.png\",\"width\":813,\"height\":813,\"caption\":\"Cacau News\"},\"image\":{\"@id\":\"https:\/\/cacaunews.com\/#\/schema\/logo\/image\/\"},\"sameAs\":[\"https:\/\/www.instagram.com\/cacaunews.online\/\",\"https:\/\/youtube.com\/@cacaunews?si=0VXLnjl08SrWbVG9\"]},{\"@type\":\"Person\",\"@id\":\"https:\/\/cacaunews.com\/#\/schema\/person\/ea69703103e606ad347ccd64bd72ef79\",\"name\":\"Reda\u00e7\u00e3o Cacau News\",\"image\":{\"@type\":\"ImageObject\",\"inLanguage\":\"pt-BR\",\"@id\":\"https:\/\/cacaunews.com\/#\/schema\/person\/image\/\",\"url\":\"https:\/\/secure.gravatar.com\/avatar\/d79227a2a7b6cc42e8d7a8f7c284cd3a?s=96&d=mm&r=g\",\"contentUrl\":\"https:\/\/secure.gravatar.com\/avatar\/d79227a2a7b6cc42e8d7a8f7c284cd3a?s=96&d=mm&r=g\",\"caption\":\"Reda\u00e7\u00e3o Cacau News\"},\"sameAs\":[\"https:\/\/cacaunews.com\"],\"url\":\"https:\/\/cacaunews.com\/?author=1\"}]}<\/script>\n<!-- \/ Yoast SEO plugin. -->","yoast_head_json":{"title":"Pastor Batista Erivaldo Barros \u00e9 o mais novo cidad\u00e3o baiano. - Cacau News","robots":{"index":"index","follow":"follow","max-snippet":"max-snippet:-1","max-image-preview":"max-image-preview:large","max-video-preview":"max-video-preview:-1"},"canonical":"https:\/\/cacaunews.com\/?p=3398","og_locale":"pt_BR","og_type":"article","og_title":"Pastor Batista Erivaldo Barros \u00e9 o mais novo cidad\u00e3o baiano. - Cacau News","og_description":"O pastor da Igreja Batista e presidente da Conven\u00e7\u00e3o Batista Baiana, Erivaldo Barros de Oliveira,...","og_url":"https:\/\/cacaunews.com\/?p=3398","og_site_name":"Cacau News","article_published_time":"2023-10-27T22:00:11+00:00","article_modified_time":"2023-10-29T03:13:45+00:00","og_image":[{"width":951,"height":535,"url":"https:\/\/cacaunews.com\/wp-content\/uploads\/2023\/10\/59547-901467-2023-10-26-19-09-14.jpg","type":"image\/jpeg"}],"author":"Reda\u00e7\u00e3o Cacau News","twitter_card":"summary_large_image","twitter_misc":{"Escrito por":"Reda\u00e7\u00e3o Cacau News","Est. tempo de leitura":"4 minutos"},"schema":{"@context":"https:\/\/schema.org","@graph":[{"@type":"Article","@id":"https:\/\/cacaunews.com\/?p=3398#article","isPartOf":{"@id":"https:\/\/cacaunews.com\/?p=3398"},"author":{"name":"Reda\u00e7\u00e3o Cacau News","@id":"https:\/\/cacaunews.com\/#\/schema\/person\/ea69703103e606ad347ccd64bd72ef79"},"headline":"Pastor Batista Erivaldo Barros \u00e9 o mais novo cidad\u00e3o baiano.","datePublished":"2023-10-27T22:00:11+00:00","dateModified":"2023-10-29T03:13:45+00:00","mainEntityOfPage":{"@id":"https:\/\/cacaunews.com\/?p=3398"},"wordCount":886,"commentCount":0,"publisher":{"@id":"https:\/\/cacaunews.com\/#organization"},"keywords":["ALBA","bahia","cidad\u00e3o baiano","Erivaldo Barros"],"articleSection":["Internet","Jornalismo"],"inLanguage":"pt-BR","potentialAction":[{"@type":"CommentAction","name":"Comment","target":["https:\/\/cacaunews.com\/?p=3398#respond"]}]},{"@type":"WebPage","@id":"https:\/\/cacaunews.com\/?p=3398","url":"https:\/\/cacaunews.com\/?p=3398","name":"Pastor Batista Erivaldo Barros \u00e9 o mais novo cidad\u00e3o baiano. - Cacau News","isPartOf":{"@id":"https:\/\/cacaunews.com\/#website"},"datePublished":"2023-10-27T22:00:11+00:00","dateModified":"2023-10-29T03:13:45+00:00","breadcrumb":{"@id":"https:\/\/cacaunews.com\/?p=3398#breadcrumb"},"inLanguage":"pt-BR","potentialAction":[{"@type":"ReadAction","target":["https:\/\/cacaunews.com\/?p=3398"]}]},{"@type":"BreadcrumbList","@id":"https:\/\/cacaunews.com\/?p=3398#breadcrumb","itemListElement":[{"@type":"ListItem","position":1,"name":"In\u00edcio","item":"https:\/\/cacaunews.com\/"},{"@type":"ListItem","position":2,"name":"Pastor Batista Erivaldo Barros \u00e9 o mais novo cidad\u00e3o baiano."}]},{"@type":"WebSite","@id":"https:\/\/cacaunews.com\/#website","url":"https:\/\/cacaunews.com\/","name":"Cacau News","description":"A Informa\u00e7\u00e3o que voc\u00ea precisa!","publisher":{"@id":"https:\/\/cacaunews.com\/#organization"},"potentialAction":[{"@type":"SearchAction","target":{"@type":"EntryPoint","urlTemplate":"https:\/\/cacaunews.com\/?s={search_term_string}"},"query-input":"required name=search_term_string"}],"inLanguage":"pt-BR"},{"@type":"Organization","@id":"https:\/\/cacaunews.com\/#organization","name":"Cacau News","url":"https:\/\/cacaunews.com\/","logo":{"@type":"ImageObject","inLanguage":"pt-BR","@id":"https:\/\/cacaunews.com\/#\/schema\/logo\/image\/","url":"https:\/\/cacaunews.com\/wp-content\/uploads\/2025\/01\/cropped-LOGO-NOVA.png","contentUrl":"https:\/\/cacaunews.com\/wp-content\/uploads\/2025\/01\/cropped-LOGO-NOVA.png","width":813,"height":813,"caption":"Cacau News"},"image":{"@id":"https:\/\/cacaunews.com\/#\/schema\/logo\/image\/"},"sameAs":["https:\/\/www.instagram.com\/cacaunews.online\/","https:\/\/youtube.com\/@cacaunews?si=0VXLnjl08SrWbVG9"]},{"@type":"Person","@id":"https:\/\/cacaunews.com\/#\/schema\/person\/ea69703103e606ad347ccd64bd72ef79","name":"Reda\u00e7\u00e3o Cacau News","image":{"@type":"ImageObject","inLanguage":"pt-BR","@id":"https:\/\/cacaunews.com\/#\/schema\/person\/image\/","url":"https:\/\/secure.gravatar.com\/avatar\/d79227a2a7b6cc42e8d7a8f7c284cd3a?s=96&d=mm&r=g","contentUrl":"https:\/\/secure.gravatar.com\/avatar\/d79227a2a7b6cc42e8d7a8f7c284cd3a?s=96&d=mm&r=g","caption":"Reda\u00e7\u00e3o Cacau News"},"sameAs":["https:\/\/cacaunews.com"],"url":"https:\/\/cacaunews.com\/?author=1"}]}},"jetpack_sharing_enabled":true,"jetpack_featured_media_url":"https:\/\/cacaunews.com\/wp-content\/uploads\/2023\/10\/59547-901467-2023-10-26-19-09-14.jpg","_links":{"self":[{"href":"https:\/\/cacaunews.com\/index.php?rest_route=\/wp\/v2\/posts\/3398"}],"collection":[{"href":"https:\/\/cacaunews.com\/index.php?rest_route=\/wp\/v2\/posts"}],"about":[{"href":"https:\/\/cacaunews.com\/index.php?rest_route=\/wp\/v2\/types\/post"}],"author":[{"embeddable":true,"href":"https:\/\/cacaunews.com\/index.php?rest_route=\/wp\/v2\/users\/1"}],"replies":[{"embeddable":true,"href":"https:\/\/cacaunews.com\/index.php?rest_route=%2Fwp%2Fv2%2Fcomments&post=3398"}],"version-history":[{"count":1,"href":"https:\/\/cacaunews.com\/index.php?rest_route=\/wp\/v2\/posts\/3398\/revisions"}],"predecessor-version":[{"id":3399,"href":"https:\/\/cacaunews.com\/index.php?rest_route=\/wp\/v2\/posts\/3398\/revisions\/3399"}],"wp:featuredmedia":[{"embeddable":true,"href":"https:\/\/cacaunews.com\/index.php?rest_route=\/wp\/v2\/media\/3397"}],"wp:attachment":[{"href":"https:\/\/cacaunews.com\/index.php?rest_route=%2Fwp%2Fv2%2Fmedia&parent=3398"}],"wp:term":[{"taxonomy":"category","embeddable":true,"href":"https:\/\/cacaunews.com\/index.php?rest_route=%2Fwp%2Fv2%2Fcategories&post=3398"},{"taxonomy":"post_tag","embeddable":true,"href":"https:\/\/cacaunews.com\/index.php?rest_route=%2Fwp%2Fv2%2Ftags&post=3398"}],"curies":[{"name":"wp","href":"https:\/\/api.w.org\/{rel}","templated":true}]}}