{"id":3401,"date":"2023-10-29T15:50:15","date_gmt":"2023-10-29T15:50:15","guid":{"rendered":"https:\/\/cacaunews.com\/?p=3401"},"modified":"2023-10-29T15:47:51","modified_gmt":"2023-10-29T15:47:51","slug":"caso-rodrigo-amendoim-policial-alega-que-esqueceu-pistola-na-casa-de-influenciador","status":"publish","type":"post","link":"https:\/\/cacaunews.com\/?p=3401","title":{"rendered":"Caso Rodrigo Amendoim: Policial alega que esqueceu pistola na casa de influenciador."},"content":{"rendered":"\n<p><br>A pistola usada pelo influenciador Rodrigo Amendoim pertence a um soldado lotado na 37\u00aa Companhia Independente da Pol\u00edcia Militar (CIPM).<br><br>Segundo informa\u00e7\u00f5es, o policial relatou ao comandante e ao subcomandante da unidade que, por volta das 12h de s\u00e1bado (28\/10), passou o per\u00edodo da tarde na resid\u00eancia de Amendoim, que era seu &#8220;amigo de inf\u00e2ncia&#8221;. J\u00e1 no in\u00edcio da noite foi surpreendido com a not\u00edcia da morte do influenciador.<br><br>O soldado disse ainda aos comandantes, no final da noite de s\u00e1bado, que esqueceu a sua arma de fogo pessoal quando havia usado o banheiro da casa de Amendoim. A fonte relata que ele acrescentou que ap\u00f3s sair do apartamento de Amendoim se dirigiu para um s\u00edtio e acabou ficando sem internet.<br><br>O militar foi orientado pelos oficiais da PM a informar o caso no Departamento de Homic\u00eddios e Prote\u00e7\u00e3o \u00e0 Pessoa (DHPP). Ele esteve na unidade, mas n\u00e3o conseguiu registrar a ocorr\u00eancia. Em seguida foi at\u00e9 a Delegacia de Lauro de Freitas, onde tamb\u00e9m n\u00e3o foi bem sucedido. O militar vai se apresentar na segunda-feira na Delegacia de Itinga, respons\u00e1vel pela apura\u00e7\u00e3o, para esclarecer o caso.<br><br>O plant\u00e3o da Corregedoria da PMBA informou ao soldado que n\u00e3o haveria necessidade de apresenta\u00e7\u00e3o na unidade por n\u00e3o existir crime militar e a arma em quest\u00e3o n\u00e3o pertencer a PMBA.<\/p>\n\n\n\n<p>Com Informa\u00e7\u00f5es Amarelinho Itabuna.<\/p>\n","protected":false},"excerpt":{"rendered":"<p>A pistola usada pelo influenciador Rodrigo Amendoim pertence a um soldado lotado na 37\u00aa Companhia&#8230;<\/p>\n","protected":false},"author":1,"featured_media":3400,"comment_status":"open","ping_status":"open","sticky":false,"template":"","format":"standard","meta":{"footnotes":""},"categories":[4,11],"tags":[247,67,1165,1333],"yoast_head":"<!-- This site is optimized with the Yoast SEO plugin v21.7 - https:\/\/yoast.com\/wordpress\/plugins\/seo\/ -->\n<title>Caso Rodrigo Amendoim: Policial alega que esqueceu pistola na casa de influenciador. - Cacau News<\/title>\n<meta name=\"robots\" content=\"index, follow, max-snippet:-1, max-image-preview:large, max-video-preview:-1\" \/>\n<link rel=\"canonical\" href=\"https:\/\/cacaunews.com\/?p=3401\" \/>\n<meta property=\"og:locale\" content=\"pt_BR\" \/>\n<meta property=\"og:type\" content=\"article\" \/>\n<meta property=\"og:title\" content=\"Caso Rodrigo Amendoim: Policial alega que esqueceu pistola na casa de influenciador. - Cacau News\" \/>\n<meta property=\"og:description\" content=\"A pistola usada pelo influenciador Rodrigo Amendoim pertence a um soldado lotado na 37\u00aa Companhia...\" \/>\n<meta property=\"og:url\" content=\"https:\/\/cacaunews.com\/?p=3401\" \/>\n<meta property=\"og:site_name\" content=\"Cacau News\" \/>\n<meta property=\"article:published_time\" content=\"2023-10-29T15:50:15+00:00\" \/>\n<meta property=\"article:modified_time\" content=\"2023-10-29T15:47:51+00:00\" \/>\n<meta property=\"og:image\" content=\"https:\/\/cacaunews.com\/wp-content\/uploads\/2023\/10\/images-2023-10-29T124650.248.jpeg\" \/>\n\t<meta property=\"og:image:width\" content=\"690\" \/>\n\t<meta property=\"og:image:height\" content=\"445\" \/>\n\t<meta property=\"og:image:type\" content=\"image\/jpeg\" \/>\n<meta name=\"author\" content=\"Reda\u00e7\u00e3o Cacau News\" \/>\n<meta name=\"twitter:card\" content=\"summary_large_image\" \/>\n<meta name=\"twitter:label1\" content=\"Escrito por\" \/>\n\t<meta name=\"twitter:data1\" content=\"Reda\u00e7\u00e3o Cacau News\" \/>\n\t<meta name=\"twitter:label2\" content=\"Est. tempo de leitura\" \/>\n\t<meta name=\"twitter:data2\" content=\"1 minuto\" \/>\n<script type=\"application\/ld+json\" class=\"yoast-schema-graph\">{\"@context\":\"https:\/\/schema.org\",\"@graph\":[{\"@type\":\"Article\",\"@id\":\"https:\/\/cacaunews.com\/?p=3401#article\",\"isPartOf\":{\"@id\":\"https:\/\/cacaunews.com\/?p=3401\"},\"author\":{\"name\":\"Reda\u00e7\u00e3o Cacau News\",\"@id\":\"https:\/\/cacaunews.com\/#\/schema\/person\/ea69703103e606ad347ccd64bd72ef79\"},\"headline\":\"Caso Rodrigo Amendoim: Policial alega que esqueceu pistola na casa de influenciador.\",\"datePublished\":\"2023-10-29T15:50:15+00:00\",\"dateModified\":\"2023-10-29T15:47:51+00:00\",\"mainEntityOfPage\":{\"@id\":\"https:\/\/cacaunews.com\/?p=3401\"},\"wordCount\":256,\"commentCount\":1,\"publisher\":{\"@id\":\"https:\/\/cacaunews.com\/#organization\"},\"keywords\":[\"investiga\u00e7\u00e3o\",\"morte\",\"policial\",\"Rodrigo amendoim\"],\"articleSection\":[\"Internet\",\"Jornalismo\"],\"inLanguage\":\"pt-BR\",\"potentialAction\":[{\"@type\":\"CommentAction\",\"name\":\"Comment\",\"target\":[\"https:\/\/cacaunews.com\/?p=3401#respond\"]}]},{\"@type\":\"WebPage\",\"@id\":\"https:\/\/cacaunews.com\/?p=3401\",\"url\":\"https:\/\/cacaunews.com\/?p=3401\",\"name\":\"Caso Rodrigo Amendoim: Policial alega que esqueceu pistola na casa de influenciador. - Cacau News\",\"isPartOf\":{\"@id\":\"https:\/\/cacaunews.com\/#website\"},\"datePublished\":\"2023-10-29T15:50:15+00:00\",\"dateModified\":\"2023-10-29T15:47:51+00:00\",\"breadcrumb\":{\"@id\":\"https:\/\/cacaunews.com\/?p=3401#breadcrumb\"},\"inLanguage\":\"pt-BR\",\"potentialAction\":[{\"@type\":\"ReadAction\",\"target\":[\"https:\/\/cacaunews.com\/?p=3401\"]}]},{\"@type\":\"BreadcrumbList\",\"@id\":\"https:\/\/cacaunews.com\/?p=3401#breadcrumb\",\"itemListElement\":[{\"@type\":\"ListItem\",\"position\":1,\"name\":\"In\u00edcio\",\"item\":\"https:\/\/cacaunews.com\/\"},{\"@type\":\"ListItem\",\"position\":2,\"name\":\"Caso Rodrigo Amendoim: Policial alega que esqueceu pistola na casa de influenciador.\"}]},{\"@type\":\"WebSite\",\"@id\":\"https:\/\/cacaunews.com\/#website\",\"url\":\"https:\/\/cacaunews.com\/\",\"name\":\"Cacau News\",\"description\":\"A Informa\u00e7\u00e3o que voc\u00ea precisa!\",\"publisher\":{\"@id\":\"https:\/\/cacaunews.com\/#organization\"},\"potentialAction\":[{\"@type\":\"SearchAction\",\"target\":{\"@type\":\"EntryPoint\",\"urlTemplate\":\"https:\/\/cacaunews.com\/?s={search_term_string}\"},\"query-input\":\"required name=search_term_string\"}],\"inLanguage\":\"pt-BR\"},{\"@type\":\"Organization\",\"@id\":\"https:\/\/cacaunews.com\/#organization\",\"name\":\"Cacau News\",\"url\":\"https:\/\/cacaunews.com\/\",\"logo\":{\"@type\":\"ImageObject\",\"inLanguage\":\"pt-BR\",\"@id\":\"https:\/\/cacaunews.com\/#\/schema\/logo\/image\/\",\"url\":\"https:\/\/cacaunews.com\/wp-content\/uploads\/2025\/01\/cropped-LOGO-NOVA.png\",\"contentUrl\":\"https:\/\/cacaunews.com\/wp-content\/uploads\/2025\/01\/cropped-LOGO-NOVA.png\",\"width\":813,\"height\":813,\"caption\":\"Cacau News\"},\"image\":{\"@id\":\"https:\/\/cacaunews.com\/#\/schema\/logo\/image\/\"},\"sameAs\":[\"https:\/\/www.instagram.com\/cacaunews.online\/\",\"https:\/\/youtube.com\/@cacaunews?si=0VXLnjl08SrWbVG9\"]},{\"@type\":\"Person\",\"@id\":\"https:\/\/cacaunews.com\/#\/schema\/person\/ea69703103e606ad347ccd64bd72ef79\",\"name\":\"Reda\u00e7\u00e3o Cacau News\",\"image\":{\"@type\":\"ImageObject\",\"inLanguage\":\"pt-BR\",\"@id\":\"https:\/\/cacaunews.com\/#\/schema\/person\/image\/\",\"url\":\"https:\/\/secure.gravatar.com\/avatar\/d79227a2a7b6cc42e8d7a8f7c284cd3a?s=96&d=mm&r=g\",\"contentUrl\":\"https:\/\/secure.gravatar.com\/avatar\/d79227a2a7b6cc42e8d7a8f7c284cd3a?s=96&d=mm&r=g\",\"caption\":\"Reda\u00e7\u00e3o Cacau News\"},\"sameAs\":[\"https:\/\/cacaunews.com\"],\"url\":\"https:\/\/cacaunews.com\/?author=1\"}]}<\/script>\n<!-- \/ Yoast SEO plugin. -->","yoast_head_json":{"title":"Caso Rodrigo Amendoim: Policial alega que esqueceu pistola na casa de influenciador. - Cacau News","robots":{"index":"index","follow":"follow","max-snippet":"max-snippet:-1","max-image-preview":"max-image-preview:large","max-video-preview":"max-video-preview:-1"},"canonical":"https:\/\/cacaunews.com\/?p=3401","og_locale":"pt_BR","og_type":"article","og_title":"Caso Rodrigo Amendoim: Policial alega que esqueceu pistola na casa de influenciador. - Cacau News","og_description":"A pistola usada pelo influenciador Rodrigo Amendoim pertence a um soldado lotado na 37\u00aa Companhia...","og_url":"https:\/\/cacaunews.com\/?p=3401","og_site_name":"Cacau News","article_published_time":"2023-10-29T15:50:15+00:00","article_modified_time":"2023-10-29T15:47:51+00:00","og_image":[{"width":690,"height":445,"url":"https:\/\/cacaunews.com\/wp-content\/uploads\/2023\/10\/images-2023-10-29T124650.248.jpeg","type":"image\/jpeg"}],"author":"Reda\u00e7\u00e3o Cacau News","twitter_card":"summary_large_image","twitter_misc":{"Escrito por":"Reda\u00e7\u00e3o Cacau News","Est. tempo de leitura":"1 minuto"},"schema":{"@context":"https:\/\/schema.org","@graph":[{"@type":"Article","@id":"https:\/\/cacaunews.com\/?p=3401#article","isPartOf":{"@id":"https:\/\/cacaunews.com\/?p=3401"},"author":{"name":"Reda\u00e7\u00e3o Cacau News","@id":"https:\/\/cacaunews.com\/#\/schema\/person\/ea69703103e606ad347ccd64bd72ef79"},"headline":"Caso Rodrigo Amendoim: Policial alega que esqueceu pistola na casa de influenciador.","datePublished":"2023-10-29T15:50:15+00:00","dateModified":"2023-10-29T15:47:51+00:00","mainEntityOfPage":{"@id":"https:\/\/cacaunews.com\/?p=3401"},"wordCount":256,"commentCount":1,"publisher":{"@id":"https:\/\/cacaunews.com\/#organization"},"keywords":["investiga\u00e7\u00e3o","morte","policial","Rodrigo amendoim"],"articleSection":["Internet","Jornalismo"],"inLanguage":"pt-BR","potentialAction":[{"@type":"CommentAction","name":"Comment","target":["https:\/\/cacaunews.com\/?p=3401#respond"]}]},{"@type":"WebPage","@id":"https:\/\/cacaunews.com\/?p=3401","url":"https:\/\/cacaunews.com\/?p=3401","name":"Caso Rodrigo Amendoim: Policial alega que esqueceu pistola na casa de influenciador. - Cacau News","isPartOf":{"@id":"https:\/\/cacaunews.com\/#website"},"datePublished":"2023-10-29T15:50:15+00:00","dateModified":"2023-10-29T15:47:51+00:00","breadcrumb":{"@id":"https:\/\/cacaunews.com\/?p=3401#breadcrumb"},"inLanguage":"pt-BR","potentialAction":[{"@type":"ReadAction","target":["https:\/\/cacaunews.com\/?p=3401"]}]},{"@type":"BreadcrumbList","@id":"https:\/\/cacaunews.com\/?p=3401#breadcrumb","itemListElement":[{"@type":"ListItem","position":1,"name":"In\u00edcio","item":"https:\/\/cacaunews.com\/"},{"@type":"ListItem","position":2,"name":"Caso Rodrigo Amendoim: Policial alega que esqueceu pistola na casa de influenciador."}]},{"@type":"WebSite","@id":"https:\/\/cacaunews.com\/#website","url":"https:\/\/cacaunews.com\/","name":"Cacau News","description":"A Informa\u00e7\u00e3o que voc\u00ea precisa!","publisher":{"@id":"https:\/\/cacaunews.com\/#organization"},"potentialAction":[{"@type":"SearchAction","target":{"@type":"EntryPoint","urlTemplate":"https:\/\/cacaunews.com\/?s={search_term_string}"},"query-input":"required name=search_term_string"}],"inLanguage":"pt-BR"},{"@type":"Organization","@id":"https:\/\/cacaunews.com\/#organization","name":"Cacau News","url":"https:\/\/cacaunews.com\/","logo":{"@type":"ImageObject","inLanguage":"pt-BR","@id":"https:\/\/cacaunews.com\/#\/schema\/logo\/image\/","url":"https:\/\/cacaunews.com\/wp-content\/uploads\/2025\/01\/cropped-LOGO-NOVA.png","contentUrl":"https:\/\/cacaunews.com\/wp-content\/uploads\/2025\/01\/cropped-LOGO-NOVA.png","width":813,"height":813,"caption":"Cacau News"},"image":{"@id":"https:\/\/cacaunews.com\/#\/schema\/logo\/image\/"},"sameAs":["https:\/\/www.instagram.com\/cacaunews.online\/","https:\/\/youtube.com\/@cacaunews?si=0VXLnjl08SrWbVG9"]},{"@type":"Person","@id":"https:\/\/cacaunews.com\/#\/schema\/person\/ea69703103e606ad347ccd64bd72ef79","name":"Reda\u00e7\u00e3o Cacau News","image":{"@type":"ImageObject","inLanguage":"pt-BR","@id":"https:\/\/cacaunews.com\/#\/schema\/person\/image\/","url":"https:\/\/secure.gravatar.com\/avatar\/d79227a2a7b6cc42e8d7a8f7c284cd3a?s=96&d=mm&r=g","contentUrl":"https:\/\/secure.gravatar.com\/avatar\/d79227a2a7b6cc42e8d7a8f7c284cd3a?s=96&d=mm&r=g","caption":"Reda\u00e7\u00e3o Cacau News"},"sameAs":["https:\/\/cacaunews.com"],"url":"https:\/\/cacaunews.com\/?author=1"}]}},"jetpack_sharing_enabled":true,"jetpack_featured_media_url":"https:\/\/cacaunews.com\/wp-content\/uploads\/2023\/10\/images-2023-10-29T124650.248.jpeg","_links":{"self":[{"href":"https:\/\/cacaunews.com\/index.php?rest_route=\/wp\/v2\/posts\/3401"}],"collection":[{"href":"https:\/\/cacaunews.com\/index.php?rest_route=\/wp\/v2\/posts"}],"about":[{"href":"https:\/\/cacaunews.com\/index.php?rest_route=\/wp\/v2\/types\/post"}],"author":[{"embeddable":true,"href":"https:\/\/cacaunews.com\/index.php?rest_route=\/wp\/v2\/users\/1"}],"replies":[{"embeddable":true,"href":"https:\/\/cacaunews.com\/index.php?rest_route=%2Fwp%2Fv2%2Fcomments&post=3401"}],"version-history":[{"count":1,"href":"https:\/\/cacaunews.com\/index.php?rest_route=\/wp\/v2\/posts\/3401\/revisions"}],"predecessor-version":[{"id":3402,"href":"https:\/\/cacaunews.com\/index.php?rest_route=\/wp\/v2\/posts\/3401\/revisions\/3402"}],"wp:featuredmedia":[{"embeddable":true,"href":"https:\/\/cacaunews.com\/index.php?rest_route=\/wp\/v2\/media\/3400"}],"wp:attachment":[{"href":"https:\/\/cacaunews.com\/index.php?rest_route=%2Fwp%2Fv2%2Fmedia&parent=3401"}],"wp:term":[{"taxonomy":"category","embeddable":true,"href":"https:\/\/cacaunews.com\/index.php?rest_route=%2Fwp%2Fv2%2Fcategories&post=3401"},{"taxonomy":"post_tag","embeddable":true,"href":"https:\/\/cacaunews.com\/index.php?rest_route=%2Fwp%2Fv2%2Ftags&post=3401"}],"curies":[{"name":"wp","href":"https:\/\/api.w.org\/{rel}","templated":true}]}}