{"id":3450,"date":"2023-11-06T14:00:53","date_gmt":"2023-11-06T14:00:53","guid":{"rendered":"https:\/\/cacaunews.com\/?p=3450"},"modified":"2023-11-06T03:15:28","modified_gmt":"2023-11-06T03:15:28","slug":"uesc-vai-discutir-ciencia-democracia-e-transformacao-social","status":"publish","type":"post","link":"https:\/\/cacaunews.com\/?p=3450","title":{"rendered":"<br>Uesc vai discutir Ci\u00eancia, Democracia e Transforma\u00e7\u00e3o Social."},"content":{"rendered":"\n<p>Com o tema &#8220;Ci\u00eancia, Democracia e Transforma\u00e7\u00e3o Social&#8221;, a Universidade Estadual de Santa Cruz (Uesc) realiza de 7 a 10 de novembro, o 10\u00b0 Simp\u00f3sio de Ensino, Extens\u00e3o, Inova\u00e7\u00e3o e Pesquisa e 29\u00ba Semin\u00e1rio de Inicia\u00e7\u00e3o Cient\u00edfica, 7\u00b0 Semin\u00e1rio Institucional do PIBID e 5\u00b0 Semin\u00e1rio Institucional da Resid\u00eancia Pedag\u00f3gica.<br><br>O evento acontece presencialmente nos dias 7, 9 e 10 de novembro de 2023 no Audit\u00f3rio do Centro de Arte e Cultura Governador Paulo Souto, no Audit\u00f3rio Jorge Amado e no Pavilh\u00e3o Max de Menezes, direcionado a discentes de gradua\u00e7\u00e3o \u00e9 p\u00f3s-gradua\u00e7\u00e3o docentes, pesquisadores e extensionistas da Universidade e de outras institui\u00e7\u00f5es, com o objetivo de apresentar os resultados das atividades cient\u00edficas e tecnol\u00f3gicas desenvolvidas no \u00e2mbito da UESC e regi\u00e3o.<br><br> O objetivo \u00e9 divulgar e discutir as atividades de pesquisa, ensino, extens\u00e3o e inova\u00e7\u00e3o realizadas na Uesc, atrav\u00e9s de palestras, mesas-redondas e apresenta\u00e7\u00f5es de trabalhos; Favorecer a integra\u00e7\u00e3o entre os diversos grupos de pesquisa, ensino, extens\u00e3o e inova\u00e7\u00e3o da Institui\u00e7\u00e3o;  Debater a situa\u00e7\u00e3o da ci\u00eancia, do ensino, da extens\u00e3o e da tecnologia e inova\u00e7\u00e3o no pa\u00eds, no Estado e na regi\u00e3o de inser\u00e7\u00e3o da Universidade;  Discutir, divulgar e avaliar os trabalhos realizados pelos discentes vinculados ao Programa de Apoio ao Ensino de Gradua\u00e7\u00e3o (PAEG), nas modalidades de Projeto de Ensino e Projeto de Inicia\u00e7\u00e3o \u00e0 Doc\u00eancia.<br><br>Contempla tamb\u00e9m o Programa de Inicia\u00e7\u00e3o \u00e0 Doc\u00eancia (PID), nas modalidades de Projeto de Monitoria e Projeto de Ensino; ao Programa Institucional de Bolsas de Inicia\u00e7\u00e3o \u00e0 Doc\u00eancia (PIBID); ao Programa de Resid\u00eancia Pedag\u00f3gica (PRP); ao Programa de Inicia\u00e7\u00e3o Cient\u00edfica (PROIC), nas modalidades PIBIC\/CNPq, PIBIC\/CNPq-AF, PIBIC CNPq-EM, FAPESB, ICB\/UESC e ICV\/UESC; ao Programa de Inicia\u00e7\u00e3o em Desenvolvimento Tecnol\u00f3gico e Inova\u00e7\u00e3o \u2013 PIBITI nas modalidades PIBITI\/CNPq, ICTB\/UESC e ICTV\/UESC e ao Programa Institucional de Bolsas de Extens\u00e3o\/PROBEX al\u00e9m de favorecer, ao estudante a experi\u00eancia de apresentar um trabalho cient\u00edfico.<\/p>\n\n\n\n<p>Ascom\/UESC.<\/p>\n\n\n\n<figure class=\"wp-block-image size-large\"><img fetchpriority=\"high\" decoding=\"async\" width=\"581\" height=\"1024\" src=\"https:\/\/cacaunews.com\/wp-content\/uploads\/2023\/11\/1699239609997_WhatsAppImage2023-11-03at10.12.51-1-581x1024.jpeg\" alt=\"\" class=\"wp-image-3449\" srcset=\"https:\/\/cacaunews.com\/wp-content\/uploads\/2023\/11\/1699239609997_WhatsAppImage2023-11-03at10.12.51-1-581x1024.jpeg 581w, https:\/\/cacaunews.com\/wp-content\/uploads\/2023\/11\/1699239609997_WhatsAppImage2023-11-03at10.12.51-1-170x300.jpeg 170w, https:\/\/cacaunews.com\/wp-content\/uploads\/2023\/11\/1699239609997_WhatsAppImage2023-11-03at10.12.51-1-768x1353.jpeg 768w, https:\/\/cacaunews.com\/wp-content\/uploads\/2023\/11\/1699239609997_WhatsAppImage2023-11-03at10.12.51-1-872x1536.jpeg 872w, https:\/\/cacaunews.com\/wp-content\/uploads\/2023\/11\/1699239609997_WhatsAppImage2023-11-03at10.12.51-1.jpeg 908w\" sizes=\"(max-width: 581px) 100vw, 581px\" \/><\/figure>\n","protected":false},"excerpt":{"rendered":"<p>Com o tema &#8220;Ci\u00eancia, Democracia e Transforma\u00e7\u00e3o Social&#8221;, a Universidade Estadual de Santa Cruz (Uesc)&#8230;<\/p>\n","protected":false},"author":1,"featured_media":2831,"comment_status":"open","ping_status":"open","sticky":false,"template":"","format":"standard","meta":{"footnotes":""},"categories":[4,11],"tags":[1348,1349,33,1350,352],"yoast_head":"<!-- This site is optimized with the Yoast SEO plugin v21.7 - https:\/\/yoast.com\/wordpress\/plugins\/seo\/ -->\n<title>Uesc vai discutir Ci\u00eancia, Democracia e Transforma\u00e7\u00e3o Social. - Cacau News<\/title>\n<meta name=\"robots\" content=\"index, follow, max-snippet:-1, max-image-preview:large, max-video-preview:-1\" \/>\n<link rel=\"canonical\" href=\"https:\/\/cacaunews.com\/?p=3450\" \/>\n<meta property=\"og:locale\" content=\"pt_BR\" \/>\n<meta property=\"og:type\" content=\"article\" \/>\n<meta property=\"og:title\" content=\"Uesc vai discutir Ci\u00eancia, Democracia e Transforma\u00e7\u00e3o Social. - Cacau News\" \/>\n<meta property=\"og:description\" content=\"Com o tema &#8220;Ci\u00eancia, Democracia e Transforma\u00e7\u00e3o Social&#8221;, a Universidade Estadual de Santa Cruz (Uesc)...\" \/>\n<meta property=\"og:url\" content=\"https:\/\/cacaunews.com\/?p=3450\" \/>\n<meta property=\"og:site_name\" content=\"Cacau News\" \/>\n<meta property=\"article:published_time\" content=\"2023-11-06T14:00:53+00:00\" \/>\n<meta property=\"article:modified_time\" content=\"2023-11-06T03:15:28+00:00\" \/>\n<meta property=\"og:image\" content=\"https:\/\/cacaunews.com\/wp-content\/uploads\/2023\/09\/101017FotoUesc-MarcolinoC38Dcone.png\" \/>\n\t<meta property=\"og:image:width\" content=\"870\" \/>\n\t<meta property=\"og:image:height\" content=\"435\" \/>\n\t<meta property=\"og:image:type\" content=\"image\/png\" \/>\n<meta name=\"author\" content=\"Reda\u00e7\u00e3o Cacau News\" \/>\n<meta name=\"twitter:card\" content=\"summary_large_image\" \/>\n<meta name=\"twitter:label1\" content=\"Escrito por\" \/>\n\t<meta name=\"twitter:data1\" content=\"Reda\u00e7\u00e3o Cacau News\" \/>\n\t<meta name=\"twitter:label2\" content=\"Est. tempo de leitura\" \/>\n\t<meta name=\"twitter:data2\" content=\"2 minutos\" \/>\n<script type=\"application\/ld+json\" class=\"yoast-schema-graph\">{\"@context\":\"https:\/\/schema.org\",\"@graph\":[{\"@type\":\"Article\",\"@id\":\"https:\/\/cacaunews.com\/?p=3450#article\",\"isPartOf\":{\"@id\":\"https:\/\/cacaunews.com\/?p=3450\"},\"author\":{\"name\":\"Reda\u00e7\u00e3o Cacau News\",\"@id\":\"https:\/\/cacaunews.com\/#\/schema\/person\/ea69703103e606ad347ccd64bd72ef79\"},\"headline\":\"Uesc vai discutir Ci\u00eancia, Democracia e Transforma\u00e7\u00e3o Social.\",\"datePublished\":\"2023-11-06T14:00:53+00:00\",\"dateModified\":\"2023-11-06T03:15:28+00:00\",\"mainEntityOfPage\":{\"@id\":\"https:\/\/cacaunews.com\/?p=3450\"},\"wordCount\":364,\"commentCount\":0,\"publisher\":{\"@id\":\"https:\/\/cacaunews.com\/#organization\"},\"keywords\":[\"ci\u00eancia\",\"democracia\",\"educa\u00e7\u00e3o\",\"transforma\u00e7\u00e3o social\",\"UESC\"],\"articleSection\":[\"Internet\",\"Jornalismo\"],\"inLanguage\":\"pt-BR\",\"potentialAction\":[{\"@type\":\"CommentAction\",\"name\":\"Comment\",\"target\":[\"https:\/\/cacaunews.com\/?p=3450#respond\"]}]},{\"@type\":\"WebPage\",\"@id\":\"https:\/\/cacaunews.com\/?p=3450\",\"url\":\"https:\/\/cacaunews.com\/?p=3450\",\"name\":\"Uesc vai discutir Ci\u00eancia, Democracia e Transforma\u00e7\u00e3o Social. - Cacau News\",\"isPartOf\":{\"@id\":\"https:\/\/cacaunews.com\/#website\"},\"datePublished\":\"2023-11-06T14:00:53+00:00\",\"dateModified\":\"2023-11-06T03:15:28+00:00\",\"breadcrumb\":{\"@id\":\"https:\/\/cacaunews.com\/?p=3450#breadcrumb\"},\"inLanguage\":\"pt-BR\",\"potentialAction\":[{\"@type\":\"ReadAction\",\"target\":[\"https:\/\/cacaunews.com\/?p=3450\"]}]},{\"@type\":\"BreadcrumbList\",\"@id\":\"https:\/\/cacaunews.com\/?p=3450#breadcrumb\",\"itemListElement\":[{\"@type\":\"ListItem\",\"position\":1,\"name\":\"In\u00edcio\",\"item\":\"https:\/\/cacaunews.com\/\"},{\"@type\":\"ListItem\",\"position\":2,\"name\":\"Uesc vai discutir Ci\u00eancia, Democracia e Transforma\u00e7\u00e3o Social.\"}]},{\"@type\":\"WebSite\",\"@id\":\"https:\/\/cacaunews.com\/#website\",\"url\":\"https:\/\/cacaunews.com\/\",\"name\":\"Cacau News\",\"description\":\"A Informa\u00e7\u00e3o que voc\u00ea precisa!\",\"publisher\":{\"@id\":\"https:\/\/cacaunews.com\/#organization\"},\"potentialAction\":[{\"@type\":\"SearchAction\",\"target\":{\"@type\":\"EntryPoint\",\"urlTemplate\":\"https:\/\/cacaunews.com\/?s={search_term_string}\"},\"query-input\":\"required name=search_term_string\"}],\"inLanguage\":\"pt-BR\"},{\"@type\":\"Organization\",\"@id\":\"https:\/\/cacaunews.com\/#organization\",\"name\":\"Cacau News\",\"url\":\"https:\/\/cacaunews.com\/\",\"logo\":{\"@type\":\"ImageObject\",\"inLanguage\":\"pt-BR\",\"@id\":\"https:\/\/cacaunews.com\/#\/schema\/logo\/image\/\",\"url\":\"https:\/\/cacaunews.com\/wp-content\/uploads\/2025\/01\/cropped-LOGO-NOVA.png\",\"contentUrl\":\"https:\/\/cacaunews.com\/wp-content\/uploads\/2025\/01\/cropped-LOGO-NOVA.png\",\"width\":813,\"height\":813,\"caption\":\"Cacau News\"},\"image\":{\"@id\":\"https:\/\/cacaunews.com\/#\/schema\/logo\/image\/\"},\"sameAs\":[\"https:\/\/www.instagram.com\/cacaunews.online\/\",\"https:\/\/youtube.com\/@cacaunews?si=0VXLnjl08SrWbVG9\"]},{\"@type\":\"Person\",\"@id\":\"https:\/\/cacaunews.com\/#\/schema\/person\/ea69703103e606ad347ccd64bd72ef79\",\"name\":\"Reda\u00e7\u00e3o Cacau News\",\"image\":{\"@type\":\"ImageObject\",\"inLanguage\":\"pt-BR\",\"@id\":\"https:\/\/cacaunews.com\/#\/schema\/person\/image\/\",\"url\":\"https:\/\/secure.gravatar.com\/avatar\/d79227a2a7b6cc42e8d7a8f7c284cd3a?s=96&d=mm&r=g\",\"contentUrl\":\"https:\/\/secure.gravatar.com\/avatar\/d79227a2a7b6cc42e8d7a8f7c284cd3a?s=96&d=mm&r=g\",\"caption\":\"Reda\u00e7\u00e3o Cacau News\"},\"sameAs\":[\"https:\/\/cacaunews.com\"],\"url\":\"https:\/\/cacaunews.com\/?author=1\"}]}<\/script>\n<!-- \/ Yoast SEO plugin. -->","yoast_head_json":{"title":"Uesc vai discutir Ci\u00eancia, Democracia e Transforma\u00e7\u00e3o Social. - Cacau News","robots":{"index":"index","follow":"follow","max-snippet":"max-snippet:-1","max-image-preview":"max-image-preview:large","max-video-preview":"max-video-preview:-1"},"canonical":"https:\/\/cacaunews.com\/?p=3450","og_locale":"pt_BR","og_type":"article","og_title":"Uesc vai discutir Ci\u00eancia, Democracia e Transforma\u00e7\u00e3o Social. - Cacau News","og_description":"Com o tema &#8220;Ci\u00eancia, Democracia e Transforma\u00e7\u00e3o Social&#8221;, a Universidade Estadual de Santa Cruz (Uesc)...","og_url":"https:\/\/cacaunews.com\/?p=3450","og_site_name":"Cacau News","article_published_time":"2023-11-06T14:00:53+00:00","article_modified_time":"2023-11-06T03:15:28+00:00","og_image":[{"width":870,"height":435,"url":"https:\/\/cacaunews.com\/wp-content\/uploads\/2023\/09\/101017FotoUesc-MarcolinoC38Dcone.png","type":"image\/png"}],"author":"Reda\u00e7\u00e3o Cacau News","twitter_card":"summary_large_image","twitter_misc":{"Escrito por":"Reda\u00e7\u00e3o Cacau News","Est. tempo de leitura":"2 minutos"},"schema":{"@context":"https:\/\/schema.org","@graph":[{"@type":"Article","@id":"https:\/\/cacaunews.com\/?p=3450#article","isPartOf":{"@id":"https:\/\/cacaunews.com\/?p=3450"},"author":{"name":"Reda\u00e7\u00e3o Cacau News","@id":"https:\/\/cacaunews.com\/#\/schema\/person\/ea69703103e606ad347ccd64bd72ef79"},"headline":"Uesc vai discutir Ci\u00eancia, Democracia e Transforma\u00e7\u00e3o Social.","datePublished":"2023-11-06T14:00:53+00:00","dateModified":"2023-11-06T03:15:28+00:00","mainEntityOfPage":{"@id":"https:\/\/cacaunews.com\/?p=3450"},"wordCount":364,"commentCount":0,"publisher":{"@id":"https:\/\/cacaunews.com\/#organization"},"keywords":["ci\u00eancia","democracia","educa\u00e7\u00e3o","transforma\u00e7\u00e3o social","UESC"],"articleSection":["Internet","Jornalismo"],"inLanguage":"pt-BR","potentialAction":[{"@type":"CommentAction","name":"Comment","target":["https:\/\/cacaunews.com\/?p=3450#respond"]}]},{"@type":"WebPage","@id":"https:\/\/cacaunews.com\/?p=3450","url":"https:\/\/cacaunews.com\/?p=3450","name":"Uesc vai discutir Ci\u00eancia, Democracia e Transforma\u00e7\u00e3o Social. - Cacau News","isPartOf":{"@id":"https:\/\/cacaunews.com\/#website"},"datePublished":"2023-11-06T14:00:53+00:00","dateModified":"2023-11-06T03:15:28+00:00","breadcrumb":{"@id":"https:\/\/cacaunews.com\/?p=3450#breadcrumb"},"inLanguage":"pt-BR","potentialAction":[{"@type":"ReadAction","target":["https:\/\/cacaunews.com\/?p=3450"]}]},{"@type":"BreadcrumbList","@id":"https:\/\/cacaunews.com\/?p=3450#breadcrumb","itemListElement":[{"@type":"ListItem","position":1,"name":"In\u00edcio","item":"https:\/\/cacaunews.com\/"},{"@type":"ListItem","position":2,"name":"Uesc vai discutir Ci\u00eancia, Democracia e Transforma\u00e7\u00e3o Social."}]},{"@type":"WebSite","@id":"https:\/\/cacaunews.com\/#website","url":"https:\/\/cacaunews.com\/","name":"Cacau News","description":"A Informa\u00e7\u00e3o que voc\u00ea precisa!","publisher":{"@id":"https:\/\/cacaunews.com\/#organization"},"potentialAction":[{"@type":"SearchAction","target":{"@type":"EntryPoint","urlTemplate":"https:\/\/cacaunews.com\/?s={search_term_string}"},"query-input":"required name=search_term_string"}],"inLanguage":"pt-BR"},{"@type":"Organization","@id":"https:\/\/cacaunews.com\/#organization","name":"Cacau News","url":"https:\/\/cacaunews.com\/","logo":{"@type":"ImageObject","inLanguage":"pt-BR","@id":"https:\/\/cacaunews.com\/#\/schema\/logo\/image\/","url":"https:\/\/cacaunews.com\/wp-content\/uploads\/2025\/01\/cropped-LOGO-NOVA.png","contentUrl":"https:\/\/cacaunews.com\/wp-content\/uploads\/2025\/01\/cropped-LOGO-NOVA.png","width":813,"height":813,"caption":"Cacau News"},"image":{"@id":"https:\/\/cacaunews.com\/#\/schema\/logo\/image\/"},"sameAs":["https:\/\/www.instagram.com\/cacaunews.online\/","https:\/\/youtube.com\/@cacaunews?si=0VXLnjl08SrWbVG9"]},{"@type":"Person","@id":"https:\/\/cacaunews.com\/#\/schema\/person\/ea69703103e606ad347ccd64bd72ef79","name":"Reda\u00e7\u00e3o Cacau News","image":{"@type":"ImageObject","inLanguage":"pt-BR","@id":"https:\/\/cacaunews.com\/#\/schema\/person\/image\/","url":"https:\/\/secure.gravatar.com\/avatar\/d79227a2a7b6cc42e8d7a8f7c284cd3a?s=96&d=mm&r=g","contentUrl":"https:\/\/secure.gravatar.com\/avatar\/d79227a2a7b6cc42e8d7a8f7c284cd3a?s=96&d=mm&r=g","caption":"Reda\u00e7\u00e3o Cacau News"},"sameAs":["https:\/\/cacaunews.com"],"url":"https:\/\/cacaunews.com\/?author=1"}]}},"jetpack_sharing_enabled":true,"jetpack_featured_media_url":"https:\/\/cacaunews.com\/wp-content\/uploads\/2023\/09\/101017FotoUesc-MarcolinoC38Dcone.png","_links":{"self":[{"href":"https:\/\/cacaunews.com\/index.php?rest_route=\/wp\/v2\/posts\/3450"}],"collection":[{"href":"https:\/\/cacaunews.com\/index.php?rest_route=\/wp\/v2\/posts"}],"about":[{"href":"https:\/\/cacaunews.com\/index.php?rest_route=\/wp\/v2\/types\/post"}],"author":[{"embeddable":true,"href":"https:\/\/cacaunews.com\/index.php?rest_route=\/wp\/v2\/users\/1"}],"replies":[{"embeddable":true,"href":"https:\/\/cacaunews.com\/index.php?rest_route=%2Fwp%2Fv2%2Fcomments&post=3450"}],"version-history":[{"count":1,"href":"https:\/\/cacaunews.com\/index.php?rest_route=\/wp\/v2\/posts\/3450\/revisions"}],"predecessor-version":[{"id":3453,"href":"https:\/\/cacaunews.com\/index.php?rest_route=\/wp\/v2\/posts\/3450\/revisions\/3453"}],"wp:featuredmedia":[{"embeddable":true,"href":"https:\/\/cacaunews.com\/index.php?rest_route=\/wp\/v2\/media\/2831"}],"wp:attachment":[{"href":"https:\/\/cacaunews.com\/index.php?rest_route=%2Fwp%2Fv2%2Fmedia&parent=3450"}],"wp:term":[{"taxonomy":"category","embeddable":true,"href":"https:\/\/cacaunews.com\/index.php?rest_route=%2Fwp%2Fv2%2Fcategories&post=3450"},{"taxonomy":"post_tag","embeddable":true,"href":"https:\/\/cacaunews.com\/index.php?rest_route=%2Fwp%2Fv2%2Ftags&post=3450"}],"curies":[{"name":"wp","href":"https:\/\/api.w.org\/{rel}","templated":true}]}}