{"id":3452,"date":"2023-11-06T11:00:15","date_gmt":"2023-11-06T11:00:15","guid":{"rendered":"https:\/\/cacaunews.com\/?p=3452"},"modified":"2023-11-06T11:00:15","modified_gmt":"2023-11-06T11:00:15","slug":"congresso-brasileiro-de-carbono-comeca-nesta-segunda-feira-06","status":"publish","type":"post","link":"https:\/\/cacaunews.com\/?p=3452","title":{"rendered":"Congresso Brasileiro de Carbono come\u00e7a nesta segunda-feira (06)."},"content":{"rendered":"\n<p>A 10\u00b0 edi\u00e7\u00e3o do Congresso Brasileiro de Carbono ser\u00e1 realizado, no sal\u00e3o de conven\u00e7\u00f5es do Hotel Aldeia da Praia, em Ilh\u00e9us. A abertura do evento est\u00e1 prevista para \u00e0s 10 horas desta segunda-feira, 6 de novembro, com a sauda\u00e7\u00e3o de boas-vindas apresentada pelo reitor da Universidade Estadual de Santa Cruz (Uesc) Alessandro Fernandes.<br><br>O evento tem o apoio da Uesc e \u00e9 uma oportunidade para divulgar os avan\u00e7os dos grupos de pesquisa para a comunidade cient\u00edfica al\u00e9m de compartilhar experi\u00eancias. Este ano, o Congresso Brasileiro de Carbono re\u00fane especialistas, estudantes e profissionais da ind\u00fastria que est\u00e3o relacionados com a utiliza\u00e7\u00e3o, aplica\u00e7\u00e3o e desenvolvimento de materiais de carbono. Est\u00e1 sendo apoiado por pesquisadores da Universidade Estadual de Santa Cruz, da Universidade de S\u00e3o Paulo (USP) e do Instituto Nacional de Pesquisas Espaciais (INPE). <br><br>A 10\u00aa edi\u00e7\u00e3o do Congresso Brasileiro de Carbono, tamb\u00e9m ser\u00e1 transmitido online. O Congresso \u00e9 organizado pela Associa\u00e7\u00e3o Brasileira de Carbono e pela Uesc.  Trata-se de um evento bienal que tem o objetivo de reunir a comunidade cient\u00edfica, estudantes e profissionais da ind\u00fastria que est\u00e3o relacionados com a utiliza\u00e7\u00e3o, aplica\u00e7\u00e3o e desenvolvimento de materiais de carbono. O congresso visa conjugar ind\u00fastria e academia, buscando inova\u00e7\u00f5es tecnol\u00f3gicas nesta \u00e1rea em constante desenvolvimento.<\/p>\n\n\n\n<p>Ascom\/UESC.<\/p>\n","protected":false},"excerpt":{"rendered":"<p>A 10\u00b0 edi\u00e7\u00e3o do Congresso Brasileiro de Carbono ser\u00e1 realizado, no sal\u00e3o de conven\u00e7\u00f5es do&#8230;<\/p>\n","protected":false},"author":1,"featured_media":3451,"comment_status":"open","ping_status":"open","sticky":false,"template":"","format":"standard","meta":{"footnotes":""},"categories":[4,11],"tags":[1102,1070,33,352],"yoast_head":"<!-- This site is optimized with the Yoast SEO plugin v21.7 - https:\/\/yoast.com\/wordpress\/plugins\/seo\/ -->\n<title>Congresso Brasileiro de Carbono come\u00e7a nesta segunda-feira (06). - Cacau News<\/title>\n<meta name=\"robots\" content=\"index, follow, max-snippet:-1, max-image-preview:large, max-video-preview:-1\" \/>\n<link rel=\"canonical\" href=\"https:\/\/cacaunews.com\/?p=3452\" \/>\n<meta property=\"og:locale\" content=\"pt_BR\" \/>\n<meta property=\"og:type\" content=\"article\" \/>\n<meta property=\"og:title\" content=\"Congresso Brasileiro de Carbono come\u00e7a nesta segunda-feira (06). - Cacau News\" \/>\n<meta property=\"og:description\" content=\"A 10\u00b0 edi\u00e7\u00e3o do Congresso Brasileiro de Carbono ser\u00e1 realizado, no sal\u00e3o de conven\u00e7\u00f5es do...\" \/>\n<meta property=\"og:url\" content=\"https:\/\/cacaunews.com\/?p=3452\" \/>\n<meta property=\"og:site_name\" content=\"Cacau News\" \/>\n<meta property=\"article:published_time\" content=\"2023-11-06T11:00:15+00:00\" \/>\n<meta property=\"og:image\" content=\"https:\/\/cacaunews.com\/wp-content\/uploads\/2023\/11\/carbono.png\" \/>\n\t<meta property=\"og:image:width\" content=\"870\" \/>\n\t<meta property=\"og:image:height\" content=\"435\" \/>\n\t<meta property=\"og:image:type\" content=\"image\/png\" \/>\n<meta name=\"author\" content=\"Reda\u00e7\u00e3o Cacau News\" \/>\n<meta name=\"twitter:card\" content=\"summary_large_image\" \/>\n<meta name=\"twitter:label1\" content=\"Escrito por\" \/>\n\t<meta name=\"twitter:data1\" content=\"Reda\u00e7\u00e3o Cacau News\" \/>\n\t<meta name=\"twitter:label2\" content=\"Est. tempo de leitura\" \/>\n\t<meta name=\"twitter:data2\" content=\"1 minuto\" \/>\n<script type=\"application\/ld+json\" class=\"yoast-schema-graph\">{\"@context\":\"https:\/\/schema.org\",\"@graph\":[{\"@type\":\"Article\",\"@id\":\"https:\/\/cacaunews.com\/?p=3452#article\",\"isPartOf\":{\"@id\":\"https:\/\/cacaunews.com\/?p=3452\"},\"author\":{\"name\":\"Reda\u00e7\u00e3o Cacau News\",\"@id\":\"https:\/\/cacaunews.com\/#\/schema\/person\/ea69703103e606ad347ccd64bd72ef79\"},\"headline\":\"Congresso Brasileiro de Carbono come\u00e7a nesta segunda-feira (06).\",\"datePublished\":\"2023-11-06T11:00:15+00:00\",\"dateModified\":\"2023-11-06T11:00:15+00:00\",\"mainEntityOfPage\":{\"@id\":\"https:\/\/cacaunews.com\/?p=3452\"},\"wordCount\":233,\"commentCount\":0,\"publisher\":{\"@id\":\"https:\/\/cacaunews.com\/#organization\"},\"keywords\":[\"carbono\",\"congresso\",\"educa\u00e7\u00e3o\",\"UESC\"],\"articleSection\":[\"Internet\",\"Jornalismo\"],\"inLanguage\":\"pt-BR\",\"potentialAction\":[{\"@type\":\"CommentAction\",\"name\":\"Comment\",\"target\":[\"https:\/\/cacaunews.com\/?p=3452#respond\"]}]},{\"@type\":\"WebPage\",\"@id\":\"https:\/\/cacaunews.com\/?p=3452\",\"url\":\"https:\/\/cacaunews.com\/?p=3452\",\"name\":\"Congresso Brasileiro de Carbono come\u00e7a nesta segunda-feira (06). - Cacau News\",\"isPartOf\":{\"@id\":\"https:\/\/cacaunews.com\/#website\"},\"datePublished\":\"2023-11-06T11:00:15+00:00\",\"dateModified\":\"2023-11-06T11:00:15+00:00\",\"breadcrumb\":{\"@id\":\"https:\/\/cacaunews.com\/?p=3452#breadcrumb\"},\"inLanguage\":\"pt-BR\",\"potentialAction\":[{\"@type\":\"ReadAction\",\"target\":[\"https:\/\/cacaunews.com\/?p=3452\"]}]},{\"@type\":\"BreadcrumbList\",\"@id\":\"https:\/\/cacaunews.com\/?p=3452#breadcrumb\",\"itemListElement\":[{\"@type\":\"ListItem\",\"position\":1,\"name\":\"In\u00edcio\",\"item\":\"https:\/\/cacaunews.com\/\"},{\"@type\":\"ListItem\",\"position\":2,\"name\":\"Congresso Brasileiro de Carbono come\u00e7a nesta segunda-feira (06).\"}]},{\"@type\":\"WebSite\",\"@id\":\"https:\/\/cacaunews.com\/#website\",\"url\":\"https:\/\/cacaunews.com\/\",\"name\":\"Cacau News\",\"description\":\"A Informa\u00e7\u00e3o que voc\u00ea precisa!\",\"publisher\":{\"@id\":\"https:\/\/cacaunews.com\/#organization\"},\"potentialAction\":[{\"@type\":\"SearchAction\",\"target\":{\"@type\":\"EntryPoint\",\"urlTemplate\":\"https:\/\/cacaunews.com\/?s={search_term_string}\"},\"query-input\":\"required name=search_term_string\"}],\"inLanguage\":\"pt-BR\"},{\"@type\":\"Organization\",\"@id\":\"https:\/\/cacaunews.com\/#organization\",\"name\":\"Cacau News\",\"url\":\"https:\/\/cacaunews.com\/\",\"logo\":{\"@type\":\"ImageObject\",\"inLanguage\":\"pt-BR\",\"@id\":\"https:\/\/cacaunews.com\/#\/schema\/logo\/image\/\",\"url\":\"https:\/\/cacaunews.com\/wp-content\/uploads\/2025\/01\/cropped-LOGO-NOVA.png\",\"contentUrl\":\"https:\/\/cacaunews.com\/wp-content\/uploads\/2025\/01\/cropped-LOGO-NOVA.png\",\"width\":813,\"height\":813,\"caption\":\"Cacau News\"},\"image\":{\"@id\":\"https:\/\/cacaunews.com\/#\/schema\/logo\/image\/\"},\"sameAs\":[\"https:\/\/www.instagram.com\/cacaunews.online\/\",\"https:\/\/youtube.com\/@cacaunews?si=0VXLnjl08SrWbVG9\"]},{\"@type\":\"Person\",\"@id\":\"https:\/\/cacaunews.com\/#\/schema\/person\/ea69703103e606ad347ccd64bd72ef79\",\"name\":\"Reda\u00e7\u00e3o Cacau News\",\"image\":{\"@type\":\"ImageObject\",\"inLanguage\":\"pt-BR\",\"@id\":\"https:\/\/cacaunews.com\/#\/schema\/person\/image\/\",\"url\":\"https:\/\/secure.gravatar.com\/avatar\/d79227a2a7b6cc42e8d7a8f7c284cd3a?s=96&d=mm&r=g\",\"contentUrl\":\"https:\/\/secure.gravatar.com\/avatar\/d79227a2a7b6cc42e8d7a8f7c284cd3a?s=96&d=mm&r=g\",\"caption\":\"Reda\u00e7\u00e3o Cacau News\"},\"sameAs\":[\"https:\/\/cacaunews.com\"],\"url\":\"https:\/\/cacaunews.com\/?author=1\"}]}<\/script>\n<!-- \/ Yoast SEO plugin. -->","yoast_head_json":{"title":"Congresso Brasileiro de Carbono come\u00e7a nesta segunda-feira (06). - Cacau News","robots":{"index":"index","follow":"follow","max-snippet":"max-snippet:-1","max-image-preview":"max-image-preview:large","max-video-preview":"max-video-preview:-1"},"canonical":"https:\/\/cacaunews.com\/?p=3452","og_locale":"pt_BR","og_type":"article","og_title":"Congresso Brasileiro de Carbono come\u00e7a nesta segunda-feira (06). - Cacau News","og_description":"A 10\u00b0 edi\u00e7\u00e3o do Congresso Brasileiro de Carbono ser\u00e1 realizado, no sal\u00e3o de conven\u00e7\u00f5es do...","og_url":"https:\/\/cacaunews.com\/?p=3452","og_site_name":"Cacau News","article_published_time":"2023-11-06T11:00:15+00:00","og_image":[{"width":870,"height":435,"url":"https:\/\/cacaunews.com\/wp-content\/uploads\/2023\/11\/carbono.png","type":"image\/png"}],"author":"Reda\u00e7\u00e3o Cacau News","twitter_card":"summary_large_image","twitter_misc":{"Escrito por":"Reda\u00e7\u00e3o Cacau News","Est. tempo de leitura":"1 minuto"},"schema":{"@context":"https:\/\/schema.org","@graph":[{"@type":"Article","@id":"https:\/\/cacaunews.com\/?p=3452#article","isPartOf":{"@id":"https:\/\/cacaunews.com\/?p=3452"},"author":{"name":"Reda\u00e7\u00e3o Cacau News","@id":"https:\/\/cacaunews.com\/#\/schema\/person\/ea69703103e606ad347ccd64bd72ef79"},"headline":"Congresso Brasileiro de Carbono come\u00e7a nesta segunda-feira (06).","datePublished":"2023-11-06T11:00:15+00:00","dateModified":"2023-11-06T11:00:15+00:00","mainEntityOfPage":{"@id":"https:\/\/cacaunews.com\/?p=3452"},"wordCount":233,"commentCount":0,"publisher":{"@id":"https:\/\/cacaunews.com\/#organization"},"keywords":["carbono","congresso","educa\u00e7\u00e3o","UESC"],"articleSection":["Internet","Jornalismo"],"inLanguage":"pt-BR","potentialAction":[{"@type":"CommentAction","name":"Comment","target":["https:\/\/cacaunews.com\/?p=3452#respond"]}]},{"@type":"WebPage","@id":"https:\/\/cacaunews.com\/?p=3452","url":"https:\/\/cacaunews.com\/?p=3452","name":"Congresso Brasileiro de Carbono come\u00e7a nesta segunda-feira (06). - Cacau News","isPartOf":{"@id":"https:\/\/cacaunews.com\/#website"},"datePublished":"2023-11-06T11:00:15+00:00","dateModified":"2023-11-06T11:00:15+00:00","breadcrumb":{"@id":"https:\/\/cacaunews.com\/?p=3452#breadcrumb"},"inLanguage":"pt-BR","potentialAction":[{"@type":"ReadAction","target":["https:\/\/cacaunews.com\/?p=3452"]}]},{"@type":"BreadcrumbList","@id":"https:\/\/cacaunews.com\/?p=3452#breadcrumb","itemListElement":[{"@type":"ListItem","position":1,"name":"In\u00edcio","item":"https:\/\/cacaunews.com\/"},{"@type":"ListItem","position":2,"name":"Congresso Brasileiro de Carbono come\u00e7a nesta segunda-feira (06)."}]},{"@type":"WebSite","@id":"https:\/\/cacaunews.com\/#website","url":"https:\/\/cacaunews.com\/","name":"Cacau News","description":"A Informa\u00e7\u00e3o que voc\u00ea precisa!","publisher":{"@id":"https:\/\/cacaunews.com\/#organization"},"potentialAction":[{"@type":"SearchAction","target":{"@type":"EntryPoint","urlTemplate":"https:\/\/cacaunews.com\/?s={search_term_string}"},"query-input":"required name=search_term_string"}],"inLanguage":"pt-BR"},{"@type":"Organization","@id":"https:\/\/cacaunews.com\/#organization","name":"Cacau News","url":"https:\/\/cacaunews.com\/","logo":{"@type":"ImageObject","inLanguage":"pt-BR","@id":"https:\/\/cacaunews.com\/#\/schema\/logo\/image\/","url":"https:\/\/cacaunews.com\/wp-content\/uploads\/2025\/01\/cropped-LOGO-NOVA.png","contentUrl":"https:\/\/cacaunews.com\/wp-content\/uploads\/2025\/01\/cropped-LOGO-NOVA.png","width":813,"height":813,"caption":"Cacau News"},"image":{"@id":"https:\/\/cacaunews.com\/#\/schema\/logo\/image\/"},"sameAs":["https:\/\/www.instagram.com\/cacaunews.online\/","https:\/\/youtube.com\/@cacaunews?si=0VXLnjl08SrWbVG9"]},{"@type":"Person","@id":"https:\/\/cacaunews.com\/#\/schema\/person\/ea69703103e606ad347ccd64bd72ef79","name":"Reda\u00e7\u00e3o Cacau News","image":{"@type":"ImageObject","inLanguage":"pt-BR","@id":"https:\/\/cacaunews.com\/#\/schema\/person\/image\/","url":"https:\/\/secure.gravatar.com\/avatar\/d79227a2a7b6cc42e8d7a8f7c284cd3a?s=96&d=mm&r=g","contentUrl":"https:\/\/secure.gravatar.com\/avatar\/d79227a2a7b6cc42e8d7a8f7c284cd3a?s=96&d=mm&r=g","caption":"Reda\u00e7\u00e3o Cacau News"},"sameAs":["https:\/\/cacaunews.com"],"url":"https:\/\/cacaunews.com\/?author=1"}]}},"jetpack_sharing_enabled":true,"jetpack_featured_media_url":"https:\/\/cacaunews.com\/wp-content\/uploads\/2023\/11\/carbono.png","_links":{"self":[{"href":"https:\/\/cacaunews.com\/index.php?rest_route=\/wp\/v2\/posts\/3452"}],"collection":[{"href":"https:\/\/cacaunews.com\/index.php?rest_route=\/wp\/v2\/posts"}],"about":[{"href":"https:\/\/cacaunews.com\/index.php?rest_route=\/wp\/v2\/types\/post"}],"author":[{"embeddable":true,"href":"https:\/\/cacaunews.com\/index.php?rest_route=\/wp\/v2\/users\/1"}],"replies":[{"embeddable":true,"href":"https:\/\/cacaunews.com\/index.php?rest_route=%2Fwp%2Fv2%2Fcomments&post=3452"}],"version-history":[{"count":0,"href":"https:\/\/cacaunews.com\/index.php?rest_route=\/wp\/v2\/posts\/3452\/revisions"}],"wp:featuredmedia":[{"embeddable":true,"href":"https:\/\/cacaunews.com\/index.php?rest_route=\/wp\/v2\/media\/3451"}],"wp:attachment":[{"href":"https:\/\/cacaunews.com\/index.php?rest_route=%2Fwp%2Fv2%2Fmedia&parent=3452"}],"wp:term":[{"taxonomy":"category","embeddable":true,"href":"https:\/\/cacaunews.com\/index.php?rest_route=%2Fwp%2Fv2%2Fcategories&post=3452"},{"taxonomy":"post_tag","embeddable":true,"href":"https:\/\/cacaunews.com\/index.php?rest_route=%2Fwp%2Fv2%2Ftags&post=3452"}],"curies":[{"name":"wp","href":"https:\/\/api.w.org\/{rel}","templated":true}]}}