{"id":3472,"date":"2023-11-08T20:20:27","date_gmt":"2023-11-08T20:20:27","guid":{"rendered":"https:\/\/cacaunews.com\/?p=3472"},"modified":"2023-11-08T20:20:27","modified_gmt":"2023-11-08T20:20:27","slug":"uesc-realiza-semana-de-iniciacao-cientifica-2023","status":"publish","type":"post","link":"https:\/\/cacaunews.com\/?p=3472","title":{"rendered":"Uesc realiza Semana de Inicia\u00e7\u00e3o Cient\u00edfica 2023."},"content":{"rendered":"\n<p> <br><br>A Universidade Estadual de Santa Cruz (Uesc) realiza a Semana de Inicia\u00e7\u00e3o Cient\u00edfica, entre os dias 7 e 10 de novembro, com a abordagem da tem\u00e1tica central &#8220;Ci\u00eancia, Democracia e Transforma\u00e7\u00e3o Social&#8221;. O evento re\u00fane o 10\u00b0 Simp\u00f3sio de Ensino, Extens\u00e3o, Inova\u00e7\u00e3o e Pesquisa, o 29\u00ba Semin\u00e1rio de Inicia\u00e7\u00e3o Cient\u00edfica, o 7\u00b0 Semin\u00e1rio Institucional do Pibid (Programa Institucional de Bolsas de Inicia\u00e7\u00e3o \u00e0 Doc\u00eancia) e o 5\u00b0 Semin\u00e1rio Institucional da Resid\u00eancia Pedag\u00f3gica.<br><br>Durante a abertura do evento, que aconteceu na tarde de ter\u00e7a-feira, no Audit\u00f3rio Governador Paulo Souto, o reitor Alessandro Fernandes de Santana agradeceu ao empenho de toda a equipe envolvida nos eventos pelo compromisso institucional e pelo esfor\u00e7o de reunir os segmentos da comunidade acad\u00eamica em prol da qualidade do ensino superior p\u00fablico.<br><br>Por sua vez, a pr\u00f3-reitora de Gradua\u00e7\u00e3o, professora M\u00e1rcia Morel, destacou o trabalho realizado com o objetivo de fortalecer a indissociabilidade do trin\u00f4mio ensino-pesquisa-extens\u00e3o. Conforme declarou, a Semana de Inicia\u00e7\u00e3o Cient\u00edfica conta com mil inscritos para a apresenta\u00e7\u00e3o de trabalhos, sendo 600 na \u00e1rea de pesquisa, 250 na \u00e1rea de ensino e 150 em extens\u00e3o.<br><br> <br><br>Morel tamb\u00e9m salientou que a Uesc atualmente possui 437 bolsistas de inicia\u00e7\u00e3o cient\u00edfica com financiamento da Fapesb (Funda\u00e7\u00e3o de Amparo \u00e0 Pesquisa do Estado da Bahia), do CNPq (Conselho Nacional de Desenvolvimento Cient\u00edfico e Tecnol\u00f3gico) e da pr\u00f3pria Uesc, que arca com recursos pr\u00f3prios 140 bolsas desse total. Durante o evento, os trabalhos ser\u00e3o apresentados nos estandes montados em frente ao Pavilh\u00e3o Adonias Filho e em salas de aula reservadas para as atividades.<br><br>Aberta ao p\u00fablico em geral, a Semana de Inicia\u00e7\u00e3o Cient\u00edfica tem por objetivo congregar estudantes, professores, pesquisadores e extensionistas da Uesc, de outras institui\u00e7\u00f5es e o p\u00fablico em geral, e promover a difus\u00e3o e o debate a respeito das atividades cient\u00edficas, tecnol\u00f3gicas e de extens\u00e3o na regi\u00e3o de influ\u00eancia da Universidade.<br><br>A solenidade de abertura contou com apresenta\u00e7\u00e3o do Coral da Uesc e com as presen\u00e7as do vice-reitor Maur\u00edcio Santana Moreau, a pr\u00f3-reitora de Pesquisa e P\u00f3s-Gradua\u00e7\u00e3o, professora Fernanda Gaiotto, o pr\u00f3-reitor de Extens\u00e3o, professor Cristiano Bahia, o pr\u00f3-reitor de Administra\u00e7\u00e3o e Finan\u00e7as, Paulo Craveiros, a vice-coordenadora do N\u00facleo de Inova\u00e7\u00e3o Tecnol\u00f3gica (NIT), professora Soraia Matarazzo, e diretores de v\u00e1rios departamentos da Universidade.<\/p>\n\n\n\n<figure class=\"wp-block-image size-large\"><img fetchpriority=\"high\" decoding=\"async\" width=\"1000\" height=\"666\" src=\"https:\/\/cacaunews.com\/wp-content\/uploads\/2023\/11\/071123SemanadeICFoto-JC3BAliaBarreto287929.jpg\" alt=\"\" class=\"wp-image-3470\" srcset=\"https:\/\/cacaunews.com\/wp-content\/uploads\/2023\/11\/071123SemanadeICFoto-JC3BAliaBarreto287929.jpg 1000w, https:\/\/cacaunews.com\/wp-content\/uploads\/2023\/11\/071123SemanadeICFoto-JC3BAliaBarreto287929-300x200.jpg 300w, https:\/\/cacaunews.com\/wp-content\/uploads\/2023\/11\/071123SemanadeICFoto-JC3BAliaBarreto287929-768x511.jpg 768w\" sizes=\"(max-width: 1000px) 100vw, 1000px\" \/><figcaption class=\"wp-element-caption\">Foto: Ascom\/UESC<\/figcaption><\/figure>\n\n\n\n<p><br>Mesa Redonda \u2013 Logo ap\u00f3s, foi realizada mesa redonda \u201cCi\u00eancia, Democracia e Transforma\u00e7\u00e3o Social\u201d, com a participa\u00e7\u00e3o da professora Marcia Paraquett, aposentada da Universidade Federal Fluminense e associada da Universidade Federal da Bahia, que falou sobre \u201cPilares de um Ensino Intercultural: Rebeldia, Empoderamento e Antirracismo; do professor Rob\u00e9rio Rodrigues Silva, pr\u00f3-reitor de Pesquisa e P\u00f3s-gradua\u00e7\u00e3o da Universidade Estadual do Sudoeste da Bahia (Uesb), que abordou o tema \u201cReconstru\u00e7\u00e3o da pesquisa e p\u00f3s gradua\u00e7\u00e3o no Brasil. O que podemos fazer ?.\u201d<br><br><br>A mesa redonda teve tamb\u00e9m a participa\u00e7\u00e3o da professora Luzineide Miranda Borges (Uesc), atual Diretora de Pol\u00edticas para Povos e Comunidades Tradicionais de Matriz Africana e Povos de Terreiros do Minist\u00e9rio da Igualdade Racial, que abordou o tema \u201cPor uma Educa\u00e7\u00e3o Antirracista: os desafios da extens\u00e3o universit\u00e1ria para transforma\u00e7\u00e3o social.\u201d<\/p>\n","protected":false},"excerpt":{"rendered":"<p>A Universidade Estadual de Santa Cruz (Uesc) realiza a Semana de Inicia\u00e7\u00e3o Cient\u00edfica, entre os&#8230;<\/p>\n","protected":false},"author":1,"featured_media":3471,"comment_status":"open","ping_status":"open","sticky":false,"template":"","format":"standard","meta":{"footnotes":""},"categories":[11],"tags":[33,1358,1357,352],"yoast_head":"<!-- This site is optimized with the Yoast SEO plugin v21.7 - https:\/\/yoast.com\/wordpress\/plugins\/seo\/ -->\n<title>Uesc realiza Semana de Inicia\u00e7\u00e3o Cient\u00edfica 2023. - Cacau News<\/title>\n<meta name=\"robots\" content=\"index, follow, max-snippet:-1, max-image-preview:large, max-video-preview:-1\" \/>\n<link rel=\"canonical\" href=\"https:\/\/cacaunews.com\/?p=3472\" \/>\n<meta property=\"og:locale\" content=\"pt_BR\" \/>\n<meta property=\"og:type\" content=\"article\" \/>\n<meta property=\"og:title\" content=\"Uesc realiza Semana de Inicia\u00e7\u00e3o Cient\u00edfica 2023. - Cacau News\" \/>\n<meta property=\"og:description\" content=\"A Universidade Estadual de Santa Cruz (Uesc) realiza a Semana de Inicia\u00e7\u00e3o Cient\u00edfica, entre os...\" \/>\n<meta property=\"og:url\" content=\"https:\/\/cacaunews.com\/?p=3472\" \/>\n<meta property=\"og:site_name\" content=\"Cacau News\" \/>\n<meta property=\"article:published_time\" content=\"2023-11-08T20:20:27+00:00\" \/>\n<meta property=\"og:image\" content=\"https:\/\/cacaunews.com\/wp-content\/uploads\/2023\/11\/071123SemanadeICFoto-JC3BAliaBarreto287929.jpg\" \/>\n<meta name=\"author\" content=\"Reda\u00e7\u00e3o Cacau News\" \/>\n<meta name=\"twitter:card\" content=\"summary_large_image\" \/>\n<meta name=\"twitter:label1\" content=\"Escrito por\" \/>\n\t<meta name=\"twitter:data1\" content=\"Reda\u00e7\u00e3o Cacau News\" \/>\n\t<meta name=\"twitter:label2\" content=\"Est. tempo de leitura\" \/>\n\t<meta name=\"twitter:data2\" content=\"3 minutos\" \/>\n<script type=\"application\/ld+json\" class=\"yoast-schema-graph\">{\"@context\":\"https:\/\/schema.org\",\"@graph\":[{\"@type\":\"Article\",\"@id\":\"https:\/\/cacaunews.com\/?p=3472#article\",\"isPartOf\":{\"@id\":\"https:\/\/cacaunews.com\/?p=3472\"},\"author\":{\"name\":\"Reda\u00e7\u00e3o Cacau News\",\"@id\":\"https:\/\/cacaunews.com\/#\/schema\/person\/ea69703103e606ad347ccd64bd72ef79\"},\"headline\":\"Uesc realiza Semana de Inicia\u00e7\u00e3o Cient\u00edfica 2023.\",\"datePublished\":\"2023-11-08T20:20:27+00:00\",\"dateModified\":\"2023-11-08T20:20:27+00:00\",\"mainEntityOfPage\":{\"@id\":\"https:\/\/cacaunews.com\/?p=3472\"},\"wordCount\":579,\"commentCount\":0,\"publisher\":{\"@id\":\"https:\/\/cacaunews.com\/#organization\"},\"keywords\":[\"educa\u00e7\u00e3o\",\"ies\",\"inicia\u00e7\u00e3o cient\u00edfica\",\"UESC\"],\"articleSection\":[\"Jornalismo\"],\"inLanguage\":\"pt-BR\",\"potentialAction\":[{\"@type\":\"CommentAction\",\"name\":\"Comment\",\"target\":[\"https:\/\/cacaunews.com\/?p=3472#respond\"]}]},{\"@type\":\"WebPage\",\"@id\":\"https:\/\/cacaunews.com\/?p=3472\",\"url\":\"https:\/\/cacaunews.com\/?p=3472\",\"name\":\"Uesc realiza Semana de Inicia\u00e7\u00e3o Cient\u00edfica 2023. - Cacau News\",\"isPartOf\":{\"@id\":\"https:\/\/cacaunews.com\/#website\"},\"datePublished\":\"2023-11-08T20:20:27+00:00\",\"dateModified\":\"2023-11-08T20:20:27+00:00\",\"breadcrumb\":{\"@id\":\"https:\/\/cacaunews.com\/?p=3472#breadcrumb\"},\"inLanguage\":\"pt-BR\",\"potentialAction\":[{\"@type\":\"ReadAction\",\"target\":[\"https:\/\/cacaunews.com\/?p=3472\"]}]},{\"@type\":\"BreadcrumbList\",\"@id\":\"https:\/\/cacaunews.com\/?p=3472#breadcrumb\",\"itemListElement\":[{\"@type\":\"ListItem\",\"position\":1,\"name\":\"In\u00edcio\",\"item\":\"https:\/\/cacaunews.com\/\"},{\"@type\":\"ListItem\",\"position\":2,\"name\":\"Uesc realiza Semana de Inicia\u00e7\u00e3o Cient\u00edfica 2023.\"}]},{\"@type\":\"WebSite\",\"@id\":\"https:\/\/cacaunews.com\/#website\",\"url\":\"https:\/\/cacaunews.com\/\",\"name\":\"Cacau News\",\"description\":\"A Informa\u00e7\u00e3o que voc\u00ea precisa!\",\"publisher\":{\"@id\":\"https:\/\/cacaunews.com\/#organization\"},\"potentialAction\":[{\"@type\":\"SearchAction\",\"target\":{\"@type\":\"EntryPoint\",\"urlTemplate\":\"https:\/\/cacaunews.com\/?s={search_term_string}\"},\"query-input\":\"required name=search_term_string\"}],\"inLanguage\":\"pt-BR\"},{\"@type\":\"Organization\",\"@id\":\"https:\/\/cacaunews.com\/#organization\",\"name\":\"Cacau News\",\"url\":\"https:\/\/cacaunews.com\/\",\"logo\":{\"@type\":\"ImageObject\",\"inLanguage\":\"pt-BR\",\"@id\":\"https:\/\/cacaunews.com\/#\/schema\/logo\/image\/\",\"url\":\"https:\/\/cacaunews.com\/wp-content\/uploads\/2025\/01\/cropped-LOGO-NOVA.png\",\"contentUrl\":\"https:\/\/cacaunews.com\/wp-content\/uploads\/2025\/01\/cropped-LOGO-NOVA.png\",\"width\":813,\"height\":813,\"caption\":\"Cacau News\"},\"image\":{\"@id\":\"https:\/\/cacaunews.com\/#\/schema\/logo\/image\/\"},\"sameAs\":[\"https:\/\/www.instagram.com\/cacaunews.online\/\",\"https:\/\/youtube.com\/@cacaunews?si=0VXLnjl08SrWbVG9\"]},{\"@type\":\"Person\",\"@id\":\"https:\/\/cacaunews.com\/#\/schema\/person\/ea69703103e606ad347ccd64bd72ef79\",\"name\":\"Reda\u00e7\u00e3o Cacau News\",\"image\":{\"@type\":\"ImageObject\",\"inLanguage\":\"pt-BR\",\"@id\":\"https:\/\/cacaunews.com\/#\/schema\/person\/image\/\",\"url\":\"https:\/\/secure.gravatar.com\/avatar\/d79227a2a7b6cc42e8d7a8f7c284cd3a?s=96&d=mm&r=g\",\"contentUrl\":\"https:\/\/secure.gravatar.com\/avatar\/d79227a2a7b6cc42e8d7a8f7c284cd3a?s=96&d=mm&r=g\",\"caption\":\"Reda\u00e7\u00e3o Cacau News\"},\"sameAs\":[\"https:\/\/cacaunews.com\"],\"url\":\"https:\/\/cacaunews.com\/?author=1\"}]}<\/script>\n<!-- \/ Yoast SEO plugin. -->","yoast_head_json":{"title":"Uesc realiza Semana de Inicia\u00e7\u00e3o Cient\u00edfica 2023. - Cacau News","robots":{"index":"index","follow":"follow","max-snippet":"max-snippet:-1","max-image-preview":"max-image-preview:large","max-video-preview":"max-video-preview:-1"},"canonical":"https:\/\/cacaunews.com\/?p=3472","og_locale":"pt_BR","og_type":"article","og_title":"Uesc realiza Semana de Inicia\u00e7\u00e3o Cient\u00edfica 2023. - Cacau News","og_description":"A Universidade Estadual de Santa Cruz (Uesc) realiza a Semana de Inicia\u00e7\u00e3o Cient\u00edfica, entre os...","og_url":"https:\/\/cacaunews.com\/?p=3472","og_site_name":"Cacau News","article_published_time":"2023-11-08T20:20:27+00:00","og_image":[{"url":"https:\/\/cacaunews.com\/wp-content\/uploads\/2023\/11\/071123SemanadeICFoto-JC3BAliaBarreto287929.jpg"}],"author":"Reda\u00e7\u00e3o Cacau News","twitter_card":"summary_large_image","twitter_misc":{"Escrito por":"Reda\u00e7\u00e3o Cacau News","Est. tempo de leitura":"3 minutos"},"schema":{"@context":"https:\/\/schema.org","@graph":[{"@type":"Article","@id":"https:\/\/cacaunews.com\/?p=3472#article","isPartOf":{"@id":"https:\/\/cacaunews.com\/?p=3472"},"author":{"name":"Reda\u00e7\u00e3o Cacau News","@id":"https:\/\/cacaunews.com\/#\/schema\/person\/ea69703103e606ad347ccd64bd72ef79"},"headline":"Uesc realiza Semana de Inicia\u00e7\u00e3o Cient\u00edfica 2023.","datePublished":"2023-11-08T20:20:27+00:00","dateModified":"2023-11-08T20:20:27+00:00","mainEntityOfPage":{"@id":"https:\/\/cacaunews.com\/?p=3472"},"wordCount":579,"commentCount":0,"publisher":{"@id":"https:\/\/cacaunews.com\/#organization"},"keywords":["educa\u00e7\u00e3o","ies","inicia\u00e7\u00e3o cient\u00edfica","UESC"],"articleSection":["Jornalismo"],"inLanguage":"pt-BR","potentialAction":[{"@type":"CommentAction","name":"Comment","target":["https:\/\/cacaunews.com\/?p=3472#respond"]}]},{"@type":"WebPage","@id":"https:\/\/cacaunews.com\/?p=3472","url":"https:\/\/cacaunews.com\/?p=3472","name":"Uesc realiza Semana de Inicia\u00e7\u00e3o Cient\u00edfica 2023. - Cacau News","isPartOf":{"@id":"https:\/\/cacaunews.com\/#website"},"datePublished":"2023-11-08T20:20:27+00:00","dateModified":"2023-11-08T20:20:27+00:00","breadcrumb":{"@id":"https:\/\/cacaunews.com\/?p=3472#breadcrumb"},"inLanguage":"pt-BR","potentialAction":[{"@type":"ReadAction","target":["https:\/\/cacaunews.com\/?p=3472"]}]},{"@type":"BreadcrumbList","@id":"https:\/\/cacaunews.com\/?p=3472#breadcrumb","itemListElement":[{"@type":"ListItem","position":1,"name":"In\u00edcio","item":"https:\/\/cacaunews.com\/"},{"@type":"ListItem","position":2,"name":"Uesc realiza Semana de Inicia\u00e7\u00e3o Cient\u00edfica 2023."}]},{"@type":"WebSite","@id":"https:\/\/cacaunews.com\/#website","url":"https:\/\/cacaunews.com\/","name":"Cacau News","description":"A Informa\u00e7\u00e3o que voc\u00ea precisa!","publisher":{"@id":"https:\/\/cacaunews.com\/#organization"},"potentialAction":[{"@type":"SearchAction","target":{"@type":"EntryPoint","urlTemplate":"https:\/\/cacaunews.com\/?s={search_term_string}"},"query-input":"required name=search_term_string"}],"inLanguage":"pt-BR"},{"@type":"Organization","@id":"https:\/\/cacaunews.com\/#organization","name":"Cacau News","url":"https:\/\/cacaunews.com\/","logo":{"@type":"ImageObject","inLanguage":"pt-BR","@id":"https:\/\/cacaunews.com\/#\/schema\/logo\/image\/","url":"https:\/\/cacaunews.com\/wp-content\/uploads\/2025\/01\/cropped-LOGO-NOVA.png","contentUrl":"https:\/\/cacaunews.com\/wp-content\/uploads\/2025\/01\/cropped-LOGO-NOVA.png","width":813,"height":813,"caption":"Cacau News"},"image":{"@id":"https:\/\/cacaunews.com\/#\/schema\/logo\/image\/"},"sameAs":["https:\/\/www.instagram.com\/cacaunews.online\/","https:\/\/youtube.com\/@cacaunews?si=0VXLnjl08SrWbVG9"]},{"@type":"Person","@id":"https:\/\/cacaunews.com\/#\/schema\/person\/ea69703103e606ad347ccd64bd72ef79","name":"Reda\u00e7\u00e3o Cacau News","image":{"@type":"ImageObject","inLanguage":"pt-BR","@id":"https:\/\/cacaunews.com\/#\/schema\/person\/image\/","url":"https:\/\/secure.gravatar.com\/avatar\/d79227a2a7b6cc42e8d7a8f7c284cd3a?s=96&d=mm&r=g","contentUrl":"https:\/\/secure.gravatar.com\/avatar\/d79227a2a7b6cc42e8d7a8f7c284cd3a?s=96&d=mm&r=g","caption":"Reda\u00e7\u00e3o Cacau News"},"sameAs":["https:\/\/cacaunews.com"],"url":"https:\/\/cacaunews.com\/?author=1"}]}},"jetpack_sharing_enabled":true,"jetpack_featured_media_url":"https:\/\/cacaunews.com\/wp-content\/uploads\/2023\/11\/071123SemanadeICFoto-JC3BAliaBarreto289629.jpg","_links":{"self":[{"href":"https:\/\/cacaunews.com\/index.php?rest_route=\/wp\/v2\/posts\/3472"}],"collection":[{"href":"https:\/\/cacaunews.com\/index.php?rest_route=\/wp\/v2\/posts"}],"about":[{"href":"https:\/\/cacaunews.com\/index.php?rest_route=\/wp\/v2\/types\/post"}],"author":[{"embeddable":true,"href":"https:\/\/cacaunews.com\/index.php?rest_route=\/wp\/v2\/users\/1"}],"replies":[{"embeddable":true,"href":"https:\/\/cacaunews.com\/index.php?rest_route=%2Fwp%2Fv2%2Fcomments&post=3472"}],"version-history":[{"count":0,"href":"https:\/\/cacaunews.com\/index.php?rest_route=\/wp\/v2\/posts\/3472\/revisions"}],"wp:featuredmedia":[{"embeddable":true,"href":"https:\/\/cacaunews.com\/index.php?rest_route=\/wp\/v2\/media\/3471"}],"wp:attachment":[{"href":"https:\/\/cacaunews.com\/index.php?rest_route=%2Fwp%2Fv2%2Fmedia&parent=3472"}],"wp:term":[{"taxonomy":"category","embeddable":true,"href":"https:\/\/cacaunews.com\/index.php?rest_route=%2Fwp%2Fv2%2Fcategories&post=3472"},{"taxonomy":"post_tag","embeddable":true,"href":"https:\/\/cacaunews.com\/index.php?rest_route=%2Fwp%2Fv2%2Ftags&post=3472"}],"curies":[{"name":"wp","href":"https:\/\/api.w.org\/{rel}","templated":true}]}}